{"id":91638,"date":"2022-04-12T21:27:46","date_gmt":"2022-04-12T21:27:46","guid":{"rendered":"https:\/\/quehacerpolitico.mx\/?p=91638"},"modified":"2022-04-12T21:27:49","modified_gmt":"2022-04-12T21:27:49","slug":"sigmund-freud-el-psicoanalista-llega-al-turismo-de-viena-y-sorprende-a-todos","status":"publish","type":"post","link":"https:\/\/quehacerpolitico.mx\/?p=91638","title":{"rendered":"Sigmund Freud: El psicoanalista llega al turismo de Viena y sorprende a todos"},"content":{"rendered":"\n<p>Por Redacci\u00f3n QP<\/p>\n\n\n\n<p>El metaverso existe y lleg\u00f3 para quedarse, Sigmund Freud es la prueba de ello y ya puedes interactuar con \u00e9l<\/p>\n\n\n\n<p><strong>&nbsp;El avatar del padre del psicoan\u00e1lisis, Sigmund Freud&nbsp;<\/strong>(1856-1939), lleg\u00f3 esta semana al metaverso para ofrecer un espacio de reflexi\u00f3n a los usuarios del entorno virtual e invitarlos a viajar a Viena en el mundo real.<\/p>\n\n\n\n<p>Esta iniciativa, es fruto de la colaboraci\u00f3n de la Oficina de Turismo de Viena y la plataforma Decentraland, tienen como objetivo &#8220;velar por el bienestar de la comunidad del metaverso&#8221;\u00a0y mostrar que el mundo real de Viena puede ser a\u00fan m\u00e1s impresionante.<\/p>\n\n\n\n<p><strong>Los usuarios de Decentraland<\/strong>, un mundo virtual en el que se puede socializar, comerciar e incluso organizar eventos a trav\u00e9s de la tecnolog\u00eda &#8220;blockchain&#8221; (cadena de bloques), pueden interactuar en esta plataforma con el avatar de Sigmund Freud.<\/p>\n\n\n\n<p><strong>Al entablar conversaci\u00f3n, el avatar del psicoanalista Freud,sugiere al usuario tomarse un descanso del mundo virtual y le recomienda volver a la realidad, m\u00e1s concretamente, a Viena.<\/strong><\/p>\n\n\n\n<figure class=\"wp-block-image size-full\"><img loading=\"lazy\" decoding=\"async\" width=\"555\" height=\"553\" src=\"https:\/\/quehacerpolitico.mx\/wp-content\/uploads\/2022\/04\/image-48.jpeg\" alt=\"\" class=\"wp-image-91639\" srcset=\"https:\/\/quehacerpolitico.mx\/wp-content\/uploads\/2022\/04\/image-48.jpeg 555w, https:\/\/quehacerpolitico.mx\/wp-content\/uploads\/2022\/04\/image-48-300x300.jpeg 300w, https:\/\/quehacerpolitico.mx\/wp-content\/uploads\/2022\/04\/image-48-150x150.jpeg 150w, https:\/\/quehacerpolitico.mx\/wp-content\/uploads\/2022\/04\/image-48-147x146.jpeg 147w, https:\/\/quehacerpolitico.mx\/wp-content\/uploads\/2022\/04\/image-48-50x50.jpeg 50w, https:\/\/quehacerpolitico.mx\/wp-content\/uploads\/2022\/04\/image-48-75x75.jpeg 75w, https:\/\/quehacerpolitico.mx\/wp-content\/uploads\/2022\/04\/image-48-85x85.jpeg 85w, https:\/\/quehacerpolitico.mx\/wp-content\/uploads\/2022\/04\/image-48-80x80.jpeg 80w\" sizes=\"auto, (max-width: 555px) 100vw, 555px\" \/><\/figure>\n\n\n\n<p>Los usuarios que\u00a0<strong>participen en un di\u00e1logo con Freud y se registren\u00a0<\/strong>en la p\u00e1gina oficial de la Oficina de Turismo de Viena entrar\u00e1n en el sorteo de diez viajes a la ciudad y 100 entradas para el\u00a0<strong>Museo Sigmund Freud<\/strong>.<\/p>\n\n\n\n<p>&#8220;Ahora mismo, la gente est\u00e1 sedienta de experiencias reales, de viajes y de intercambio cultural&#8221;,&nbsp;asegur\u00f3&nbsp;el director de Turismo de Viena, Norbert Kettner.<\/p>\n\n\n\n<p>En esta l\u00ednea, la directora cient\u00edfica del Museo Sigmund Freud de Viena, Daniela Finzi, celebra que&nbsp;<strong>&#8220;la tecnolog\u00eda y la ciencia permiten hacer realidad sue\u00f1os y deseos que durante mucho tiempo se consideraron irrealizables&#8221;.<\/strong><\/p>\n\n\n\n<p><strong>&#8220;Freud puede ayudarnos a profundizar en nuestra comprensi\u00f3n de lo que est\u00e1 en juego cuando nos perdemos en los mundos virtuales&#8221;<\/strong>, concluye Finzi.<\/p>\n\n\n\n<p>El avatar de Freud estar\u00e1 en Decentraland hasta el 29 de abril, de lunes a viernes, donde tambi\u00e9n<strong>\u00a0har\u00e1 preguntas a la comunidad sobre su existencia en el plano virtual.<\/strong><\/p>\n\n\n\n<p>Con informaci\u00f3n de EFE<\/p>\n","protected":false},"excerpt":{"rendered":"<p>Por Redacci\u00f3n QP El metaverso existe y lleg\u00f3 para quedarse, Sigmund Freud es la prueba&#8230;<\/p>\n","protected":false},"author":2,"featured_media":91640,"comment_status":"open","ping_status":"open","sticky":false,"template":"","format":"standard","meta":{"_monsterinsights_skip_tracking":false,"_monsterinsights_sitenote_active":false,"_monsterinsights_sitenote_note":"","_monsterinsights_sitenote_category":0,"footnotes":""},"categories":[58],"tags":[],"class_list":["post-91638","post","type-post","status-publish","format-standard","has-post-thumbnail","hentry","category-cultura"],"yoast_head":"<!-- This site is optimized with the Yoast SEO plugin v27.3 - https:\/\/yoast.com\/product\/yoast-seo-wordpress\/ -->\n<title>Sigmund Freud: El psicoanalista llega al turismo de Viena y sorprende a todos -<\/title>\n<meta name=\"robots\" content=\"index, follow, max-snippet:-1, max-image-preview:large, max-video-preview:-1\" \/>\n<link rel=\"canonical\" href=\"https:\/\/quehacerpolitico.mx\/?p=91638\" \/>\n<meta property=\"og:locale\" content=\"es_MX\" \/>\n<meta property=\"og:type\" content=\"article\" \/>\n<meta property=\"og:title\" content=\"Sigmund Freud: El psicoanalista llega al turismo de Viena y sorprende a todos -\" \/>\n<meta property=\"og:description\" content=\"Por Redacci\u00f3n QP El metaverso existe y lleg\u00f3 para quedarse, Sigmund Freud es la prueba...\" \/>\n<meta property=\"og:url\" content=\"https:\/\/quehacerpolitico.mx\/?p=91638\" \/>\n<meta property=\"article:published_time\" content=\"2022-04-12T21:27:46+00:00\" \/>\n<meta property=\"article:modified_time\" content=\"2022-04-12T21:27:49+00:00\" \/>\n<meta property=\"og:image\" content=\"https:\/\/quehacerpolitico.mx\/wp-content\/uploads\/2022\/04\/F6A84586-D79C-4008-B415-9DBE4F4E2367.jpeg\" \/>\n\t<meta property=\"og:image:width\" content=\"688\" \/>\n\t<meta property=\"og:image:height\" content=\"358\" \/>\n\t<meta property=\"og:image:type\" content=\"image\/jpeg\" \/>\n<meta name=\"author\" content=\"Redacci\u00f3n QP\" \/>\n<meta name=\"twitter:card\" content=\"summary_large_image\" \/>\n<meta name=\"twitter:label1\" content=\"Escrito por\" \/>\n\t<meta name=\"twitter:data1\" content=\"Redacci\u00f3n QP\" \/>\n\t<meta name=\"twitter:label2\" content=\"Tiempo de lectura\" \/>\n\t<meta name=\"twitter:data2\" content=\"2 minutos\" \/>\n<script type=\"application\/ld+json\" class=\"yoast-schema-graph\">{\"@context\":\"https:\\\/\\\/schema.org\",\"@graph\":[{\"@type\":\"Article\",\"@id\":\"https:\\\/\\\/quehacerpolitico.mx\\\/?p=91638#article\",\"isPartOf\":{\"@id\":\"https:\\\/\\\/quehacerpolitico.mx\\\/?p=91638\"},\"author\":{\"name\":\"Redacci\u00f3n QP\",\"@id\":\"https:\\\/\\\/quehacerpolitico.mx\\\/#\\\/schema\\\/person\\\/496d8ad2d1d3f8036101dca7ee39e585\"},\"headline\":\"Sigmund Freud: El psicoanalista llega al turismo de Viena y sorprende a todos\",\"datePublished\":\"2022-04-12T21:27:46+00:00\",\"dateModified\":\"2022-04-12T21:27:49+00:00\",\"mainEntityOfPage\":{\"@id\":\"https:\\\/\\\/quehacerpolitico.mx\\\/?p=91638\"},\"wordCount\":360,\"commentCount\":0,\"image\":{\"@id\":\"https:\\\/\\\/quehacerpolitico.mx\\\/?p=91638#primaryimage\"},\"thumbnailUrl\":\"https:\\\/\\\/quehacerpolitico.mx\\\/wp-content\\\/uploads\\\/2022\\\/04\\\/F6A84586-D79C-4008-B415-9DBE4F4E2367.jpeg\",\"articleSection\":[\"Cultura y Entretenimiento\"],\"inLanguage\":\"es\",\"potentialAction\":[{\"@type\":\"CommentAction\",\"name\":\"Comment\",\"target\":[\"https:\\\/\\\/quehacerpolitico.mx\\\/?p=91638#respond\"]}]},{\"@type\":\"WebPage\",\"@id\":\"https:\\\/\\\/quehacerpolitico.mx\\\/?p=91638\",\"url\":\"https:\\\/\\\/quehacerpolitico.mx\\\/?p=91638\",\"name\":\"Sigmund Freud: El psicoanalista llega al turismo de Viena y sorprende a todos -\",\"isPartOf\":{\"@id\":\"https:\\\/\\\/quehacerpolitico.mx\\\/#website\"},\"primaryImageOfPage\":{\"@id\":\"https:\\\/\\\/quehacerpolitico.mx\\\/?p=91638#primaryimage\"},\"image\":{\"@id\":\"https:\\\/\\\/quehacerpolitico.mx\\\/?p=91638#primaryimage\"},\"thumbnailUrl\":\"https:\\\/\\\/quehacerpolitico.mx\\\/wp-content\\\/uploads\\\/2022\\\/04\\\/F6A84586-D79C-4008-B415-9DBE4F4E2367.jpeg\",\"datePublished\":\"2022-04-12T21:27:46+00:00\",\"dateModified\":\"2022-04-12T21:27:49+00:00\",\"author\":{\"@id\":\"https:\\\/\\\/quehacerpolitico.mx\\\/#\\\/schema\\\/person\\\/496d8ad2d1d3f8036101dca7ee39e585\"},\"breadcrumb\":{\"@id\":\"https:\\\/\\\/quehacerpolitico.mx\\\/?p=91638#breadcrumb\"},\"inLanguage\":\"es\",\"potentialAction\":[{\"@type\":\"ReadAction\",\"target\":[\"https:\\\/\\\/quehacerpolitico.mx\\\/?p=91638\"]}]},{\"@type\":\"ImageObject\",\"inLanguage\":\"es\",\"@id\":\"https:\\\/\\\/quehacerpolitico.mx\\\/?p=91638#primaryimage\",\"url\":\"https:\\\/\\\/quehacerpolitico.mx\\\/wp-content\\\/uploads\\\/2022\\\/04\\\/F6A84586-D79C-4008-B415-9DBE4F4E2367.jpeg\",\"contentUrl\":\"https:\\\/\\\/quehacerpolitico.mx\\\/wp-content\\\/uploads\\\/2022\\\/04\\\/F6A84586-D79C-4008-B415-9DBE4F4E2367.jpeg\",\"width\":688,\"height\":358},{\"@type\":\"BreadcrumbList\",\"@id\":\"https:\\\/\\\/quehacerpolitico.mx\\\/?p=91638#breadcrumb\",\"itemListElement\":[{\"@type\":\"ListItem\",\"position\":1,\"name\":\"Inicio\",\"item\":\"https:\\\/\\\/quehacerpolitico.mx\\\/\"},{\"@type\":\"ListItem\",\"position\":2,\"name\":\"Sigmund Freud: El psicoanalista llega al turismo de Viena y sorprende a todos\"}]},{\"@type\":\"WebSite\",\"@id\":\"https:\\\/\\\/quehacerpolitico.mx\\\/#website\",\"url\":\"https:\\\/\\\/quehacerpolitico.mx\\\/\",\"name\":\"\",\"description\":\"\",\"potentialAction\":[{\"@type\":\"SearchAction\",\"target\":{\"@type\":\"EntryPoint\",\"urlTemplate\":\"https:\\\/\\\/quehacerpolitico.mx\\\/?s={search_term_string}\"},\"query-input\":{\"@type\":\"PropertyValueSpecification\",\"valueRequired\":true,\"valueName\":\"search_term_string\"}}],\"inLanguage\":\"es\"},{\"@type\":\"Person\",\"@id\":\"https:\\\/\\\/quehacerpolitico.mx\\\/#\\\/schema\\\/person\\\/496d8ad2d1d3f8036101dca7ee39e585\",\"name\":\"Redacci\u00f3n QP\",\"image\":{\"@type\":\"ImageObject\",\"inLanguage\":\"es\",\"@id\":\"https:\\\/\\\/secure.gravatar.com\\\/avatar\\\/c7164ed6fdec453195284ad24a5ae5b6e1eed2b848477fa2a4787ba9adf39a41?s=96&d=mm&r=g\",\"url\":\"https:\\\/\\\/secure.gravatar.com\\\/avatar\\\/c7164ed6fdec453195284ad24a5ae5b6e1eed2b848477fa2a4787ba9adf39a41?s=96&d=mm&r=g\",\"contentUrl\":\"https:\\\/\\\/secure.gravatar.com\\\/avatar\\\/c7164ed6fdec453195284ad24a5ae5b6e1eed2b848477fa2a4787ba9adf39a41?s=96&d=mm&r=g\",\"caption\":\"Redacci\u00f3n QP\"},\"url\":\"https:\\\/\\\/quehacerpolitico.mx\\\/?author=2\"}]}<\/script>\n<!-- \/ Yoast SEO plugin. -->","yoast_head_json":{"title":"Sigmund Freud: El psicoanalista llega al turismo de Viena y sorprende a todos -","robots":{"index":"index","follow":"follow","max-snippet":"max-snippet:-1","max-image-preview":"max-image-preview:large","max-video-preview":"max-video-preview:-1"},"canonical":"https:\/\/quehacerpolitico.mx\/?p=91638","og_locale":"es_MX","og_type":"article","og_title":"Sigmund Freud: El psicoanalista llega al turismo de Viena y sorprende a todos -","og_description":"Por Redacci\u00f3n QP El metaverso existe y lleg\u00f3 para quedarse, Sigmund Freud es la prueba...","og_url":"https:\/\/quehacerpolitico.mx\/?p=91638","article_published_time":"2022-04-12T21:27:46+00:00","article_modified_time":"2022-04-12T21:27:49+00:00","og_image":[{"width":688,"height":358,"url":"https:\/\/quehacerpolitico.mx\/wp-content\/uploads\/2022\/04\/F6A84586-D79C-4008-B415-9DBE4F4E2367.jpeg","type":"image\/jpeg"}],"author":"Redacci\u00f3n QP","twitter_card":"summary_large_image","twitter_misc":{"Escrito por":"Redacci\u00f3n QP","Tiempo de lectura":"2 minutos"},"schema":{"@context":"https:\/\/schema.org","@graph":[{"@type":"Article","@id":"https:\/\/quehacerpolitico.mx\/?p=91638#article","isPartOf":{"@id":"https:\/\/quehacerpolitico.mx\/?p=91638"},"author":{"name":"Redacci\u00f3n QP","@id":"https:\/\/quehacerpolitico.mx\/#\/schema\/person\/496d8ad2d1d3f8036101dca7ee39e585"},"headline":"Sigmund Freud: El psicoanalista llega al turismo de Viena y sorprende a todos","datePublished":"2022-04-12T21:27:46+00:00","dateModified":"2022-04-12T21:27:49+00:00","mainEntityOfPage":{"@id":"https:\/\/quehacerpolitico.mx\/?p=91638"},"wordCount":360,"commentCount":0,"image":{"@id":"https:\/\/quehacerpolitico.mx\/?p=91638#primaryimage"},"thumbnailUrl":"https:\/\/quehacerpolitico.mx\/wp-content\/uploads\/2022\/04\/F6A84586-D79C-4008-B415-9DBE4F4E2367.jpeg","articleSection":["Cultura y Entretenimiento"],"inLanguage":"es","potentialAction":[{"@type":"CommentAction","name":"Comment","target":["https:\/\/quehacerpolitico.mx\/?p=91638#respond"]}]},{"@type":"WebPage","@id":"https:\/\/quehacerpolitico.mx\/?p=91638","url":"https:\/\/quehacerpolitico.mx\/?p=91638","name":"Sigmund Freud: El psicoanalista llega al turismo de Viena y sorprende a todos -","isPartOf":{"@id":"https:\/\/quehacerpolitico.mx\/#website"},"primaryImageOfPage":{"@id":"https:\/\/quehacerpolitico.mx\/?p=91638#primaryimage"},"image":{"@id":"https:\/\/quehacerpolitico.mx\/?p=91638#primaryimage"},"thumbnailUrl":"https:\/\/quehacerpolitico.mx\/wp-content\/uploads\/2022\/04\/F6A84586-D79C-4008-B415-9DBE4F4E2367.jpeg","datePublished":"2022-04-12T21:27:46+00:00","dateModified":"2022-04-12T21:27:49+00:00","author":{"@id":"https:\/\/quehacerpolitico.mx\/#\/schema\/person\/496d8ad2d1d3f8036101dca7ee39e585"},"breadcrumb":{"@id":"https:\/\/quehacerpolitico.mx\/?p=91638#breadcrumb"},"inLanguage":"es","potentialAction":[{"@type":"ReadAction","target":["https:\/\/quehacerpolitico.mx\/?p=91638"]}]},{"@type":"ImageObject","inLanguage":"es","@id":"https:\/\/quehacerpolitico.mx\/?p=91638#primaryimage","url":"https:\/\/quehacerpolitico.mx\/wp-content\/uploads\/2022\/04\/F6A84586-D79C-4008-B415-9DBE4F4E2367.jpeg","contentUrl":"https:\/\/quehacerpolitico.mx\/wp-content\/uploads\/2022\/04\/F6A84586-D79C-4008-B415-9DBE4F4E2367.jpeg","width":688,"height":358},{"@type":"BreadcrumbList","@id":"https:\/\/quehacerpolitico.mx\/?p=91638#breadcrumb","itemListElement":[{"@type":"ListItem","position":1,"name":"Inicio","item":"https:\/\/quehacerpolitico.mx\/"},{"@type":"ListItem","position":2,"name":"Sigmund Freud: El psicoanalista llega al turismo de Viena y sorprende a todos"}]},{"@type":"WebSite","@id":"https:\/\/quehacerpolitico.mx\/#website","url":"https:\/\/quehacerpolitico.mx\/","name":"","description":"","potentialAction":[{"@type":"SearchAction","target":{"@type":"EntryPoint","urlTemplate":"https:\/\/quehacerpolitico.mx\/?s={search_term_string}"},"query-input":{"@type":"PropertyValueSpecification","valueRequired":true,"valueName":"search_term_string"}}],"inLanguage":"es"},{"@type":"Person","@id":"https:\/\/quehacerpolitico.mx\/#\/schema\/person\/496d8ad2d1d3f8036101dca7ee39e585","name":"Redacci\u00f3n QP","image":{"@type":"ImageObject","inLanguage":"es","@id":"https:\/\/secure.gravatar.com\/avatar\/c7164ed6fdec453195284ad24a5ae5b6e1eed2b848477fa2a4787ba9adf39a41?s=96&d=mm&r=g","url":"https:\/\/secure.gravatar.com\/avatar\/c7164ed6fdec453195284ad24a5ae5b6e1eed2b848477fa2a4787ba9adf39a41?s=96&d=mm&r=g","contentUrl":"https:\/\/secure.gravatar.com\/avatar\/c7164ed6fdec453195284ad24a5ae5b6e1eed2b848477fa2a4787ba9adf39a41?s=96&d=mm&r=g","caption":"Redacci\u00f3n QP"},"url":"https:\/\/quehacerpolitico.mx\/?author=2"}]}},"featured_image_urls":{"full":["https:\/\/quehacerpolitico.mx\/wp-content\/uploads\/2022\/04\/F6A84586-D79C-4008-B415-9DBE4F4E2367.jpeg",688,358,false],"thumbnail":["https:\/\/quehacerpolitico.mx\/wp-content\/uploads\/2022\/04\/F6A84586-D79C-4008-B415-9DBE4F4E2367-150x150.jpeg",150,150,true],"medium":["https:\/\/quehacerpolitico.mx\/wp-content\/uploads\/2022\/04\/F6A84586-D79C-4008-B415-9DBE4F4E2367-300x156.jpeg",300,156,true],"medium_large":["https:\/\/quehacerpolitico.mx\/wp-content\/uploads\/2022\/04\/F6A84586-D79C-4008-B415-9DBE4F4E2367.jpeg",640,333,false],"large":["https:\/\/quehacerpolitico.mx\/wp-content\/uploads\/2022\/04\/F6A84586-D79C-4008-B415-9DBE4F4E2367.jpeg",640,333,false],"1536x1536":["https:\/\/quehacerpolitico.mx\/wp-content\/uploads\/2022\/04\/F6A84586-D79C-4008-B415-9DBE4F4E2367.jpeg",688,358,false],"2048x2048":["https:\/\/quehacerpolitico.mx\/wp-content\/uploads\/2022\/04\/F6A84586-D79C-4008-B415-9DBE4F4E2367.jpeg",688,358,false],"covernews-featured":["https:\/\/quehacerpolitico.mx\/wp-content\/uploads\/2022\/04\/F6A84586-D79C-4008-B415-9DBE4F4E2367.jpeg",688,358,false],"covernews-medium":["https:\/\/quehacerpolitico.mx\/wp-content\/uploads\/2022\/04\/F6A84586-D79C-4008-B415-9DBE4F4E2367.jpeg",540,281,false]},"author_info":{"display_name":"Redacci\u00f3n QP","author_link":"https:\/\/quehacerpolitico.mx\/?author=2"},"category_info":"<a href=\"https:\/\/quehacerpolitico.mx\/?cat=58\" rel=\"category\">Cultura y Entretenimiento<\/a>","tag_info":"Cultura y Entretenimiento","comment_count":"0","_links":{"self":[{"href":"https:\/\/quehacerpolitico.mx\/index.php?rest_route=\/wp\/v2\/posts\/91638","targetHints":{"allow":["GET"]}}],"collection":[{"href":"https:\/\/quehacerpolitico.mx\/index.php?rest_route=\/wp\/v2\/posts"}],"about":[{"href":"https:\/\/quehacerpolitico.mx\/index.php?rest_route=\/wp\/v2\/types\/post"}],"author":[{"embeddable":true,"href":"https:\/\/quehacerpolitico.mx\/index.php?rest_route=\/wp\/v2\/users\/2"}],"replies":[{"embeddable":true,"href":"https:\/\/quehacerpolitico.mx\/index.php?rest_route=%2Fwp%2Fv2%2Fcomments&post=91638"}],"version-history":[{"count":1,"href":"https:\/\/quehacerpolitico.mx\/index.php?rest_route=\/wp\/v2\/posts\/91638\/revisions"}],"predecessor-version":[{"id":91641,"href":"https:\/\/quehacerpolitico.mx\/index.php?rest_route=\/wp\/v2\/posts\/91638\/revisions\/91641"}],"wp:featuredmedia":[{"embeddable":true,"href":"https:\/\/quehacerpolitico.mx\/index.php?rest_route=\/wp\/v2\/media\/91640"}],"wp:attachment":[{"href":"https:\/\/quehacerpolitico.mx\/index.php?rest_route=%2Fwp%2Fv2%2Fmedia&parent=91638"}],"wp:term":[{"taxonomy":"category","embeddable":true,"href":"https:\/\/quehacerpolitico.mx\/index.php?rest_route=%2Fwp%2Fv2%2Fcategories&post=91638"},{"taxonomy":"post_tag","embeddable":true,"href":"https:\/\/quehacerpolitico.mx\/index.php?rest_route=%2Fwp%2Fv2%2Ftags&post=91638"}],"curies":[{"name":"wp","href":"https:\/\/api.w.org\/{rel}","templated":true}]}}