{"id":91586,"date":"2022-04-12T04:01:20","date_gmt":"2022-04-12T04:01:20","guid":{"rendered":"https:\/\/quehacerpolitico.mx\/?p=91586"},"modified":"2022-04-12T04:01:24","modified_gmt":"2022-04-12T04:01:24","slug":"posponen-votacion-de-la-reforma-electrica-te-decimos-para-cuando","status":"publish","type":"post","link":"https:\/\/quehacerpolitico.mx\/?p=91586","title":{"rendered":"Posponen votaci\u00f3n de la Reforma El\u00e9ctrica: Te decimos para cu\u00e1ndo\u00a0"},"content":{"rendered":"\n<p>Por Redacci\u00f3n QP<\/p>\n\n\n\n<p>Aunque se ten\u00eda pactado que ma\u00f1ana fuera la discusi\u00f3n y votaci\u00f3n de la Reforma El\u00e9ctrica de AMLO, se ha tomado la decisi\u00f3n de reprogramarse y aqu\u00ed te decimos cu\u00e1ndo ser\u00e1<\/p>\n\n\n\n<p>Es oficial. El coordinador de la bancada de\u00a0<strong>Movimiento Ciudadano\u00a0<\/strong>en la C\u00e1mara de Diputados\u00a0<strong>Jorge \u00c1lvarez M\u00e1ynez,<\/strong>\u00a0confirm\u00f3 que la discusi\u00f3n y votaci\u00f3n de la Reforma El\u00e9ctrica del presidente<strong>\u00a0Andr\u00e9s Manuel L\u00f3pez Obrador<\/strong>\u00a0se realizar\u00e1 el pr\u00f3ximo domingo 17 de abril y no el d\u00eda de ma\u00f1ana como se hab\u00eda pactado en un principio.<\/p>\n\n\n\n<figure class=\"wp-block-embed is-type-rich is-provider-twitter wp-block-embed-twitter\"><div class=\"wp-block-embed__wrapper\">\n<blockquote class=\"twitter-tweet\" data-width=\"550\" data-dnt=\"true\"><p lang=\"es\" dir=\"ltr\">\u201cVoy a dormir en la C\u00e1mara de Diputados, no vamos a permitir que pase la <a href=\"https:\/\/twitter.com\/hashtag\/ReformaEl%C3%A9ctrica?src=hash&amp;ref_src=twsrc%5Etfw\">#ReformaEl\u00e9ctrica<\/a>\u201d, diputados del PRI y PRD llegaron a San L\u00e1zaro con almohadas y hasta petates para pasar la noche y discutir la llamada <a href=\"https:\/\/twitter.com\/hashtag\/LeyBartlett?src=hash&amp;ref_src=twsrc%5Etfw\">#LeyBartlett<\/a>. Pero la discusi\u00f3n se pas\u00f3 al domingo de resurrecci\u00f3n: <a href=\"https:\/\/t.co\/314XjJIG1V\">pic.twitter.com\/314XjJIG1V<\/a><\/p>&mdash; Ciro G\u00f3mez Leyva (@CiroGomezL) <a href=\"https:\/\/twitter.com\/CiroGomezL\/status\/1513725324953014276?ref_src=twsrc%5Etfw\">April 12, 2022<\/a><\/blockquote><script async src=\"https:\/\/platform.twitter.com\/widgets.js\" charset=\"utf-8\"><\/script>\n<\/div><\/figure>\n\n\n\n<p><strong>\u00c1lvarez M\u00e1ynez<\/strong>\u00a0se\u00f1al\u00f3 que la decisi\u00f3n de Morena de aplazar la votaci\u00f3n de la Reforma El\u00e9ctrica es una medida de desesperaci\u00f3n.<\/p>\n\n\n\n<p>&#8220;Ya es oficial. En contra:\u00a0<strong>Movimiento Ciudadano, PRD, PAN, PRI<\/strong>. A favor:\u00a0<strong>PT, PVEM, Morena<\/strong>&#8220;, escribi\u00f3 en Twitter \u00c1lvarez M\u00e1ynez.<\/p>\n\n\n\n<figure class=\"wp-block-embed is-type-rich is-provider-twitter wp-block-embed-twitter\"><div class=\"wp-block-embed__wrapper\">\n<blockquote class=\"twitter-tweet\" data-width=\"550\" data-dnt=\"true\"><p lang=\"es\" dir=\"ltr\">Ya es oficial.<br><br>En contra: Movimiento Ciudadano, PRD, PAN, PRI.<br><br>A favor: PT, PVEM, Morena.<\/p>&mdash; Jorge \u00c1lvarez M\u00e1ynez (@AlvarezMaynez) <a href=\"https:\/\/twitter.com\/AlvarezMaynez\/status\/1513686792536571914?ref_src=twsrc%5Etfw\">April 12, 2022<\/a><\/blockquote><script async src=\"https:\/\/platform.twitter.com\/widgets.js\" charset=\"utf-8\"><\/script>\n<\/div><\/figure>\n\n\n\n<p>El argumento por el cual se decidi\u00f3 posponer el debate de la Reforma El\u00e9ctrica es para que haya una mayor socializaci\u00f3n del dictamen.<\/p>\n\n\n\n<p>Cabe destacar que las bancadas del\u00a0<strong>PRI, PAN y PRD<\/strong>\u00a0ya se encontraban en el recinto de\u00a0<strong>San L\u00e1zaro<\/strong>donde pretend\u00edan pasar la noche, en espera de la sesi\u00f3n para votar en contra de la\u00a0<strong>Reforma El\u00e9ctrica\u00a0<\/strong>del presidente\u00a0<strong>Andr\u00e9s Manuel L\u00f3pez Obrador.<\/strong>Movimiento Ciudadano se encontraba analizando la posibilidad de &#8220;encuartelarse&#8221;, al igual que las otras fuerzas pol\u00edticas.<\/p>\n\n\n\n<figure class=\"wp-block-embed is-type-rich is-provider-twitter wp-block-embed-twitter\"><div class=\"wp-block-embed__wrapper\">\n<blockquote class=\"twitter-tweet\" data-width=\"550\" data-dnt=\"true\"><p lang=\"es\" dir=\"ltr\">He convocado a sesi\u00f3n ordinaria de la <a href=\"https:\/\/twitter.com\/Mx_Diputados?ref_src=twsrc%5Etfw\">@Mx_Diputados<\/a>  para el pr\u00f3ximo domingo 17 de abril de 2022 a partir de las 10:00 hrs, en la que se discutir\u00e1 el dictamen relativo a la <a href=\"https:\/\/twitter.com\/hashtag\/ReformaEl%C3%A9ctrica?src=hash&amp;ref_src=twsrc%5Etfw\">#ReformaEl\u00e9ctrica<\/a>. \ud83d\udd14 <a href=\"https:\/\/t.co\/gMoUYGyzJM\">pic.twitter.com\/gMoUYGyzJM<\/a><\/p>&mdash; Sergio Gutz. Luna (@Sergeluna_S) <a href=\"https:\/\/twitter.com\/Sergeluna_S\/status\/1513693950791495680?ref_src=twsrc%5Etfw\">April 12, 2022<\/a><\/blockquote><script async src=\"https:\/\/platform.twitter.com\/widgets.js\" charset=\"utf-8\"><\/script>\n<\/div><\/figure>\n\n\n\n<p>Por su parte, la vicecordinadora de los diputados de&nbsp;<strong>Morena<\/strong>,&nbsp;<strong>Aleida Alavez Ruiz<\/strong>, confirm\u00f3 a trav\u00e9s de sus redes sociales&nbsp;que la discusi\u00f3n y votaci\u00f3n del dictamen de la&nbsp;<strong>Reforma El\u00e9ctrica<\/strong>&nbsp;ser\u00e1 a las 11:00 horas del pr\u00f3ximo domingo 17 de abril.<\/p>\n\n\n\n<p>Al respecto,\u00a0<strong>Alavez Ruiz\u00a0<\/strong>argument\u00f3 que se cambi\u00f3 el d\u00eda de la discusi\u00f3n &#8220;para darle tiempo a la oposici\u00f3n a que analice el dictamen que incorpora sus propuestas&#8221;.<\/p>\n\n\n\n<figure class=\"wp-block-embed is-type-rich is-provider-twitter wp-block-embed-twitter\"><div class=\"wp-block-embed__wrapper\">\n<blockquote class=\"twitter-tweet\" data-width=\"550\" data-dnt=\"true\"><p lang=\"es\" dir=\"ltr\">No sesionaremos ma\u00f1ana como se ten\u00eda previsto.<\/p>&mdash; Aleida Alavez Ruiz (@ALEIDAALAVEZ) <a href=\"https:\/\/twitter.com\/ALEIDAALAVEZ\/status\/1513690205982580738?ref_src=twsrc%5Etfw\">April 12, 2022<\/a><\/blockquote><script async src=\"https:\/\/platform.twitter.com\/widgets.js\" charset=\"utf-8\"><\/script>\n<\/div><\/figure>\n\n\n\n<p>Con informaci\u00f3n de SUN<\/p>\n","protected":false},"excerpt":{"rendered":"<p>Por Redacci\u00f3n QP Aunque se ten\u00eda pactado que ma\u00f1ana fuera la discusi\u00f3n y votaci\u00f3n de&#8230;<\/p>\n","protected":false},"author":2,"featured_media":91587,"comment_status":"open","ping_status":"open","sticky":false,"template":"","format":"standard","meta":{"_monsterinsights_skip_tracking":false,"_monsterinsights_sitenote_active":false,"_monsterinsights_sitenote_note":"","_monsterinsights_sitenote_category":0,"footnotes":""},"categories":[2],"tags":[],"class_list":["post-91586","post","type-post","status-publish","format-standard","has-post-thumbnail","hentry","category-noticias"],"yoast_head":"<!-- This site is optimized with the Yoast SEO plugin v27.3 - https:\/\/yoast.com\/product\/yoast-seo-wordpress\/ -->\n<title>Posponen votaci\u00f3n de la Reforma El\u00e9ctrica: Te decimos para cu\u00e1ndo\u00a0 -<\/title>\n<meta name=\"robots\" content=\"index, follow, max-snippet:-1, max-image-preview:large, max-video-preview:-1\" \/>\n<link rel=\"canonical\" href=\"https:\/\/quehacerpolitico.mx\/?p=91586\" \/>\n<meta property=\"og:locale\" content=\"es_MX\" \/>\n<meta property=\"og:type\" content=\"article\" \/>\n<meta property=\"og:title\" content=\"Posponen votaci\u00f3n de la Reforma El\u00e9ctrica: Te decimos para cu\u00e1ndo\u00a0 -\" \/>\n<meta property=\"og:description\" content=\"Por Redacci\u00f3n QP Aunque se ten\u00eda pactado que ma\u00f1ana fuera la discusi\u00f3n y votaci\u00f3n de...\" \/>\n<meta property=\"og:url\" content=\"https:\/\/quehacerpolitico.mx\/?p=91586\" \/>\n<meta property=\"article:published_time\" content=\"2022-04-12T04:01:20+00:00\" \/>\n<meta property=\"article:modified_time\" content=\"2022-04-12T04:01:24+00:00\" \/>\n<meta property=\"og:image\" content=\"https:\/\/quehacerpolitico.mx\/wp-content\/uploads\/2022\/04\/DB86BA71-4BB8-4B36-8DFD-9638D981B02B.jpeg\" \/>\n\t<meta property=\"og:image:width\" content=\"2048\" \/>\n\t<meta property=\"og:image:height\" content=\"1152\" \/>\n\t<meta property=\"og:image:type\" content=\"image\/jpeg\" \/>\n<meta name=\"author\" content=\"Redacci\u00f3n QP\" \/>\n<meta name=\"twitter:card\" content=\"summary_large_image\" \/>\n<meta name=\"twitter:label1\" content=\"Escrito por\" \/>\n\t<meta name=\"twitter:data1\" content=\"Redacci\u00f3n QP\" \/>\n\t<meta name=\"twitter:label2\" content=\"Tiempo de lectura\" \/>\n\t<meta name=\"twitter:data2\" content=\"2 minutos\" \/>\n<script type=\"application\/ld+json\" class=\"yoast-schema-graph\">{\"@context\":\"https:\\\/\\\/schema.org\",\"@graph\":[{\"@type\":\"Article\",\"@id\":\"https:\\\/\\\/quehacerpolitico.mx\\\/?p=91586#article\",\"isPartOf\":{\"@id\":\"https:\\\/\\\/quehacerpolitico.mx\\\/?p=91586\"},\"author\":{\"name\":\"Redacci\u00f3n QP\",\"@id\":\"https:\\\/\\\/quehacerpolitico.mx\\\/#\\\/schema\\\/person\\\/496d8ad2d1d3f8036101dca7ee39e585\"},\"headline\":\"Posponen votaci\u00f3n de la Reforma El\u00e9ctrica: Te decimos para cu\u00e1ndo\u00a0\",\"datePublished\":\"2022-04-12T04:01:20+00:00\",\"dateModified\":\"2022-04-12T04:01:24+00:00\",\"mainEntityOfPage\":{\"@id\":\"https:\\\/\\\/quehacerpolitico.mx\\\/?p=91586\"},\"wordCount\":388,\"commentCount\":0,\"image\":{\"@id\":\"https:\\\/\\\/quehacerpolitico.mx\\\/?p=91586#primaryimage\"},\"thumbnailUrl\":\"https:\\\/\\\/quehacerpolitico.mx\\\/wp-content\\\/uploads\\\/2022\\\/04\\\/DB86BA71-4BB8-4B36-8DFD-9638D981B02B.jpeg\",\"articleSection\":[\"Noticias\"],\"inLanguage\":\"es\",\"potentialAction\":[{\"@type\":\"CommentAction\",\"name\":\"Comment\",\"target\":[\"https:\\\/\\\/quehacerpolitico.mx\\\/?p=91586#respond\"]}]},{\"@type\":\"WebPage\",\"@id\":\"https:\\\/\\\/quehacerpolitico.mx\\\/?p=91586\",\"url\":\"https:\\\/\\\/quehacerpolitico.mx\\\/?p=91586\",\"name\":\"Posponen votaci\u00f3n de la Reforma El\u00e9ctrica: Te decimos para cu\u00e1ndo\u00a0 -\",\"isPartOf\":{\"@id\":\"https:\\\/\\\/quehacerpolitico.mx\\\/#website\"},\"primaryImageOfPage\":{\"@id\":\"https:\\\/\\\/quehacerpolitico.mx\\\/?p=91586#primaryimage\"},\"image\":{\"@id\":\"https:\\\/\\\/quehacerpolitico.mx\\\/?p=91586#primaryimage\"},\"thumbnailUrl\":\"https:\\\/\\\/quehacerpolitico.mx\\\/wp-content\\\/uploads\\\/2022\\\/04\\\/DB86BA71-4BB8-4B36-8DFD-9638D981B02B.jpeg\",\"datePublished\":\"2022-04-12T04:01:20+00:00\",\"dateModified\":\"2022-04-12T04:01:24+00:00\",\"author\":{\"@id\":\"https:\\\/\\\/quehacerpolitico.mx\\\/#\\\/schema\\\/person\\\/496d8ad2d1d3f8036101dca7ee39e585\"},\"breadcrumb\":{\"@id\":\"https:\\\/\\\/quehacerpolitico.mx\\\/?p=91586#breadcrumb\"},\"inLanguage\":\"es\",\"potentialAction\":[{\"@type\":\"ReadAction\",\"target\":[\"https:\\\/\\\/quehacerpolitico.mx\\\/?p=91586\"]}]},{\"@type\":\"ImageObject\",\"inLanguage\":\"es\",\"@id\":\"https:\\\/\\\/quehacerpolitico.mx\\\/?p=91586#primaryimage\",\"url\":\"https:\\\/\\\/quehacerpolitico.mx\\\/wp-content\\\/uploads\\\/2022\\\/04\\\/DB86BA71-4BB8-4B36-8DFD-9638D981B02B.jpeg\",\"contentUrl\":\"https:\\\/\\\/quehacerpolitico.mx\\\/wp-content\\\/uploads\\\/2022\\\/04\\\/DB86BA71-4BB8-4B36-8DFD-9638D981B02B.jpeg\",\"width\":2048,\"height\":1152},{\"@type\":\"BreadcrumbList\",\"@id\":\"https:\\\/\\\/quehacerpolitico.mx\\\/?p=91586#breadcrumb\",\"itemListElement\":[{\"@type\":\"ListItem\",\"position\":1,\"name\":\"Inicio\",\"item\":\"https:\\\/\\\/quehacerpolitico.mx\\\/\"},{\"@type\":\"ListItem\",\"position\":2,\"name\":\"Posponen votaci\u00f3n de la Reforma El\u00e9ctrica: Te decimos para cu\u00e1ndo\u00a0\"}]},{\"@type\":\"WebSite\",\"@id\":\"https:\\\/\\\/quehacerpolitico.mx\\\/#website\",\"url\":\"https:\\\/\\\/quehacerpolitico.mx\\\/\",\"name\":\"\",\"description\":\"\",\"potentialAction\":[{\"@type\":\"SearchAction\",\"target\":{\"@type\":\"EntryPoint\",\"urlTemplate\":\"https:\\\/\\\/quehacerpolitico.mx\\\/?s={search_term_string}\"},\"query-input\":{\"@type\":\"PropertyValueSpecification\",\"valueRequired\":true,\"valueName\":\"search_term_string\"}}],\"inLanguage\":\"es\"},{\"@type\":\"Person\",\"@id\":\"https:\\\/\\\/quehacerpolitico.mx\\\/#\\\/schema\\\/person\\\/496d8ad2d1d3f8036101dca7ee39e585\",\"name\":\"Redacci\u00f3n QP\",\"image\":{\"@type\":\"ImageObject\",\"inLanguage\":\"es\",\"@id\":\"https:\\\/\\\/secure.gravatar.com\\\/avatar\\\/c7164ed6fdec453195284ad24a5ae5b6e1eed2b848477fa2a4787ba9adf39a41?s=96&d=mm&r=g\",\"url\":\"https:\\\/\\\/secure.gravatar.com\\\/avatar\\\/c7164ed6fdec453195284ad24a5ae5b6e1eed2b848477fa2a4787ba9adf39a41?s=96&d=mm&r=g\",\"contentUrl\":\"https:\\\/\\\/secure.gravatar.com\\\/avatar\\\/c7164ed6fdec453195284ad24a5ae5b6e1eed2b848477fa2a4787ba9adf39a41?s=96&d=mm&r=g\",\"caption\":\"Redacci\u00f3n QP\"},\"url\":\"https:\\\/\\\/quehacerpolitico.mx\\\/?author=2\"}]}<\/script>\n<!-- \/ Yoast SEO plugin. -->","yoast_head_json":{"title":"Posponen votaci\u00f3n de la Reforma El\u00e9ctrica: Te decimos para cu\u00e1ndo\u00a0 -","robots":{"index":"index","follow":"follow","max-snippet":"max-snippet:-1","max-image-preview":"max-image-preview:large","max-video-preview":"max-video-preview:-1"},"canonical":"https:\/\/quehacerpolitico.mx\/?p=91586","og_locale":"es_MX","og_type":"article","og_title":"Posponen votaci\u00f3n de la Reforma El\u00e9ctrica: Te decimos para cu\u00e1ndo\u00a0 -","og_description":"Por Redacci\u00f3n QP Aunque se ten\u00eda pactado que ma\u00f1ana fuera la discusi\u00f3n y votaci\u00f3n de...","og_url":"https:\/\/quehacerpolitico.mx\/?p=91586","article_published_time":"2022-04-12T04:01:20+00:00","article_modified_time":"2022-04-12T04:01:24+00:00","og_image":[{"width":2048,"height":1152,"url":"https:\/\/quehacerpolitico.mx\/wp-content\/uploads\/2022\/04\/DB86BA71-4BB8-4B36-8DFD-9638D981B02B.jpeg","type":"image\/jpeg"}],"author":"Redacci\u00f3n QP","twitter_card":"summary_large_image","twitter_misc":{"Escrito por":"Redacci\u00f3n QP","Tiempo de lectura":"2 minutos"},"schema":{"@context":"https:\/\/schema.org","@graph":[{"@type":"Article","@id":"https:\/\/quehacerpolitico.mx\/?p=91586#article","isPartOf":{"@id":"https:\/\/quehacerpolitico.mx\/?p=91586"},"author":{"name":"Redacci\u00f3n QP","@id":"https:\/\/quehacerpolitico.mx\/#\/schema\/person\/496d8ad2d1d3f8036101dca7ee39e585"},"headline":"Posponen votaci\u00f3n de la Reforma El\u00e9ctrica: Te decimos para cu\u00e1ndo\u00a0","datePublished":"2022-04-12T04:01:20+00:00","dateModified":"2022-04-12T04:01:24+00:00","mainEntityOfPage":{"@id":"https:\/\/quehacerpolitico.mx\/?p=91586"},"wordCount":388,"commentCount":0,"image":{"@id":"https:\/\/quehacerpolitico.mx\/?p=91586#primaryimage"},"thumbnailUrl":"https:\/\/quehacerpolitico.mx\/wp-content\/uploads\/2022\/04\/DB86BA71-4BB8-4B36-8DFD-9638D981B02B.jpeg","articleSection":["Noticias"],"inLanguage":"es","potentialAction":[{"@type":"CommentAction","name":"Comment","target":["https:\/\/quehacerpolitico.mx\/?p=91586#respond"]}]},{"@type":"WebPage","@id":"https:\/\/quehacerpolitico.mx\/?p=91586","url":"https:\/\/quehacerpolitico.mx\/?p=91586","name":"Posponen votaci\u00f3n de la Reforma El\u00e9ctrica: Te decimos para cu\u00e1ndo\u00a0 -","isPartOf":{"@id":"https:\/\/quehacerpolitico.mx\/#website"},"primaryImageOfPage":{"@id":"https:\/\/quehacerpolitico.mx\/?p=91586#primaryimage"},"image":{"@id":"https:\/\/quehacerpolitico.mx\/?p=91586#primaryimage"},"thumbnailUrl":"https:\/\/quehacerpolitico.mx\/wp-content\/uploads\/2022\/04\/DB86BA71-4BB8-4B36-8DFD-9638D981B02B.jpeg","datePublished":"2022-04-12T04:01:20+00:00","dateModified":"2022-04-12T04:01:24+00:00","author":{"@id":"https:\/\/quehacerpolitico.mx\/#\/schema\/person\/496d8ad2d1d3f8036101dca7ee39e585"},"breadcrumb":{"@id":"https:\/\/quehacerpolitico.mx\/?p=91586#breadcrumb"},"inLanguage":"es","potentialAction":[{"@type":"ReadAction","target":["https:\/\/quehacerpolitico.mx\/?p=91586"]}]},{"@type":"ImageObject","inLanguage":"es","@id":"https:\/\/quehacerpolitico.mx\/?p=91586#primaryimage","url":"https:\/\/quehacerpolitico.mx\/wp-content\/uploads\/2022\/04\/DB86BA71-4BB8-4B36-8DFD-9638D981B02B.jpeg","contentUrl":"https:\/\/quehacerpolitico.mx\/wp-content\/uploads\/2022\/04\/DB86BA71-4BB8-4B36-8DFD-9638D981B02B.jpeg","width":2048,"height":1152},{"@type":"BreadcrumbList","@id":"https:\/\/quehacerpolitico.mx\/?p=91586#breadcrumb","itemListElement":[{"@type":"ListItem","position":1,"name":"Inicio","item":"https:\/\/quehacerpolitico.mx\/"},{"@type":"ListItem","position":2,"name":"Posponen votaci\u00f3n de la Reforma El\u00e9ctrica: Te decimos para cu\u00e1ndo\u00a0"}]},{"@type":"WebSite","@id":"https:\/\/quehacerpolitico.mx\/#website","url":"https:\/\/quehacerpolitico.mx\/","name":"","description":"","potentialAction":[{"@type":"SearchAction","target":{"@type":"EntryPoint","urlTemplate":"https:\/\/quehacerpolitico.mx\/?s={search_term_string}"},"query-input":{"@type":"PropertyValueSpecification","valueRequired":true,"valueName":"search_term_string"}}],"inLanguage":"es"},{"@type":"Person","@id":"https:\/\/quehacerpolitico.mx\/#\/schema\/person\/496d8ad2d1d3f8036101dca7ee39e585","name":"Redacci\u00f3n QP","image":{"@type":"ImageObject","inLanguage":"es","@id":"https:\/\/secure.gravatar.com\/avatar\/c7164ed6fdec453195284ad24a5ae5b6e1eed2b848477fa2a4787ba9adf39a41?s=96&d=mm&r=g","url":"https:\/\/secure.gravatar.com\/avatar\/c7164ed6fdec453195284ad24a5ae5b6e1eed2b848477fa2a4787ba9adf39a41?s=96&d=mm&r=g","contentUrl":"https:\/\/secure.gravatar.com\/avatar\/c7164ed6fdec453195284ad24a5ae5b6e1eed2b848477fa2a4787ba9adf39a41?s=96&d=mm&r=g","caption":"Redacci\u00f3n QP"},"url":"https:\/\/quehacerpolitico.mx\/?author=2"}]}},"featured_image_urls":{"full":["https:\/\/quehacerpolitico.mx\/wp-content\/uploads\/2022\/04\/DB86BA71-4BB8-4B36-8DFD-9638D981B02B.jpeg",2048,1152,false],"thumbnail":["https:\/\/quehacerpolitico.mx\/wp-content\/uploads\/2022\/04\/DB86BA71-4BB8-4B36-8DFD-9638D981B02B-150x150.jpeg",150,150,true],"medium":["https:\/\/quehacerpolitico.mx\/wp-content\/uploads\/2022\/04\/DB86BA71-4BB8-4B36-8DFD-9638D981B02B-300x169.jpeg",300,169,true],"medium_large":["https:\/\/quehacerpolitico.mx\/wp-content\/uploads\/2022\/04\/DB86BA71-4BB8-4B36-8DFD-9638D981B02B-768x432.jpeg",640,360,true],"large":["https:\/\/quehacerpolitico.mx\/wp-content\/uploads\/2022\/04\/DB86BA71-4BB8-4B36-8DFD-9638D981B02B-1024x576.jpeg",640,360,true],"1536x1536":["https:\/\/quehacerpolitico.mx\/wp-content\/uploads\/2022\/04\/DB86BA71-4BB8-4B36-8DFD-9638D981B02B-1536x864.jpeg",1536,864,true],"2048x2048":["https:\/\/quehacerpolitico.mx\/wp-content\/uploads\/2022\/04\/DB86BA71-4BB8-4B36-8DFD-9638D981B02B.jpeg",2048,1152,false],"covernews-featured":["https:\/\/quehacerpolitico.mx\/wp-content\/uploads\/2022\/04\/DB86BA71-4BB8-4B36-8DFD-9638D981B02B.jpeg",1024,576,false],"covernews-medium":["https:\/\/quehacerpolitico.mx\/wp-content\/uploads\/2022\/04\/DB86BA71-4BB8-4B36-8DFD-9638D981B02B.jpeg",540,304,false]},"author_info":{"display_name":"Redacci\u00f3n QP","author_link":"https:\/\/quehacerpolitico.mx\/?author=2"},"category_info":"<a href=\"https:\/\/quehacerpolitico.mx\/?cat=2\" rel=\"category\">Noticias<\/a>","tag_info":"Noticias","comment_count":"0","_links":{"self":[{"href":"https:\/\/quehacerpolitico.mx\/index.php?rest_route=\/wp\/v2\/posts\/91586","targetHints":{"allow":["GET"]}}],"collection":[{"href":"https:\/\/quehacerpolitico.mx\/index.php?rest_route=\/wp\/v2\/posts"}],"about":[{"href":"https:\/\/quehacerpolitico.mx\/index.php?rest_route=\/wp\/v2\/types\/post"}],"author":[{"embeddable":true,"href":"https:\/\/quehacerpolitico.mx\/index.php?rest_route=\/wp\/v2\/users\/2"}],"replies":[{"embeddable":true,"href":"https:\/\/quehacerpolitico.mx\/index.php?rest_route=%2Fwp%2Fv2%2Fcomments&post=91586"}],"version-history":[{"count":1,"href":"https:\/\/quehacerpolitico.mx\/index.php?rest_route=\/wp\/v2\/posts\/91586\/revisions"}],"predecessor-version":[{"id":91588,"href":"https:\/\/quehacerpolitico.mx\/index.php?rest_route=\/wp\/v2\/posts\/91586\/revisions\/91588"}],"wp:featuredmedia":[{"embeddable":true,"href":"https:\/\/quehacerpolitico.mx\/index.php?rest_route=\/wp\/v2\/media\/91587"}],"wp:attachment":[{"href":"https:\/\/quehacerpolitico.mx\/index.php?rest_route=%2Fwp%2Fv2%2Fmedia&parent=91586"}],"wp:term":[{"taxonomy":"category","embeddable":true,"href":"https:\/\/quehacerpolitico.mx\/index.php?rest_route=%2Fwp%2Fv2%2Fcategories&post=91586"},{"taxonomy":"post_tag","embeddable":true,"href":"https:\/\/quehacerpolitico.mx\/index.php?rest_route=%2Fwp%2Fv2%2Ftags&post=91586"}],"curies":[{"name":"wp","href":"https:\/\/api.w.org\/{rel}","templated":true}]}}