{"id":91580,"date":"2022-04-11T21:43:27","date_gmt":"2022-04-11T21:43:27","guid":{"rendered":"https:\/\/quehacerpolitico.mx\/?p=91580"},"modified":"2022-04-11T21:43:30","modified_gmt":"2022-04-11T21:43:30","slug":"la-cdmx-es-obradorista-destaca-sheinbaum-tras-revocacion-de-mandato","status":"publish","type":"post","link":"https:\/\/quehacerpolitico.mx\/?p=91580","title":{"rendered":"La CDMX es &#8220;obradorista&#8221;, destaca Sheinbaum tras revocaci\u00f3n de mandato"},"content":{"rendered":"\n<p>Por Redacci\u00f3n QP<\/p>\n\n\n\n<p>&#8220;La participaci\u00f3n fue muy importante y refrenda, primero su vocaci\u00f3n democr\u00e1tica y segundo que es una ciudad que quiere al Presidente L\u00f3pez Obrador&#8221;, se\u00f1ala\u00a0Sheinbaum<\/p>\n\n\n\n<p>La jefa de Gobierno, Claudia Sheinbuam, asegur\u00f3 que la Ciudad de M\u00e9xico es &#8220;obradorista&#8221; al refrendar su apoyo al presidente Andres Manuel Lopez Obrador\u00a0(AMLO), esto pese a las dificultades que hubo en el proceso de la consulta de revocaci\u00f3n de mandato por parte del Instituto Nacional Electoral (INE).<\/p>\n\n\n\n<p>Acompa\u00f1ada por los integrantes de su gabinete, Sheinbuam\u00a0<strong>se\u00f1al\u00f3 que 1.5 millones de personas votaron en la consulta<\/strong>, el 90% fue a favor de que contin\u00fae AMLO, lo cual muestra que se trata de una ciudad &#8220;obradorista&#8221;.<\/p>\n\n\n\n<figure class=\"wp-block-embed is-type-rich is-provider-twitter wp-block-embed-twitter\"><div class=\"wp-block-embed__wrapper\">\n<blockquote class=\"twitter-tweet\" data-width=\"550\" data-dnt=\"true\"><p lang=\"es\" dir=\"ltr\">\ud83d\ude31LA CDMX ES OBRADORISTA<br><br>Al menos as\u00ed lo asegura <a href=\"https:\/\/twitter.com\/Claudiashein?ref_src=twsrc%5Etfw\">@Claudiashein<\/a> <br><br>&quot;A pesar de todo, estamos muy contentos con el resultado de la <a href=\"https:\/\/twitter.com\/hashtag\/RevocacionDeMandato?src=hash&amp;ref_src=twsrc%5Etfw\">#RevocacionDeMandato<\/a>, demuestra que la ciudad es obradorista y quiere que siga el Presidente&quot;<br><br>\ud83c\udfa5<a href=\"https:\/\/twitter.com\/BernardoUribeV?ref_src=twsrc%5Etfw\">@BernardoUribeV<\/a> <a href=\"https:\/\/t.co\/wTNXmya6zG\">pic.twitter.com\/wTNXmya6zG<\/a><\/p>&mdash; Ruido en la Red (@RuidoEnLaRed) <a href=\"https:\/\/twitter.com\/RuidoEnLaRed\/status\/1513544465784451078?ref_src=twsrc%5Etfw\">April 11, 2022<\/a><\/blockquote><script async src=\"https:\/\/platform.twitter.com\/widgets.js\" charset=\"utf-8\"><\/script>\n<\/div><\/figure>\n\n\n\n<p>&#8220;Participaron m\u00e1s de 1.5 millones de ciudadanos y ciudadanas, y casi el 90% fue a favor de que contin\u00fae el Presidente Andr\u00e9s Manuel L\u00f3pez Obrador, es el ejercicio de democracia participativa de mayor participaci\u00f3n en la ciudad, es el de mayor participaci\u00f3n, (\u2026)\u00a0<strong>la participaci\u00f3n fue muy importante y refrenda, primero su vocaci\u00f3n democr\u00e1tica y segundo que es una ciudad que quiere al Presidente Andr\u00e9s Manuel L\u00f3pez Obrador<\/strong>, es una ciudad donde la mayor\u00eda est\u00e1 con el Presidente, una ciudad &#8216;obradorista'&#8221;.<\/p>\n\n\n\n<p>Explic\u00f3 que las &#8220;dificultades&#8221; en este proceso fue que solo se instal\u00f3 una tercera parte de las casillas y lejos, la fecha de la consulta coincidi\u00f3 con eventos religiosos como el Domingo de Ramos y las vacaciones, pero a\u00fan con todo ello&nbsp;<strong>los capitalinos salieron a votar<\/strong>.<\/p>\n\n\n\n<p>&#8220;Los grandes obst\u00e1culos fueron por parte del Instituto Nacional Electoral en vez de ser la promotora o promotor de la participaci\u00f3n ciudadana pues se volvi\u00f3 en un desincentivador de la participaci\u00f3n y eso realmente fue lo que afect\u00f3 (\u2026) pero a\u00fan con el tercio de las casillas que se abren normalmente tuvimos m\u00e1s, el PAN tuvo 1, 026, 856 votos para diputados federales en 2021, Ricardo Anaya con todas las casillas, elecci\u00f3n constitucional, tuvo 1, 292, 623 y con una tercera parte de las casillas, domingo de Semana Santa, y poca promoci\u00f3n, y casillas lejos fueron 1, 325, 503 votos para que contin\u00fae el presidente&#8221;.<\/p>\n\n\n\n<figure class=\"wp-block-embed is-type-rich is-provider-twitter wp-block-embed-twitter\"><div class=\"wp-block-embed__wrapper\">\n<blockquote class=\"twitter-tweet\" data-width=\"550\" data-dnt=\"true\"><p lang=\"es\" dir=\"ltr\">La Jefa de Gobierno, <a href=\"https:\/\/twitter.com\/Claudiashein?ref_src=twsrc%5Etfw\">@Claudiashein<\/a>, afirma que esta consulta de <a href=\"https:\/\/twitter.com\/hashtag\/Revocaci%C3%B3nDeMandato?src=hash&amp;ref_src=twsrc%5Etfw\">#Revocaci\u00f3nDeMandato<\/a> con todo y sus &quot;trabas&quot; lograron superar los n\u00fameros de votaciones del <a href=\"https:\/\/twitter.com\/hashtag\/PAN?src=hash&amp;ref_src=twsrc%5Etfw\">#PAN<\/a> en 2018 <a href=\"https:\/\/t.co\/H2n8Ud6vPm\">pic.twitter.com\/H2n8Ud6vPm<\/a><\/p>&mdash; Ruido en la Red (@RuidoEnLaRed) <a href=\"https:\/\/twitter.com\/RuidoEnLaRed\/status\/1513561289561448453?ref_src=twsrc%5Etfw\">April 11, 2022<\/a><\/blockquote><script async src=\"https:\/\/platform.twitter.com\/widgets.js\" charset=\"utf-8\"><\/script>\n<\/div><\/figure>\n\n\n\n<p>&#8220;Por eso digo que\u00a0<strong>la ciudad es &#8216;obradorista&#8217;, la ciudad no es conservadora, es progresista, una ciudad de derechos<\/strong>, y es una ciudad donde sus habitantes demuestran que tienen vocaci\u00f3n democr\u00e1tica, y no solo eso sino que est\u00e1n con el Presidente Andr\u00e9s Manuel L\u00f3pez Obrador&#8221;, dijo Claudia Sheinbaum.<\/p>\n\n\n\n<p>A pregunta expresa sobre las denuncias que ha realizado, en redes sociales el PAN capitalino de que hubo presunto acarreo de personas, Sheinbaum dijo que no es cierto, y en su caso que se presenten las denuncias correspondientes.<\/p>\n\n\n\n<p>En ese sentido, el secretario de Gobierno, Mart\u00ed Batres, dijo que fue una consulta ciudadana con un saldo blanco y sin incidentes, y que es la jornada con mayor participaci\u00f3n, ya que en el plebiscito para consultar sobre las autoridades de la capital en 1993 tuvo 320 mil participantes; consulta zapatista por la paz en Chiapas, 300 mil; Fobaproa en 1998, 500 mil; plebiscito de los segundos pisos 420 mil; consulta sobre los expresidentes 806 mil, y la revocaci\u00f3n de mandato 1.5 millones.<\/p>\n\n\n\n<p>Con informaci\u00f3n de SUN<\/p>\n","protected":false},"excerpt":{"rendered":"<p>Por Redacci\u00f3n QP &#8220;La participaci\u00f3n fue muy importante y refrenda, primero su vocaci\u00f3n democr\u00e1tica y&#8230;<\/p>\n","protected":false},"author":2,"featured_media":91581,"comment_status":"open","ping_status":"open","sticky":false,"template":"","format":"standard","meta":{"_monsterinsights_skip_tracking":false,"_monsterinsights_sitenote_active":false,"_monsterinsights_sitenote_note":"","_monsterinsights_sitenote_category":0,"footnotes":""},"categories":[55],"tags":[],"class_list":["post-91580","post","type-post","status-publish","format-standard","has-post-thumbnail","hentry","category-cdmx"],"yoast_head":"<!-- This site is optimized with the Yoast SEO plugin v27.3 - https:\/\/yoast.com\/product\/yoast-seo-wordpress\/ -->\n<title>La CDMX es &quot;obradorista&quot;, destaca Sheinbaum tras revocaci\u00f3n de mandato -<\/title>\n<meta name=\"robots\" content=\"index, follow, max-snippet:-1, max-image-preview:large, max-video-preview:-1\" \/>\n<link rel=\"canonical\" href=\"https:\/\/quehacerpolitico.mx\/?p=91580\" \/>\n<meta property=\"og:locale\" content=\"es_MX\" \/>\n<meta property=\"og:type\" content=\"article\" \/>\n<meta property=\"og:title\" content=\"La CDMX es &quot;obradorista&quot;, destaca Sheinbaum tras revocaci\u00f3n de mandato -\" \/>\n<meta property=\"og:description\" content=\"Por Redacci\u00f3n QP &#8220;La participaci\u00f3n fue muy importante y refrenda, primero su vocaci\u00f3n democr\u00e1tica y...\" \/>\n<meta property=\"og:url\" content=\"https:\/\/quehacerpolitico.mx\/?p=91580\" \/>\n<meta property=\"article:published_time\" content=\"2022-04-11T21:43:27+00:00\" \/>\n<meta property=\"article:modified_time\" content=\"2022-04-11T21:43:30+00:00\" \/>\n<meta property=\"og:image\" content=\"https:\/\/quehacerpolitico.mx\/wp-content\/uploads\/2022\/04\/0E44C59F-60E9-4618-8102-8D8DDBB76208.jpeg\" \/>\n\t<meta property=\"og:image:width\" content=\"1284\" \/>\n\t<meta property=\"og:image:height\" content=\"713\" \/>\n\t<meta property=\"og:image:type\" content=\"image\/jpeg\" \/>\n<meta name=\"author\" content=\"Redacci\u00f3n QP\" \/>\n<meta name=\"twitter:card\" content=\"summary_large_image\" \/>\n<meta name=\"twitter:label1\" content=\"Escrito por\" \/>\n\t<meta name=\"twitter:data1\" content=\"Redacci\u00f3n QP\" \/>\n\t<meta name=\"twitter:label2\" content=\"Tiempo de lectura\" \/>\n\t<meta name=\"twitter:data2\" content=\"3 minutos\" \/>\n<script type=\"application\/ld+json\" class=\"yoast-schema-graph\">{\"@context\":\"https:\\\/\\\/schema.org\",\"@graph\":[{\"@type\":\"Article\",\"@id\":\"https:\\\/\\\/quehacerpolitico.mx\\\/?p=91580#article\",\"isPartOf\":{\"@id\":\"https:\\\/\\\/quehacerpolitico.mx\\\/?p=91580\"},\"author\":{\"name\":\"Redacci\u00f3n QP\",\"@id\":\"https:\\\/\\\/quehacerpolitico.mx\\\/#\\\/schema\\\/person\\\/496d8ad2d1d3f8036101dca7ee39e585\"},\"headline\":\"La CDMX es &#8220;obradorista&#8221;, destaca Sheinbaum tras revocaci\u00f3n de mandato\",\"datePublished\":\"2022-04-11T21:43:27+00:00\",\"dateModified\":\"2022-04-11T21:43:30+00:00\",\"mainEntityOfPage\":{\"@id\":\"https:\\\/\\\/quehacerpolitico.mx\\\/?p=91580\"},\"wordCount\":572,\"commentCount\":0,\"image\":{\"@id\":\"https:\\\/\\\/quehacerpolitico.mx\\\/?p=91580#primaryimage\"},\"thumbnailUrl\":\"https:\\\/\\\/quehacerpolitico.mx\\\/wp-content\\\/uploads\\\/2022\\\/04\\\/0E44C59F-60E9-4618-8102-8D8DDBB76208.jpeg\",\"articleSection\":[\"CDMX\"],\"inLanguage\":\"es\",\"potentialAction\":[{\"@type\":\"CommentAction\",\"name\":\"Comment\",\"target\":[\"https:\\\/\\\/quehacerpolitico.mx\\\/?p=91580#respond\"]}]},{\"@type\":\"WebPage\",\"@id\":\"https:\\\/\\\/quehacerpolitico.mx\\\/?p=91580\",\"url\":\"https:\\\/\\\/quehacerpolitico.mx\\\/?p=91580\",\"name\":\"La CDMX es \\\"obradorista\\\", destaca Sheinbaum tras revocaci\u00f3n de mandato -\",\"isPartOf\":{\"@id\":\"https:\\\/\\\/quehacerpolitico.mx\\\/#website\"},\"primaryImageOfPage\":{\"@id\":\"https:\\\/\\\/quehacerpolitico.mx\\\/?p=91580#primaryimage\"},\"image\":{\"@id\":\"https:\\\/\\\/quehacerpolitico.mx\\\/?p=91580#primaryimage\"},\"thumbnailUrl\":\"https:\\\/\\\/quehacerpolitico.mx\\\/wp-content\\\/uploads\\\/2022\\\/04\\\/0E44C59F-60E9-4618-8102-8D8DDBB76208.jpeg\",\"datePublished\":\"2022-04-11T21:43:27+00:00\",\"dateModified\":\"2022-04-11T21:43:30+00:00\",\"author\":{\"@id\":\"https:\\\/\\\/quehacerpolitico.mx\\\/#\\\/schema\\\/person\\\/496d8ad2d1d3f8036101dca7ee39e585\"},\"breadcrumb\":{\"@id\":\"https:\\\/\\\/quehacerpolitico.mx\\\/?p=91580#breadcrumb\"},\"inLanguage\":\"es\",\"potentialAction\":[{\"@type\":\"ReadAction\",\"target\":[\"https:\\\/\\\/quehacerpolitico.mx\\\/?p=91580\"]}]},{\"@type\":\"ImageObject\",\"inLanguage\":\"es\",\"@id\":\"https:\\\/\\\/quehacerpolitico.mx\\\/?p=91580#primaryimage\",\"url\":\"https:\\\/\\\/quehacerpolitico.mx\\\/wp-content\\\/uploads\\\/2022\\\/04\\\/0E44C59F-60E9-4618-8102-8D8DDBB76208.jpeg\",\"contentUrl\":\"https:\\\/\\\/quehacerpolitico.mx\\\/wp-content\\\/uploads\\\/2022\\\/04\\\/0E44C59F-60E9-4618-8102-8D8DDBB76208.jpeg\",\"width\":1284,\"height\":713},{\"@type\":\"BreadcrumbList\",\"@id\":\"https:\\\/\\\/quehacerpolitico.mx\\\/?p=91580#breadcrumb\",\"itemListElement\":[{\"@type\":\"ListItem\",\"position\":1,\"name\":\"Inicio\",\"item\":\"https:\\\/\\\/quehacerpolitico.mx\\\/\"},{\"@type\":\"ListItem\",\"position\":2,\"name\":\"La CDMX es &#8220;obradorista&#8221;, destaca Sheinbaum tras revocaci\u00f3n de mandato\"}]},{\"@type\":\"WebSite\",\"@id\":\"https:\\\/\\\/quehacerpolitico.mx\\\/#website\",\"url\":\"https:\\\/\\\/quehacerpolitico.mx\\\/\",\"name\":\"\",\"description\":\"\",\"potentialAction\":[{\"@type\":\"SearchAction\",\"target\":{\"@type\":\"EntryPoint\",\"urlTemplate\":\"https:\\\/\\\/quehacerpolitico.mx\\\/?s={search_term_string}\"},\"query-input\":{\"@type\":\"PropertyValueSpecification\",\"valueRequired\":true,\"valueName\":\"search_term_string\"}}],\"inLanguage\":\"es\"},{\"@type\":\"Person\",\"@id\":\"https:\\\/\\\/quehacerpolitico.mx\\\/#\\\/schema\\\/person\\\/496d8ad2d1d3f8036101dca7ee39e585\",\"name\":\"Redacci\u00f3n QP\",\"image\":{\"@type\":\"ImageObject\",\"inLanguage\":\"es\",\"@id\":\"https:\\\/\\\/secure.gravatar.com\\\/avatar\\\/c7164ed6fdec453195284ad24a5ae5b6e1eed2b848477fa2a4787ba9adf39a41?s=96&d=mm&r=g\",\"url\":\"https:\\\/\\\/secure.gravatar.com\\\/avatar\\\/c7164ed6fdec453195284ad24a5ae5b6e1eed2b848477fa2a4787ba9adf39a41?s=96&d=mm&r=g\",\"contentUrl\":\"https:\\\/\\\/secure.gravatar.com\\\/avatar\\\/c7164ed6fdec453195284ad24a5ae5b6e1eed2b848477fa2a4787ba9adf39a41?s=96&d=mm&r=g\",\"caption\":\"Redacci\u00f3n QP\"},\"url\":\"https:\\\/\\\/quehacerpolitico.mx\\\/?author=2\"}]}<\/script>\n<!-- \/ Yoast SEO plugin. -->","yoast_head_json":{"title":"La CDMX es \"obradorista\", destaca Sheinbaum tras revocaci\u00f3n de mandato -","robots":{"index":"index","follow":"follow","max-snippet":"max-snippet:-1","max-image-preview":"max-image-preview:large","max-video-preview":"max-video-preview:-1"},"canonical":"https:\/\/quehacerpolitico.mx\/?p=91580","og_locale":"es_MX","og_type":"article","og_title":"La CDMX es \"obradorista\", destaca Sheinbaum tras revocaci\u00f3n de mandato -","og_description":"Por Redacci\u00f3n QP &#8220;La participaci\u00f3n fue muy importante y refrenda, primero su vocaci\u00f3n democr\u00e1tica y...","og_url":"https:\/\/quehacerpolitico.mx\/?p=91580","article_published_time":"2022-04-11T21:43:27+00:00","article_modified_time":"2022-04-11T21:43:30+00:00","og_image":[{"width":1284,"height":713,"url":"https:\/\/quehacerpolitico.mx\/wp-content\/uploads\/2022\/04\/0E44C59F-60E9-4618-8102-8D8DDBB76208.jpeg","type":"image\/jpeg"}],"author":"Redacci\u00f3n QP","twitter_card":"summary_large_image","twitter_misc":{"Escrito por":"Redacci\u00f3n QP","Tiempo de lectura":"3 minutos"},"schema":{"@context":"https:\/\/schema.org","@graph":[{"@type":"Article","@id":"https:\/\/quehacerpolitico.mx\/?p=91580#article","isPartOf":{"@id":"https:\/\/quehacerpolitico.mx\/?p=91580"},"author":{"name":"Redacci\u00f3n QP","@id":"https:\/\/quehacerpolitico.mx\/#\/schema\/person\/496d8ad2d1d3f8036101dca7ee39e585"},"headline":"La CDMX es &#8220;obradorista&#8221;, destaca Sheinbaum tras revocaci\u00f3n de mandato","datePublished":"2022-04-11T21:43:27+00:00","dateModified":"2022-04-11T21:43:30+00:00","mainEntityOfPage":{"@id":"https:\/\/quehacerpolitico.mx\/?p=91580"},"wordCount":572,"commentCount":0,"image":{"@id":"https:\/\/quehacerpolitico.mx\/?p=91580#primaryimage"},"thumbnailUrl":"https:\/\/quehacerpolitico.mx\/wp-content\/uploads\/2022\/04\/0E44C59F-60E9-4618-8102-8D8DDBB76208.jpeg","articleSection":["CDMX"],"inLanguage":"es","potentialAction":[{"@type":"CommentAction","name":"Comment","target":["https:\/\/quehacerpolitico.mx\/?p=91580#respond"]}]},{"@type":"WebPage","@id":"https:\/\/quehacerpolitico.mx\/?p=91580","url":"https:\/\/quehacerpolitico.mx\/?p=91580","name":"La CDMX es \"obradorista\", destaca Sheinbaum tras revocaci\u00f3n de mandato -","isPartOf":{"@id":"https:\/\/quehacerpolitico.mx\/#website"},"primaryImageOfPage":{"@id":"https:\/\/quehacerpolitico.mx\/?p=91580#primaryimage"},"image":{"@id":"https:\/\/quehacerpolitico.mx\/?p=91580#primaryimage"},"thumbnailUrl":"https:\/\/quehacerpolitico.mx\/wp-content\/uploads\/2022\/04\/0E44C59F-60E9-4618-8102-8D8DDBB76208.jpeg","datePublished":"2022-04-11T21:43:27+00:00","dateModified":"2022-04-11T21:43:30+00:00","author":{"@id":"https:\/\/quehacerpolitico.mx\/#\/schema\/person\/496d8ad2d1d3f8036101dca7ee39e585"},"breadcrumb":{"@id":"https:\/\/quehacerpolitico.mx\/?p=91580#breadcrumb"},"inLanguage":"es","potentialAction":[{"@type":"ReadAction","target":["https:\/\/quehacerpolitico.mx\/?p=91580"]}]},{"@type":"ImageObject","inLanguage":"es","@id":"https:\/\/quehacerpolitico.mx\/?p=91580#primaryimage","url":"https:\/\/quehacerpolitico.mx\/wp-content\/uploads\/2022\/04\/0E44C59F-60E9-4618-8102-8D8DDBB76208.jpeg","contentUrl":"https:\/\/quehacerpolitico.mx\/wp-content\/uploads\/2022\/04\/0E44C59F-60E9-4618-8102-8D8DDBB76208.jpeg","width":1284,"height":713},{"@type":"BreadcrumbList","@id":"https:\/\/quehacerpolitico.mx\/?p=91580#breadcrumb","itemListElement":[{"@type":"ListItem","position":1,"name":"Inicio","item":"https:\/\/quehacerpolitico.mx\/"},{"@type":"ListItem","position":2,"name":"La CDMX es &#8220;obradorista&#8221;, destaca Sheinbaum tras revocaci\u00f3n de mandato"}]},{"@type":"WebSite","@id":"https:\/\/quehacerpolitico.mx\/#website","url":"https:\/\/quehacerpolitico.mx\/","name":"","description":"","potentialAction":[{"@type":"SearchAction","target":{"@type":"EntryPoint","urlTemplate":"https:\/\/quehacerpolitico.mx\/?s={search_term_string}"},"query-input":{"@type":"PropertyValueSpecification","valueRequired":true,"valueName":"search_term_string"}}],"inLanguage":"es"},{"@type":"Person","@id":"https:\/\/quehacerpolitico.mx\/#\/schema\/person\/496d8ad2d1d3f8036101dca7ee39e585","name":"Redacci\u00f3n QP","image":{"@type":"ImageObject","inLanguage":"es","@id":"https:\/\/secure.gravatar.com\/avatar\/c7164ed6fdec453195284ad24a5ae5b6e1eed2b848477fa2a4787ba9adf39a41?s=96&d=mm&r=g","url":"https:\/\/secure.gravatar.com\/avatar\/c7164ed6fdec453195284ad24a5ae5b6e1eed2b848477fa2a4787ba9adf39a41?s=96&d=mm&r=g","contentUrl":"https:\/\/secure.gravatar.com\/avatar\/c7164ed6fdec453195284ad24a5ae5b6e1eed2b848477fa2a4787ba9adf39a41?s=96&d=mm&r=g","caption":"Redacci\u00f3n QP"},"url":"https:\/\/quehacerpolitico.mx\/?author=2"}]}},"featured_image_urls":{"full":["https:\/\/quehacerpolitico.mx\/wp-content\/uploads\/2022\/04\/0E44C59F-60E9-4618-8102-8D8DDBB76208.jpeg",1284,713,false],"thumbnail":["https:\/\/quehacerpolitico.mx\/wp-content\/uploads\/2022\/04\/0E44C59F-60E9-4618-8102-8D8DDBB76208-150x150.jpeg",150,150,true],"medium":["https:\/\/quehacerpolitico.mx\/wp-content\/uploads\/2022\/04\/0E44C59F-60E9-4618-8102-8D8DDBB76208-300x167.jpeg",300,167,true],"medium_large":["https:\/\/quehacerpolitico.mx\/wp-content\/uploads\/2022\/04\/0E44C59F-60E9-4618-8102-8D8DDBB76208-768x426.jpeg",640,355,true],"large":["https:\/\/quehacerpolitico.mx\/wp-content\/uploads\/2022\/04\/0E44C59F-60E9-4618-8102-8D8DDBB76208-1024x569.jpeg",640,356,true],"1536x1536":["https:\/\/quehacerpolitico.mx\/wp-content\/uploads\/2022\/04\/0E44C59F-60E9-4618-8102-8D8DDBB76208.jpeg",1284,713,false],"2048x2048":["https:\/\/quehacerpolitico.mx\/wp-content\/uploads\/2022\/04\/0E44C59F-60E9-4618-8102-8D8DDBB76208.jpeg",1284,713,false],"covernews-featured":["https:\/\/quehacerpolitico.mx\/wp-content\/uploads\/2022\/04\/0E44C59F-60E9-4618-8102-8D8DDBB76208.jpeg",1024,569,false],"covernews-medium":["https:\/\/quehacerpolitico.mx\/wp-content\/uploads\/2022\/04\/0E44C59F-60E9-4618-8102-8D8DDBB76208.jpeg",540,300,false]},"author_info":{"display_name":"Redacci\u00f3n QP","author_link":"https:\/\/quehacerpolitico.mx\/?author=2"},"category_info":"<a href=\"https:\/\/quehacerpolitico.mx\/?cat=55\" rel=\"category\">CDMX<\/a>","tag_info":"CDMX","comment_count":"0","_links":{"self":[{"href":"https:\/\/quehacerpolitico.mx\/index.php?rest_route=\/wp\/v2\/posts\/91580","targetHints":{"allow":["GET"]}}],"collection":[{"href":"https:\/\/quehacerpolitico.mx\/index.php?rest_route=\/wp\/v2\/posts"}],"about":[{"href":"https:\/\/quehacerpolitico.mx\/index.php?rest_route=\/wp\/v2\/types\/post"}],"author":[{"embeddable":true,"href":"https:\/\/quehacerpolitico.mx\/index.php?rest_route=\/wp\/v2\/users\/2"}],"replies":[{"embeddable":true,"href":"https:\/\/quehacerpolitico.mx\/index.php?rest_route=%2Fwp%2Fv2%2Fcomments&post=91580"}],"version-history":[{"count":1,"href":"https:\/\/quehacerpolitico.mx\/index.php?rest_route=\/wp\/v2\/posts\/91580\/revisions"}],"predecessor-version":[{"id":91582,"href":"https:\/\/quehacerpolitico.mx\/index.php?rest_route=\/wp\/v2\/posts\/91580\/revisions\/91582"}],"wp:featuredmedia":[{"embeddable":true,"href":"https:\/\/quehacerpolitico.mx\/index.php?rest_route=\/wp\/v2\/media\/91581"}],"wp:attachment":[{"href":"https:\/\/quehacerpolitico.mx\/index.php?rest_route=%2Fwp%2Fv2%2Fmedia&parent=91580"}],"wp:term":[{"taxonomy":"category","embeddable":true,"href":"https:\/\/quehacerpolitico.mx\/index.php?rest_route=%2Fwp%2Fv2%2Fcategories&post=91580"},{"taxonomy":"post_tag","embeddable":true,"href":"https:\/\/quehacerpolitico.mx\/index.php?rest_route=%2Fwp%2Fv2%2Ftags&post=91580"}],"curies":[{"name":"wp","href":"https:\/\/api.w.org\/{rel}","templated":true}]}}