{"id":91576,"date":"2022-04-11T03:57:23","date_gmt":"2022-04-11T03:57:23","guid":{"rendered":"https:\/\/quehacerpolitico.mx\/?p=91576"},"modified":"2022-04-11T03:57:25","modified_gmt":"2022-04-11T03:57:25","slug":"con-una-participacion-de-entre-el-17-y-el-18-2-del-padron-electoral-gana-para-que-amlo-siga-en-la-presidencia","status":"publish","type":"post","link":"https:\/\/quehacerpolitico.mx\/?p=91576","title":{"rendered":"Con una participaci\u00f3n de entre el 17 y el 18.2% del padr\u00f3n electoral\u00a0gana para que AMLO siga en la Presidencia\u00a0"},"content":{"rendered":"\n<p>Por Redacci\u00f3n QP<\/p>\n\n\n\n<p>En la consulta de revocaci\u00f3n de Mandato se alcanz\u00f3 una participaci\u00f3n de entre al 17 y el 18.2% del padr\u00f3n electoral<\/p>\n\n\n\n<p>El consejero presidente del\u00a0INE,\u00a0Lorenzo C\u00f3rdova, inform\u00f3 en sesi\u00f3n que de acuerdo con el\u00a0Conteo R\u00e1pido, que representan el 95.8% de la muestra total, en\u00a0la consulta\u00a0de Revocaci\u00f3n de Mandato se alcanz\u00f3 una participaci\u00f3n de entre el 17.0 y el 18.2 por ciento.<\/p>\n\n\n\n<figure class=\"wp-block-embed is-type-rich is-provider-twitter wp-block-embed-twitter\"><div class=\"wp-block-embed__wrapper\">\n<blockquote class=\"twitter-tweet\" data-width=\"550\" data-dnt=\"true\"><p lang=\"es\" dir=\"ltr\">Los resultados del conteo r\u00e1pido: <br><br>Seg\u00fan el presidente consejero <a href=\"https:\/\/twitter.com\/lorenzocordovav?ref_src=twsrc%5Etfw\">@lorenzocordovav<\/a> , la participaci\u00f3n ciudadana fue entre 16 y 18 millones de votos <br><br>No se logr\u00f3 el 40% de participaci\u00f3n: se obtuvo 17 y 18.2% <br><br>89.3% quiere que AMLO contin\u00fae.<br>Y s\u00f3lo el 9.26% que se vaya <a href=\"https:\/\/t.co\/oS6JewaaSo\">pic.twitter.com\/oS6JewaaSo<\/a><\/p>&mdash; Ruido en la Red (@RuidoEnLaRed) <a href=\"https:\/\/twitter.com\/RuidoEnLaRed\/status\/1513346409797406725?ref_src=twsrc%5Etfw\">April 11, 2022<\/a><\/blockquote><script async src=\"https:\/\/platform.twitter.com\/widgets.js\" charset=\"utf-8\"><\/script>\n<\/div><\/figure>\n\n\n\n<p>Sobre las respuestas del ejercicio realizado este domingo, entre el 6.4 y 7.8 por ciento votaron a favor de que se revoque el mandato del Presidente Andr\u00e9s Manuel L\u00f3pez Obrador;&nbsp;<strong>mientras que entre el 90.3 y el 91.9 por ciento vot\u00f3 porque el Mandatario contin\u00fae<\/strong>&nbsp;en el cargo.<\/p>\n\n\n\n<p>Y entre\u00a0<strong>1.6 y 2.1 por ciento de los votos\u00a0fueron nulos.<\/strong><\/p>\n\n\n\n<h2 class=\"wp-block-heading\">No es vinculante<\/h2>\n\n\n\n<h2 class=\"wp-block-heading\"><br>La ley establece que el resultado del ejercicio de Revocaci\u00f3n de Mandato del Presidente de la Rep\u00fablica ser\u00e1 vinculatorio si la participaci\u00f3n\u00a0<strong>alcanza el 40 por ciento de las personas inscritas en la Lista Nominal<\/strong>.\u00a0<\/h2>\n\n\n\n<p>Esto quiere decir que el resultado ser\u00eda de car\u00e1cter obligatorio si participaban,\u00a0al menos, 37 millones 129 mil 286 ciudadanas y ciudadanos.\u00a0Sin embargo, s\u00f3lo\u00a0<strong>particip\u00f3 s\u00f3lo entre el 17 y el 18.2%.<\/strong><\/p>\n\n\n\n<figure class=\"wp-block-image size-large\"><img loading=\"lazy\" decoding=\"async\" width=\"1024\" height=\"797\" src=\"https:\/\/quehacerpolitico.mx\/wp-content\/uploads\/2022\/04\/image-37-1024x797.jpeg\" alt=\"\" class=\"wp-image-91577\" srcset=\"https:\/\/quehacerpolitico.mx\/wp-content\/uploads\/2022\/04\/image-37-1024x797.jpeg 1024w, https:\/\/quehacerpolitico.mx\/wp-content\/uploads\/2022\/04\/image-37-300x233.jpeg 300w, https:\/\/quehacerpolitico.mx\/wp-content\/uploads\/2022\/04\/image-37-768x597.jpeg 768w, https:\/\/quehacerpolitico.mx\/wp-content\/uploads\/2022\/04\/image-37-188x146.jpeg 188w, https:\/\/quehacerpolitico.mx\/wp-content\/uploads\/2022\/04\/image-37-50x39.jpeg 50w, https:\/\/quehacerpolitico.mx\/wp-content\/uploads\/2022\/04\/image-37-96x75.jpeg 96w, https:\/\/quehacerpolitico.mx\/wp-content\/uploads\/2022\/04\/image-37.jpeg 1162w\" sizes=\"auto, (max-width: 1024px) 100vw, 1024px\" \/><\/figure>\n\n\n\n<p>La revocaci\u00f3n del mandato solo proceder\u00eda por mayor\u00eda absoluta, es decir, si obtien\u00eda m\u00e1s de la mitad de la votaci\u00f3n.<\/p>\n\n\n\n<h2 class=\"wp-block-heading\">El costo para los mexicanos<\/h2>\n\n\n\n<p>La Revocaci\u00f3n de Mandato tuvo un costo de&nbsp;mil 567.4 millones de pesos.<\/p>\n\n\n\n<figure class=\"wp-block-image\"><img decoding=\"async\" src=\"https:\/\/www.informador.mx\/__export\/1649647356461\/sites\/elinformador\/img\/2022\/04\/10\/2024a0ab-cbc8-4697-b5ab-5f9e3f048f87.jpg_1959810985.jpg\" alt=\"\"\/><\/figure>\n","protected":false},"excerpt":{"rendered":"<p>Por Redacci\u00f3n QP En la consulta de revocaci\u00f3n de Mandato se alcanz\u00f3 una participaci\u00f3n de&#8230;<\/p>\n","protected":false},"author":2,"featured_media":91578,"comment_status":"open","ping_status":"open","sticky":false,"template":"","format":"standard","meta":{"_monsterinsights_skip_tracking":false,"_monsterinsights_sitenote_active":false,"_monsterinsights_sitenote_note":"","_monsterinsights_sitenote_category":0,"footnotes":""},"categories":[2],"tags":[],"class_list":["post-91576","post","type-post","status-publish","format-standard","has-post-thumbnail","hentry","category-noticias"],"yoast_head":"<!-- This site is optimized with the Yoast SEO plugin v27.3 - https:\/\/yoast.com\/product\/yoast-seo-wordpress\/ -->\n<title>Con una participaci\u00f3n de entre el 17 y el 18.2% del padr\u00f3n electoral\u00a0gana para que AMLO siga en la Presidencia\u00a0 -<\/title>\n<meta name=\"robots\" content=\"index, follow, max-snippet:-1, max-image-preview:large, max-video-preview:-1\" \/>\n<link rel=\"canonical\" href=\"https:\/\/quehacerpolitico.mx\/?p=91576\" \/>\n<meta property=\"og:locale\" content=\"es_MX\" \/>\n<meta property=\"og:type\" content=\"article\" \/>\n<meta property=\"og:title\" content=\"Con una participaci\u00f3n de entre el 17 y el 18.2% del padr\u00f3n electoral\u00a0gana para que AMLO siga en la Presidencia\u00a0 -\" \/>\n<meta property=\"og:description\" content=\"Por Redacci\u00f3n QP En la consulta de revocaci\u00f3n de Mandato se alcanz\u00f3 una participaci\u00f3n de...\" \/>\n<meta property=\"og:url\" content=\"https:\/\/quehacerpolitico.mx\/?p=91576\" \/>\n<meta property=\"article:published_time\" content=\"2022-04-11T03:57:23+00:00\" \/>\n<meta property=\"article:modified_time\" content=\"2022-04-11T03:57:25+00:00\" \/>\n<meta property=\"og:image\" content=\"https:\/\/quehacerpolitico.mx\/wp-content\/uploads\/2022\/04\/DF55E504-CB74-4FB0-9413-F65705EB8DCE.jpeg\" \/>\n\t<meta property=\"og:image:width\" content=\"1600\" \/>\n\t<meta property=\"og:image:height\" content=\"1200\" \/>\n\t<meta property=\"og:image:type\" content=\"image\/jpeg\" \/>\n<meta name=\"author\" content=\"Redacci\u00f3n QP\" \/>\n<meta name=\"twitter:card\" content=\"summary_large_image\" \/>\n<meta name=\"twitter:label1\" content=\"Escrito por\" \/>\n\t<meta name=\"twitter:data1\" content=\"Redacci\u00f3n QP\" \/>\n\t<meta name=\"twitter:label2\" content=\"Tiempo de lectura\" \/>\n\t<meta name=\"twitter:data2\" content=\"1 minuto\" \/>\n<script type=\"application\/ld+json\" class=\"yoast-schema-graph\">{\"@context\":\"https:\\\/\\\/schema.org\",\"@graph\":[{\"@type\":\"Article\",\"@id\":\"https:\\\/\\\/quehacerpolitico.mx\\\/?p=91576#article\",\"isPartOf\":{\"@id\":\"https:\\\/\\\/quehacerpolitico.mx\\\/?p=91576\"},\"author\":{\"name\":\"Redacci\u00f3n QP\",\"@id\":\"https:\\\/\\\/quehacerpolitico.mx\\\/#\\\/schema\\\/person\\\/496d8ad2d1d3f8036101dca7ee39e585\"},\"headline\":\"Con una participaci\u00f3n de entre el 17 y el 18.2% del padr\u00f3n electoral\u00a0gana para que AMLO siga en la Presidencia\u00a0\",\"datePublished\":\"2022-04-11T03:57:23+00:00\",\"dateModified\":\"2022-04-11T03:57:25+00:00\",\"mainEntityOfPage\":{\"@id\":\"https:\\\/\\\/quehacerpolitico.mx\\\/?p=91576\"},\"wordCount\":283,\"commentCount\":0,\"image\":{\"@id\":\"https:\\\/\\\/quehacerpolitico.mx\\\/?p=91576#primaryimage\"},\"thumbnailUrl\":\"https:\\\/\\\/quehacerpolitico.mx\\\/wp-content\\\/uploads\\\/2022\\\/04\\\/DF55E504-CB74-4FB0-9413-F65705EB8DCE.jpeg\",\"articleSection\":[\"Noticias\"],\"inLanguage\":\"es\",\"potentialAction\":[{\"@type\":\"CommentAction\",\"name\":\"Comment\",\"target\":[\"https:\\\/\\\/quehacerpolitico.mx\\\/?p=91576#respond\"]}]},{\"@type\":\"WebPage\",\"@id\":\"https:\\\/\\\/quehacerpolitico.mx\\\/?p=91576\",\"url\":\"https:\\\/\\\/quehacerpolitico.mx\\\/?p=91576\",\"name\":\"Con una participaci\u00f3n de entre el 17 y el 18.2% del padr\u00f3n electoral\u00a0gana para que AMLO siga en la Presidencia\u00a0 -\",\"isPartOf\":{\"@id\":\"https:\\\/\\\/quehacerpolitico.mx\\\/#website\"},\"primaryImageOfPage\":{\"@id\":\"https:\\\/\\\/quehacerpolitico.mx\\\/?p=91576#primaryimage\"},\"image\":{\"@id\":\"https:\\\/\\\/quehacerpolitico.mx\\\/?p=91576#primaryimage\"},\"thumbnailUrl\":\"https:\\\/\\\/quehacerpolitico.mx\\\/wp-content\\\/uploads\\\/2022\\\/04\\\/DF55E504-CB74-4FB0-9413-F65705EB8DCE.jpeg\",\"datePublished\":\"2022-04-11T03:57:23+00:00\",\"dateModified\":\"2022-04-11T03:57:25+00:00\",\"author\":{\"@id\":\"https:\\\/\\\/quehacerpolitico.mx\\\/#\\\/schema\\\/person\\\/496d8ad2d1d3f8036101dca7ee39e585\"},\"breadcrumb\":{\"@id\":\"https:\\\/\\\/quehacerpolitico.mx\\\/?p=91576#breadcrumb\"},\"inLanguage\":\"es\",\"potentialAction\":[{\"@type\":\"ReadAction\",\"target\":[\"https:\\\/\\\/quehacerpolitico.mx\\\/?p=91576\"]}]},{\"@type\":\"ImageObject\",\"inLanguage\":\"es\",\"@id\":\"https:\\\/\\\/quehacerpolitico.mx\\\/?p=91576#primaryimage\",\"url\":\"https:\\\/\\\/quehacerpolitico.mx\\\/wp-content\\\/uploads\\\/2022\\\/04\\\/DF55E504-CB74-4FB0-9413-F65705EB8DCE.jpeg\",\"contentUrl\":\"https:\\\/\\\/quehacerpolitico.mx\\\/wp-content\\\/uploads\\\/2022\\\/04\\\/DF55E504-CB74-4FB0-9413-F65705EB8DCE.jpeg\",\"width\":1600,\"height\":1200},{\"@type\":\"BreadcrumbList\",\"@id\":\"https:\\\/\\\/quehacerpolitico.mx\\\/?p=91576#breadcrumb\",\"itemListElement\":[{\"@type\":\"ListItem\",\"position\":1,\"name\":\"Inicio\",\"item\":\"https:\\\/\\\/quehacerpolitico.mx\\\/\"},{\"@type\":\"ListItem\",\"position\":2,\"name\":\"Con una participaci\u00f3n de entre el 17 y el 18.2% del padr\u00f3n electoral\u00a0gana para que AMLO siga en la Presidencia\u00a0\"}]},{\"@type\":\"WebSite\",\"@id\":\"https:\\\/\\\/quehacerpolitico.mx\\\/#website\",\"url\":\"https:\\\/\\\/quehacerpolitico.mx\\\/\",\"name\":\"\",\"description\":\"\",\"potentialAction\":[{\"@type\":\"SearchAction\",\"target\":{\"@type\":\"EntryPoint\",\"urlTemplate\":\"https:\\\/\\\/quehacerpolitico.mx\\\/?s={search_term_string}\"},\"query-input\":{\"@type\":\"PropertyValueSpecification\",\"valueRequired\":true,\"valueName\":\"search_term_string\"}}],\"inLanguage\":\"es\"},{\"@type\":\"Person\",\"@id\":\"https:\\\/\\\/quehacerpolitico.mx\\\/#\\\/schema\\\/person\\\/496d8ad2d1d3f8036101dca7ee39e585\",\"name\":\"Redacci\u00f3n QP\",\"image\":{\"@type\":\"ImageObject\",\"inLanguage\":\"es\",\"@id\":\"https:\\\/\\\/secure.gravatar.com\\\/avatar\\\/c7164ed6fdec453195284ad24a5ae5b6e1eed2b848477fa2a4787ba9adf39a41?s=96&d=mm&r=g\",\"url\":\"https:\\\/\\\/secure.gravatar.com\\\/avatar\\\/c7164ed6fdec453195284ad24a5ae5b6e1eed2b848477fa2a4787ba9adf39a41?s=96&d=mm&r=g\",\"contentUrl\":\"https:\\\/\\\/secure.gravatar.com\\\/avatar\\\/c7164ed6fdec453195284ad24a5ae5b6e1eed2b848477fa2a4787ba9adf39a41?s=96&d=mm&r=g\",\"caption\":\"Redacci\u00f3n QP\"},\"url\":\"https:\\\/\\\/quehacerpolitico.mx\\\/?author=2\"}]}<\/script>\n<!-- \/ Yoast SEO plugin. -->","yoast_head_json":{"title":"Con una participaci\u00f3n de entre el 17 y el 18.2% del padr\u00f3n electoral\u00a0gana para que AMLO siga en la Presidencia\u00a0 -","robots":{"index":"index","follow":"follow","max-snippet":"max-snippet:-1","max-image-preview":"max-image-preview:large","max-video-preview":"max-video-preview:-1"},"canonical":"https:\/\/quehacerpolitico.mx\/?p=91576","og_locale":"es_MX","og_type":"article","og_title":"Con una participaci\u00f3n de entre el 17 y el 18.2% del padr\u00f3n electoral\u00a0gana para que AMLO siga en la Presidencia\u00a0 -","og_description":"Por Redacci\u00f3n QP En la consulta de revocaci\u00f3n de Mandato se alcanz\u00f3 una participaci\u00f3n de...","og_url":"https:\/\/quehacerpolitico.mx\/?p=91576","article_published_time":"2022-04-11T03:57:23+00:00","article_modified_time":"2022-04-11T03:57:25+00:00","og_image":[{"width":1600,"height":1200,"url":"https:\/\/quehacerpolitico.mx\/wp-content\/uploads\/2022\/04\/DF55E504-CB74-4FB0-9413-F65705EB8DCE.jpeg","type":"image\/jpeg"}],"author":"Redacci\u00f3n QP","twitter_card":"summary_large_image","twitter_misc":{"Escrito por":"Redacci\u00f3n QP","Tiempo de lectura":"1 minuto"},"schema":{"@context":"https:\/\/schema.org","@graph":[{"@type":"Article","@id":"https:\/\/quehacerpolitico.mx\/?p=91576#article","isPartOf":{"@id":"https:\/\/quehacerpolitico.mx\/?p=91576"},"author":{"name":"Redacci\u00f3n QP","@id":"https:\/\/quehacerpolitico.mx\/#\/schema\/person\/496d8ad2d1d3f8036101dca7ee39e585"},"headline":"Con una participaci\u00f3n de entre el 17 y el 18.2% del padr\u00f3n electoral\u00a0gana para que AMLO siga en la Presidencia\u00a0","datePublished":"2022-04-11T03:57:23+00:00","dateModified":"2022-04-11T03:57:25+00:00","mainEntityOfPage":{"@id":"https:\/\/quehacerpolitico.mx\/?p=91576"},"wordCount":283,"commentCount":0,"image":{"@id":"https:\/\/quehacerpolitico.mx\/?p=91576#primaryimage"},"thumbnailUrl":"https:\/\/quehacerpolitico.mx\/wp-content\/uploads\/2022\/04\/DF55E504-CB74-4FB0-9413-F65705EB8DCE.jpeg","articleSection":["Noticias"],"inLanguage":"es","potentialAction":[{"@type":"CommentAction","name":"Comment","target":["https:\/\/quehacerpolitico.mx\/?p=91576#respond"]}]},{"@type":"WebPage","@id":"https:\/\/quehacerpolitico.mx\/?p=91576","url":"https:\/\/quehacerpolitico.mx\/?p=91576","name":"Con una participaci\u00f3n de entre el 17 y el 18.2% del padr\u00f3n electoral\u00a0gana para que AMLO siga en la Presidencia\u00a0 -","isPartOf":{"@id":"https:\/\/quehacerpolitico.mx\/#website"},"primaryImageOfPage":{"@id":"https:\/\/quehacerpolitico.mx\/?p=91576#primaryimage"},"image":{"@id":"https:\/\/quehacerpolitico.mx\/?p=91576#primaryimage"},"thumbnailUrl":"https:\/\/quehacerpolitico.mx\/wp-content\/uploads\/2022\/04\/DF55E504-CB74-4FB0-9413-F65705EB8DCE.jpeg","datePublished":"2022-04-11T03:57:23+00:00","dateModified":"2022-04-11T03:57:25+00:00","author":{"@id":"https:\/\/quehacerpolitico.mx\/#\/schema\/person\/496d8ad2d1d3f8036101dca7ee39e585"},"breadcrumb":{"@id":"https:\/\/quehacerpolitico.mx\/?p=91576#breadcrumb"},"inLanguage":"es","potentialAction":[{"@type":"ReadAction","target":["https:\/\/quehacerpolitico.mx\/?p=91576"]}]},{"@type":"ImageObject","inLanguage":"es","@id":"https:\/\/quehacerpolitico.mx\/?p=91576#primaryimage","url":"https:\/\/quehacerpolitico.mx\/wp-content\/uploads\/2022\/04\/DF55E504-CB74-4FB0-9413-F65705EB8DCE.jpeg","contentUrl":"https:\/\/quehacerpolitico.mx\/wp-content\/uploads\/2022\/04\/DF55E504-CB74-4FB0-9413-F65705EB8DCE.jpeg","width":1600,"height":1200},{"@type":"BreadcrumbList","@id":"https:\/\/quehacerpolitico.mx\/?p=91576#breadcrumb","itemListElement":[{"@type":"ListItem","position":1,"name":"Inicio","item":"https:\/\/quehacerpolitico.mx\/"},{"@type":"ListItem","position":2,"name":"Con una participaci\u00f3n de entre el 17 y el 18.2% del padr\u00f3n electoral\u00a0gana para que AMLO siga en la Presidencia\u00a0"}]},{"@type":"WebSite","@id":"https:\/\/quehacerpolitico.mx\/#website","url":"https:\/\/quehacerpolitico.mx\/","name":"","description":"","potentialAction":[{"@type":"SearchAction","target":{"@type":"EntryPoint","urlTemplate":"https:\/\/quehacerpolitico.mx\/?s={search_term_string}"},"query-input":{"@type":"PropertyValueSpecification","valueRequired":true,"valueName":"search_term_string"}}],"inLanguage":"es"},{"@type":"Person","@id":"https:\/\/quehacerpolitico.mx\/#\/schema\/person\/496d8ad2d1d3f8036101dca7ee39e585","name":"Redacci\u00f3n QP","image":{"@type":"ImageObject","inLanguage":"es","@id":"https:\/\/secure.gravatar.com\/avatar\/c7164ed6fdec453195284ad24a5ae5b6e1eed2b848477fa2a4787ba9adf39a41?s=96&d=mm&r=g","url":"https:\/\/secure.gravatar.com\/avatar\/c7164ed6fdec453195284ad24a5ae5b6e1eed2b848477fa2a4787ba9adf39a41?s=96&d=mm&r=g","contentUrl":"https:\/\/secure.gravatar.com\/avatar\/c7164ed6fdec453195284ad24a5ae5b6e1eed2b848477fa2a4787ba9adf39a41?s=96&d=mm&r=g","caption":"Redacci\u00f3n QP"},"url":"https:\/\/quehacerpolitico.mx\/?author=2"}]}},"featured_image_urls":{"full":["https:\/\/quehacerpolitico.mx\/wp-content\/uploads\/2022\/04\/DF55E504-CB74-4FB0-9413-F65705EB8DCE.jpeg",1600,1200,false],"thumbnail":["https:\/\/quehacerpolitico.mx\/wp-content\/uploads\/2022\/04\/DF55E504-CB74-4FB0-9413-F65705EB8DCE-150x150.jpeg",150,150,true],"medium":["https:\/\/quehacerpolitico.mx\/wp-content\/uploads\/2022\/04\/DF55E504-CB74-4FB0-9413-F65705EB8DCE-300x225.jpeg",300,225,true],"medium_large":["https:\/\/quehacerpolitico.mx\/wp-content\/uploads\/2022\/04\/DF55E504-CB74-4FB0-9413-F65705EB8DCE-768x576.jpeg",640,480,true],"large":["https:\/\/quehacerpolitico.mx\/wp-content\/uploads\/2022\/04\/DF55E504-CB74-4FB0-9413-F65705EB8DCE-1024x768.jpeg",640,480,true],"1536x1536":["https:\/\/quehacerpolitico.mx\/wp-content\/uploads\/2022\/04\/DF55E504-CB74-4FB0-9413-F65705EB8DCE-1536x1152.jpeg",1536,1152,true],"2048x2048":["https:\/\/quehacerpolitico.mx\/wp-content\/uploads\/2022\/04\/DF55E504-CB74-4FB0-9413-F65705EB8DCE.jpeg",1600,1200,false],"covernews-featured":["https:\/\/quehacerpolitico.mx\/wp-content\/uploads\/2022\/04\/DF55E504-CB74-4FB0-9413-F65705EB8DCE.jpeg",1024,768,false],"covernews-medium":["https:\/\/quehacerpolitico.mx\/wp-content\/uploads\/2022\/04\/DF55E504-CB74-4FB0-9413-F65705EB8DCE.jpeg",453,340,false]},"author_info":{"display_name":"Redacci\u00f3n QP","author_link":"https:\/\/quehacerpolitico.mx\/?author=2"},"category_info":"<a href=\"https:\/\/quehacerpolitico.mx\/?cat=2\" rel=\"category\">Noticias<\/a>","tag_info":"Noticias","comment_count":"0","_links":{"self":[{"href":"https:\/\/quehacerpolitico.mx\/index.php?rest_route=\/wp\/v2\/posts\/91576","targetHints":{"allow":["GET"]}}],"collection":[{"href":"https:\/\/quehacerpolitico.mx\/index.php?rest_route=\/wp\/v2\/posts"}],"about":[{"href":"https:\/\/quehacerpolitico.mx\/index.php?rest_route=\/wp\/v2\/types\/post"}],"author":[{"embeddable":true,"href":"https:\/\/quehacerpolitico.mx\/index.php?rest_route=\/wp\/v2\/users\/2"}],"replies":[{"embeddable":true,"href":"https:\/\/quehacerpolitico.mx\/index.php?rest_route=%2Fwp%2Fv2%2Fcomments&post=91576"}],"version-history":[{"count":1,"href":"https:\/\/quehacerpolitico.mx\/index.php?rest_route=\/wp\/v2\/posts\/91576\/revisions"}],"predecessor-version":[{"id":91579,"href":"https:\/\/quehacerpolitico.mx\/index.php?rest_route=\/wp\/v2\/posts\/91576\/revisions\/91579"}],"wp:featuredmedia":[{"embeddable":true,"href":"https:\/\/quehacerpolitico.mx\/index.php?rest_route=\/wp\/v2\/media\/91578"}],"wp:attachment":[{"href":"https:\/\/quehacerpolitico.mx\/index.php?rest_route=%2Fwp%2Fv2%2Fmedia&parent=91576"}],"wp:term":[{"taxonomy":"category","embeddable":true,"href":"https:\/\/quehacerpolitico.mx\/index.php?rest_route=%2Fwp%2Fv2%2Fcategories&post=91576"},{"taxonomy":"post_tag","embeddable":true,"href":"https:\/\/quehacerpolitico.mx\/index.php?rest_route=%2Fwp%2Fv2%2Ftags&post=91576"}],"curies":[{"name":"wp","href":"https:\/\/api.w.org\/{rel}","templated":true}]}}