{"id":91571,"date":"2022-04-10T16:34:37","date_gmt":"2022-04-10T16:34:37","guid":{"rendered":"https:\/\/quehacerpolitico.mx\/?p=91571"},"modified":"2022-04-10T16:34:39","modified_gmt":"2022-04-10T16:34:39","slug":"checo-perez-celebra-su-podio-en-el-gp-de-australia-es-un-buen-resultado","status":"publish","type":"post","link":"https:\/\/quehacerpolitico.mx\/?p=91571","title":{"rendered":"Checo P\u00e9rez celebra su podio en el GP de Australia: &#8220;Es un buen resultado&#8221;"},"content":{"rendered":"\n<p>Por Redacci\u00f3n QP<\/p>\n\n\n\n<p>&#8220;Ha sido complicado, pero estoy muy contento con mi segunda plaza; es un buen resultado, aunque para el equipo ha sido un mal d\u00eda, por el abandono de Max (Verstappen)&#8221;, &#8220;coment\u00f3 &#8216;Checo&#8221;<\/p>\n\n\n\n<p>Tras quedar en el segundo lugar del Gran Premio de Australia, el tapat\u00edo Sergio &#8220;Checo&#8221; P\u00e9rez asegur\u00f3 que la carrera en el circuito de Albert Park de Melbourne fue complicada&#8221;, sin embargo, fue &#8220;un buen resultado&#8221;.<\/p>\n\n\n\n<p><strong>&#8220;Ha sido complicado, pero estoy muy contento con mi segunda plaza; es un buen resultado, aunque para el equipo ha sido un mal d\u00eda, por el abandono de Max<\/strong>\u00a0(Verstappen)&#8221;, &#8220;coment\u00f3 &#8216;Checo&#8221; que afronta su duod\u00e9cima temporada en la F1.<\/p>\n\n\n\n<p>&#8220;Checo&#8221; arranc\u00f3 tercero en Melbourne y avanz\u00f3 una plaza para firmar su decimosexto podio desde que corre en la F1: el primero de una temporada en la que abandon\u00f3 en la \u00faltima vuelta de Bar\u00e9in -cuando rodaba tercero- y fue cuarto -despu\u00e9s de haber firmado la primera &#8216;pole&#8217; de la historia de M\u00e9xico- en Arabia Saud\u00ed.<\/p>\n\n\n\n<figure class=\"wp-block-image size-large\"><img loading=\"lazy\" decoding=\"async\" width=\"1024\" height=\"979\" src=\"https:\/\/quehacerpolitico.mx\/wp-content\/uploads\/2022\/04\/image-36-1024x979.jpeg\" alt=\"\" class=\"wp-image-91573\" srcset=\"https:\/\/quehacerpolitico.mx\/wp-content\/uploads\/2022\/04\/image-36-1024x979.jpeg 1024w, https:\/\/quehacerpolitico.mx\/wp-content\/uploads\/2022\/04\/image-36-300x287.jpeg 300w, https:\/\/quehacerpolitico.mx\/wp-content\/uploads\/2022\/04\/image-36-768x734.jpeg 768w, https:\/\/quehacerpolitico.mx\/wp-content\/uploads\/2022\/04\/image-36-153x146.jpeg 153w, https:\/\/quehacerpolitico.mx\/wp-content\/uploads\/2022\/04\/image-36-50x48.jpeg 50w, https:\/\/quehacerpolitico.mx\/wp-content\/uploads\/2022\/04\/image-36-78x75.jpeg 78w, https:\/\/quehacerpolitico.mx\/wp-content\/uploads\/2022\/04\/image-36.jpeg 1284w\" sizes=\"auto, (max-width: 1024px) 100vw, 1024px\" \/><\/figure>\n\n\n\n<figure class=\"wp-block-image size-large\"><img loading=\"lazy\" decoding=\"async\" width=\"1024\" height=\"994\" src=\"https:\/\/quehacerpolitico.mx\/wp-content\/uploads\/2022\/04\/image-35-1024x994.jpeg\" alt=\"\" class=\"wp-image-91572\" srcset=\"https:\/\/quehacerpolitico.mx\/wp-content\/uploads\/2022\/04\/image-35-1024x994.jpeg 1024w, https:\/\/quehacerpolitico.mx\/wp-content\/uploads\/2022\/04\/image-35-300x291.jpeg 300w, https:\/\/quehacerpolitico.mx\/wp-content\/uploads\/2022\/04\/image-35-768x746.jpeg 768w, https:\/\/quehacerpolitico.mx\/wp-content\/uploads\/2022\/04\/image-35-150x146.jpeg 150w, https:\/\/quehacerpolitico.mx\/wp-content\/uploads\/2022\/04\/image-35-50x50.jpeg 50w, https:\/\/quehacerpolitico.mx\/wp-content\/uploads\/2022\/04\/image-35-77x75.jpeg 77w, https:\/\/quehacerpolitico.mx\/wp-content\/uploads\/2022\/04\/image-35.jpeg 1284w\" sizes=\"auto, (max-width: 1024px) 100vw, 1024px\" \/><\/figure>\n\n\n\n<p>Con este triunfo, &#8220;Checo&#8221; ahora es cuarto en el Mundial, con 30 puntos, 41 menos que Leclerc.<\/p>\n\n\n\n<figure class=\"wp-block-embed is-type-rich is-provider-twitter wp-block-embed-twitter\"><div class=\"wp-block-embed__wrapper\">\n<blockquote class=\"twitter-tweet\" data-width=\"550\" data-dnt=\"true\"><p lang=\"en\" dir=\"ltr\">Happy to be back on the podium! Its a shame that we lost Max. It was an important day for the championship. We know there\u2019s plenty of work to do. Lets go <a href=\"https:\/\/twitter.com\/redbullracing?ref_src=twsrc%5Etfw\">@redbullracing<\/a> \ud83d\udc4a\ud83c\udffb<br> <a href=\"https:\/\/twitter.com\/hashtag\/AustralianGP?src=hash&amp;ref_src=twsrc%5Etfw\">#AustralianGP<\/a> <a href=\"https:\/\/t.co\/LQ10DZ0mty\">pic.twitter.com\/LQ10DZ0mty<\/a><\/p>&mdash; Sergio P\u00e9rez (@SChecoPerez) <a href=\"https:\/\/twitter.com\/SChecoPerez\/status\/1513089322995822601?ref_src=twsrc%5Etfw\">April 10, 2022<\/a><\/blockquote><script async src=\"https:\/\/platform.twitter.com\/widgets.js\" charset=\"utf-8\"><\/script>\n<\/div><\/figure>\n\n\n\n<p>&#8220;Las batallas con Lewis (Hamilton) siempre son duras, pero \u00e9l es un competidor justo&#8221;, coment\u00f3 &#8216;Checo&#8217; acerca de sus pugnas en pista con el piloto m\u00e1s laureado de la historia de la F1.<\/p>\n\n\n\n<p>&#8220;Ha sido un buen resultado, pero ha sido una pena perder a Max, porque\u00a0<strong>hubieran sido unos puntos muy buenos para el equipo<\/strong>&#8220;, manifest\u00f3 m\u00e1s tarde, al canal de televisi\u00f3n Dazn, Sergio P\u00e9rez, que no se mostr\u00f3 tan satisfecho con el fin de semana.<\/p>\n\n\n\n<p>Con informaci\u00f3n de EFE<\/p>\n","protected":false},"excerpt":{"rendered":"<p>Por Redacci\u00f3n QP &#8220;Ha sido complicado, pero estoy muy contento con mi segunda plaza; es&#8230;<\/p>\n","protected":false},"author":2,"featured_media":91574,"comment_status":"open","ping_status":"open","sticky":false,"template":"","format":"standard","meta":{"_monsterinsights_skip_tracking":false,"_monsterinsights_sitenote_active":false,"_monsterinsights_sitenote_note":"","_monsterinsights_sitenote_category":0,"footnotes":""},"categories":[54],"tags":[],"class_list":["post-91571","post","type-post","status-publish","format-standard","has-post-thumbnail","hentry","category-deportes"],"yoast_head":"<!-- This site is optimized with the Yoast SEO plugin v27.3 - https:\/\/yoast.com\/product\/yoast-seo-wordpress\/ -->\n<title>Checo P\u00e9rez celebra su podio en el GP de Australia: &quot;Es un buen resultado&quot; -<\/title>\n<meta name=\"robots\" content=\"index, follow, max-snippet:-1, max-image-preview:large, max-video-preview:-1\" \/>\n<link rel=\"canonical\" href=\"https:\/\/quehacerpolitico.mx\/?p=91571\" \/>\n<meta property=\"og:locale\" content=\"es_MX\" \/>\n<meta property=\"og:type\" content=\"article\" \/>\n<meta property=\"og:title\" content=\"Checo P\u00e9rez celebra su podio en el GP de Australia: &quot;Es un buen resultado&quot; -\" \/>\n<meta property=\"og:description\" content=\"Por Redacci\u00f3n QP &#8220;Ha sido complicado, pero estoy muy contento con mi segunda plaza; es...\" \/>\n<meta property=\"og:url\" content=\"https:\/\/quehacerpolitico.mx\/?p=91571\" \/>\n<meta property=\"article:published_time\" content=\"2022-04-10T16:34:37+00:00\" \/>\n<meta property=\"article:modified_time\" content=\"2022-04-10T16:34:39+00:00\" \/>\n<meta property=\"og:image\" content=\"https:\/\/quehacerpolitico.mx\/wp-content\/uploads\/2022\/04\/2C534B08-7449-467B-8184-E04EBDD2A91D.jpeg\" \/>\n\t<meta property=\"og:image:width\" content=\"1440\" \/>\n\t<meta property=\"og:image:height\" content=\"1439\" \/>\n\t<meta property=\"og:image:type\" content=\"image\/jpeg\" \/>\n<meta name=\"author\" content=\"Redacci\u00f3n QP\" \/>\n<meta name=\"twitter:card\" content=\"summary_large_image\" \/>\n<meta name=\"twitter:label1\" content=\"Escrito por\" \/>\n\t<meta name=\"twitter:data1\" content=\"Redacci\u00f3n QP\" \/>\n\t<meta name=\"twitter:label2\" content=\"Tiempo de lectura\" \/>\n\t<meta name=\"twitter:data2\" content=\"1 minuto\" \/>\n<script type=\"application\/ld+json\" class=\"yoast-schema-graph\">{\"@context\":\"https:\\\/\\\/schema.org\",\"@graph\":[{\"@type\":\"Article\",\"@id\":\"https:\\\/\\\/quehacerpolitico.mx\\\/?p=91571#article\",\"isPartOf\":{\"@id\":\"https:\\\/\\\/quehacerpolitico.mx\\\/?p=91571\"},\"author\":{\"name\":\"Redacci\u00f3n QP\",\"@id\":\"https:\\\/\\\/quehacerpolitico.mx\\\/#\\\/schema\\\/person\\\/496d8ad2d1d3f8036101dca7ee39e585\"},\"headline\":\"Checo P\u00e9rez celebra su podio en el GP de Australia: &#8220;Es un buen resultado&#8221;\",\"datePublished\":\"2022-04-10T16:34:37+00:00\",\"dateModified\":\"2022-04-10T16:34:39+00:00\",\"mainEntityOfPage\":{\"@id\":\"https:\\\/\\\/quehacerpolitico.mx\\\/?p=91571\"},\"wordCount\":303,\"commentCount\":0,\"image\":{\"@id\":\"https:\\\/\\\/quehacerpolitico.mx\\\/?p=91571#primaryimage\"},\"thumbnailUrl\":\"https:\\\/\\\/quehacerpolitico.mx\\\/wp-content\\\/uploads\\\/2022\\\/04\\\/2C534B08-7449-467B-8184-E04EBDD2A91D.jpeg\",\"articleSection\":[\"Deportes\"],\"inLanguage\":\"es\",\"potentialAction\":[{\"@type\":\"CommentAction\",\"name\":\"Comment\",\"target\":[\"https:\\\/\\\/quehacerpolitico.mx\\\/?p=91571#respond\"]}]},{\"@type\":\"WebPage\",\"@id\":\"https:\\\/\\\/quehacerpolitico.mx\\\/?p=91571\",\"url\":\"https:\\\/\\\/quehacerpolitico.mx\\\/?p=91571\",\"name\":\"Checo P\u00e9rez celebra su podio en el GP de Australia: \\\"Es un buen resultado\\\" -\",\"isPartOf\":{\"@id\":\"https:\\\/\\\/quehacerpolitico.mx\\\/#website\"},\"primaryImageOfPage\":{\"@id\":\"https:\\\/\\\/quehacerpolitico.mx\\\/?p=91571#primaryimage\"},\"image\":{\"@id\":\"https:\\\/\\\/quehacerpolitico.mx\\\/?p=91571#primaryimage\"},\"thumbnailUrl\":\"https:\\\/\\\/quehacerpolitico.mx\\\/wp-content\\\/uploads\\\/2022\\\/04\\\/2C534B08-7449-467B-8184-E04EBDD2A91D.jpeg\",\"datePublished\":\"2022-04-10T16:34:37+00:00\",\"dateModified\":\"2022-04-10T16:34:39+00:00\",\"author\":{\"@id\":\"https:\\\/\\\/quehacerpolitico.mx\\\/#\\\/schema\\\/person\\\/496d8ad2d1d3f8036101dca7ee39e585\"},\"breadcrumb\":{\"@id\":\"https:\\\/\\\/quehacerpolitico.mx\\\/?p=91571#breadcrumb\"},\"inLanguage\":\"es\",\"potentialAction\":[{\"@type\":\"ReadAction\",\"target\":[\"https:\\\/\\\/quehacerpolitico.mx\\\/?p=91571\"]}]},{\"@type\":\"ImageObject\",\"inLanguage\":\"es\",\"@id\":\"https:\\\/\\\/quehacerpolitico.mx\\\/?p=91571#primaryimage\",\"url\":\"https:\\\/\\\/quehacerpolitico.mx\\\/wp-content\\\/uploads\\\/2022\\\/04\\\/2C534B08-7449-467B-8184-E04EBDD2A91D.jpeg\",\"contentUrl\":\"https:\\\/\\\/quehacerpolitico.mx\\\/wp-content\\\/uploads\\\/2022\\\/04\\\/2C534B08-7449-467B-8184-E04EBDD2A91D.jpeg\",\"width\":1440,\"height\":1439},{\"@type\":\"BreadcrumbList\",\"@id\":\"https:\\\/\\\/quehacerpolitico.mx\\\/?p=91571#breadcrumb\",\"itemListElement\":[{\"@type\":\"ListItem\",\"position\":1,\"name\":\"Inicio\",\"item\":\"https:\\\/\\\/quehacerpolitico.mx\\\/\"},{\"@type\":\"ListItem\",\"position\":2,\"name\":\"Checo P\u00e9rez celebra su podio en el GP de Australia: &#8220;Es un buen resultado&#8221;\"}]},{\"@type\":\"WebSite\",\"@id\":\"https:\\\/\\\/quehacerpolitico.mx\\\/#website\",\"url\":\"https:\\\/\\\/quehacerpolitico.mx\\\/\",\"name\":\"\",\"description\":\"\",\"potentialAction\":[{\"@type\":\"SearchAction\",\"target\":{\"@type\":\"EntryPoint\",\"urlTemplate\":\"https:\\\/\\\/quehacerpolitico.mx\\\/?s={search_term_string}\"},\"query-input\":{\"@type\":\"PropertyValueSpecification\",\"valueRequired\":true,\"valueName\":\"search_term_string\"}}],\"inLanguage\":\"es\"},{\"@type\":\"Person\",\"@id\":\"https:\\\/\\\/quehacerpolitico.mx\\\/#\\\/schema\\\/person\\\/496d8ad2d1d3f8036101dca7ee39e585\",\"name\":\"Redacci\u00f3n QP\",\"image\":{\"@type\":\"ImageObject\",\"inLanguage\":\"es\",\"@id\":\"https:\\\/\\\/secure.gravatar.com\\\/avatar\\\/c7164ed6fdec453195284ad24a5ae5b6e1eed2b848477fa2a4787ba9adf39a41?s=96&d=mm&r=g\",\"url\":\"https:\\\/\\\/secure.gravatar.com\\\/avatar\\\/c7164ed6fdec453195284ad24a5ae5b6e1eed2b848477fa2a4787ba9adf39a41?s=96&d=mm&r=g\",\"contentUrl\":\"https:\\\/\\\/secure.gravatar.com\\\/avatar\\\/c7164ed6fdec453195284ad24a5ae5b6e1eed2b848477fa2a4787ba9adf39a41?s=96&d=mm&r=g\",\"caption\":\"Redacci\u00f3n QP\"},\"url\":\"https:\\\/\\\/quehacerpolitico.mx\\\/?author=2\"}]}<\/script>\n<!-- \/ Yoast SEO plugin. -->","yoast_head_json":{"title":"Checo P\u00e9rez celebra su podio en el GP de Australia: \"Es un buen resultado\" -","robots":{"index":"index","follow":"follow","max-snippet":"max-snippet:-1","max-image-preview":"max-image-preview:large","max-video-preview":"max-video-preview:-1"},"canonical":"https:\/\/quehacerpolitico.mx\/?p=91571","og_locale":"es_MX","og_type":"article","og_title":"Checo P\u00e9rez celebra su podio en el GP de Australia: \"Es un buen resultado\" -","og_description":"Por Redacci\u00f3n QP &#8220;Ha sido complicado, pero estoy muy contento con mi segunda plaza; es...","og_url":"https:\/\/quehacerpolitico.mx\/?p=91571","article_published_time":"2022-04-10T16:34:37+00:00","article_modified_time":"2022-04-10T16:34:39+00:00","og_image":[{"width":1440,"height":1439,"url":"https:\/\/quehacerpolitico.mx\/wp-content\/uploads\/2022\/04\/2C534B08-7449-467B-8184-E04EBDD2A91D.jpeg","type":"image\/jpeg"}],"author":"Redacci\u00f3n QP","twitter_card":"summary_large_image","twitter_misc":{"Escrito por":"Redacci\u00f3n QP","Tiempo de lectura":"1 minuto"},"schema":{"@context":"https:\/\/schema.org","@graph":[{"@type":"Article","@id":"https:\/\/quehacerpolitico.mx\/?p=91571#article","isPartOf":{"@id":"https:\/\/quehacerpolitico.mx\/?p=91571"},"author":{"name":"Redacci\u00f3n QP","@id":"https:\/\/quehacerpolitico.mx\/#\/schema\/person\/496d8ad2d1d3f8036101dca7ee39e585"},"headline":"Checo P\u00e9rez celebra su podio en el GP de Australia: &#8220;Es un buen resultado&#8221;","datePublished":"2022-04-10T16:34:37+00:00","dateModified":"2022-04-10T16:34:39+00:00","mainEntityOfPage":{"@id":"https:\/\/quehacerpolitico.mx\/?p=91571"},"wordCount":303,"commentCount":0,"image":{"@id":"https:\/\/quehacerpolitico.mx\/?p=91571#primaryimage"},"thumbnailUrl":"https:\/\/quehacerpolitico.mx\/wp-content\/uploads\/2022\/04\/2C534B08-7449-467B-8184-E04EBDD2A91D.jpeg","articleSection":["Deportes"],"inLanguage":"es","potentialAction":[{"@type":"CommentAction","name":"Comment","target":["https:\/\/quehacerpolitico.mx\/?p=91571#respond"]}]},{"@type":"WebPage","@id":"https:\/\/quehacerpolitico.mx\/?p=91571","url":"https:\/\/quehacerpolitico.mx\/?p=91571","name":"Checo P\u00e9rez celebra su podio en el GP de Australia: \"Es un buen resultado\" -","isPartOf":{"@id":"https:\/\/quehacerpolitico.mx\/#website"},"primaryImageOfPage":{"@id":"https:\/\/quehacerpolitico.mx\/?p=91571#primaryimage"},"image":{"@id":"https:\/\/quehacerpolitico.mx\/?p=91571#primaryimage"},"thumbnailUrl":"https:\/\/quehacerpolitico.mx\/wp-content\/uploads\/2022\/04\/2C534B08-7449-467B-8184-E04EBDD2A91D.jpeg","datePublished":"2022-04-10T16:34:37+00:00","dateModified":"2022-04-10T16:34:39+00:00","author":{"@id":"https:\/\/quehacerpolitico.mx\/#\/schema\/person\/496d8ad2d1d3f8036101dca7ee39e585"},"breadcrumb":{"@id":"https:\/\/quehacerpolitico.mx\/?p=91571#breadcrumb"},"inLanguage":"es","potentialAction":[{"@type":"ReadAction","target":["https:\/\/quehacerpolitico.mx\/?p=91571"]}]},{"@type":"ImageObject","inLanguage":"es","@id":"https:\/\/quehacerpolitico.mx\/?p=91571#primaryimage","url":"https:\/\/quehacerpolitico.mx\/wp-content\/uploads\/2022\/04\/2C534B08-7449-467B-8184-E04EBDD2A91D.jpeg","contentUrl":"https:\/\/quehacerpolitico.mx\/wp-content\/uploads\/2022\/04\/2C534B08-7449-467B-8184-E04EBDD2A91D.jpeg","width":1440,"height":1439},{"@type":"BreadcrumbList","@id":"https:\/\/quehacerpolitico.mx\/?p=91571#breadcrumb","itemListElement":[{"@type":"ListItem","position":1,"name":"Inicio","item":"https:\/\/quehacerpolitico.mx\/"},{"@type":"ListItem","position":2,"name":"Checo P\u00e9rez celebra su podio en el GP de Australia: &#8220;Es un buen resultado&#8221;"}]},{"@type":"WebSite","@id":"https:\/\/quehacerpolitico.mx\/#website","url":"https:\/\/quehacerpolitico.mx\/","name":"","description":"","potentialAction":[{"@type":"SearchAction","target":{"@type":"EntryPoint","urlTemplate":"https:\/\/quehacerpolitico.mx\/?s={search_term_string}"},"query-input":{"@type":"PropertyValueSpecification","valueRequired":true,"valueName":"search_term_string"}}],"inLanguage":"es"},{"@type":"Person","@id":"https:\/\/quehacerpolitico.mx\/#\/schema\/person\/496d8ad2d1d3f8036101dca7ee39e585","name":"Redacci\u00f3n QP","image":{"@type":"ImageObject","inLanguage":"es","@id":"https:\/\/secure.gravatar.com\/avatar\/c7164ed6fdec453195284ad24a5ae5b6e1eed2b848477fa2a4787ba9adf39a41?s=96&d=mm&r=g","url":"https:\/\/secure.gravatar.com\/avatar\/c7164ed6fdec453195284ad24a5ae5b6e1eed2b848477fa2a4787ba9adf39a41?s=96&d=mm&r=g","contentUrl":"https:\/\/secure.gravatar.com\/avatar\/c7164ed6fdec453195284ad24a5ae5b6e1eed2b848477fa2a4787ba9adf39a41?s=96&d=mm&r=g","caption":"Redacci\u00f3n QP"},"url":"https:\/\/quehacerpolitico.mx\/?author=2"}]}},"featured_image_urls":{"full":["https:\/\/quehacerpolitico.mx\/wp-content\/uploads\/2022\/04\/2C534B08-7449-467B-8184-E04EBDD2A91D.jpeg",1440,1439,false],"thumbnail":["https:\/\/quehacerpolitico.mx\/wp-content\/uploads\/2022\/04\/2C534B08-7449-467B-8184-E04EBDD2A91D-150x150.jpeg",150,150,true],"medium":["https:\/\/quehacerpolitico.mx\/wp-content\/uploads\/2022\/04\/2C534B08-7449-467B-8184-E04EBDD2A91D-300x300.jpeg",300,300,true],"medium_large":["https:\/\/quehacerpolitico.mx\/wp-content\/uploads\/2022\/04\/2C534B08-7449-467B-8184-E04EBDD2A91D-768x767.jpeg",640,639,true],"large":["https:\/\/quehacerpolitico.mx\/wp-content\/uploads\/2022\/04\/2C534B08-7449-467B-8184-E04EBDD2A91D-1024x1024.jpeg",640,640,true],"1536x1536":["https:\/\/quehacerpolitico.mx\/wp-content\/uploads\/2022\/04\/2C534B08-7449-467B-8184-E04EBDD2A91D.jpeg",1440,1439,false],"2048x2048":["https:\/\/quehacerpolitico.mx\/wp-content\/uploads\/2022\/04\/2C534B08-7449-467B-8184-E04EBDD2A91D.jpeg",1440,1439,false],"covernews-featured":["https:\/\/quehacerpolitico.mx\/wp-content\/uploads\/2022\/04\/2C534B08-7449-467B-8184-E04EBDD2A91D.jpeg",1024,1023,false],"covernews-medium":["https:\/\/quehacerpolitico.mx\/wp-content\/uploads\/2022\/04\/2C534B08-7449-467B-8184-E04EBDD2A91D.jpeg",340,340,false]},"author_info":{"display_name":"Redacci\u00f3n QP","author_link":"https:\/\/quehacerpolitico.mx\/?author=2"},"category_info":"<a href=\"https:\/\/quehacerpolitico.mx\/?cat=54\" rel=\"category\">Deportes<\/a>","tag_info":"Deportes","comment_count":"0","_links":{"self":[{"href":"https:\/\/quehacerpolitico.mx\/index.php?rest_route=\/wp\/v2\/posts\/91571","targetHints":{"allow":["GET"]}}],"collection":[{"href":"https:\/\/quehacerpolitico.mx\/index.php?rest_route=\/wp\/v2\/posts"}],"about":[{"href":"https:\/\/quehacerpolitico.mx\/index.php?rest_route=\/wp\/v2\/types\/post"}],"author":[{"embeddable":true,"href":"https:\/\/quehacerpolitico.mx\/index.php?rest_route=\/wp\/v2\/users\/2"}],"replies":[{"embeddable":true,"href":"https:\/\/quehacerpolitico.mx\/index.php?rest_route=%2Fwp%2Fv2%2Fcomments&post=91571"}],"version-history":[{"count":1,"href":"https:\/\/quehacerpolitico.mx\/index.php?rest_route=\/wp\/v2\/posts\/91571\/revisions"}],"predecessor-version":[{"id":91575,"href":"https:\/\/quehacerpolitico.mx\/index.php?rest_route=\/wp\/v2\/posts\/91571\/revisions\/91575"}],"wp:featuredmedia":[{"embeddable":true,"href":"https:\/\/quehacerpolitico.mx\/index.php?rest_route=\/wp\/v2\/media\/91574"}],"wp:attachment":[{"href":"https:\/\/quehacerpolitico.mx\/index.php?rest_route=%2Fwp%2Fv2%2Fmedia&parent=91571"}],"wp:term":[{"taxonomy":"category","embeddable":true,"href":"https:\/\/quehacerpolitico.mx\/index.php?rest_route=%2Fwp%2Fv2%2Fcategories&post=91571"},{"taxonomy":"post_tag","embeddable":true,"href":"https:\/\/quehacerpolitico.mx\/index.php?rest_route=%2Fwp%2Fv2%2Ftags&post=91571"}],"curies":[{"name":"wp","href":"https:\/\/api.w.org\/{rel}","templated":true}]}}