{"id":91568,"date":"2022-04-10T16:18:39","date_gmt":"2022-04-10T16:18:39","guid":{"rendered":"https:\/\/quehacerpolitico.mx\/?p=91568"},"modified":"2022-04-10T16:18:42","modified_gmt":"2022-04-10T16:18:42","slug":"sheinbaum-emite-su-voto-de-consulta-de-revocacion-de-mandato-en-tlalpan","status":"publish","type":"post","link":"https:\/\/quehacerpolitico.mx\/?p=91568","title":{"rendered":"Sheinbaum emite su voto de consulta de revocaci\u00f3n de mandato en Tlalpan"},"content":{"rendered":"\n<p>Por Redacci\u00f3n QP<\/p>\n\n\n\n<p>La mandataria capitalina indic\u00f3 que permanecer\u00e1 en su oficina en el Antiguo Palacio del Ayuntamiento, en la colonia Centro.<\/p>\n\n\n\n<p><strong>Claudia Sheinbaum, jefa de Gobierno de la Ciudad de M\u00e9xico<\/strong>, emiti\u00f3 su voto en la consulta para la revocaci\u00f3n de mandato en la que se decidir\u00e1 si el presidente Andr\u00e9s Manuel L\u00f3pez Obrador termina su mandato, en una casilla en San Andr\u00e9s Totoltepec, en la alcald\u00eda Tlalpan<\/p>\n\n\n\n<figure class=\"wp-block-embed is-type-rich is-provider-twitter wp-block-embed-twitter\"><div class=\"wp-block-embed__wrapper\">\n<blockquote class=\"twitter-tweet\" data-width=\"550\" data-dnt=\"true\"><p lang=\"es\" dir=\"ltr\">\u00a1Viva la democracia participativa! Emit\u00ed mi voto para el ejercicio de la <a href=\"https:\/\/twitter.com\/hashtag\/Revocaci%C3%B3nDeMandato?src=hash&amp;ref_src=twsrc%5Etfw\">#Revocaci\u00f3nDeMandato<\/a> \ud83d\udc4d\ud83c\udffc <a href=\"https:\/\/t.co\/svGxwpzKkG\">pic.twitter.com\/svGxwpzKkG<\/a><\/p>&mdash; Claudia Sheinbaum Pardo (@Claudiashein) <a href=\"https:\/\/twitter.com\/Claudiashein\/status\/1513174079599165440?ref_src=twsrc%5Etfw\">April 10, 2022<\/a><\/blockquote><script async src=\"https:\/\/platform.twitter.com\/widgets.js\" charset=\"utf-8\"><\/script>\n<\/div><\/figure>\n\n\n\n<p>Tras salir de la casilla s\u00f3lo coment\u00f3 que \u201chay mucha participaci\u00f3n lo cual es muy importante\u201d, en tanto indic\u00f3 que permanecer\u00e1 en su o<strong>ficina en el Antiguo Palacio del Ayuntamiento<\/strong>, en la colonia Centro.<\/p>\n\n\n\n<p>Sheinbuam se retir\u00f3 y fue despedida por algunos pobladores, quienes le gritaron: \u201c\u00a1presidenta, presidenta!\u201d.<\/p>\n\n\n\n<p>Para esta jornada la Secretar\u00eda de Seguridad Ciudadana (SSC) implementa un operativo de vigilancia donde van a participar m\u00e1s de 6 mil polic\u00edas: mil 139 de la Subsecretar\u00eda de Control de Tr\u00e1nsito y 5 mil 410 de operaci\u00f3n policial.<\/p>\n\n\n\n<p>Tambi\u00e9n se vigilar\u00e1 desde el C5, el Gobierno har\u00e1 un monitoreo de cada una de las casillas en las 16 alcald\u00edas de la<strong>\u00a0Ciudad de M\u00e9xico.<\/strong><\/p>\n\n\n\n<p><strong>\u00bfCu\u00e1l es la pregunta?<\/strong><\/p>\n\n\n\n<p><strong>En M\u00e9xico, la ciudadan\u00eda deber\u00e1 responder una pregunta que tendr\u00e1 dos opciones, la cual se estableci\u00f3 en la Ley Federal de Revocaci\u00f3n de Mandato. Adem\u00e1s,&nbsp;las personas mexicanas que residan en el extranjero podr\u00e1n participar a trav\u00e9s de internet.&nbsp;La pregunta que estar\u00e1 impresa en todas las boletas el 10 es la siguiente:<\/strong><\/p>\n\n\n\n<p>\u201c\u00bfEst\u00e1s de acuerdo en que a&nbsp;<strong>Andr\u00e9s Manuel L\u00f3pez Obrador<\/strong>, Presidente de los Estados Unidos Mexicanos, se le revoque el mandato por p\u00e9rdida de la confianza o siga en la&nbsp;<strong>Presidencia de la Rep\u00fablica&nbsp;<\/strong>hasta que termine su periodo?\u201d.<\/p>\n\n\n\n<p>Podr\u00e1s elegir entre dos opciones, seg\u00fan sea tu decisi\u00f3n:<\/p>\n\n\n\n<ul class=\"wp-block-list\"><li>Que se le revoque el mandato por p\u00e9rdida de la confianza.<\/li><li>Que siga en la Presidencia de la Rep\u00fablica.<\/li><\/ul>\n\n\n\n<figure class=\"wp-block-image\"><img decoding=\"async\" src=\"https:\/\/cdn2.telediario.mx\/uploads\/media\/2022\/04\/10\/boleta-de-la-consulta-de.jpg\" alt=\"\"\/><\/figure>\n\n\n\n<h2 class=\"wp-block-heading\"><strong>\u00bfQu\u00e9 se necesita para participar?<\/strong><\/h2>\n\n\n\n<p><strong>Para poder participar en este ejercicio democr\u00e1tico s\u00f3lo es necesario tener credencial para votar vigente&nbsp;<\/strong>y no estar suspendida (o) de tus derechos pol\u00edticos.&nbsp;<\/p>\n\n\n\n<p>Si \u00e9sta tiene vigencia de 2021, podr\u00e1s participar en la revocaci\u00f3n de mandato 2022, s\u00f3lo deber\u00e1s acudir a tu casilla m\u00e1s cercana el pr\u00f3ximo 10 de abril.<\/p>\n","protected":false},"excerpt":{"rendered":"<p>Por Redacci\u00f3n QP La mandataria capitalina indic\u00f3 que permanecer\u00e1 en su oficina en el Antiguo&#8230;<\/p>\n","protected":false},"author":2,"featured_media":91569,"comment_status":"open","ping_status":"open","sticky":false,"template":"","format":"standard","meta":{"_monsterinsights_skip_tracking":false,"_monsterinsights_sitenote_active":false,"_monsterinsights_sitenote_note":"","_monsterinsights_sitenote_category":0,"footnotes":""},"categories":[55],"tags":[],"class_list":["post-91568","post","type-post","status-publish","format-standard","has-post-thumbnail","hentry","category-cdmx"],"yoast_head":"<!-- This site is optimized with the Yoast SEO plugin v27.3 - https:\/\/yoast.com\/product\/yoast-seo-wordpress\/ -->\n<title>Sheinbaum emite su voto de consulta de revocaci\u00f3n de mandato en Tlalpan -<\/title>\n<meta name=\"robots\" content=\"index, follow, max-snippet:-1, max-image-preview:large, max-video-preview:-1\" \/>\n<link rel=\"canonical\" href=\"https:\/\/quehacerpolitico.mx\/?p=91568\" \/>\n<meta property=\"og:locale\" content=\"es_MX\" \/>\n<meta property=\"og:type\" content=\"article\" \/>\n<meta property=\"og:title\" content=\"Sheinbaum emite su voto de consulta de revocaci\u00f3n de mandato en Tlalpan -\" \/>\n<meta property=\"og:description\" content=\"Por Redacci\u00f3n QP La mandataria capitalina indic\u00f3 que permanecer\u00e1 en su oficina en el Antiguo...\" \/>\n<meta property=\"og:url\" content=\"https:\/\/quehacerpolitico.mx\/?p=91568\" \/>\n<meta property=\"article:published_time\" content=\"2022-04-10T16:18:39+00:00\" \/>\n<meta property=\"article:modified_time\" content=\"2022-04-10T16:18:42+00:00\" \/>\n<meta property=\"og:image\" content=\"https:\/\/quehacerpolitico.mx\/wp-content\/uploads\/2022\/04\/37D7E02C-6001-4012-9E46-6F099763AA02.jpeg\" \/>\n\t<meta property=\"og:image:width\" content=\"1600\" \/>\n\t<meta property=\"og:image:height\" content=\"1600\" \/>\n\t<meta property=\"og:image:type\" content=\"image\/jpeg\" \/>\n<meta name=\"author\" content=\"Redacci\u00f3n QP\" \/>\n<meta name=\"twitter:card\" content=\"summary_large_image\" \/>\n<meta name=\"twitter:label1\" content=\"Escrito por\" \/>\n\t<meta name=\"twitter:data1\" content=\"Redacci\u00f3n QP\" \/>\n\t<meta name=\"twitter:label2\" content=\"Tiempo de lectura\" \/>\n\t<meta name=\"twitter:data2\" content=\"2 minutos\" \/>\n<script type=\"application\/ld+json\" class=\"yoast-schema-graph\">{\"@context\":\"https:\\\/\\\/schema.org\",\"@graph\":[{\"@type\":\"Article\",\"@id\":\"https:\\\/\\\/quehacerpolitico.mx\\\/?p=91568#article\",\"isPartOf\":{\"@id\":\"https:\\\/\\\/quehacerpolitico.mx\\\/?p=91568\"},\"author\":{\"name\":\"Redacci\u00f3n QP\",\"@id\":\"https:\\\/\\\/quehacerpolitico.mx\\\/#\\\/schema\\\/person\\\/496d8ad2d1d3f8036101dca7ee39e585\"},\"headline\":\"Sheinbaum emite su voto de consulta de revocaci\u00f3n de mandato en Tlalpan\",\"datePublished\":\"2022-04-10T16:18:39+00:00\",\"dateModified\":\"2022-04-10T16:18:42+00:00\",\"mainEntityOfPage\":{\"@id\":\"https:\\\/\\\/quehacerpolitico.mx\\\/?p=91568\"},\"wordCount\":430,\"commentCount\":0,\"image\":{\"@id\":\"https:\\\/\\\/quehacerpolitico.mx\\\/?p=91568#primaryimage\"},\"thumbnailUrl\":\"https:\\\/\\\/quehacerpolitico.mx\\\/wp-content\\\/uploads\\\/2022\\\/04\\\/37D7E02C-6001-4012-9E46-6F099763AA02.jpeg\",\"articleSection\":[\"CDMX\"],\"inLanguage\":\"es\",\"potentialAction\":[{\"@type\":\"CommentAction\",\"name\":\"Comment\",\"target\":[\"https:\\\/\\\/quehacerpolitico.mx\\\/?p=91568#respond\"]}]},{\"@type\":\"WebPage\",\"@id\":\"https:\\\/\\\/quehacerpolitico.mx\\\/?p=91568\",\"url\":\"https:\\\/\\\/quehacerpolitico.mx\\\/?p=91568\",\"name\":\"Sheinbaum emite su voto de consulta de revocaci\u00f3n de mandato en Tlalpan -\",\"isPartOf\":{\"@id\":\"https:\\\/\\\/quehacerpolitico.mx\\\/#website\"},\"primaryImageOfPage\":{\"@id\":\"https:\\\/\\\/quehacerpolitico.mx\\\/?p=91568#primaryimage\"},\"image\":{\"@id\":\"https:\\\/\\\/quehacerpolitico.mx\\\/?p=91568#primaryimage\"},\"thumbnailUrl\":\"https:\\\/\\\/quehacerpolitico.mx\\\/wp-content\\\/uploads\\\/2022\\\/04\\\/37D7E02C-6001-4012-9E46-6F099763AA02.jpeg\",\"datePublished\":\"2022-04-10T16:18:39+00:00\",\"dateModified\":\"2022-04-10T16:18:42+00:00\",\"author\":{\"@id\":\"https:\\\/\\\/quehacerpolitico.mx\\\/#\\\/schema\\\/person\\\/496d8ad2d1d3f8036101dca7ee39e585\"},\"breadcrumb\":{\"@id\":\"https:\\\/\\\/quehacerpolitico.mx\\\/?p=91568#breadcrumb\"},\"inLanguage\":\"es\",\"potentialAction\":[{\"@type\":\"ReadAction\",\"target\":[\"https:\\\/\\\/quehacerpolitico.mx\\\/?p=91568\"]}]},{\"@type\":\"ImageObject\",\"inLanguage\":\"es\",\"@id\":\"https:\\\/\\\/quehacerpolitico.mx\\\/?p=91568#primaryimage\",\"url\":\"https:\\\/\\\/quehacerpolitico.mx\\\/wp-content\\\/uploads\\\/2022\\\/04\\\/37D7E02C-6001-4012-9E46-6F099763AA02.jpeg\",\"contentUrl\":\"https:\\\/\\\/quehacerpolitico.mx\\\/wp-content\\\/uploads\\\/2022\\\/04\\\/37D7E02C-6001-4012-9E46-6F099763AA02.jpeg\",\"width\":1600,\"height\":1600},{\"@type\":\"BreadcrumbList\",\"@id\":\"https:\\\/\\\/quehacerpolitico.mx\\\/?p=91568#breadcrumb\",\"itemListElement\":[{\"@type\":\"ListItem\",\"position\":1,\"name\":\"Inicio\",\"item\":\"https:\\\/\\\/quehacerpolitico.mx\\\/\"},{\"@type\":\"ListItem\",\"position\":2,\"name\":\"Sheinbaum emite su voto de consulta de revocaci\u00f3n de mandato en Tlalpan\"}]},{\"@type\":\"WebSite\",\"@id\":\"https:\\\/\\\/quehacerpolitico.mx\\\/#website\",\"url\":\"https:\\\/\\\/quehacerpolitico.mx\\\/\",\"name\":\"\",\"description\":\"\",\"potentialAction\":[{\"@type\":\"SearchAction\",\"target\":{\"@type\":\"EntryPoint\",\"urlTemplate\":\"https:\\\/\\\/quehacerpolitico.mx\\\/?s={search_term_string}\"},\"query-input\":{\"@type\":\"PropertyValueSpecification\",\"valueRequired\":true,\"valueName\":\"search_term_string\"}}],\"inLanguage\":\"es\"},{\"@type\":\"Person\",\"@id\":\"https:\\\/\\\/quehacerpolitico.mx\\\/#\\\/schema\\\/person\\\/496d8ad2d1d3f8036101dca7ee39e585\",\"name\":\"Redacci\u00f3n QP\",\"image\":{\"@type\":\"ImageObject\",\"inLanguage\":\"es\",\"@id\":\"https:\\\/\\\/secure.gravatar.com\\\/avatar\\\/c7164ed6fdec453195284ad24a5ae5b6e1eed2b848477fa2a4787ba9adf39a41?s=96&d=mm&r=g\",\"url\":\"https:\\\/\\\/secure.gravatar.com\\\/avatar\\\/c7164ed6fdec453195284ad24a5ae5b6e1eed2b848477fa2a4787ba9adf39a41?s=96&d=mm&r=g\",\"contentUrl\":\"https:\\\/\\\/secure.gravatar.com\\\/avatar\\\/c7164ed6fdec453195284ad24a5ae5b6e1eed2b848477fa2a4787ba9adf39a41?s=96&d=mm&r=g\",\"caption\":\"Redacci\u00f3n QP\"},\"url\":\"https:\\\/\\\/quehacerpolitico.mx\\\/?author=2\"}]}<\/script>\n<!-- \/ Yoast SEO plugin. -->","yoast_head_json":{"title":"Sheinbaum emite su voto de consulta de revocaci\u00f3n de mandato en Tlalpan -","robots":{"index":"index","follow":"follow","max-snippet":"max-snippet:-1","max-image-preview":"max-image-preview:large","max-video-preview":"max-video-preview:-1"},"canonical":"https:\/\/quehacerpolitico.mx\/?p=91568","og_locale":"es_MX","og_type":"article","og_title":"Sheinbaum emite su voto de consulta de revocaci\u00f3n de mandato en Tlalpan -","og_description":"Por Redacci\u00f3n QP La mandataria capitalina indic\u00f3 que permanecer\u00e1 en su oficina en el Antiguo...","og_url":"https:\/\/quehacerpolitico.mx\/?p=91568","article_published_time":"2022-04-10T16:18:39+00:00","article_modified_time":"2022-04-10T16:18:42+00:00","og_image":[{"width":1600,"height":1600,"url":"https:\/\/quehacerpolitico.mx\/wp-content\/uploads\/2022\/04\/37D7E02C-6001-4012-9E46-6F099763AA02.jpeg","type":"image\/jpeg"}],"author":"Redacci\u00f3n QP","twitter_card":"summary_large_image","twitter_misc":{"Escrito por":"Redacci\u00f3n QP","Tiempo de lectura":"2 minutos"},"schema":{"@context":"https:\/\/schema.org","@graph":[{"@type":"Article","@id":"https:\/\/quehacerpolitico.mx\/?p=91568#article","isPartOf":{"@id":"https:\/\/quehacerpolitico.mx\/?p=91568"},"author":{"name":"Redacci\u00f3n QP","@id":"https:\/\/quehacerpolitico.mx\/#\/schema\/person\/496d8ad2d1d3f8036101dca7ee39e585"},"headline":"Sheinbaum emite su voto de consulta de revocaci\u00f3n de mandato en Tlalpan","datePublished":"2022-04-10T16:18:39+00:00","dateModified":"2022-04-10T16:18:42+00:00","mainEntityOfPage":{"@id":"https:\/\/quehacerpolitico.mx\/?p=91568"},"wordCount":430,"commentCount":0,"image":{"@id":"https:\/\/quehacerpolitico.mx\/?p=91568#primaryimage"},"thumbnailUrl":"https:\/\/quehacerpolitico.mx\/wp-content\/uploads\/2022\/04\/37D7E02C-6001-4012-9E46-6F099763AA02.jpeg","articleSection":["CDMX"],"inLanguage":"es","potentialAction":[{"@type":"CommentAction","name":"Comment","target":["https:\/\/quehacerpolitico.mx\/?p=91568#respond"]}]},{"@type":"WebPage","@id":"https:\/\/quehacerpolitico.mx\/?p=91568","url":"https:\/\/quehacerpolitico.mx\/?p=91568","name":"Sheinbaum emite su voto de consulta de revocaci\u00f3n de mandato en Tlalpan -","isPartOf":{"@id":"https:\/\/quehacerpolitico.mx\/#website"},"primaryImageOfPage":{"@id":"https:\/\/quehacerpolitico.mx\/?p=91568#primaryimage"},"image":{"@id":"https:\/\/quehacerpolitico.mx\/?p=91568#primaryimage"},"thumbnailUrl":"https:\/\/quehacerpolitico.mx\/wp-content\/uploads\/2022\/04\/37D7E02C-6001-4012-9E46-6F099763AA02.jpeg","datePublished":"2022-04-10T16:18:39+00:00","dateModified":"2022-04-10T16:18:42+00:00","author":{"@id":"https:\/\/quehacerpolitico.mx\/#\/schema\/person\/496d8ad2d1d3f8036101dca7ee39e585"},"breadcrumb":{"@id":"https:\/\/quehacerpolitico.mx\/?p=91568#breadcrumb"},"inLanguage":"es","potentialAction":[{"@type":"ReadAction","target":["https:\/\/quehacerpolitico.mx\/?p=91568"]}]},{"@type":"ImageObject","inLanguage":"es","@id":"https:\/\/quehacerpolitico.mx\/?p=91568#primaryimage","url":"https:\/\/quehacerpolitico.mx\/wp-content\/uploads\/2022\/04\/37D7E02C-6001-4012-9E46-6F099763AA02.jpeg","contentUrl":"https:\/\/quehacerpolitico.mx\/wp-content\/uploads\/2022\/04\/37D7E02C-6001-4012-9E46-6F099763AA02.jpeg","width":1600,"height":1600},{"@type":"BreadcrumbList","@id":"https:\/\/quehacerpolitico.mx\/?p=91568#breadcrumb","itemListElement":[{"@type":"ListItem","position":1,"name":"Inicio","item":"https:\/\/quehacerpolitico.mx\/"},{"@type":"ListItem","position":2,"name":"Sheinbaum emite su voto de consulta de revocaci\u00f3n de mandato en Tlalpan"}]},{"@type":"WebSite","@id":"https:\/\/quehacerpolitico.mx\/#website","url":"https:\/\/quehacerpolitico.mx\/","name":"","description":"","potentialAction":[{"@type":"SearchAction","target":{"@type":"EntryPoint","urlTemplate":"https:\/\/quehacerpolitico.mx\/?s={search_term_string}"},"query-input":{"@type":"PropertyValueSpecification","valueRequired":true,"valueName":"search_term_string"}}],"inLanguage":"es"},{"@type":"Person","@id":"https:\/\/quehacerpolitico.mx\/#\/schema\/person\/496d8ad2d1d3f8036101dca7ee39e585","name":"Redacci\u00f3n QP","image":{"@type":"ImageObject","inLanguage":"es","@id":"https:\/\/secure.gravatar.com\/avatar\/c7164ed6fdec453195284ad24a5ae5b6e1eed2b848477fa2a4787ba9adf39a41?s=96&d=mm&r=g","url":"https:\/\/secure.gravatar.com\/avatar\/c7164ed6fdec453195284ad24a5ae5b6e1eed2b848477fa2a4787ba9adf39a41?s=96&d=mm&r=g","contentUrl":"https:\/\/secure.gravatar.com\/avatar\/c7164ed6fdec453195284ad24a5ae5b6e1eed2b848477fa2a4787ba9adf39a41?s=96&d=mm&r=g","caption":"Redacci\u00f3n QP"},"url":"https:\/\/quehacerpolitico.mx\/?author=2"}]}},"featured_image_urls":{"full":["https:\/\/quehacerpolitico.mx\/wp-content\/uploads\/2022\/04\/37D7E02C-6001-4012-9E46-6F099763AA02.jpeg",1600,1600,false],"thumbnail":["https:\/\/quehacerpolitico.mx\/wp-content\/uploads\/2022\/04\/37D7E02C-6001-4012-9E46-6F099763AA02-150x150.jpeg",150,150,true],"medium":["https:\/\/quehacerpolitico.mx\/wp-content\/uploads\/2022\/04\/37D7E02C-6001-4012-9E46-6F099763AA02-300x300.jpeg",300,300,true],"medium_large":["https:\/\/quehacerpolitico.mx\/wp-content\/uploads\/2022\/04\/37D7E02C-6001-4012-9E46-6F099763AA02-768x768.jpeg",640,640,true],"large":["https:\/\/quehacerpolitico.mx\/wp-content\/uploads\/2022\/04\/37D7E02C-6001-4012-9E46-6F099763AA02-1024x1024.jpeg",640,640,true],"1536x1536":["https:\/\/quehacerpolitico.mx\/wp-content\/uploads\/2022\/04\/37D7E02C-6001-4012-9E46-6F099763AA02-1536x1536.jpeg",1536,1536,true],"2048x2048":["https:\/\/quehacerpolitico.mx\/wp-content\/uploads\/2022\/04\/37D7E02C-6001-4012-9E46-6F099763AA02.jpeg",1600,1600,false],"covernews-featured":["https:\/\/quehacerpolitico.mx\/wp-content\/uploads\/2022\/04\/37D7E02C-6001-4012-9E46-6F099763AA02.jpeg",1024,1024,false],"covernews-medium":["https:\/\/quehacerpolitico.mx\/wp-content\/uploads\/2022\/04\/37D7E02C-6001-4012-9E46-6F099763AA02.jpeg",340,340,false]},"author_info":{"display_name":"Redacci\u00f3n QP","author_link":"https:\/\/quehacerpolitico.mx\/?author=2"},"category_info":"<a href=\"https:\/\/quehacerpolitico.mx\/?cat=55\" rel=\"category\">CDMX<\/a>","tag_info":"CDMX","comment_count":"0","_links":{"self":[{"href":"https:\/\/quehacerpolitico.mx\/index.php?rest_route=\/wp\/v2\/posts\/91568","targetHints":{"allow":["GET"]}}],"collection":[{"href":"https:\/\/quehacerpolitico.mx\/index.php?rest_route=\/wp\/v2\/posts"}],"about":[{"href":"https:\/\/quehacerpolitico.mx\/index.php?rest_route=\/wp\/v2\/types\/post"}],"author":[{"embeddable":true,"href":"https:\/\/quehacerpolitico.mx\/index.php?rest_route=\/wp\/v2\/users\/2"}],"replies":[{"embeddable":true,"href":"https:\/\/quehacerpolitico.mx\/index.php?rest_route=%2Fwp%2Fv2%2Fcomments&post=91568"}],"version-history":[{"count":1,"href":"https:\/\/quehacerpolitico.mx\/index.php?rest_route=\/wp\/v2\/posts\/91568\/revisions"}],"predecessor-version":[{"id":91570,"href":"https:\/\/quehacerpolitico.mx\/index.php?rest_route=\/wp\/v2\/posts\/91568\/revisions\/91570"}],"wp:featuredmedia":[{"embeddable":true,"href":"https:\/\/quehacerpolitico.mx\/index.php?rest_route=\/wp\/v2\/media\/91569"}],"wp:attachment":[{"href":"https:\/\/quehacerpolitico.mx\/index.php?rest_route=%2Fwp%2Fv2%2Fmedia&parent=91568"}],"wp:term":[{"taxonomy":"category","embeddable":true,"href":"https:\/\/quehacerpolitico.mx\/index.php?rest_route=%2Fwp%2Fv2%2Fcategories&post=91568"},{"taxonomy":"post_tag","embeddable":true,"href":"https:\/\/quehacerpolitico.mx\/index.php?rest_route=%2Fwp%2Fv2%2Ftags&post=91568"}],"curies":[{"name":"wp","href":"https:\/\/api.w.org\/{rel}","templated":true}]}}