{"id":91565,"date":"2022-04-10T16:02:59","date_gmt":"2022-04-10T16:02:59","guid":{"rendered":"https:\/\/quehacerpolitico.mx\/?p=91565"},"modified":"2022-04-10T16:03:01","modified_gmt":"2022-04-10T16:03:01","slug":"revocacion-de-mandato-amlo-emite-su-voto-en-la-consulta","status":"publish","type":"post","link":"https:\/\/quehacerpolitico.mx\/?p=91565","title":{"rendered":"Revocaci\u00f3n de mandato: AMLO emite su voto en la consulta\u00a0"},"content":{"rendered":"\n<p>Por Redacci\u00f3n QP<\/p>\n\n\n\n<p>L\u00f3pez Obrador vot\u00f3 en la casilla 4748 ubicada en el Museo del Arzobispado, a un costado de Palacio Nacional<\/p>\n\n\n\n<p>El Presidente Andr\u00e9s Manuel L\u00f3pez Obrador (<strong>AMLO<\/strong>) vot\u00f3 esta ma\u00f1ana en la consulta de revocaci\u00f3n de mando.<\/p>\n\n\n\n<p>Acompa\u00f1ado por su esposa, la historiadora Beatriz Guti\u00e9rrez M\u00fcller,\u00a0<strong>L\u00f3pez Obrador vot\u00f3 en la casilla 4748 ubicada en el Museo del Arzobispado<\/strong>, a un costado de Palacio Nacional.<\/p>\n\n\n\n<p>&#8220;Hay que participar, eso nos va a ayudar a que nadie en ning\u00fan nivel en la escala se sienta absoluto.\u00a0<strong>Que nadie olvide que el pueblo es el que manda<\/strong>, porque el pueblo es el soberano&#8221;, dijo AMLO despu\u00e9s de entregar la papeleta en la casilla (mesa) electoral ubicada en el antiguo palacio del Arzobispado, en la c\u00e9ntrica calle Moneda, contigua al Palacio Nacional, residencia presidencial.<\/p>\n\n\n\n<figure class=\"wp-block-embed is-type-video is-provider-youtube wp-block-embed-youtube wp-embed-aspect-16-9 wp-has-aspect-ratio\"><div class=\"wp-block-embed__wrapper\">\n<iframe loading=\"lazy\" title=\"Emisi\u00f3n de voto por parte del jefe del Ejecutivo federal.\" width=\"640\" height=\"360\" src=\"https:\/\/www.youtube.com\/embed\/CCLhU75mPy0?feature=oembed\" frameborder=\"0\" allow=\"accelerometer; autoplay; clipboard-write; encrypted-media; gyroscope; picture-in-picture; web-share\" referrerpolicy=\"strict-origin-when-cross-origin\" allowfullscreen><\/iframe>\n<\/div><\/figure>\n\n\n\n<p>&#8220;El mejor sistema pol\u00edtico es la democracia. Tiene que haber democracia, siempre, en la familia, en la escuela, en el trabajo, en los sindicatos, y desde luego en la vida publica&#8221;, a\u00f1adi\u00f3 L\u00f3pez Obrador.<\/p>\n\n\n\n<p>En los alrededores del lugar se agolparon varias decenas de personas simpatizantes del presidente y del gobernante partido Movimiento Regeneraci\u00f3n Nacional (Morena) y\u00a0<strong>gritaron consignas a favor de la continuidad de L\u00f3pez Obrador<\/strong>\u00a0en el cargo.<\/p>\n\n\n\n<p>El pasado martes, en su conferencia de prensa, AMLO inform\u00f3 que este 10 de abril s\u00ed participar\u00eda en la consulta ciudadana, sin embargo, adelant\u00f3 que no votar\u00e1 para que se le revoque el mandato, sino en su lugar, escribir\u00e1 en la boleta la frase \u201c\u00a1Viva Emiliano Zapata!\u201d, debido a que este domingo se cumplen 105 a\u00f1os del asesinato del revolucionario.<\/p>\n\n\n\n<p>Tras emitir su voto,\u00a0<strong>AMLO viajar\u00e1 a Ayoxuxtla, Puebla<\/strong>, comunidad donde el general Emiliano Zapata promulg\u00f3 el Plan de Ayala y donde conmemorar\u00e1 el 105 aniversario de su asesinato.<\/p>\n\n\n\n<p>En esta comunidad inaugurar\u00e1 obras de desarrollo urbano de manera privada.<\/p>\n\n\n\n<p>Se prev\u00e9 que por la tarde, L\u00f3pez Obrador regrese a la Ciudad de M\u00e9xico.<\/p>\n\n\n\n<p><em>Con informaci\u00f3n de SUN y EFE.<\/em><\/p>\n","protected":false},"excerpt":{"rendered":"<p>Por Redacci\u00f3n QP L\u00f3pez Obrador vot\u00f3 en la casilla 4748 ubicada en el Museo del&#8230;<\/p>\n","protected":false},"author":2,"featured_media":91566,"comment_status":"open","ping_status":"open","sticky":false,"template":"","format":"standard","meta":{"_monsterinsights_skip_tracking":false,"_monsterinsights_sitenote_active":false,"_monsterinsights_sitenote_note":"","_monsterinsights_sitenote_category":0,"footnotes":""},"categories":[2],"tags":[],"class_list":["post-91565","post","type-post","status-publish","format-standard","has-post-thumbnail","hentry","category-noticias"],"yoast_head":"<!-- This site is optimized with the Yoast SEO plugin v27.3 - https:\/\/yoast.com\/product\/yoast-seo-wordpress\/ -->\n<title>Revocaci\u00f3n de mandato: AMLO emite su voto en la consulta\u00a0 -<\/title>\n<meta name=\"robots\" content=\"index, follow, max-snippet:-1, max-image-preview:large, max-video-preview:-1\" \/>\n<link rel=\"canonical\" href=\"https:\/\/quehacerpolitico.mx\/?p=91565\" \/>\n<meta property=\"og:locale\" content=\"es_MX\" \/>\n<meta property=\"og:type\" content=\"article\" \/>\n<meta property=\"og:title\" content=\"Revocaci\u00f3n de mandato: AMLO emite su voto en la consulta\u00a0 -\" \/>\n<meta property=\"og:description\" content=\"Por Redacci\u00f3n QP L\u00f3pez Obrador vot\u00f3 en la casilla 4748 ubicada en el Museo del...\" \/>\n<meta property=\"og:url\" content=\"https:\/\/quehacerpolitico.mx\/?p=91565\" \/>\n<meta property=\"article:published_time\" content=\"2022-04-10T16:02:59+00:00\" \/>\n<meta property=\"article:modified_time\" content=\"2022-04-10T16:03:01+00:00\" \/>\n<meta property=\"og:image\" content=\"https:\/\/quehacerpolitico.mx\/wp-content\/uploads\/2022\/04\/0E48BFE9-C342-46DB-A0BC-6D2DC86EECBE.jpeg\" \/>\n\t<meta property=\"og:image:width\" content=\"1848\" \/>\n\t<meta property=\"og:image:height\" content=\"1500\" \/>\n\t<meta property=\"og:image:type\" content=\"image\/jpeg\" \/>\n<meta name=\"author\" content=\"Redacci\u00f3n QP\" \/>\n<meta name=\"twitter:card\" content=\"summary_large_image\" \/>\n<meta name=\"twitter:label1\" content=\"Escrito por\" \/>\n\t<meta name=\"twitter:data1\" content=\"Redacci\u00f3n QP\" \/>\n\t<meta name=\"twitter:label2\" content=\"Tiempo de lectura\" \/>\n\t<meta name=\"twitter:data2\" content=\"2 minutos\" \/>\n<script type=\"application\/ld+json\" class=\"yoast-schema-graph\">{\"@context\":\"https:\\\/\\\/schema.org\",\"@graph\":[{\"@type\":\"Article\",\"@id\":\"https:\\\/\\\/quehacerpolitico.mx\\\/?p=91565#article\",\"isPartOf\":{\"@id\":\"https:\\\/\\\/quehacerpolitico.mx\\\/?p=91565\"},\"author\":{\"name\":\"Redacci\u00f3n QP\",\"@id\":\"https:\\\/\\\/quehacerpolitico.mx\\\/#\\\/schema\\\/person\\\/496d8ad2d1d3f8036101dca7ee39e585\"},\"headline\":\"Revocaci\u00f3n de mandato: AMLO emite su voto en la consulta\u00a0\",\"datePublished\":\"2022-04-10T16:02:59+00:00\",\"dateModified\":\"2022-04-10T16:03:01+00:00\",\"mainEntityOfPage\":{\"@id\":\"https:\\\/\\\/quehacerpolitico.mx\\\/?p=91565\"},\"wordCount\":357,\"commentCount\":0,\"image\":{\"@id\":\"https:\\\/\\\/quehacerpolitico.mx\\\/?p=91565#primaryimage\"},\"thumbnailUrl\":\"https:\\\/\\\/quehacerpolitico.mx\\\/wp-content\\\/uploads\\\/2022\\\/04\\\/0E48BFE9-C342-46DB-A0BC-6D2DC86EECBE.jpeg\",\"articleSection\":[\"Noticias\"],\"inLanguage\":\"es\",\"potentialAction\":[{\"@type\":\"CommentAction\",\"name\":\"Comment\",\"target\":[\"https:\\\/\\\/quehacerpolitico.mx\\\/?p=91565#respond\"]}]},{\"@type\":\"WebPage\",\"@id\":\"https:\\\/\\\/quehacerpolitico.mx\\\/?p=91565\",\"url\":\"https:\\\/\\\/quehacerpolitico.mx\\\/?p=91565\",\"name\":\"Revocaci\u00f3n de mandato: AMLO emite su voto en la consulta\u00a0 -\",\"isPartOf\":{\"@id\":\"https:\\\/\\\/quehacerpolitico.mx\\\/#website\"},\"primaryImageOfPage\":{\"@id\":\"https:\\\/\\\/quehacerpolitico.mx\\\/?p=91565#primaryimage\"},\"image\":{\"@id\":\"https:\\\/\\\/quehacerpolitico.mx\\\/?p=91565#primaryimage\"},\"thumbnailUrl\":\"https:\\\/\\\/quehacerpolitico.mx\\\/wp-content\\\/uploads\\\/2022\\\/04\\\/0E48BFE9-C342-46DB-A0BC-6D2DC86EECBE.jpeg\",\"datePublished\":\"2022-04-10T16:02:59+00:00\",\"dateModified\":\"2022-04-10T16:03:01+00:00\",\"author\":{\"@id\":\"https:\\\/\\\/quehacerpolitico.mx\\\/#\\\/schema\\\/person\\\/496d8ad2d1d3f8036101dca7ee39e585\"},\"breadcrumb\":{\"@id\":\"https:\\\/\\\/quehacerpolitico.mx\\\/?p=91565#breadcrumb\"},\"inLanguage\":\"es\",\"potentialAction\":[{\"@type\":\"ReadAction\",\"target\":[\"https:\\\/\\\/quehacerpolitico.mx\\\/?p=91565\"]}]},{\"@type\":\"ImageObject\",\"inLanguage\":\"es\",\"@id\":\"https:\\\/\\\/quehacerpolitico.mx\\\/?p=91565#primaryimage\",\"url\":\"https:\\\/\\\/quehacerpolitico.mx\\\/wp-content\\\/uploads\\\/2022\\\/04\\\/0E48BFE9-C342-46DB-A0BC-6D2DC86EECBE.jpeg\",\"contentUrl\":\"https:\\\/\\\/quehacerpolitico.mx\\\/wp-content\\\/uploads\\\/2022\\\/04\\\/0E48BFE9-C342-46DB-A0BC-6D2DC86EECBE.jpeg\",\"width\":1848,\"height\":1500},{\"@type\":\"BreadcrumbList\",\"@id\":\"https:\\\/\\\/quehacerpolitico.mx\\\/?p=91565#breadcrumb\",\"itemListElement\":[{\"@type\":\"ListItem\",\"position\":1,\"name\":\"Inicio\",\"item\":\"https:\\\/\\\/quehacerpolitico.mx\\\/\"},{\"@type\":\"ListItem\",\"position\":2,\"name\":\"Revocaci\u00f3n de mandato: AMLO emite su voto en la consulta\u00a0\"}]},{\"@type\":\"WebSite\",\"@id\":\"https:\\\/\\\/quehacerpolitico.mx\\\/#website\",\"url\":\"https:\\\/\\\/quehacerpolitico.mx\\\/\",\"name\":\"\",\"description\":\"\",\"potentialAction\":[{\"@type\":\"SearchAction\",\"target\":{\"@type\":\"EntryPoint\",\"urlTemplate\":\"https:\\\/\\\/quehacerpolitico.mx\\\/?s={search_term_string}\"},\"query-input\":{\"@type\":\"PropertyValueSpecification\",\"valueRequired\":true,\"valueName\":\"search_term_string\"}}],\"inLanguage\":\"es\"},{\"@type\":\"Person\",\"@id\":\"https:\\\/\\\/quehacerpolitico.mx\\\/#\\\/schema\\\/person\\\/496d8ad2d1d3f8036101dca7ee39e585\",\"name\":\"Redacci\u00f3n QP\",\"image\":{\"@type\":\"ImageObject\",\"inLanguage\":\"es\",\"@id\":\"https:\\\/\\\/secure.gravatar.com\\\/avatar\\\/c7164ed6fdec453195284ad24a5ae5b6e1eed2b848477fa2a4787ba9adf39a41?s=96&d=mm&r=g\",\"url\":\"https:\\\/\\\/secure.gravatar.com\\\/avatar\\\/c7164ed6fdec453195284ad24a5ae5b6e1eed2b848477fa2a4787ba9adf39a41?s=96&d=mm&r=g\",\"contentUrl\":\"https:\\\/\\\/secure.gravatar.com\\\/avatar\\\/c7164ed6fdec453195284ad24a5ae5b6e1eed2b848477fa2a4787ba9adf39a41?s=96&d=mm&r=g\",\"caption\":\"Redacci\u00f3n QP\"},\"url\":\"https:\\\/\\\/quehacerpolitico.mx\\\/?author=2\"}]}<\/script>\n<!-- \/ Yoast SEO plugin. -->","yoast_head_json":{"title":"Revocaci\u00f3n de mandato: AMLO emite su voto en la consulta\u00a0 -","robots":{"index":"index","follow":"follow","max-snippet":"max-snippet:-1","max-image-preview":"max-image-preview:large","max-video-preview":"max-video-preview:-1"},"canonical":"https:\/\/quehacerpolitico.mx\/?p=91565","og_locale":"es_MX","og_type":"article","og_title":"Revocaci\u00f3n de mandato: AMLO emite su voto en la consulta\u00a0 -","og_description":"Por Redacci\u00f3n QP L\u00f3pez Obrador vot\u00f3 en la casilla 4748 ubicada en el Museo del...","og_url":"https:\/\/quehacerpolitico.mx\/?p=91565","article_published_time":"2022-04-10T16:02:59+00:00","article_modified_time":"2022-04-10T16:03:01+00:00","og_image":[{"width":1848,"height":1500,"url":"https:\/\/quehacerpolitico.mx\/wp-content\/uploads\/2022\/04\/0E48BFE9-C342-46DB-A0BC-6D2DC86EECBE.jpeg","type":"image\/jpeg"}],"author":"Redacci\u00f3n QP","twitter_card":"summary_large_image","twitter_misc":{"Escrito por":"Redacci\u00f3n QP","Tiempo de lectura":"2 minutos"},"schema":{"@context":"https:\/\/schema.org","@graph":[{"@type":"Article","@id":"https:\/\/quehacerpolitico.mx\/?p=91565#article","isPartOf":{"@id":"https:\/\/quehacerpolitico.mx\/?p=91565"},"author":{"name":"Redacci\u00f3n QP","@id":"https:\/\/quehacerpolitico.mx\/#\/schema\/person\/496d8ad2d1d3f8036101dca7ee39e585"},"headline":"Revocaci\u00f3n de mandato: AMLO emite su voto en la consulta\u00a0","datePublished":"2022-04-10T16:02:59+00:00","dateModified":"2022-04-10T16:03:01+00:00","mainEntityOfPage":{"@id":"https:\/\/quehacerpolitico.mx\/?p=91565"},"wordCount":357,"commentCount":0,"image":{"@id":"https:\/\/quehacerpolitico.mx\/?p=91565#primaryimage"},"thumbnailUrl":"https:\/\/quehacerpolitico.mx\/wp-content\/uploads\/2022\/04\/0E48BFE9-C342-46DB-A0BC-6D2DC86EECBE.jpeg","articleSection":["Noticias"],"inLanguage":"es","potentialAction":[{"@type":"CommentAction","name":"Comment","target":["https:\/\/quehacerpolitico.mx\/?p=91565#respond"]}]},{"@type":"WebPage","@id":"https:\/\/quehacerpolitico.mx\/?p=91565","url":"https:\/\/quehacerpolitico.mx\/?p=91565","name":"Revocaci\u00f3n de mandato: AMLO emite su voto en la consulta\u00a0 -","isPartOf":{"@id":"https:\/\/quehacerpolitico.mx\/#website"},"primaryImageOfPage":{"@id":"https:\/\/quehacerpolitico.mx\/?p=91565#primaryimage"},"image":{"@id":"https:\/\/quehacerpolitico.mx\/?p=91565#primaryimage"},"thumbnailUrl":"https:\/\/quehacerpolitico.mx\/wp-content\/uploads\/2022\/04\/0E48BFE9-C342-46DB-A0BC-6D2DC86EECBE.jpeg","datePublished":"2022-04-10T16:02:59+00:00","dateModified":"2022-04-10T16:03:01+00:00","author":{"@id":"https:\/\/quehacerpolitico.mx\/#\/schema\/person\/496d8ad2d1d3f8036101dca7ee39e585"},"breadcrumb":{"@id":"https:\/\/quehacerpolitico.mx\/?p=91565#breadcrumb"},"inLanguage":"es","potentialAction":[{"@type":"ReadAction","target":["https:\/\/quehacerpolitico.mx\/?p=91565"]}]},{"@type":"ImageObject","inLanguage":"es","@id":"https:\/\/quehacerpolitico.mx\/?p=91565#primaryimage","url":"https:\/\/quehacerpolitico.mx\/wp-content\/uploads\/2022\/04\/0E48BFE9-C342-46DB-A0BC-6D2DC86EECBE.jpeg","contentUrl":"https:\/\/quehacerpolitico.mx\/wp-content\/uploads\/2022\/04\/0E48BFE9-C342-46DB-A0BC-6D2DC86EECBE.jpeg","width":1848,"height":1500},{"@type":"BreadcrumbList","@id":"https:\/\/quehacerpolitico.mx\/?p=91565#breadcrumb","itemListElement":[{"@type":"ListItem","position":1,"name":"Inicio","item":"https:\/\/quehacerpolitico.mx\/"},{"@type":"ListItem","position":2,"name":"Revocaci\u00f3n de mandato: AMLO emite su voto en la consulta\u00a0"}]},{"@type":"WebSite","@id":"https:\/\/quehacerpolitico.mx\/#website","url":"https:\/\/quehacerpolitico.mx\/","name":"","description":"","potentialAction":[{"@type":"SearchAction","target":{"@type":"EntryPoint","urlTemplate":"https:\/\/quehacerpolitico.mx\/?s={search_term_string}"},"query-input":{"@type":"PropertyValueSpecification","valueRequired":true,"valueName":"search_term_string"}}],"inLanguage":"es"},{"@type":"Person","@id":"https:\/\/quehacerpolitico.mx\/#\/schema\/person\/496d8ad2d1d3f8036101dca7ee39e585","name":"Redacci\u00f3n QP","image":{"@type":"ImageObject","inLanguage":"es","@id":"https:\/\/secure.gravatar.com\/avatar\/c7164ed6fdec453195284ad24a5ae5b6e1eed2b848477fa2a4787ba9adf39a41?s=96&d=mm&r=g","url":"https:\/\/secure.gravatar.com\/avatar\/c7164ed6fdec453195284ad24a5ae5b6e1eed2b848477fa2a4787ba9adf39a41?s=96&d=mm&r=g","contentUrl":"https:\/\/secure.gravatar.com\/avatar\/c7164ed6fdec453195284ad24a5ae5b6e1eed2b848477fa2a4787ba9adf39a41?s=96&d=mm&r=g","caption":"Redacci\u00f3n QP"},"url":"https:\/\/quehacerpolitico.mx\/?author=2"}]}},"featured_image_urls":{"full":["https:\/\/quehacerpolitico.mx\/wp-content\/uploads\/2022\/04\/0E48BFE9-C342-46DB-A0BC-6D2DC86EECBE.jpeg",1848,1500,false],"thumbnail":["https:\/\/quehacerpolitico.mx\/wp-content\/uploads\/2022\/04\/0E48BFE9-C342-46DB-A0BC-6D2DC86EECBE-150x150.jpeg",150,150,true],"medium":["https:\/\/quehacerpolitico.mx\/wp-content\/uploads\/2022\/04\/0E48BFE9-C342-46DB-A0BC-6D2DC86EECBE-300x244.jpeg",300,244,true],"medium_large":["https:\/\/quehacerpolitico.mx\/wp-content\/uploads\/2022\/04\/0E48BFE9-C342-46DB-A0BC-6D2DC86EECBE-768x623.jpeg",640,519,true],"large":["https:\/\/quehacerpolitico.mx\/wp-content\/uploads\/2022\/04\/0E48BFE9-C342-46DB-A0BC-6D2DC86EECBE-1024x831.jpeg",640,519,true],"1536x1536":["https:\/\/quehacerpolitico.mx\/wp-content\/uploads\/2022\/04\/0E48BFE9-C342-46DB-A0BC-6D2DC86EECBE-1536x1247.jpeg",1536,1247,true],"2048x2048":["https:\/\/quehacerpolitico.mx\/wp-content\/uploads\/2022\/04\/0E48BFE9-C342-46DB-A0BC-6D2DC86EECBE.jpeg",1848,1500,false],"covernews-featured":["https:\/\/quehacerpolitico.mx\/wp-content\/uploads\/2022\/04\/0E48BFE9-C342-46DB-A0BC-6D2DC86EECBE.jpeg",1024,831,false],"covernews-medium":["https:\/\/quehacerpolitico.mx\/wp-content\/uploads\/2022\/04\/0E48BFE9-C342-46DB-A0BC-6D2DC86EECBE.jpeg",419,340,false]},"author_info":{"display_name":"Redacci\u00f3n QP","author_link":"https:\/\/quehacerpolitico.mx\/?author=2"},"category_info":"<a href=\"https:\/\/quehacerpolitico.mx\/?cat=2\" rel=\"category\">Noticias<\/a>","tag_info":"Noticias","comment_count":"0","_links":{"self":[{"href":"https:\/\/quehacerpolitico.mx\/index.php?rest_route=\/wp\/v2\/posts\/91565","targetHints":{"allow":["GET"]}}],"collection":[{"href":"https:\/\/quehacerpolitico.mx\/index.php?rest_route=\/wp\/v2\/posts"}],"about":[{"href":"https:\/\/quehacerpolitico.mx\/index.php?rest_route=\/wp\/v2\/types\/post"}],"author":[{"embeddable":true,"href":"https:\/\/quehacerpolitico.mx\/index.php?rest_route=\/wp\/v2\/users\/2"}],"replies":[{"embeddable":true,"href":"https:\/\/quehacerpolitico.mx\/index.php?rest_route=%2Fwp%2Fv2%2Fcomments&post=91565"}],"version-history":[{"count":1,"href":"https:\/\/quehacerpolitico.mx\/index.php?rest_route=\/wp\/v2\/posts\/91565\/revisions"}],"predecessor-version":[{"id":91567,"href":"https:\/\/quehacerpolitico.mx\/index.php?rest_route=\/wp\/v2\/posts\/91565\/revisions\/91567"}],"wp:featuredmedia":[{"embeddable":true,"href":"https:\/\/quehacerpolitico.mx\/index.php?rest_route=\/wp\/v2\/media\/91566"}],"wp:attachment":[{"href":"https:\/\/quehacerpolitico.mx\/index.php?rest_route=%2Fwp%2Fv2%2Fmedia&parent=91565"}],"wp:term":[{"taxonomy":"category","embeddable":true,"href":"https:\/\/quehacerpolitico.mx\/index.php?rest_route=%2Fwp%2Fv2%2Fcategories&post=91565"},{"taxonomy":"post_tag","embeddable":true,"href":"https:\/\/quehacerpolitico.mx\/index.php?rest_route=%2Fwp%2Fv2%2Ftags&post=91565"}],"curies":[{"name":"wp","href":"https:\/\/api.w.org\/{rel}","templated":true}]}}