{"id":91557,"date":"2022-04-09T16:14:22","date_gmt":"2022-04-09T16:14:22","guid":{"rendered":"https:\/\/quehacerpolitico.mx\/?p=91557"},"modified":"2022-04-09T16:14:24","modified_gmt":"2022-04-09T16:14:24","slug":"internacionales-carolina-alonso-romei-boris-johnson-se-reune-con-zelenski-en-kiev-en-una-visita-no-anunciada","status":"publish","type":"post","link":"https:\/\/quehacerpolitico.mx\/?p=91557","title":{"rendered":"Internacionales\/\/\/Carolina Alonso Romei\/\/\/Boris Johnson se re\u00fane con Zelenski en Kiev en una visita no anunciada"},"content":{"rendered":"\n<p>Por Carolina Alonso Romei<\/p>\n\n\n\n<p>Internacionalista <\/p>\n\n\n\n<p>Un portavoz del primer ministro indica que el viaje representa una &#8220;muestra de solidaridad con los ucranianos&#8221;<\/p>\n\n\n\n<p>El primer ministro brit\u00e1nico, Boris Johnson, se ha reunido con el presidente de Ucrania, Volodom\u00edr Zelenski,\u00a0<strong>en una visita a Kiev que no hab\u00eda sido anunciada previamente<\/strong>, seg\u00fan una imagen publicada hoy en Twitter por la Embajada de Ucrania en el Reino Unido.<\/p>\n\n\n\n<figure class=\"wp-block-embed is-type-rich is-provider-twitter wp-block-embed-twitter\"><div class=\"wp-block-embed__wrapper\">\n<blockquote class=\"twitter-tweet\" data-width=\"550\" data-dnt=\"true\"><p lang=\"en\" dir=\"ltr\">Today I met my friend President <a href=\"https:\/\/twitter.com\/ZelenskyyUa?ref_src=twsrc%5Etfw\">@ZelenskyyUa<\/a> in Kyiv as a show of our unwavering support for the people of Ukraine.<br><br>We&#39;re setting out a new package of financial &amp; military aid which is a testament of our commitment to his country&#39;s struggle against Russia\u2019s barbaric campaign. <a href=\"https:\/\/t.co\/KNY0Nm6NQ3\">pic.twitter.com\/KNY0Nm6NQ3<\/a><\/p>&mdash; Boris Johnson (@BorisJohnson) <a href=\"https:\/\/twitter.com\/BorisJohnson\/status\/1512818337415372802?ref_src=twsrc%5Etfw\">April 9, 2022<\/a><\/blockquote><script async src=\"https:\/\/platform.twitter.com\/widgets.js\" charset=\"utf-8\"><\/script>\n<\/div><\/figure>\n\n\n\n<p>La legaci\u00f3n diplom\u00e1tica divulg\u00f3\u00a0<strong>una fotograf\u00eda de ambos l\u00edderes sentados frente a frente en un despacho<\/strong>, junto a las banderas de ambos pa\u00edses, y agreg\u00f3 en su mensaje la palabra: &#8220;Sorpresa&#8221;.<\/p>\n\n\n\n<p>Downing Street, despacho oficial de Johnosn,\u00a0<strong>confirm\u00f3 poco despu\u00e9s el encuentro en la capital ucraniana<\/strong>, un d\u00eda despu\u00e9s de que el Reino Unido anunciara el env\u00edo de nuevo material militar por valor de 100 millones de libras (120 millones de euros).<\/p>\n\n\n\n<figure class=\"wp-block-embed is-type-video is-provider-youtube wp-block-embed-youtube wp-embed-aspect-16-9 wp-has-aspect-ratio\"><div class=\"wp-block-embed__wrapper\">\n<iframe loading=\"lazy\" title=\"Russia-Ukraine War News: What Is Expected From UK PM Boris Johnson&#039;s Surprise Visit To Kyiv?\" width=\"640\" height=\"360\" src=\"https:\/\/www.youtube.com\/embed\/tYwdTzZ5-aM?feature=oembed\" frameborder=\"0\" allow=\"accelerometer; autoplay; clipboard-write; encrypted-media; gyroscope; picture-in-picture; web-share\" referrerpolicy=\"strict-origin-when-cross-origin\" allowfullscreen><\/iframe>\n<\/div><\/figure>\n\n\n\n<p>Un portavoz del primer ministro indic\u00f3 que el viaje representa&nbsp;<strong>una &#8220;muestra de solidaridad con los ucranianos&#8221;<\/strong>&nbsp;y que los dos mandatarios se han citado para abordar &#8220;el respaldo (brit\u00e1nico) a Ucrania a largo plazo&#8221;.&nbsp;<\/p>\n\n\n\n<p>Entre otras cuestiones, Johnson expondr\u00e1 a Zelenski el &#8220;nuevo paquete de ayuda financiera y militar&#8221; que le ofrece el Reino Unido para que su pa\u00eds contin\u00fae haciendo frente a los ataques rusos.<\/p>\n\n\n\n<figure class=\"wp-block-image size-large\"><img loading=\"lazy\" decoding=\"async\" width=\"1024\" height=\"576\" src=\"https:\/\/quehacerpolitico.mx\/wp-content\/uploads\/2022\/04\/image-34-1024x576.jpeg\" alt=\"\" class=\"wp-image-91560\" srcset=\"https:\/\/quehacerpolitico.mx\/wp-content\/uploads\/2022\/04\/image-34-1024x576.jpeg 1024w, https:\/\/quehacerpolitico.mx\/wp-content\/uploads\/2022\/04\/image-34-300x169.jpeg 300w, https:\/\/quehacerpolitico.mx\/wp-content\/uploads\/2022\/04\/image-34-768x432.jpeg 768w, https:\/\/quehacerpolitico.mx\/wp-content\/uploads\/2022\/04\/image-34-260x146.jpeg 260w, https:\/\/quehacerpolitico.mx\/wp-content\/uploads\/2022\/04\/image-34-50x28.jpeg 50w, https:\/\/quehacerpolitico.mx\/wp-content\/uploads\/2022\/04\/image-34-133x75.jpeg 133w, https:\/\/quehacerpolitico.mx\/wp-content\/uploads\/2022\/04\/image-34.jpeg 1152w\" sizes=\"auto, (max-width: 1024px) 100vw, 1024px\" \/><\/figure>\n\n\n\n<figure class=\"wp-block-image size-full\"><img loading=\"lazy\" decoding=\"async\" width=\"739\" height=\"415\" src=\"https:\/\/quehacerpolitico.mx\/wp-content\/uploads\/2022\/04\/image-33.jpeg\" alt=\"\" class=\"wp-image-91559\" srcset=\"https:\/\/quehacerpolitico.mx\/wp-content\/uploads\/2022\/04\/image-33.jpeg 739w, https:\/\/quehacerpolitico.mx\/wp-content\/uploads\/2022\/04\/image-33-300x168.jpeg 300w, https:\/\/quehacerpolitico.mx\/wp-content\/uploads\/2022\/04\/image-33-260x146.jpeg 260w, https:\/\/quehacerpolitico.mx\/wp-content\/uploads\/2022\/04\/image-33-50x28.jpeg 50w, https:\/\/quehacerpolitico.mx\/wp-content\/uploads\/2022\/04\/image-33-134x75.jpeg 134w\" sizes=\"auto, (max-width: 739px) 100vw, 739px\" \/><\/figure>\n\n\n\n<p>El jefe de Gobierno brit\u00e1nico hab\u00eda estado por \u00faltima vez en Kiev el pasado 2 de febrero, semanas antes de que comenzara la invasi\u00f3n rusa, cuando ofreci\u00f3 una rueda de prensa conjunta con Zelenski.<\/p>\n\n\n\n<p>Esta semana, una delegaci\u00f3n del Ejecutivo ucraniano y altos cargos de su ej\u00e9rcito asistieron a demostraciones armament\u00edsticas en un campo de entrenamiento del suroeste de Inglaterra, donde las fuerzas armadas brit\u00e1nicas les mostraron en funcionamiento veh\u00edculos blindados, defensas antia\u00e9reas y otros equipos.<\/p>\n\n\n\n<p>Con informaci\u00f3n de EFE<\/p>\n","protected":false},"excerpt":{"rendered":"<p>Por Carolina Alonso Romei Internacionalista Un portavoz del primer ministro indica que el viaje representa&#8230;<\/p>\n","protected":false},"author":2,"featured_media":91558,"comment_status":"open","ping_status":"open","sticky":false,"template":"","format":"standard","meta":{"_monsterinsights_skip_tracking":false,"_monsterinsights_sitenote_active":false,"_monsterinsights_sitenote_note":"","_monsterinsights_sitenote_category":0,"footnotes":""},"categories":[1],"tags":[],"class_list":["post-91557","post","type-post","status-publish","format-standard","has-post-thumbnail","hentry","category-sin-categoria"],"yoast_head":"<!-- This site is optimized with the Yoast SEO plugin v27.3 - https:\/\/yoast.com\/product\/yoast-seo-wordpress\/ -->\n<title>Internacionales\/\/\/Carolina Alonso Romei\/\/\/Boris Johnson se re\u00fane con Zelenski en Kiev en una visita no anunciada -<\/title>\n<meta name=\"robots\" content=\"index, follow, max-snippet:-1, max-image-preview:large, max-video-preview:-1\" \/>\n<link rel=\"canonical\" href=\"https:\/\/quehacerpolitico.mx\/?p=91557\" \/>\n<meta property=\"og:locale\" content=\"es_MX\" \/>\n<meta property=\"og:type\" content=\"article\" \/>\n<meta property=\"og:title\" content=\"Internacionales\/\/\/Carolina Alonso Romei\/\/\/Boris Johnson se re\u00fane con Zelenski en Kiev en una visita no anunciada -\" \/>\n<meta property=\"og:description\" content=\"Por Carolina Alonso Romei Internacionalista Un portavoz del primer ministro indica que el viaje representa...\" \/>\n<meta property=\"og:url\" content=\"https:\/\/quehacerpolitico.mx\/?p=91557\" \/>\n<meta property=\"article:published_time\" content=\"2022-04-09T16:14:22+00:00\" \/>\n<meta property=\"article:modified_time\" content=\"2022-04-09T16:14:24+00:00\" \/>\n<meta property=\"og:image\" content=\"https:\/\/quehacerpolitico.mx\/wp-content\/uploads\/2022\/04\/CA6B70B9-1EFF-4906-AAC0-C7BC5FB4F9A2.jpeg\" \/>\n\t<meta property=\"og:image:width\" content=\"2048\" \/>\n\t<meta property=\"og:image:height\" content=\"1365\" \/>\n\t<meta property=\"og:image:type\" content=\"image\/jpeg\" \/>\n<meta name=\"author\" content=\"Redacci\u00f3n QP\" \/>\n<meta name=\"twitter:card\" content=\"summary_large_image\" \/>\n<meta name=\"twitter:label1\" content=\"Escrito por\" \/>\n\t<meta name=\"twitter:data1\" content=\"Redacci\u00f3n QP\" \/>\n\t<meta name=\"twitter:label2\" content=\"Tiempo de lectura\" \/>\n\t<meta name=\"twitter:data2\" content=\"2 minutos\" \/>\n<script type=\"application\/ld+json\" class=\"yoast-schema-graph\">{\"@context\":\"https:\\\/\\\/schema.org\",\"@graph\":[{\"@type\":\"Article\",\"@id\":\"https:\\\/\\\/quehacerpolitico.mx\\\/?p=91557#article\",\"isPartOf\":{\"@id\":\"https:\\\/\\\/quehacerpolitico.mx\\\/?p=91557\"},\"author\":{\"name\":\"Redacci\u00f3n QP\",\"@id\":\"https:\\\/\\\/quehacerpolitico.mx\\\/#\\\/schema\\\/person\\\/496d8ad2d1d3f8036101dca7ee39e585\"},\"headline\":\"Internacionales\\\/\\\/\\\/Carolina Alonso Romei\\\/\\\/\\\/Boris Johnson se re\u00fane con Zelenski en Kiev en una visita no anunciada\",\"datePublished\":\"2022-04-09T16:14:22+00:00\",\"dateModified\":\"2022-04-09T16:14:24+00:00\",\"mainEntityOfPage\":{\"@id\":\"https:\\\/\\\/quehacerpolitico.mx\\\/?p=91557\"},\"wordCount\":345,\"commentCount\":0,\"image\":{\"@id\":\"https:\\\/\\\/quehacerpolitico.mx\\\/?p=91557#primaryimage\"},\"thumbnailUrl\":\"https:\\\/\\\/quehacerpolitico.mx\\\/wp-content\\\/uploads\\\/2022\\\/04\\\/CA6B70B9-1EFF-4906-AAC0-C7BC5FB4F9A2.jpeg\",\"articleSection\":[\"Internacionales\"],\"inLanguage\":\"es\",\"potentialAction\":[{\"@type\":\"CommentAction\",\"name\":\"Comment\",\"target\":[\"https:\\\/\\\/quehacerpolitico.mx\\\/?p=91557#respond\"]}]},{\"@type\":\"WebPage\",\"@id\":\"https:\\\/\\\/quehacerpolitico.mx\\\/?p=91557\",\"url\":\"https:\\\/\\\/quehacerpolitico.mx\\\/?p=91557\",\"name\":\"Internacionales\\\/\\\/\\\/Carolina Alonso Romei\\\/\\\/\\\/Boris Johnson se re\u00fane con Zelenski en Kiev en una visita no anunciada -\",\"isPartOf\":{\"@id\":\"https:\\\/\\\/quehacerpolitico.mx\\\/#website\"},\"primaryImageOfPage\":{\"@id\":\"https:\\\/\\\/quehacerpolitico.mx\\\/?p=91557#primaryimage\"},\"image\":{\"@id\":\"https:\\\/\\\/quehacerpolitico.mx\\\/?p=91557#primaryimage\"},\"thumbnailUrl\":\"https:\\\/\\\/quehacerpolitico.mx\\\/wp-content\\\/uploads\\\/2022\\\/04\\\/CA6B70B9-1EFF-4906-AAC0-C7BC5FB4F9A2.jpeg\",\"datePublished\":\"2022-04-09T16:14:22+00:00\",\"dateModified\":\"2022-04-09T16:14:24+00:00\",\"author\":{\"@id\":\"https:\\\/\\\/quehacerpolitico.mx\\\/#\\\/schema\\\/person\\\/496d8ad2d1d3f8036101dca7ee39e585\"},\"breadcrumb\":{\"@id\":\"https:\\\/\\\/quehacerpolitico.mx\\\/?p=91557#breadcrumb\"},\"inLanguage\":\"es\",\"potentialAction\":[{\"@type\":\"ReadAction\",\"target\":[\"https:\\\/\\\/quehacerpolitico.mx\\\/?p=91557\"]}]},{\"@type\":\"ImageObject\",\"inLanguage\":\"es\",\"@id\":\"https:\\\/\\\/quehacerpolitico.mx\\\/?p=91557#primaryimage\",\"url\":\"https:\\\/\\\/quehacerpolitico.mx\\\/wp-content\\\/uploads\\\/2022\\\/04\\\/CA6B70B9-1EFF-4906-AAC0-C7BC5FB4F9A2.jpeg\",\"contentUrl\":\"https:\\\/\\\/quehacerpolitico.mx\\\/wp-content\\\/uploads\\\/2022\\\/04\\\/CA6B70B9-1EFF-4906-AAC0-C7BC5FB4F9A2.jpeg\",\"width\":2048,\"height\":1365},{\"@type\":\"BreadcrumbList\",\"@id\":\"https:\\\/\\\/quehacerpolitico.mx\\\/?p=91557#breadcrumb\",\"itemListElement\":[{\"@type\":\"ListItem\",\"position\":1,\"name\":\"Inicio\",\"item\":\"https:\\\/\\\/quehacerpolitico.mx\\\/\"},{\"@type\":\"ListItem\",\"position\":2,\"name\":\"Internacionales\\\/\\\/\\\/Carolina Alonso Romei\\\/\\\/\\\/Boris Johnson se re\u00fane con Zelenski en Kiev en una visita no anunciada\"}]},{\"@type\":\"WebSite\",\"@id\":\"https:\\\/\\\/quehacerpolitico.mx\\\/#website\",\"url\":\"https:\\\/\\\/quehacerpolitico.mx\\\/\",\"name\":\"\",\"description\":\"\",\"potentialAction\":[{\"@type\":\"SearchAction\",\"target\":{\"@type\":\"EntryPoint\",\"urlTemplate\":\"https:\\\/\\\/quehacerpolitico.mx\\\/?s={search_term_string}\"},\"query-input\":{\"@type\":\"PropertyValueSpecification\",\"valueRequired\":true,\"valueName\":\"search_term_string\"}}],\"inLanguage\":\"es\"},{\"@type\":\"Person\",\"@id\":\"https:\\\/\\\/quehacerpolitico.mx\\\/#\\\/schema\\\/person\\\/496d8ad2d1d3f8036101dca7ee39e585\",\"name\":\"Redacci\u00f3n QP\",\"image\":{\"@type\":\"ImageObject\",\"inLanguage\":\"es\",\"@id\":\"https:\\\/\\\/secure.gravatar.com\\\/avatar\\\/c7164ed6fdec453195284ad24a5ae5b6e1eed2b848477fa2a4787ba9adf39a41?s=96&d=mm&r=g\",\"url\":\"https:\\\/\\\/secure.gravatar.com\\\/avatar\\\/c7164ed6fdec453195284ad24a5ae5b6e1eed2b848477fa2a4787ba9adf39a41?s=96&d=mm&r=g\",\"contentUrl\":\"https:\\\/\\\/secure.gravatar.com\\\/avatar\\\/c7164ed6fdec453195284ad24a5ae5b6e1eed2b848477fa2a4787ba9adf39a41?s=96&d=mm&r=g\",\"caption\":\"Redacci\u00f3n QP\"},\"url\":\"https:\\\/\\\/quehacerpolitico.mx\\\/?author=2\"}]}<\/script>\n<!-- \/ Yoast SEO plugin. -->","yoast_head_json":{"title":"Internacionales\/\/\/Carolina Alonso Romei\/\/\/Boris Johnson se re\u00fane con Zelenski en Kiev en una visita no anunciada -","robots":{"index":"index","follow":"follow","max-snippet":"max-snippet:-1","max-image-preview":"max-image-preview:large","max-video-preview":"max-video-preview:-1"},"canonical":"https:\/\/quehacerpolitico.mx\/?p=91557","og_locale":"es_MX","og_type":"article","og_title":"Internacionales\/\/\/Carolina Alonso Romei\/\/\/Boris Johnson se re\u00fane con Zelenski en Kiev en una visita no anunciada -","og_description":"Por Carolina Alonso Romei Internacionalista Un portavoz del primer ministro indica que el viaje representa...","og_url":"https:\/\/quehacerpolitico.mx\/?p=91557","article_published_time":"2022-04-09T16:14:22+00:00","article_modified_time":"2022-04-09T16:14:24+00:00","og_image":[{"width":2048,"height":1365,"url":"https:\/\/quehacerpolitico.mx\/wp-content\/uploads\/2022\/04\/CA6B70B9-1EFF-4906-AAC0-C7BC5FB4F9A2.jpeg","type":"image\/jpeg"}],"author":"Redacci\u00f3n QP","twitter_card":"summary_large_image","twitter_misc":{"Escrito por":"Redacci\u00f3n QP","Tiempo de lectura":"2 minutos"},"schema":{"@context":"https:\/\/schema.org","@graph":[{"@type":"Article","@id":"https:\/\/quehacerpolitico.mx\/?p=91557#article","isPartOf":{"@id":"https:\/\/quehacerpolitico.mx\/?p=91557"},"author":{"name":"Redacci\u00f3n QP","@id":"https:\/\/quehacerpolitico.mx\/#\/schema\/person\/496d8ad2d1d3f8036101dca7ee39e585"},"headline":"Internacionales\/\/\/Carolina Alonso Romei\/\/\/Boris Johnson se re\u00fane con Zelenski en Kiev en una visita no anunciada","datePublished":"2022-04-09T16:14:22+00:00","dateModified":"2022-04-09T16:14:24+00:00","mainEntityOfPage":{"@id":"https:\/\/quehacerpolitico.mx\/?p=91557"},"wordCount":345,"commentCount":0,"image":{"@id":"https:\/\/quehacerpolitico.mx\/?p=91557#primaryimage"},"thumbnailUrl":"https:\/\/quehacerpolitico.mx\/wp-content\/uploads\/2022\/04\/CA6B70B9-1EFF-4906-AAC0-C7BC5FB4F9A2.jpeg","articleSection":["Internacionales"],"inLanguage":"es","potentialAction":[{"@type":"CommentAction","name":"Comment","target":["https:\/\/quehacerpolitico.mx\/?p=91557#respond"]}]},{"@type":"WebPage","@id":"https:\/\/quehacerpolitico.mx\/?p=91557","url":"https:\/\/quehacerpolitico.mx\/?p=91557","name":"Internacionales\/\/\/Carolina Alonso Romei\/\/\/Boris Johnson se re\u00fane con Zelenski en Kiev en una visita no anunciada -","isPartOf":{"@id":"https:\/\/quehacerpolitico.mx\/#website"},"primaryImageOfPage":{"@id":"https:\/\/quehacerpolitico.mx\/?p=91557#primaryimage"},"image":{"@id":"https:\/\/quehacerpolitico.mx\/?p=91557#primaryimage"},"thumbnailUrl":"https:\/\/quehacerpolitico.mx\/wp-content\/uploads\/2022\/04\/CA6B70B9-1EFF-4906-AAC0-C7BC5FB4F9A2.jpeg","datePublished":"2022-04-09T16:14:22+00:00","dateModified":"2022-04-09T16:14:24+00:00","author":{"@id":"https:\/\/quehacerpolitico.mx\/#\/schema\/person\/496d8ad2d1d3f8036101dca7ee39e585"},"breadcrumb":{"@id":"https:\/\/quehacerpolitico.mx\/?p=91557#breadcrumb"},"inLanguage":"es","potentialAction":[{"@type":"ReadAction","target":["https:\/\/quehacerpolitico.mx\/?p=91557"]}]},{"@type":"ImageObject","inLanguage":"es","@id":"https:\/\/quehacerpolitico.mx\/?p=91557#primaryimage","url":"https:\/\/quehacerpolitico.mx\/wp-content\/uploads\/2022\/04\/CA6B70B9-1EFF-4906-AAC0-C7BC5FB4F9A2.jpeg","contentUrl":"https:\/\/quehacerpolitico.mx\/wp-content\/uploads\/2022\/04\/CA6B70B9-1EFF-4906-AAC0-C7BC5FB4F9A2.jpeg","width":2048,"height":1365},{"@type":"BreadcrumbList","@id":"https:\/\/quehacerpolitico.mx\/?p=91557#breadcrumb","itemListElement":[{"@type":"ListItem","position":1,"name":"Inicio","item":"https:\/\/quehacerpolitico.mx\/"},{"@type":"ListItem","position":2,"name":"Internacionales\/\/\/Carolina Alonso Romei\/\/\/Boris Johnson se re\u00fane con Zelenski en Kiev en una visita no anunciada"}]},{"@type":"WebSite","@id":"https:\/\/quehacerpolitico.mx\/#website","url":"https:\/\/quehacerpolitico.mx\/","name":"","description":"","potentialAction":[{"@type":"SearchAction","target":{"@type":"EntryPoint","urlTemplate":"https:\/\/quehacerpolitico.mx\/?s={search_term_string}"},"query-input":{"@type":"PropertyValueSpecification","valueRequired":true,"valueName":"search_term_string"}}],"inLanguage":"es"},{"@type":"Person","@id":"https:\/\/quehacerpolitico.mx\/#\/schema\/person\/496d8ad2d1d3f8036101dca7ee39e585","name":"Redacci\u00f3n QP","image":{"@type":"ImageObject","inLanguage":"es","@id":"https:\/\/secure.gravatar.com\/avatar\/c7164ed6fdec453195284ad24a5ae5b6e1eed2b848477fa2a4787ba9adf39a41?s=96&d=mm&r=g","url":"https:\/\/secure.gravatar.com\/avatar\/c7164ed6fdec453195284ad24a5ae5b6e1eed2b848477fa2a4787ba9adf39a41?s=96&d=mm&r=g","contentUrl":"https:\/\/secure.gravatar.com\/avatar\/c7164ed6fdec453195284ad24a5ae5b6e1eed2b848477fa2a4787ba9adf39a41?s=96&d=mm&r=g","caption":"Redacci\u00f3n QP"},"url":"https:\/\/quehacerpolitico.mx\/?author=2"}]}},"featured_image_urls":{"full":["https:\/\/quehacerpolitico.mx\/wp-content\/uploads\/2022\/04\/CA6B70B9-1EFF-4906-AAC0-C7BC5FB4F9A2.jpeg",2048,1365,false],"thumbnail":["https:\/\/quehacerpolitico.mx\/wp-content\/uploads\/2022\/04\/CA6B70B9-1EFF-4906-AAC0-C7BC5FB4F9A2-150x150.jpeg",150,150,true],"medium":["https:\/\/quehacerpolitico.mx\/wp-content\/uploads\/2022\/04\/CA6B70B9-1EFF-4906-AAC0-C7BC5FB4F9A2-300x200.jpeg",300,200,true],"medium_large":["https:\/\/quehacerpolitico.mx\/wp-content\/uploads\/2022\/04\/CA6B70B9-1EFF-4906-AAC0-C7BC5FB4F9A2-768x512.jpeg",640,427,true],"large":["https:\/\/quehacerpolitico.mx\/wp-content\/uploads\/2022\/04\/CA6B70B9-1EFF-4906-AAC0-C7BC5FB4F9A2-1024x683.jpeg",640,427,true],"1536x1536":["https:\/\/quehacerpolitico.mx\/wp-content\/uploads\/2022\/04\/CA6B70B9-1EFF-4906-AAC0-C7BC5FB4F9A2-1536x1024.jpeg",1536,1024,true],"2048x2048":["https:\/\/quehacerpolitico.mx\/wp-content\/uploads\/2022\/04\/CA6B70B9-1EFF-4906-AAC0-C7BC5FB4F9A2.jpeg",2048,1365,false],"covernews-featured":["https:\/\/quehacerpolitico.mx\/wp-content\/uploads\/2022\/04\/CA6B70B9-1EFF-4906-AAC0-C7BC5FB4F9A2.jpeg",1024,683,false],"covernews-medium":["https:\/\/quehacerpolitico.mx\/wp-content\/uploads\/2022\/04\/CA6B70B9-1EFF-4906-AAC0-C7BC5FB4F9A2.jpeg",510,340,false]},"author_info":{"display_name":"Redacci\u00f3n QP","author_link":"https:\/\/quehacerpolitico.mx\/?author=2"},"category_info":"<a href=\"https:\/\/quehacerpolitico.mx\/?cat=1\" rel=\"category\">Internacionales<\/a>","tag_info":"Internacionales","comment_count":"0","_links":{"self":[{"href":"https:\/\/quehacerpolitico.mx\/index.php?rest_route=\/wp\/v2\/posts\/91557","targetHints":{"allow":["GET"]}}],"collection":[{"href":"https:\/\/quehacerpolitico.mx\/index.php?rest_route=\/wp\/v2\/posts"}],"about":[{"href":"https:\/\/quehacerpolitico.mx\/index.php?rest_route=\/wp\/v2\/types\/post"}],"author":[{"embeddable":true,"href":"https:\/\/quehacerpolitico.mx\/index.php?rest_route=\/wp\/v2\/users\/2"}],"replies":[{"embeddable":true,"href":"https:\/\/quehacerpolitico.mx\/index.php?rest_route=%2Fwp%2Fv2%2Fcomments&post=91557"}],"version-history":[{"count":1,"href":"https:\/\/quehacerpolitico.mx\/index.php?rest_route=\/wp\/v2\/posts\/91557\/revisions"}],"predecessor-version":[{"id":91561,"href":"https:\/\/quehacerpolitico.mx\/index.php?rest_route=\/wp\/v2\/posts\/91557\/revisions\/91561"}],"wp:featuredmedia":[{"embeddable":true,"href":"https:\/\/quehacerpolitico.mx\/index.php?rest_route=\/wp\/v2\/media\/91558"}],"wp:attachment":[{"href":"https:\/\/quehacerpolitico.mx\/index.php?rest_route=%2Fwp%2Fv2%2Fmedia&parent=91557"}],"wp:term":[{"taxonomy":"category","embeddable":true,"href":"https:\/\/quehacerpolitico.mx\/index.php?rest_route=%2Fwp%2Fv2%2Fcategories&post=91557"},{"taxonomy":"post_tag","embeddable":true,"href":"https:\/\/quehacerpolitico.mx\/index.php?rest_route=%2Fwp%2Fv2%2Ftags&post=91557"}],"curies":[{"name":"wp","href":"https:\/\/api.w.org\/{rel}","templated":true}]}}