{"id":91554,"date":"2022-04-09T15:32:49","date_gmt":"2022-04-09T15:32:49","guid":{"rendered":"https:\/\/quehacerpolitico.mx\/?p=91554"},"modified":"2022-04-09T15:32:53","modified_gmt":"2022-04-09T15:32:53","slug":"gerardo-fernandez-norona-se-lanza-contra-carlos-slim-y-su-fortuna","status":"publish","type":"post","link":"https:\/\/quehacerpolitico.mx\/?p=91554","title":{"rendered":"Gerardo Fern\u00e1ndez Noro\u00f1a se lanza contra Carlos Slim y su fortuna"},"content":{"rendered":"\n<p>Por Redacci\u00f3n QP<\/p>\n\n\n\n<p>El diputado\u00a0Fern\u00e1ndez Noro\u00f1a\u00a0califica\u00a0la fortuna de Slim\u00a0como una muestra de la desigualdad que dejaron las administraciones pasadas<\/p>\n\n\n\n<p>El diputado federal del Partido del Trabajo (PT),\u00a0Gerardo fernandez Noro\u00f1a, critic\u00f3 la fortuna del empresario mexicano Carlos Slim, misma que\u00a0<strong>calific\u00f3 como una muestra de la desigualdad que dejaron las administraciones pasadas<\/strong>.<\/p>\n\n\n\n<p>A trav\u00e9s de su cuenta de Twitter, el legislador escribi\u00f3:\u00a0<strong>&#8220;Que Carlos Slim tenga 80,000 millones de d\u00f3lares de fortuna personal, mientras la mayor\u00eda de los mexicanos carezca hasta de lo m\u00e1s b\u00e1sico, muestra la brutalidad del pa\u00eds que recibimos&#8221;<\/strong>.<\/p>\n\n\n\n<p>Cabe destacar que el pasado 5 de abril, se dio a conocer que Carlos Slim, el magnate de las telecomunicaciones mexicano,\u00a0<strong>contin\u00faa siendo este a\u00f1o la persona m\u00e1s rica de Latinoam\u00e9rica<\/strong>, y se sit\u00faa en el puesto 13 del listado de las mayores fortunas del mundo publicado este martes por la revista Forbes.<\/p>\n\n\n\n<p>Slim, que gana tres puestos con respecto a 2021,&nbsp;<strong>tiene un patrimonio de unos 81 mil 200 millones de d\u00f3lares, seg\u00fan los c\u00e1lculos de Forbes, muy por encima de los 62 mil 800 millones que le atribu\u00eda el a\u00f1o pasado<\/strong>.<\/p>\n\n\n\n<p>El mexicano, de 82 a\u00f1os, se mantiene as\u00ed en la parte alta de la lista, que incluye a un total de 2 mil 668 personas de todo el mundo con fortunas de m\u00e1s de 1 mil millones de d\u00f3lares y que encabeza el estadounidense Elon Musk, con 219 mil millones de d\u00f3lares.<\/p>\n\n\n\n<p>Con informaci\u00f3n de SUN<\/p>\n","protected":false},"excerpt":{"rendered":"<p>Por Redacci\u00f3n QP El diputado\u00a0Fern\u00e1ndez Noro\u00f1a\u00a0califica\u00a0la fortuna de Slim\u00a0como una muestra de la desigualdad que&#8230;<\/p>\n","protected":false},"author":2,"featured_media":91555,"comment_status":"open","ping_status":"open","sticky":false,"template":"","format":"standard","meta":{"_monsterinsights_skip_tracking":false,"_monsterinsights_sitenote_active":false,"_monsterinsights_sitenote_note":"","_monsterinsights_sitenote_category":0,"footnotes":""},"categories":[2],"tags":[],"class_list":["post-91554","post","type-post","status-publish","format-standard","has-post-thumbnail","hentry","category-noticias"],"yoast_head":"<!-- This site is optimized with the Yoast SEO plugin v27.3 - https:\/\/yoast.com\/product\/yoast-seo-wordpress\/ -->\n<title>Gerardo Fern\u00e1ndez Noro\u00f1a se lanza contra Carlos Slim y su fortuna -<\/title>\n<meta name=\"robots\" content=\"index, follow, max-snippet:-1, max-image-preview:large, max-video-preview:-1\" \/>\n<link rel=\"canonical\" href=\"https:\/\/quehacerpolitico.mx\/?p=91554\" \/>\n<meta property=\"og:locale\" content=\"es_MX\" \/>\n<meta property=\"og:type\" content=\"article\" \/>\n<meta property=\"og:title\" content=\"Gerardo Fern\u00e1ndez Noro\u00f1a se lanza contra Carlos Slim y su fortuna -\" \/>\n<meta property=\"og:description\" content=\"Por Redacci\u00f3n QP El diputado\u00a0Fern\u00e1ndez Noro\u00f1a\u00a0califica\u00a0la fortuna de Slim\u00a0como una muestra de la desigualdad que...\" \/>\n<meta property=\"og:url\" content=\"https:\/\/quehacerpolitico.mx\/?p=91554\" \/>\n<meta property=\"article:published_time\" content=\"2022-04-09T15:32:49+00:00\" \/>\n<meta property=\"article:modified_time\" content=\"2022-04-09T15:32:53+00:00\" \/>\n<meta property=\"og:image\" content=\"https:\/\/quehacerpolitico.mx\/wp-content\/uploads\/2022\/04\/6477A723-AFD9-4ECB-B775-401E9A8E6F3C.jpeg\" \/>\n\t<meta property=\"og:image:width\" content=\"769\" \/>\n\t<meta property=\"og:image:height\" content=\"399\" \/>\n\t<meta property=\"og:image:type\" content=\"image\/jpeg\" \/>\n<meta name=\"author\" content=\"Redacci\u00f3n QP\" \/>\n<meta name=\"twitter:card\" content=\"summary_large_image\" \/>\n<meta name=\"twitter:label1\" content=\"Escrito por\" \/>\n\t<meta name=\"twitter:data1\" content=\"Redacci\u00f3n QP\" \/>\n\t<meta name=\"twitter:label2\" content=\"Tiempo de lectura\" \/>\n\t<meta name=\"twitter:data2\" content=\"1 minuto\" \/>\n<script type=\"application\/ld+json\" class=\"yoast-schema-graph\">{\"@context\":\"https:\\\/\\\/schema.org\",\"@graph\":[{\"@type\":\"Article\",\"@id\":\"https:\\\/\\\/quehacerpolitico.mx\\\/?p=91554#article\",\"isPartOf\":{\"@id\":\"https:\\\/\\\/quehacerpolitico.mx\\\/?p=91554\"},\"author\":{\"name\":\"Redacci\u00f3n QP\",\"@id\":\"https:\\\/\\\/quehacerpolitico.mx\\\/#\\\/schema\\\/person\\\/496d8ad2d1d3f8036101dca7ee39e585\"},\"headline\":\"Gerardo Fern\u00e1ndez Noro\u00f1a se lanza contra Carlos Slim y su fortuna\",\"datePublished\":\"2022-04-09T15:32:49+00:00\",\"dateModified\":\"2022-04-09T15:32:53+00:00\",\"mainEntityOfPage\":{\"@id\":\"https:\\\/\\\/quehacerpolitico.mx\\\/?p=91554\"},\"wordCount\":271,\"commentCount\":0,\"image\":{\"@id\":\"https:\\\/\\\/quehacerpolitico.mx\\\/?p=91554#primaryimage\"},\"thumbnailUrl\":\"https:\\\/\\\/quehacerpolitico.mx\\\/wp-content\\\/uploads\\\/2022\\\/04\\\/6477A723-AFD9-4ECB-B775-401E9A8E6F3C.jpeg\",\"articleSection\":[\"Noticias\"],\"inLanguage\":\"es\",\"potentialAction\":[{\"@type\":\"CommentAction\",\"name\":\"Comment\",\"target\":[\"https:\\\/\\\/quehacerpolitico.mx\\\/?p=91554#respond\"]}]},{\"@type\":\"WebPage\",\"@id\":\"https:\\\/\\\/quehacerpolitico.mx\\\/?p=91554\",\"url\":\"https:\\\/\\\/quehacerpolitico.mx\\\/?p=91554\",\"name\":\"Gerardo Fern\u00e1ndez Noro\u00f1a se lanza contra Carlos Slim y su fortuna -\",\"isPartOf\":{\"@id\":\"https:\\\/\\\/quehacerpolitico.mx\\\/#website\"},\"primaryImageOfPage\":{\"@id\":\"https:\\\/\\\/quehacerpolitico.mx\\\/?p=91554#primaryimage\"},\"image\":{\"@id\":\"https:\\\/\\\/quehacerpolitico.mx\\\/?p=91554#primaryimage\"},\"thumbnailUrl\":\"https:\\\/\\\/quehacerpolitico.mx\\\/wp-content\\\/uploads\\\/2022\\\/04\\\/6477A723-AFD9-4ECB-B775-401E9A8E6F3C.jpeg\",\"datePublished\":\"2022-04-09T15:32:49+00:00\",\"dateModified\":\"2022-04-09T15:32:53+00:00\",\"author\":{\"@id\":\"https:\\\/\\\/quehacerpolitico.mx\\\/#\\\/schema\\\/person\\\/496d8ad2d1d3f8036101dca7ee39e585\"},\"breadcrumb\":{\"@id\":\"https:\\\/\\\/quehacerpolitico.mx\\\/?p=91554#breadcrumb\"},\"inLanguage\":\"es\",\"potentialAction\":[{\"@type\":\"ReadAction\",\"target\":[\"https:\\\/\\\/quehacerpolitico.mx\\\/?p=91554\"]}]},{\"@type\":\"ImageObject\",\"inLanguage\":\"es\",\"@id\":\"https:\\\/\\\/quehacerpolitico.mx\\\/?p=91554#primaryimage\",\"url\":\"https:\\\/\\\/quehacerpolitico.mx\\\/wp-content\\\/uploads\\\/2022\\\/04\\\/6477A723-AFD9-4ECB-B775-401E9A8E6F3C.jpeg\",\"contentUrl\":\"https:\\\/\\\/quehacerpolitico.mx\\\/wp-content\\\/uploads\\\/2022\\\/04\\\/6477A723-AFD9-4ECB-B775-401E9A8E6F3C.jpeg\",\"width\":769,\"height\":399},{\"@type\":\"BreadcrumbList\",\"@id\":\"https:\\\/\\\/quehacerpolitico.mx\\\/?p=91554#breadcrumb\",\"itemListElement\":[{\"@type\":\"ListItem\",\"position\":1,\"name\":\"Inicio\",\"item\":\"https:\\\/\\\/quehacerpolitico.mx\\\/\"},{\"@type\":\"ListItem\",\"position\":2,\"name\":\"Gerardo Fern\u00e1ndez Noro\u00f1a se lanza contra Carlos Slim y su fortuna\"}]},{\"@type\":\"WebSite\",\"@id\":\"https:\\\/\\\/quehacerpolitico.mx\\\/#website\",\"url\":\"https:\\\/\\\/quehacerpolitico.mx\\\/\",\"name\":\"\",\"description\":\"\",\"potentialAction\":[{\"@type\":\"SearchAction\",\"target\":{\"@type\":\"EntryPoint\",\"urlTemplate\":\"https:\\\/\\\/quehacerpolitico.mx\\\/?s={search_term_string}\"},\"query-input\":{\"@type\":\"PropertyValueSpecification\",\"valueRequired\":true,\"valueName\":\"search_term_string\"}}],\"inLanguage\":\"es\"},{\"@type\":\"Person\",\"@id\":\"https:\\\/\\\/quehacerpolitico.mx\\\/#\\\/schema\\\/person\\\/496d8ad2d1d3f8036101dca7ee39e585\",\"name\":\"Redacci\u00f3n QP\",\"image\":{\"@type\":\"ImageObject\",\"inLanguage\":\"es\",\"@id\":\"https:\\\/\\\/secure.gravatar.com\\\/avatar\\\/c7164ed6fdec453195284ad24a5ae5b6e1eed2b848477fa2a4787ba9adf39a41?s=96&d=mm&r=g\",\"url\":\"https:\\\/\\\/secure.gravatar.com\\\/avatar\\\/c7164ed6fdec453195284ad24a5ae5b6e1eed2b848477fa2a4787ba9adf39a41?s=96&d=mm&r=g\",\"contentUrl\":\"https:\\\/\\\/secure.gravatar.com\\\/avatar\\\/c7164ed6fdec453195284ad24a5ae5b6e1eed2b848477fa2a4787ba9adf39a41?s=96&d=mm&r=g\",\"caption\":\"Redacci\u00f3n QP\"},\"url\":\"https:\\\/\\\/quehacerpolitico.mx\\\/?author=2\"}]}<\/script>\n<!-- \/ Yoast SEO plugin. -->","yoast_head_json":{"title":"Gerardo Fern\u00e1ndez Noro\u00f1a se lanza contra Carlos Slim y su fortuna -","robots":{"index":"index","follow":"follow","max-snippet":"max-snippet:-1","max-image-preview":"max-image-preview:large","max-video-preview":"max-video-preview:-1"},"canonical":"https:\/\/quehacerpolitico.mx\/?p=91554","og_locale":"es_MX","og_type":"article","og_title":"Gerardo Fern\u00e1ndez Noro\u00f1a se lanza contra Carlos Slim y su fortuna -","og_description":"Por Redacci\u00f3n QP El diputado\u00a0Fern\u00e1ndez Noro\u00f1a\u00a0califica\u00a0la fortuna de Slim\u00a0como una muestra de la desigualdad que...","og_url":"https:\/\/quehacerpolitico.mx\/?p=91554","article_published_time":"2022-04-09T15:32:49+00:00","article_modified_time":"2022-04-09T15:32:53+00:00","og_image":[{"width":769,"height":399,"url":"https:\/\/quehacerpolitico.mx\/wp-content\/uploads\/2022\/04\/6477A723-AFD9-4ECB-B775-401E9A8E6F3C.jpeg","type":"image\/jpeg"}],"author":"Redacci\u00f3n QP","twitter_card":"summary_large_image","twitter_misc":{"Escrito por":"Redacci\u00f3n QP","Tiempo de lectura":"1 minuto"},"schema":{"@context":"https:\/\/schema.org","@graph":[{"@type":"Article","@id":"https:\/\/quehacerpolitico.mx\/?p=91554#article","isPartOf":{"@id":"https:\/\/quehacerpolitico.mx\/?p=91554"},"author":{"name":"Redacci\u00f3n QP","@id":"https:\/\/quehacerpolitico.mx\/#\/schema\/person\/496d8ad2d1d3f8036101dca7ee39e585"},"headline":"Gerardo Fern\u00e1ndez Noro\u00f1a se lanza contra Carlos Slim y su fortuna","datePublished":"2022-04-09T15:32:49+00:00","dateModified":"2022-04-09T15:32:53+00:00","mainEntityOfPage":{"@id":"https:\/\/quehacerpolitico.mx\/?p=91554"},"wordCount":271,"commentCount":0,"image":{"@id":"https:\/\/quehacerpolitico.mx\/?p=91554#primaryimage"},"thumbnailUrl":"https:\/\/quehacerpolitico.mx\/wp-content\/uploads\/2022\/04\/6477A723-AFD9-4ECB-B775-401E9A8E6F3C.jpeg","articleSection":["Noticias"],"inLanguage":"es","potentialAction":[{"@type":"CommentAction","name":"Comment","target":["https:\/\/quehacerpolitico.mx\/?p=91554#respond"]}]},{"@type":"WebPage","@id":"https:\/\/quehacerpolitico.mx\/?p=91554","url":"https:\/\/quehacerpolitico.mx\/?p=91554","name":"Gerardo Fern\u00e1ndez Noro\u00f1a se lanza contra Carlos Slim y su fortuna -","isPartOf":{"@id":"https:\/\/quehacerpolitico.mx\/#website"},"primaryImageOfPage":{"@id":"https:\/\/quehacerpolitico.mx\/?p=91554#primaryimage"},"image":{"@id":"https:\/\/quehacerpolitico.mx\/?p=91554#primaryimage"},"thumbnailUrl":"https:\/\/quehacerpolitico.mx\/wp-content\/uploads\/2022\/04\/6477A723-AFD9-4ECB-B775-401E9A8E6F3C.jpeg","datePublished":"2022-04-09T15:32:49+00:00","dateModified":"2022-04-09T15:32:53+00:00","author":{"@id":"https:\/\/quehacerpolitico.mx\/#\/schema\/person\/496d8ad2d1d3f8036101dca7ee39e585"},"breadcrumb":{"@id":"https:\/\/quehacerpolitico.mx\/?p=91554#breadcrumb"},"inLanguage":"es","potentialAction":[{"@type":"ReadAction","target":["https:\/\/quehacerpolitico.mx\/?p=91554"]}]},{"@type":"ImageObject","inLanguage":"es","@id":"https:\/\/quehacerpolitico.mx\/?p=91554#primaryimage","url":"https:\/\/quehacerpolitico.mx\/wp-content\/uploads\/2022\/04\/6477A723-AFD9-4ECB-B775-401E9A8E6F3C.jpeg","contentUrl":"https:\/\/quehacerpolitico.mx\/wp-content\/uploads\/2022\/04\/6477A723-AFD9-4ECB-B775-401E9A8E6F3C.jpeg","width":769,"height":399},{"@type":"BreadcrumbList","@id":"https:\/\/quehacerpolitico.mx\/?p=91554#breadcrumb","itemListElement":[{"@type":"ListItem","position":1,"name":"Inicio","item":"https:\/\/quehacerpolitico.mx\/"},{"@type":"ListItem","position":2,"name":"Gerardo Fern\u00e1ndez Noro\u00f1a se lanza contra Carlos Slim y su fortuna"}]},{"@type":"WebSite","@id":"https:\/\/quehacerpolitico.mx\/#website","url":"https:\/\/quehacerpolitico.mx\/","name":"","description":"","potentialAction":[{"@type":"SearchAction","target":{"@type":"EntryPoint","urlTemplate":"https:\/\/quehacerpolitico.mx\/?s={search_term_string}"},"query-input":{"@type":"PropertyValueSpecification","valueRequired":true,"valueName":"search_term_string"}}],"inLanguage":"es"},{"@type":"Person","@id":"https:\/\/quehacerpolitico.mx\/#\/schema\/person\/496d8ad2d1d3f8036101dca7ee39e585","name":"Redacci\u00f3n QP","image":{"@type":"ImageObject","inLanguage":"es","@id":"https:\/\/secure.gravatar.com\/avatar\/c7164ed6fdec453195284ad24a5ae5b6e1eed2b848477fa2a4787ba9adf39a41?s=96&d=mm&r=g","url":"https:\/\/secure.gravatar.com\/avatar\/c7164ed6fdec453195284ad24a5ae5b6e1eed2b848477fa2a4787ba9adf39a41?s=96&d=mm&r=g","contentUrl":"https:\/\/secure.gravatar.com\/avatar\/c7164ed6fdec453195284ad24a5ae5b6e1eed2b848477fa2a4787ba9adf39a41?s=96&d=mm&r=g","caption":"Redacci\u00f3n QP"},"url":"https:\/\/quehacerpolitico.mx\/?author=2"}]}},"featured_image_urls":{"full":["https:\/\/quehacerpolitico.mx\/wp-content\/uploads\/2022\/04\/6477A723-AFD9-4ECB-B775-401E9A8E6F3C.jpeg",769,399,false],"thumbnail":["https:\/\/quehacerpolitico.mx\/wp-content\/uploads\/2022\/04\/6477A723-AFD9-4ECB-B775-401E9A8E6F3C-150x150.jpeg",150,150,true],"medium":["https:\/\/quehacerpolitico.mx\/wp-content\/uploads\/2022\/04\/6477A723-AFD9-4ECB-B775-401E9A8E6F3C-300x156.jpeg",300,156,true],"medium_large":["https:\/\/quehacerpolitico.mx\/wp-content\/uploads\/2022\/04\/6477A723-AFD9-4ECB-B775-401E9A8E6F3C.jpeg",640,332,false],"large":["https:\/\/quehacerpolitico.mx\/wp-content\/uploads\/2022\/04\/6477A723-AFD9-4ECB-B775-401E9A8E6F3C.jpeg",640,332,false],"1536x1536":["https:\/\/quehacerpolitico.mx\/wp-content\/uploads\/2022\/04\/6477A723-AFD9-4ECB-B775-401E9A8E6F3C.jpeg",769,399,false],"2048x2048":["https:\/\/quehacerpolitico.mx\/wp-content\/uploads\/2022\/04\/6477A723-AFD9-4ECB-B775-401E9A8E6F3C.jpeg",769,399,false],"covernews-featured":["https:\/\/quehacerpolitico.mx\/wp-content\/uploads\/2022\/04\/6477A723-AFD9-4ECB-B775-401E9A8E6F3C.jpeg",769,399,false],"covernews-medium":["https:\/\/quehacerpolitico.mx\/wp-content\/uploads\/2022\/04\/6477A723-AFD9-4ECB-B775-401E9A8E6F3C.jpeg",540,280,false]},"author_info":{"display_name":"Redacci\u00f3n QP","author_link":"https:\/\/quehacerpolitico.mx\/?author=2"},"category_info":"<a href=\"https:\/\/quehacerpolitico.mx\/?cat=2\" rel=\"category\">Noticias<\/a>","tag_info":"Noticias","comment_count":"0","_links":{"self":[{"href":"https:\/\/quehacerpolitico.mx\/index.php?rest_route=\/wp\/v2\/posts\/91554","targetHints":{"allow":["GET"]}}],"collection":[{"href":"https:\/\/quehacerpolitico.mx\/index.php?rest_route=\/wp\/v2\/posts"}],"about":[{"href":"https:\/\/quehacerpolitico.mx\/index.php?rest_route=\/wp\/v2\/types\/post"}],"author":[{"embeddable":true,"href":"https:\/\/quehacerpolitico.mx\/index.php?rest_route=\/wp\/v2\/users\/2"}],"replies":[{"embeddable":true,"href":"https:\/\/quehacerpolitico.mx\/index.php?rest_route=%2Fwp%2Fv2%2Fcomments&post=91554"}],"version-history":[{"count":1,"href":"https:\/\/quehacerpolitico.mx\/index.php?rest_route=\/wp\/v2\/posts\/91554\/revisions"}],"predecessor-version":[{"id":91556,"href":"https:\/\/quehacerpolitico.mx\/index.php?rest_route=\/wp\/v2\/posts\/91554\/revisions\/91556"}],"wp:featuredmedia":[{"embeddable":true,"href":"https:\/\/quehacerpolitico.mx\/index.php?rest_route=\/wp\/v2\/media\/91555"}],"wp:attachment":[{"href":"https:\/\/quehacerpolitico.mx\/index.php?rest_route=%2Fwp%2Fv2%2Fmedia&parent=91554"}],"wp:term":[{"taxonomy":"category","embeddable":true,"href":"https:\/\/quehacerpolitico.mx\/index.php?rest_route=%2Fwp%2Fv2%2Fcategories&post=91554"},{"taxonomy":"post_tag","embeddable":true,"href":"https:\/\/quehacerpolitico.mx\/index.php?rest_route=%2Fwp%2Fv2%2Ftags&post=91554"}],"curies":[{"name":"wp","href":"https:\/\/api.w.org\/{rel}","templated":true}]}}