{"id":91548,"date":"2022-04-08T23:16:53","date_gmt":"2022-04-08T23:16:53","guid":{"rendered":"https:\/\/quehacerpolitico.mx\/?p=91548"},"modified":"2022-04-08T23:16:56","modified_gmt":"2022-04-08T23:16:56","slug":"vinculan-a-proceso-a-los-agresores-de-automovil-en-churubusco","status":"publish","type":"post","link":"https:\/\/quehacerpolitico.mx\/?p=91548","title":{"rendered":"Vinculan a proceso a los agresores de autom\u00f3vil en Churubusco"},"content":{"rendered":"\n<p>Por Redacci\u00f3n QP<\/p>\n\n\n\n<p>Un juez vincul\u00f3 a proceso a los presuntos agresores de un automovilista sobre Av. R\u00edo Churubusco por los delitos de portaci\u00f3n de arma de fuego, contra la salud y cohecho<\/p>\n\n\n\n<p>La<strong>\u00a0Fiscal\u00eda General de Justicia<\/strong>\u00a0(<strong>FGJ<\/strong>) de la\u00a0<strong>Ciudad de M\u00e9xico<\/strong> obtuvo de un juez la vinculaci\u00f3n a proceso de\u00a0<strong>Manuel<\/strong>\u00a0\u2018N\u2019,\u00a0<strong>Jes\u00fas<\/strong>\u2018N\u2019 y\u00a0<strong>Rosa<\/strong>\u00a0\u2018N\u2019, dos de ellos implicados en la agresi\u00f3n contra una familia sobre\u00a0<strong>Avenida R\u00edo Churubusco<\/strong>, por su probable participaci\u00f3n en los delitos de portaci\u00f3n de arma de fuego, contra la salud con fines de comercio y cohecho.<\/p>\n\n\n\n<figure class=\"wp-block-embed is-type-rich is-provider-twitter wp-block-embed-twitter\"><div class=\"wp-block-embed__wrapper\">\nhttps:\/\/twitter.com\/c4jimenez\/status\/1511424780091772933?s=21&#038;t=ANeiYd4r6aE0vXRu7xfXyg\n<\/div><\/figure>\n\n\n\n<figure class=\"wp-block-embed is-type-rich is-provider-twitter wp-block-embed-twitter\"><div class=\"wp-block-embed__wrapper\">\nhttps:\/\/twitter.com\/c4jimenez\/status\/1512275018838904832?s=21&#038;t=ANeiYd4r6aE0vXRu7xfXyg\n<\/div><\/figure>\n\n\n\n<p>Adem\u00e1s, Manuel N. agredi\u00f3 el domingo pasado a un automovilista que viajaba con su familia sobre avenida Churubusco y aparece en videos con un short azul y playera roja, descendiendo de un KIA con un bast\u00f3n y golpeando los cristales de otro veh\u00edculo.<\/p>\n\n\n\n<p>En audiencia de control, el juez calific\u00f3 las detenciones como legales y consider\u00f3 la formulaci\u00f3n de imputaci\u00f3n presentada por la representaci\u00f3n social de la\u00a0<strong>Fiscal\u00eda de Investigaci\u00f3n Territorial en Iztapalapa<\/strong>, adscrita a la\u00a0<strong>Coordinaci\u00f3n General de Investigaci\u00f3n Territorial<\/strong>, para decretar como medida cautelar la\u00a0<strong>prisi\u00f3n preventiva oficiosa<\/strong>\u00a0por el delito de portaci\u00f3n de arma de fuego, y\u00a0<strong>prisi\u00f3n preventiva justificada<\/strong>\u00a0por los delitos contra la salud y cohecho.<\/p>\n\n\n\n<figure class=\"wp-block-embed is-type-rich is-provider-twitter wp-block-embed-twitter\"><div class=\"wp-block-embed__wrapper\">\nhttps:\/\/twitter.com\/c4jimenez\/status\/1512180491256016899?s=21&#038;t=ANeiYd4r6aE0vXRu7xfXyg\n<\/div><\/figure>\n\n\n\n<p>Adem\u00e1s, el juzgador fij\u00f3 un mes para el cierre de la investigaci\u00f3n complementaria, al tiempo que declin\u00f3 competencia al fuero federal por el delito de portaci\u00f3n de arma de fuego.<\/p>\n\n\n\n<figure class=\"wp-block-embed is-type-rich is-provider-twitter wp-block-embed-twitter\"><div class=\"wp-block-embed__wrapper\">\n<blockquote class=\"twitter-tweet\" data-width=\"550\" data-dnt=\"true\"><p lang=\"es\" dir=\"ltr\">Obtiene <a href=\"https:\/\/twitter.com\/hashtag\/FGJCDMX?src=hash&amp;ref_src=twsrc%5Etfw\">#FGJCDMX<\/a> vinculaci\u00f3n a proceso contra dos hombres y una mujer, por la probable comisi\u00f3n de los delitos de portaci\u00f3n de arma de fuego, contra la salud y cohecho <a href=\"https:\/\/t.co\/eS82raCAwo\">pic.twitter.com\/eS82raCAwo<\/a><\/p>&mdash; Fiscal\u00eda CDMX (@FiscaliaCDMX) <a href=\"https:\/\/twitter.com\/FiscaliaCDMX\/status\/1512275575519461376?ref_src=twsrc%5Etfw\">April 8, 2022<\/a><\/blockquote><script async src=\"https:\/\/platform.twitter.com\/widgets.js\" charset=\"utf-8\"><\/script>\n<\/div><\/figure>\n\n\n\n<figure class=\"wp-block-embed is-type-rich is-provider-twitter wp-block-embed-twitter\"><div class=\"wp-block-embed__wrapper\">\n<blockquote class=\"twitter-tweet\" data-width=\"550\" data-dnt=\"true\"><p lang=\"es\" dir=\"ltr\">En la audiencia de control de detenci\u00f3n, el impartidor de justicia calific\u00f3 de legales las mismas, y consider\u00f3 la formulaci\u00f3n de imputaci\u00f3n presentada por la representaci\u00f3n social de la Fiscal\u00eda de Investigaci\u00f3n Territorial en Iztapalapa, <a href=\"https:\/\/t.co\/41OQRKo4E9\">pic.twitter.com\/41OQRKo4E9<\/a><\/p>&mdash; Fiscal\u00eda CDMX (@FiscaliaCDMX) <a href=\"https:\/\/twitter.com\/FiscaliaCDMX\/status\/1512275587993567232?ref_src=twsrc%5Etfw\">April 8, 2022<\/a><\/blockquote><script async src=\"https:\/\/platform.twitter.com\/widgets.js\" charset=\"utf-8\"><\/script>\n<\/div><\/figure>\n\n\n\n<figure class=\"wp-block-embed is-type-rich is-provider-twitter wp-block-embed-twitter\"><div class=\"wp-block-embed__wrapper\">\n<blockquote class=\"twitter-tweet\" data-width=\"550\" data-dnt=\"true\"><p lang=\"es\" dir=\"ltr\">Asimismo, el juzgador fij\u00f3 un mes para el cierre de la investigaci\u00f3n complementaria, al tiempo que declin\u00f3 competencia al fuero federal por el delito de portaci\u00f3n de arma de fuego.<\/p>&mdash; Fiscal\u00eda CDMX (@FiscaliaCDMX) <a href=\"https:\/\/twitter.com\/FiscaliaCDMX\/status\/1512275595689926658?ref_src=twsrc%5Etfw\">April 8, 2022<\/a><\/blockquote><script async src=\"https:\/\/platform.twitter.com\/widgets.js\" charset=\"utf-8\"><\/script>\n<\/div><\/figure>\n\n\n\n<p>Las tres personas fueron detenidas por polic\u00edas en calles de la colonia&nbsp;<strong>Unidad Habitacional Modelo<\/strong>, alcald\u00eda&nbsp;<strong>Iztapalapa<\/strong>, a bordo de un veh\u00edculo despu\u00e9s de que uno de los pasajeros fuera visto manipulando un arma de fuego. La indagatoria se\u00f1ala que al hacer la revisi\u00f3n, los polic\u00edas encontraron al interior de la unidad una pistola semiautom\u00e1tica con cargador y cartuchos \u00fatiles.<\/p>\n\n\n\n<p>Los agentes tambi\u00e9n encontraron bolsitas de pl\u00e1stico que conten\u00edan una sustancia s\u00f3lida con caracter\u00edsticas propias de la coca\u00edna, y vegetal verde, con caracter\u00edsticas propias de marihuana, adem\u00e1s de un objeto met\u00e1lico, tipo bast\u00f3n.<\/p>\n\n\n\n<figure class=\"wp-block-embed is-type-rich is-provider-twitter wp-block-embed-twitter\"><div class=\"wp-block-embed__wrapper\">\n<blockquote class=\"twitter-tweet\" data-width=\"550\" data-dnt=\"true\"><p lang=\"es\" dir=\"ltr\">Se informa que hace unos minutos <a href=\"https:\/\/twitter.com\/SSC_CDMX?ref_src=twsrc%5Etfw\">@SSC_CDMX<\/a> detuvo a estas personas que agreden de manera violenta sin motivo alguno  a una familia. Gracias a la ciudadan\u00eda por todos los reportes que nos enviaron. <a href=\"https:\/\/t.co\/LccJqFriY6\">pic.twitter.com\/LccJqFriY6<\/a><\/p>&mdash; Omar H Garcia Harfuch (@OHarfuch) <a href=\"https:\/\/twitter.com\/OHarfuch\/status\/1511399235597570049?ref_src=twsrc%5Etfw\">April 5, 2022<\/a><\/blockquote><script async src=\"https:\/\/platform.twitter.com\/widgets.js\" charset=\"utf-8\"><\/script>\n<\/div><\/figure>\n","protected":false},"excerpt":{"rendered":"<p>Por Redacci\u00f3n QP Un juez vincul\u00f3 a proceso a los presuntos agresores de un automovilista&#8230;<\/p>\n","protected":false},"author":2,"featured_media":91549,"comment_status":"open","ping_status":"open","sticky":false,"template":"","format":"standard","meta":{"_monsterinsights_skip_tracking":false,"_monsterinsights_sitenote_active":false,"_monsterinsights_sitenote_note":"","_monsterinsights_sitenote_category":0,"footnotes":""},"categories":[55],"tags":[],"class_list":["post-91548","post","type-post","status-publish","format-standard","has-post-thumbnail","hentry","category-cdmx"],"yoast_head":"<!-- This site is optimized with the Yoast SEO plugin v27.3 - https:\/\/yoast.com\/product\/yoast-seo-wordpress\/ -->\n<title>Vinculan a proceso a los agresores de autom\u00f3vil en Churubusco -<\/title>\n<meta name=\"robots\" content=\"index, follow, max-snippet:-1, max-image-preview:large, max-video-preview:-1\" \/>\n<link rel=\"canonical\" href=\"https:\/\/quehacerpolitico.mx\/?p=91548\" \/>\n<meta property=\"og:locale\" content=\"es_MX\" \/>\n<meta property=\"og:type\" content=\"article\" \/>\n<meta property=\"og:title\" content=\"Vinculan a proceso a los agresores de autom\u00f3vil en Churubusco -\" \/>\n<meta property=\"og:description\" content=\"Por Redacci\u00f3n QP Un juez vincul\u00f3 a proceso a los presuntos agresores de un automovilista...\" \/>\n<meta property=\"og:url\" content=\"https:\/\/quehacerpolitico.mx\/?p=91548\" \/>\n<meta property=\"article:published_time\" content=\"2022-04-08T23:16:53+00:00\" \/>\n<meta property=\"article:modified_time\" content=\"2022-04-08T23:16:56+00:00\" \/>\n<meta property=\"og:image\" content=\"https:\/\/quehacerpolitico.mx\/wp-content\/uploads\/2022\/04\/225B1555-3EB5-4280-806C-2DC7282839B5.webp\" \/>\n\t<meta property=\"og:image:width\" content=\"1200\" \/>\n\t<meta property=\"og:image:height\" content=\"675\" \/>\n\t<meta property=\"og:image:type\" content=\"image\/webp\" \/>\n<meta name=\"author\" content=\"Redacci\u00f3n QP\" \/>\n<meta name=\"twitter:card\" content=\"summary_large_image\" \/>\n<meta name=\"twitter:label1\" content=\"Escrito por\" \/>\n\t<meta name=\"twitter:data1\" content=\"Redacci\u00f3n QP\" \/>\n\t<meta name=\"twitter:label2\" content=\"Tiempo de lectura\" \/>\n\t<meta name=\"twitter:data2\" content=\"2 minutos\" \/>\n<script type=\"application\/ld+json\" class=\"yoast-schema-graph\">{\"@context\":\"https:\\\/\\\/schema.org\",\"@graph\":[{\"@type\":\"Article\",\"@id\":\"https:\\\/\\\/quehacerpolitico.mx\\\/?p=91548#article\",\"isPartOf\":{\"@id\":\"https:\\\/\\\/quehacerpolitico.mx\\\/?p=91548\"},\"author\":{\"name\":\"Redacci\u00f3n QP\",\"@id\":\"https:\\\/\\\/quehacerpolitico.mx\\\/#\\\/schema\\\/person\\\/496d8ad2d1d3f8036101dca7ee39e585\"},\"headline\":\"Vinculan a proceso a los agresores de autom\u00f3vil en Churubusco\",\"datePublished\":\"2022-04-08T23:16:53+00:00\",\"dateModified\":\"2022-04-08T23:16:56+00:00\",\"mainEntityOfPage\":{\"@id\":\"https:\\\/\\\/quehacerpolitico.mx\\\/?p=91548\"},\"wordCount\":478,\"commentCount\":0,\"image\":{\"@id\":\"https:\\\/\\\/quehacerpolitico.mx\\\/?p=91548#primaryimage\"},\"thumbnailUrl\":\"https:\\\/\\\/quehacerpolitico.mx\\\/wp-content\\\/uploads\\\/2022\\\/04\\\/225B1555-3EB5-4280-806C-2DC7282839B5.webp\",\"articleSection\":[\"CDMX\"],\"inLanguage\":\"es\",\"potentialAction\":[{\"@type\":\"CommentAction\",\"name\":\"Comment\",\"target\":[\"https:\\\/\\\/quehacerpolitico.mx\\\/?p=91548#respond\"]}]},{\"@type\":\"WebPage\",\"@id\":\"https:\\\/\\\/quehacerpolitico.mx\\\/?p=91548\",\"url\":\"https:\\\/\\\/quehacerpolitico.mx\\\/?p=91548\",\"name\":\"Vinculan a proceso a los agresores de autom\u00f3vil en Churubusco -\",\"isPartOf\":{\"@id\":\"https:\\\/\\\/quehacerpolitico.mx\\\/#website\"},\"primaryImageOfPage\":{\"@id\":\"https:\\\/\\\/quehacerpolitico.mx\\\/?p=91548#primaryimage\"},\"image\":{\"@id\":\"https:\\\/\\\/quehacerpolitico.mx\\\/?p=91548#primaryimage\"},\"thumbnailUrl\":\"https:\\\/\\\/quehacerpolitico.mx\\\/wp-content\\\/uploads\\\/2022\\\/04\\\/225B1555-3EB5-4280-806C-2DC7282839B5.webp\",\"datePublished\":\"2022-04-08T23:16:53+00:00\",\"dateModified\":\"2022-04-08T23:16:56+00:00\",\"author\":{\"@id\":\"https:\\\/\\\/quehacerpolitico.mx\\\/#\\\/schema\\\/person\\\/496d8ad2d1d3f8036101dca7ee39e585\"},\"breadcrumb\":{\"@id\":\"https:\\\/\\\/quehacerpolitico.mx\\\/?p=91548#breadcrumb\"},\"inLanguage\":\"es\",\"potentialAction\":[{\"@type\":\"ReadAction\",\"target\":[\"https:\\\/\\\/quehacerpolitico.mx\\\/?p=91548\"]}]},{\"@type\":\"ImageObject\",\"inLanguage\":\"es\",\"@id\":\"https:\\\/\\\/quehacerpolitico.mx\\\/?p=91548#primaryimage\",\"url\":\"https:\\\/\\\/quehacerpolitico.mx\\\/wp-content\\\/uploads\\\/2022\\\/04\\\/225B1555-3EB5-4280-806C-2DC7282839B5.webp\",\"contentUrl\":\"https:\\\/\\\/quehacerpolitico.mx\\\/wp-content\\\/uploads\\\/2022\\\/04\\\/225B1555-3EB5-4280-806C-2DC7282839B5.webp\",\"width\":1200,\"height\":675},{\"@type\":\"BreadcrumbList\",\"@id\":\"https:\\\/\\\/quehacerpolitico.mx\\\/?p=91548#breadcrumb\",\"itemListElement\":[{\"@type\":\"ListItem\",\"position\":1,\"name\":\"Inicio\",\"item\":\"https:\\\/\\\/quehacerpolitico.mx\\\/\"},{\"@type\":\"ListItem\",\"position\":2,\"name\":\"Vinculan a proceso a los agresores de autom\u00f3vil en Churubusco\"}]},{\"@type\":\"WebSite\",\"@id\":\"https:\\\/\\\/quehacerpolitico.mx\\\/#website\",\"url\":\"https:\\\/\\\/quehacerpolitico.mx\\\/\",\"name\":\"\",\"description\":\"\",\"potentialAction\":[{\"@type\":\"SearchAction\",\"target\":{\"@type\":\"EntryPoint\",\"urlTemplate\":\"https:\\\/\\\/quehacerpolitico.mx\\\/?s={search_term_string}\"},\"query-input\":{\"@type\":\"PropertyValueSpecification\",\"valueRequired\":true,\"valueName\":\"search_term_string\"}}],\"inLanguage\":\"es\"},{\"@type\":\"Person\",\"@id\":\"https:\\\/\\\/quehacerpolitico.mx\\\/#\\\/schema\\\/person\\\/496d8ad2d1d3f8036101dca7ee39e585\",\"name\":\"Redacci\u00f3n QP\",\"image\":{\"@type\":\"ImageObject\",\"inLanguage\":\"es\",\"@id\":\"https:\\\/\\\/secure.gravatar.com\\\/avatar\\\/c7164ed6fdec453195284ad24a5ae5b6e1eed2b848477fa2a4787ba9adf39a41?s=96&d=mm&r=g\",\"url\":\"https:\\\/\\\/secure.gravatar.com\\\/avatar\\\/c7164ed6fdec453195284ad24a5ae5b6e1eed2b848477fa2a4787ba9adf39a41?s=96&d=mm&r=g\",\"contentUrl\":\"https:\\\/\\\/secure.gravatar.com\\\/avatar\\\/c7164ed6fdec453195284ad24a5ae5b6e1eed2b848477fa2a4787ba9adf39a41?s=96&d=mm&r=g\",\"caption\":\"Redacci\u00f3n QP\"},\"url\":\"https:\\\/\\\/quehacerpolitico.mx\\\/?author=2\"}]}<\/script>\n<!-- \/ Yoast SEO plugin. -->","yoast_head_json":{"title":"Vinculan a proceso a los agresores de autom\u00f3vil en Churubusco -","robots":{"index":"index","follow":"follow","max-snippet":"max-snippet:-1","max-image-preview":"max-image-preview:large","max-video-preview":"max-video-preview:-1"},"canonical":"https:\/\/quehacerpolitico.mx\/?p=91548","og_locale":"es_MX","og_type":"article","og_title":"Vinculan a proceso a los agresores de autom\u00f3vil en Churubusco -","og_description":"Por Redacci\u00f3n QP Un juez vincul\u00f3 a proceso a los presuntos agresores de un automovilista...","og_url":"https:\/\/quehacerpolitico.mx\/?p=91548","article_published_time":"2022-04-08T23:16:53+00:00","article_modified_time":"2022-04-08T23:16:56+00:00","og_image":[{"width":1200,"height":675,"url":"https:\/\/quehacerpolitico.mx\/wp-content\/uploads\/2022\/04\/225B1555-3EB5-4280-806C-2DC7282839B5.webp","type":"image\/webp"}],"author":"Redacci\u00f3n QP","twitter_card":"summary_large_image","twitter_misc":{"Escrito por":"Redacci\u00f3n QP","Tiempo de lectura":"2 minutos"},"schema":{"@context":"https:\/\/schema.org","@graph":[{"@type":"Article","@id":"https:\/\/quehacerpolitico.mx\/?p=91548#article","isPartOf":{"@id":"https:\/\/quehacerpolitico.mx\/?p=91548"},"author":{"name":"Redacci\u00f3n QP","@id":"https:\/\/quehacerpolitico.mx\/#\/schema\/person\/496d8ad2d1d3f8036101dca7ee39e585"},"headline":"Vinculan a proceso a los agresores de autom\u00f3vil en Churubusco","datePublished":"2022-04-08T23:16:53+00:00","dateModified":"2022-04-08T23:16:56+00:00","mainEntityOfPage":{"@id":"https:\/\/quehacerpolitico.mx\/?p=91548"},"wordCount":478,"commentCount":0,"image":{"@id":"https:\/\/quehacerpolitico.mx\/?p=91548#primaryimage"},"thumbnailUrl":"https:\/\/quehacerpolitico.mx\/wp-content\/uploads\/2022\/04\/225B1555-3EB5-4280-806C-2DC7282839B5.webp","articleSection":["CDMX"],"inLanguage":"es","potentialAction":[{"@type":"CommentAction","name":"Comment","target":["https:\/\/quehacerpolitico.mx\/?p=91548#respond"]}]},{"@type":"WebPage","@id":"https:\/\/quehacerpolitico.mx\/?p=91548","url":"https:\/\/quehacerpolitico.mx\/?p=91548","name":"Vinculan a proceso a los agresores de autom\u00f3vil en Churubusco -","isPartOf":{"@id":"https:\/\/quehacerpolitico.mx\/#website"},"primaryImageOfPage":{"@id":"https:\/\/quehacerpolitico.mx\/?p=91548#primaryimage"},"image":{"@id":"https:\/\/quehacerpolitico.mx\/?p=91548#primaryimage"},"thumbnailUrl":"https:\/\/quehacerpolitico.mx\/wp-content\/uploads\/2022\/04\/225B1555-3EB5-4280-806C-2DC7282839B5.webp","datePublished":"2022-04-08T23:16:53+00:00","dateModified":"2022-04-08T23:16:56+00:00","author":{"@id":"https:\/\/quehacerpolitico.mx\/#\/schema\/person\/496d8ad2d1d3f8036101dca7ee39e585"},"breadcrumb":{"@id":"https:\/\/quehacerpolitico.mx\/?p=91548#breadcrumb"},"inLanguage":"es","potentialAction":[{"@type":"ReadAction","target":["https:\/\/quehacerpolitico.mx\/?p=91548"]}]},{"@type":"ImageObject","inLanguage":"es","@id":"https:\/\/quehacerpolitico.mx\/?p=91548#primaryimage","url":"https:\/\/quehacerpolitico.mx\/wp-content\/uploads\/2022\/04\/225B1555-3EB5-4280-806C-2DC7282839B5.webp","contentUrl":"https:\/\/quehacerpolitico.mx\/wp-content\/uploads\/2022\/04\/225B1555-3EB5-4280-806C-2DC7282839B5.webp","width":1200,"height":675},{"@type":"BreadcrumbList","@id":"https:\/\/quehacerpolitico.mx\/?p=91548#breadcrumb","itemListElement":[{"@type":"ListItem","position":1,"name":"Inicio","item":"https:\/\/quehacerpolitico.mx\/"},{"@type":"ListItem","position":2,"name":"Vinculan a proceso a los agresores de autom\u00f3vil en Churubusco"}]},{"@type":"WebSite","@id":"https:\/\/quehacerpolitico.mx\/#website","url":"https:\/\/quehacerpolitico.mx\/","name":"","description":"","potentialAction":[{"@type":"SearchAction","target":{"@type":"EntryPoint","urlTemplate":"https:\/\/quehacerpolitico.mx\/?s={search_term_string}"},"query-input":{"@type":"PropertyValueSpecification","valueRequired":true,"valueName":"search_term_string"}}],"inLanguage":"es"},{"@type":"Person","@id":"https:\/\/quehacerpolitico.mx\/#\/schema\/person\/496d8ad2d1d3f8036101dca7ee39e585","name":"Redacci\u00f3n QP","image":{"@type":"ImageObject","inLanguage":"es","@id":"https:\/\/secure.gravatar.com\/avatar\/c7164ed6fdec453195284ad24a5ae5b6e1eed2b848477fa2a4787ba9adf39a41?s=96&d=mm&r=g","url":"https:\/\/secure.gravatar.com\/avatar\/c7164ed6fdec453195284ad24a5ae5b6e1eed2b848477fa2a4787ba9adf39a41?s=96&d=mm&r=g","contentUrl":"https:\/\/secure.gravatar.com\/avatar\/c7164ed6fdec453195284ad24a5ae5b6e1eed2b848477fa2a4787ba9adf39a41?s=96&d=mm&r=g","caption":"Redacci\u00f3n QP"},"url":"https:\/\/quehacerpolitico.mx\/?author=2"}]}},"featured_image_urls":{"full":["https:\/\/quehacerpolitico.mx\/wp-content\/uploads\/2022\/04\/225B1555-3EB5-4280-806C-2DC7282839B5.webp",1200,675,false],"thumbnail":["https:\/\/quehacerpolitico.mx\/wp-content\/uploads\/2022\/04\/225B1555-3EB5-4280-806C-2DC7282839B5-150x150.webp",150,150,true],"medium":["https:\/\/quehacerpolitico.mx\/wp-content\/uploads\/2022\/04\/225B1555-3EB5-4280-806C-2DC7282839B5-300x169.webp",300,169,true],"medium_large":["https:\/\/quehacerpolitico.mx\/wp-content\/uploads\/2022\/04\/225B1555-3EB5-4280-806C-2DC7282839B5-768x432.webp",640,360,true],"large":["https:\/\/quehacerpolitico.mx\/wp-content\/uploads\/2022\/04\/225B1555-3EB5-4280-806C-2DC7282839B5-1024x576.webp",640,360,true],"1536x1536":["https:\/\/quehacerpolitico.mx\/wp-content\/uploads\/2022\/04\/225B1555-3EB5-4280-806C-2DC7282839B5.webp",1200,675,false],"2048x2048":["https:\/\/quehacerpolitico.mx\/wp-content\/uploads\/2022\/04\/225B1555-3EB5-4280-806C-2DC7282839B5.webp",1200,675,false],"covernews-featured":["https:\/\/quehacerpolitico.mx\/wp-content\/uploads\/2022\/04\/225B1555-3EB5-4280-806C-2DC7282839B5.webp",1024,576,false],"covernews-medium":["https:\/\/quehacerpolitico.mx\/wp-content\/uploads\/2022\/04\/225B1555-3EB5-4280-806C-2DC7282839B5.webp",540,304,false]},"author_info":{"display_name":"Redacci\u00f3n QP","author_link":"https:\/\/quehacerpolitico.mx\/?author=2"},"category_info":"<a href=\"https:\/\/quehacerpolitico.mx\/?cat=55\" rel=\"category\">CDMX<\/a>","tag_info":"CDMX","comment_count":"0","_links":{"self":[{"href":"https:\/\/quehacerpolitico.mx\/index.php?rest_route=\/wp\/v2\/posts\/91548","targetHints":{"allow":["GET"]}}],"collection":[{"href":"https:\/\/quehacerpolitico.mx\/index.php?rest_route=\/wp\/v2\/posts"}],"about":[{"href":"https:\/\/quehacerpolitico.mx\/index.php?rest_route=\/wp\/v2\/types\/post"}],"author":[{"embeddable":true,"href":"https:\/\/quehacerpolitico.mx\/index.php?rest_route=\/wp\/v2\/users\/2"}],"replies":[{"embeddable":true,"href":"https:\/\/quehacerpolitico.mx\/index.php?rest_route=%2Fwp%2Fv2%2Fcomments&post=91548"}],"version-history":[{"count":1,"href":"https:\/\/quehacerpolitico.mx\/index.php?rest_route=\/wp\/v2\/posts\/91548\/revisions"}],"predecessor-version":[{"id":91550,"href":"https:\/\/quehacerpolitico.mx\/index.php?rest_route=\/wp\/v2\/posts\/91548\/revisions\/91550"}],"wp:featuredmedia":[{"embeddable":true,"href":"https:\/\/quehacerpolitico.mx\/index.php?rest_route=\/wp\/v2\/media\/91549"}],"wp:attachment":[{"href":"https:\/\/quehacerpolitico.mx\/index.php?rest_route=%2Fwp%2Fv2%2Fmedia&parent=91548"}],"wp:term":[{"taxonomy":"category","embeddable":true,"href":"https:\/\/quehacerpolitico.mx\/index.php?rest_route=%2Fwp%2Fv2%2Fcategories&post=91548"},{"taxonomy":"post_tag","embeddable":true,"href":"https:\/\/quehacerpolitico.mx\/index.php?rest_route=%2Fwp%2Fv2%2Ftags&post=91548"}],"curies":[{"name":"wp","href":"https:\/\/api.w.org\/{rel}","templated":true}]}}