{"id":91545,"date":"2022-04-08T22:49:07","date_gmt":"2022-04-08T22:49:07","guid":{"rendered":"https:\/\/quehacerpolitico.mx\/?p=91545"},"modified":"2022-04-08T22:49:10","modified_gmt":"2022-04-08T22:49:10","slug":"zafarrancho-en-los-juzgados-juicio-de-custodia-de-un-menor-termina-con-abuelita-descalabrada","status":"publish","type":"post","link":"https:\/\/quehacerpolitico.mx\/?p=91545","title":{"rendered":"\u00a1Zafarrancho en los juzgados! Juicio de custodia de un menor termina con abuelita descalabrada"},"content":{"rendered":"\n<p>Por Redacci\u00f3n QP<\/p>\n\n\n\n<p>En una grabaci\u00f3n difundida en redes se observa que un grupo de hombres y mujeres se enfrentan a golpes al interior de los juzgados<\/p>\n\n\n\n<p>Al interior de los juzgados Familiares y Civiles de Toluca, conocido como Nicol\u00e1s San Juan,&nbsp;<strong>dos familias se enfrentaron a golpes<\/strong>; como resultado de esta gresca, una mujer de la tercera edad fue reportada con una herida en la cabeza.<\/p>\n\n\n\n<h2 class=\"wp-block-heading\">Conflicto familiar<\/h2>\n\n\n\n<p>A trav\u00e9s de un video difundido en redes sociales, se observa que\u00a0<strong>un grupo de hombres y mujeres se enfrentan a golpes al interior de los juzgados adscritos al Poder Judicial del Estado de M\u00e9xico.<\/strong><\/p>\n\n\n\n<p>En las im\u00e1genes, se puede ver que la ri\u00f1a inicia entre una se\u00f1ora vestida de color verde, quien empuja de forma violenta a un hombre de saco rosa. Varias mujeres intervienen y\u00a0<strong>se golpean con las bolsas en la cabeza.<\/strong><\/p>\n\n\n\n<figure class=\"wp-block-embed is-type-rich is-provider-twitter wp-block-embed-twitter\"><div class=\"wp-block-embed__wrapper\">\n<blockquote class=\"twitter-tweet\" data-width=\"550\" data-dnt=\"true\"><p lang=\"es\" dir=\"ltr\">Una disputa legal lleg\u00f3 a los golpes y jaloneos en los juzgados Familiares y Civiles de Toluca. Mientras guardias de seguridad intentaban separar a los involucrados, empleados y personas presentes se dedicaron a observar la ri\u00f1a.<br>VIDEO: ESPECIAL <a href=\"https:\/\/t.co\/r5VcSmahzN\">pic.twitter.com\/r5VcSmahzN<\/a><\/p>&mdash; El Universal (@El_Universal_Mx) <a href=\"https:\/\/twitter.com\/El_Universal_Mx\/status\/1512535028756004866?ref_src=twsrc%5Etfw\">April 8, 2022<\/a><\/blockquote><script async src=\"https:\/\/platform.twitter.com\/widgets.js\" charset=\"utf-8\"><\/script>\n<\/div><\/figure>\n\n\n\n<p>Un guardia de seguridad del lugar intenta controlar a uno de los hombres, tambi\u00e9n de la tercera edad, que corre detr\u00e1s de otros involucrados en la discusi\u00f3n, pero no logra detenerlos.<\/p>\n\n\n\n<p>Los golpes siguen y el video\u00a0<strong>muestra c\u00f3mo todo el personal observa la ri\u00f1a entre esta familia.\u00a0<\/strong>Tras varios minutos, una de las se\u00f1oras de la tercera edad se observa sangrando de la cabeza, la ayudan a sentarse en una de las bancas y le brindan atenci\u00f3n m\u00e9dica.<\/p>\n\n\n\n<h1 class=\"wp-block-heading\">Abuela lesionada<\/h1>\n\n\n\n<p>De acuerdo con el Poder Judicial, el altercado que se present\u00f3 a las 12:05 horas de este viernes 8 de abril de 2022\u00a0<strong>est\u00e1 relacionado con un juicio por guarda y custodia.<\/strong><\/p>\n\n\n\n<p>La pelea inici\u00f3 de manera verbal entre la madre y el padre del hijo de ambos,&nbsp;<strong>fue entonces que la abuela paterna del menor intervino y hubo agresiones f\u00edsicas entre ellas.&nbsp;<\/strong>Posteriormente participaron los abogados de las dos partes; fue as\u00ed como personal de seguridad del juzgado, adem\u00e1s de la Secretar\u00eda de Seguridad estatal, controlaron la situaci\u00f3n.<\/p>\n\n\n\n<p>Se report\u00f3 lesionada la abuela del menor\u00a0<strong>con una herida de tac\u00f3n en la cabeza,<\/strong>\u00a0sin gravedad.<\/p>\n\n\n\n<p>Con informaci\u00f3n de SUN<\/p>\n","protected":false},"excerpt":{"rendered":"<p>Por Redacci\u00f3n QP En una grabaci\u00f3n difundida en redes se observa que un grupo de&#8230;<\/p>\n","protected":false},"author":2,"featured_media":91546,"comment_status":"open","ping_status":"open","sticky":false,"template":"","format":"standard","meta":{"_monsterinsights_skip_tracking":false,"_monsterinsights_sitenote_active":false,"_monsterinsights_sitenote_note":"","_monsterinsights_sitenote_category":0,"footnotes":""},"categories":[2],"tags":[],"class_list":["post-91545","post","type-post","status-publish","format-standard","has-post-thumbnail","hentry","category-noticias"],"yoast_head":"<!-- This site is optimized with the Yoast SEO plugin v27.3 - https:\/\/yoast.com\/product\/yoast-seo-wordpress\/ -->\n<title>\u00a1Zafarrancho en los juzgados! Juicio de custodia de un menor termina con abuelita descalabrada -<\/title>\n<meta name=\"robots\" content=\"index, follow, max-snippet:-1, max-image-preview:large, max-video-preview:-1\" \/>\n<link rel=\"canonical\" href=\"https:\/\/quehacerpolitico.mx\/?p=91545\" \/>\n<meta property=\"og:locale\" content=\"es_MX\" \/>\n<meta property=\"og:type\" content=\"article\" \/>\n<meta property=\"og:title\" content=\"\u00a1Zafarrancho en los juzgados! Juicio de custodia de un menor termina con abuelita descalabrada -\" \/>\n<meta property=\"og:description\" content=\"Por Redacci\u00f3n QP En una grabaci\u00f3n difundida en redes se observa que un grupo de...\" \/>\n<meta property=\"og:url\" content=\"https:\/\/quehacerpolitico.mx\/?p=91545\" \/>\n<meta property=\"article:published_time\" content=\"2022-04-08T22:49:07+00:00\" \/>\n<meta property=\"article:modified_time\" content=\"2022-04-08T22:49:10+00:00\" \/>\n<meta property=\"og:image\" content=\"https:\/\/quehacerpolitico.mx\/wp-content\/uploads\/2022\/04\/A1A7152D-E145-4CA7-8612-F2694F9F245F.jpeg\" \/>\n\t<meta property=\"og:image:width\" content=\"2184\" \/>\n\t<meta property=\"og:image:height\" content=\"1280\" \/>\n\t<meta property=\"og:image:type\" content=\"image\/jpeg\" \/>\n<meta name=\"author\" content=\"Redacci\u00f3n QP\" \/>\n<meta name=\"twitter:card\" content=\"summary_large_image\" \/>\n<meta name=\"twitter:label1\" content=\"Escrito por\" \/>\n\t<meta name=\"twitter:data1\" content=\"Redacci\u00f3n QP\" \/>\n\t<meta name=\"twitter:label2\" content=\"Tiempo de lectura\" \/>\n\t<meta name=\"twitter:data2\" content=\"2 minutos\" \/>\n<script type=\"application\/ld+json\" class=\"yoast-schema-graph\">{\"@context\":\"https:\\\/\\\/schema.org\",\"@graph\":[{\"@type\":\"Article\",\"@id\":\"https:\\\/\\\/quehacerpolitico.mx\\\/?p=91545#article\",\"isPartOf\":{\"@id\":\"https:\\\/\\\/quehacerpolitico.mx\\\/?p=91545\"},\"author\":{\"name\":\"Redacci\u00f3n QP\",\"@id\":\"https:\\\/\\\/quehacerpolitico.mx\\\/#\\\/schema\\\/person\\\/496d8ad2d1d3f8036101dca7ee39e585\"},\"headline\":\"\u00a1Zafarrancho en los juzgados! Juicio de custodia de un menor termina con abuelita descalabrada\",\"datePublished\":\"2022-04-08T22:49:07+00:00\",\"dateModified\":\"2022-04-08T22:49:10+00:00\",\"mainEntityOfPage\":{\"@id\":\"https:\\\/\\\/quehacerpolitico.mx\\\/?p=91545\"},\"wordCount\":385,\"commentCount\":0,\"image\":{\"@id\":\"https:\\\/\\\/quehacerpolitico.mx\\\/?p=91545#primaryimage\"},\"thumbnailUrl\":\"https:\\\/\\\/quehacerpolitico.mx\\\/wp-content\\\/uploads\\\/2022\\\/04\\\/A1A7152D-E145-4CA7-8612-F2694F9F245F.jpeg\",\"articleSection\":[\"Noticias\"],\"inLanguage\":\"es\",\"potentialAction\":[{\"@type\":\"CommentAction\",\"name\":\"Comment\",\"target\":[\"https:\\\/\\\/quehacerpolitico.mx\\\/?p=91545#respond\"]}]},{\"@type\":\"WebPage\",\"@id\":\"https:\\\/\\\/quehacerpolitico.mx\\\/?p=91545\",\"url\":\"https:\\\/\\\/quehacerpolitico.mx\\\/?p=91545\",\"name\":\"\u00a1Zafarrancho en los juzgados! Juicio de custodia de un menor termina con abuelita descalabrada -\",\"isPartOf\":{\"@id\":\"https:\\\/\\\/quehacerpolitico.mx\\\/#website\"},\"primaryImageOfPage\":{\"@id\":\"https:\\\/\\\/quehacerpolitico.mx\\\/?p=91545#primaryimage\"},\"image\":{\"@id\":\"https:\\\/\\\/quehacerpolitico.mx\\\/?p=91545#primaryimage\"},\"thumbnailUrl\":\"https:\\\/\\\/quehacerpolitico.mx\\\/wp-content\\\/uploads\\\/2022\\\/04\\\/A1A7152D-E145-4CA7-8612-F2694F9F245F.jpeg\",\"datePublished\":\"2022-04-08T22:49:07+00:00\",\"dateModified\":\"2022-04-08T22:49:10+00:00\",\"author\":{\"@id\":\"https:\\\/\\\/quehacerpolitico.mx\\\/#\\\/schema\\\/person\\\/496d8ad2d1d3f8036101dca7ee39e585\"},\"breadcrumb\":{\"@id\":\"https:\\\/\\\/quehacerpolitico.mx\\\/?p=91545#breadcrumb\"},\"inLanguage\":\"es\",\"potentialAction\":[{\"@type\":\"ReadAction\",\"target\":[\"https:\\\/\\\/quehacerpolitico.mx\\\/?p=91545\"]}]},{\"@type\":\"ImageObject\",\"inLanguage\":\"es\",\"@id\":\"https:\\\/\\\/quehacerpolitico.mx\\\/?p=91545#primaryimage\",\"url\":\"https:\\\/\\\/quehacerpolitico.mx\\\/wp-content\\\/uploads\\\/2022\\\/04\\\/A1A7152D-E145-4CA7-8612-F2694F9F245F.jpeg\",\"contentUrl\":\"https:\\\/\\\/quehacerpolitico.mx\\\/wp-content\\\/uploads\\\/2022\\\/04\\\/A1A7152D-E145-4CA7-8612-F2694F9F245F.jpeg\",\"width\":2184,\"height\":1280},{\"@type\":\"BreadcrumbList\",\"@id\":\"https:\\\/\\\/quehacerpolitico.mx\\\/?p=91545#breadcrumb\",\"itemListElement\":[{\"@type\":\"ListItem\",\"position\":1,\"name\":\"Inicio\",\"item\":\"https:\\\/\\\/quehacerpolitico.mx\\\/\"},{\"@type\":\"ListItem\",\"position\":2,\"name\":\"\u00a1Zafarrancho en los juzgados! Juicio de custodia de un menor termina con abuelita descalabrada\"}]},{\"@type\":\"WebSite\",\"@id\":\"https:\\\/\\\/quehacerpolitico.mx\\\/#website\",\"url\":\"https:\\\/\\\/quehacerpolitico.mx\\\/\",\"name\":\"\",\"description\":\"\",\"potentialAction\":[{\"@type\":\"SearchAction\",\"target\":{\"@type\":\"EntryPoint\",\"urlTemplate\":\"https:\\\/\\\/quehacerpolitico.mx\\\/?s={search_term_string}\"},\"query-input\":{\"@type\":\"PropertyValueSpecification\",\"valueRequired\":true,\"valueName\":\"search_term_string\"}}],\"inLanguage\":\"es\"},{\"@type\":\"Person\",\"@id\":\"https:\\\/\\\/quehacerpolitico.mx\\\/#\\\/schema\\\/person\\\/496d8ad2d1d3f8036101dca7ee39e585\",\"name\":\"Redacci\u00f3n QP\",\"image\":{\"@type\":\"ImageObject\",\"inLanguage\":\"es\",\"@id\":\"https:\\\/\\\/secure.gravatar.com\\\/avatar\\\/c7164ed6fdec453195284ad24a5ae5b6e1eed2b848477fa2a4787ba9adf39a41?s=96&d=mm&r=g\",\"url\":\"https:\\\/\\\/secure.gravatar.com\\\/avatar\\\/c7164ed6fdec453195284ad24a5ae5b6e1eed2b848477fa2a4787ba9adf39a41?s=96&d=mm&r=g\",\"contentUrl\":\"https:\\\/\\\/secure.gravatar.com\\\/avatar\\\/c7164ed6fdec453195284ad24a5ae5b6e1eed2b848477fa2a4787ba9adf39a41?s=96&d=mm&r=g\",\"caption\":\"Redacci\u00f3n QP\"},\"url\":\"https:\\\/\\\/quehacerpolitico.mx\\\/?author=2\"}]}<\/script>\n<!-- \/ Yoast SEO plugin. -->","yoast_head_json":{"title":"\u00a1Zafarrancho en los juzgados! Juicio de custodia de un menor termina con abuelita descalabrada -","robots":{"index":"index","follow":"follow","max-snippet":"max-snippet:-1","max-image-preview":"max-image-preview:large","max-video-preview":"max-video-preview:-1"},"canonical":"https:\/\/quehacerpolitico.mx\/?p=91545","og_locale":"es_MX","og_type":"article","og_title":"\u00a1Zafarrancho en los juzgados! Juicio de custodia de un menor termina con abuelita descalabrada -","og_description":"Por Redacci\u00f3n QP En una grabaci\u00f3n difundida en redes se observa que un grupo de...","og_url":"https:\/\/quehacerpolitico.mx\/?p=91545","article_published_time":"2022-04-08T22:49:07+00:00","article_modified_time":"2022-04-08T22:49:10+00:00","og_image":[{"width":2184,"height":1280,"url":"https:\/\/quehacerpolitico.mx\/wp-content\/uploads\/2022\/04\/A1A7152D-E145-4CA7-8612-F2694F9F245F.jpeg","type":"image\/jpeg"}],"author":"Redacci\u00f3n QP","twitter_card":"summary_large_image","twitter_misc":{"Escrito por":"Redacci\u00f3n QP","Tiempo de lectura":"2 minutos"},"schema":{"@context":"https:\/\/schema.org","@graph":[{"@type":"Article","@id":"https:\/\/quehacerpolitico.mx\/?p=91545#article","isPartOf":{"@id":"https:\/\/quehacerpolitico.mx\/?p=91545"},"author":{"name":"Redacci\u00f3n QP","@id":"https:\/\/quehacerpolitico.mx\/#\/schema\/person\/496d8ad2d1d3f8036101dca7ee39e585"},"headline":"\u00a1Zafarrancho en los juzgados! Juicio de custodia de un menor termina con abuelita descalabrada","datePublished":"2022-04-08T22:49:07+00:00","dateModified":"2022-04-08T22:49:10+00:00","mainEntityOfPage":{"@id":"https:\/\/quehacerpolitico.mx\/?p=91545"},"wordCount":385,"commentCount":0,"image":{"@id":"https:\/\/quehacerpolitico.mx\/?p=91545#primaryimage"},"thumbnailUrl":"https:\/\/quehacerpolitico.mx\/wp-content\/uploads\/2022\/04\/A1A7152D-E145-4CA7-8612-F2694F9F245F.jpeg","articleSection":["Noticias"],"inLanguage":"es","potentialAction":[{"@type":"CommentAction","name":"Comment","target":["https:\/\/quehacerpolitico.mx\/?p=91545#respond"]}]},{"@type":"WebPage","@id":"https:\/\/quehacerpolitico.mx\/?p=91545","url":"https:\/\/quehacerpolitico.mx\/?p=91545","name":"\u00a1Zafarrancho en los juzgados! Juicio de custodia de un menor termina con abuelita descalabrada -","isPartOf":{"@id":"https:\/\/quehacerpolitico.mx\/#website"},"primaryImageOfPage":{"@id":"https:\/\/quehacerpolitico.mx\/?p=91545#primaryimage"},"image":{"@id":"https:\/\/quehacerpolitico.mx\/?p=91545#primaryimage"},"thumbnailUrl":"https:\/\/quehacerpolitico.mx\/wp-content\/uploads\/2022\/04\/A1A7152D-E145-4CA7-8612-F2694F9F245F.jpeg","datePublished":"2022-04-08T22:49:07+00:00","dateModified":"2022-04-08T22:49:10+00:00","author":{"@id":"https:\/\/quehacerpolitico.mx\/#\/schema\/person\/496d8ad2d1d3f8036101dca7ee39e585"},"breadcrumb":{"@id":"https:\/\/quehacerpolitico.mx\/?p=91545#breadcrumb"},"inLanguage":"es","potentialAction":[{"@type":"ReadAction","target":["https:\/\/quehacerpolitico.mx\/?p=91545"]}]},{"@type":"ImageObject","inLanguage":"es","@id":"https:\/\/quehacerpolitico.mx\/?p=91545#primaryimage","url":"https:\/\/quehacerpolitico.mx\/wp-content\/uploads\/2022\/04\/A1A7152D-E145-4CA7-8612-F2694F9F245F.jpeg","contentUrl":"https:\/\/quehacerpolitico.mx\/wp-content\/uploads\/2022\/04\/A1A7152D-E145-4CA7-8612-F2694F9F245F.jpeg","width":2184,"height":1280},{"@type":"BreadcrumbList","@id":"https:\/\/quehacerpolitico.mx\/?p=91545#breadcrumb","itemListElement":[{"@type":"ListItem","position":1,"name":"Inicio","item":"https:\/\/quehacerpolitico.mx\/"},{"@type":"ListItem","position":2,"name":"\u00a1Zafarrancho en los juzgados! Juicio de custodia de un menor termina con abuelita descalabrada"}]},{"@type":"WebSite","@id":"https:\/\/quehacerpolitico.mx\/#website","url":"https:\/\/quehacerpolitico.mx\/","name":"","description":"","potentialAction":[{"@type":"SearchAction","target":{"@type":"EntryPoint","urlTemplate":"https:\/\/quehacerpolitico.mx\/?s={search_term_string}"},"query-input":{"@type":"PropertyValueSpecification","valueRequired":true,"valueName":"search_term_string"}}],"inLanguage":"es"},{"@type":"Person","@id":"https:\/\/quehacerpolitico.mx\/#\/schema\/person\/496d8ad2d1d3f8036101dca7ee39e585","name":"Redacci\u00f3n QP","image":{"@type":"ImageObject","inLanguage":"es","@id":"https:\/\/secure.gravatar.com\/avatar\/c7164ed6fdec453195284ad24a5ae5b6e1eed2b848477fa2a4787ba9adf39a41?s=96&d=mm&r=g","url":"https:\/\/secure.gravatar.com\/avatar\/c7164ed6fdec453195284ad24a5ae5b6e1eed2b848477fa2a4787ba9adf39a41?s=96&d=mm&r=g","contentUrl":"https:\/\/secure.gravatar.com\/avatar\/c7164ed6fdec453195284ad24a5ae5b6e1eed2b848477fa2a4787ba9adf39a41?s=96&d=mm&r=g","caption":"Redacci\u00f3n QP"},"url":"https:\/\/quehacerpolitico.mx\/?author=2"}]}},"featured_image_urls":{"full":["https:\/\/quehacerpolitico.mx\/wp-content\/uploads\/2022\/04\/A1A7152D-E145-4CA7-8612-F2694F9F245F.jpeg",2184,1280,false],"thumbnail":["https:\/\/quehacerpolitico.mx\/wp-content\/uploads\/2022\/04\/A1A7152D-E145-4CA7-8612-F2694F9F245F-150x150.jpeg",150,150,true],"medium":["https:\/\/quehacerpolitico.mx\/wp-content\/uploads\/2022\/04\/A1A7152D-E145-4CA7-8612-F2694F9F245F-300x176.jpeg",300,176,true],"medium_large":["https:\/\/quehacerpolitico.mx\/wp-content\/uploads\/2022\/04\/A1A7152D-E145-4CA7-8612-F2694F9F245F-768x450.jpeg",640,375,true],"large":["https:\/\/quehacerpolitico.mx\/wp-content\/uploads\/2022\/04\/A1A7152D-E145-4CA7-8612-F2694F9F245F-1024x600.jpeg",640,375,true],"1536x1536":["https:\/\/quehacerpolitico.mx\/wp-content\/uploads\/2022\/04\/A1A7152D-E145-4CA7-8612-F2694F9F245F-1536x900.jpeg",1536,900,true],"2048x2048":["https:\/\/quehacerpolitico.mx\/wp-content\/uploads\/2022\/04\/A1A7152D-E145-4CA7-8612-F2694F9F245F-2048x1200.jpeg",2048,1200,true],"covernews-featured":["https:\/\/quehacerpolitico.mx\/wp-content\/uploads\/2022\/04\/A1A7152D-E145-4CA7-8612-F2694F9F245F.jpeg",1024,600,false],"covernews-medium":["https:\/\/quehacerpolitico.mx\/wp-content\/uploads\/2022\/04\/A1A7152D-E145-4CA7-8612-F2694F9F245F.jpeg",540,316,false]},"author_info":{"display_name":"Redacci\u00f3n QP","author_link":"https:\/\/quehacerpolitico.mx\/?author=2"},"category_info":"<a href=\"https:\/\/quehacerpolitico.mx\/?cat=2\" rel=\"category\">Noticias<\/a>","tag_info":"Noticias","comment_count":"0","_links":{"self":[{"href":"https:\/\/quehacerpolitico.mx\/index.php?rest_route=\/wp\/v2\/posts\/91545","targetHints":{"allow":["GET"]}}],"collection":[{"href":"https:\/\/quehacerpolitico.mx\/index.php?rest_route=\/wp\/v2\/posts"}],"about":[{"href":"https:\/\/quehacerpolitico.mx\/index.php?rest_route=\/wp\/v2\/types\/post"}],"author":[{"embeddable":true,"href":"https:\/\/quehacerpolitico.mx\/index.php?rest_route=\/wp\/v2\/users\/2"}],"replies":[{"embeddable":true,"href":"https:\/\/quehacerpolitico.mx\/index.php?rest_route=%2Fwp%2Fv2%2Fcomments&post=91545"}],"version-history":[{"count":1,"href":"https:\/\/quehacerpolitico.mx\/index.php?rest_route=\/wp\/v2\/posts\/91545\/revisions"}],"predecessor-version":[{"id":91547,"href":"https:\/\/quehacerpolitico.mx\/index.php?rest_route=\/wp\/v2\/posts\/91545\/revisions\/91547"}],"wp:featuredmedia":[{"embeddable":true,"href":"https:\/\/quehacerpolitico.mx\/index.php?rest_route=\/wp\/v2\/media\/91546"}],"wp:attachment":[{"href":"https:\/\/quehacerpolitico.mx\/index.php?rest_route=%2Fwp%2Fv2%2Fmedia&parent=91545"}],"wp:term":[{"taxonomy":"category","embeddable":true,"href":"https:\/\/quehacerpolitico.mx\/index.php?rest_route=%2Fwp%2Fv2%2Fcategories&post=91545"},{"taxonomy":"post_tag","embeddable":true,"href":"https:\/\/quehacerpolitico.mx\/index.php?rest_route=%2Fwp%2Fv2%2Ftags&post=91545"}],"curies":[{"name":"wp","href":"https:\/\/api.w.org\/{rel}","templated":true}]}}