{"id":91541,"date":"2022-04-08T22:30:46","date_gmt":"2022-04-08T22:30:46","guid":{"rendered":"https:\/\/quehacerpolitico.mx\/?p=91541"},"modified":"2022-04-08T22:30:49","modified_gmt":"2022-04-08T22:30:49","slug":"internacionales-carolina-alonso-romei-detienen-al-pitt-miembro-del-cartel-de-sinaloa","status":"publish","type":"post","link":"https:\/\/quehacerpolitico.mx\/?p=91541","title":{"rendered":"Internacionales\/\/\/Carolina Alonso Romei\/\/\/Detienen al &#8220;Pitt&#8221;, miembro del C\u00e1rtel de Sinaloa"},"content":{"rendered":"\n<p>Por Carolina Alonso Romei<\/p>\n\n\n\n<p>Internacionalista <\/p>\n\n\n\n<p>El narcotraficante Donaciano Olguin, &#8220;Pitt&#8221;, miembro del C\u00e1rtel de Sinaloa, ser\u00eda el emisario de familiares de Joaqu\u00edn &#8220;El Chapo&#8221; Guzm\u00e1n<\/p>\n\n\n\n<p>Autoridades colombianas detuvieron al mexicano\u00a0<strong>Brian Donaciano Olguin Berdugo<\/strong>\u00a0en Cali, informaron este viernes.<\/p>\n\n\n\n<figure class=\"wp-block-image size-full\"><img loading=\"lazy\" decoding=\"async\" width=\"355\" height=\"223\" src=\"https:\/\/quehacerpolitico.mx\/wp-content\/uploads\/2022\/04\/image-32.jpeg\" alt=\"\" class=\"wp-image-91542\" srcset=\"https:\/\/quehacerpolitico.mx\/wp-content\/uploads\/2022\/04\/image-32.jpeg 355w, https:\/\/quehacerpolitico.mx\/wp-content\/uploads\/2022\/04\/image-32-300x188.jpeg 300w, https:\/\/quehacerpolitico.mx\/wp-content\/uploads\/2022\/04\/image-32-232x146.jpeg 232w, https:\/\/quehacerpolitico.mx\/wp-content\/uploads\/2022\/04\/image-32-50x31.jpeg 50w, https:\/\/quehacerpolitico.mx\/wp-content\/uploads\/2022\/04\/image-32-119x75.jpeg 119w\" sizes=\"auto, (max-width: 355px) 100vw, 355px\" \/><\/figure>\n\n\n\n<p>Donaciano Olguin, presunto miembro del\u00a0<strong>C\u00e1rtel de Sinaloa<\/strong>, era buscado en 196 pa\u00edses mediante la\u00a0<strong>Interpol<\/strong>\u00a0(Organizaci\u00f3n Internacional de Polic\u00eda Criminal).\u00a0<strong>El Tribunal del Distrito Sur de California espera su extradici\u00f3n<\/strong>\u00a0por delitos relacionados con el narcotr\u00e1fico, seg\u00fan inform\u00f3 la polic\u00eda de Colombia.<\/p>\n\n\n\n<p>El narcotraficante, de 38 a\u00f1os, mejor conocido como\u00a0<strong>\u201cPitt\u201d<\/strong>, fue rastreado por las autoridades mientras viajaba por varios departamentos del pa\u00eds, como Cauca, Nari\u00f1o y Valle del Cauca, donde fue capturado.<\/p>\n\n\n\n<figure class=\"wp-block-embed is-type-rich is-provider-twitter wp-block-embed-twitter\"><div class=\"wp-block-embed__wrapper\">\n<blockquote class=\"twitter-tweet\" data-width=\"550\" data-dnt=\"true\"><p lang=\"es\" dir=\"ltr\">Como Brian Donaciano Olgu\u00edn Berdugo de 38 a\u00f1os,fue identificado el narcotraficante mexicano capturado en el barrio Ciudad Jard\u00edn en Cali. Seg\u00fan la Polic\u00eda este sujeto adelant\u00f3 var\u00edas reuniones con cabecillas de las disidencias de las Farc en la capital del Valle. <a href=\"https:\/\/t.co\/pUKVQkVKGu\">pic.twitter.com\/pUKVQkVKGu<\/a><\/p>&mdash; BLU Pac\u00edfico (@BLUPacifico) <a href=\"https:\/\/twitter.com\/BLUPacifico\/status\/1512484154369351683?ref_src=twsrc%5Etfw\">April 8, 2022<\/a><\/blockquote><script async src=\"https:\/\/platform.twitter.com\/widgets.js\" charset=\"utf-8\"><\/script>\n<\/div><\/figure>\n\n\n\n<p>La polic\u00eda inform\u00f3 que Olguin Berdugo trat\u00f3 de sobornarlos con 265 mil d\u00f3lares para que lo liberaran. Los agentes colombianos aseguraron que el narcotraficante ser\u00eda el\u00a0<strong>emisario de familiares de Joaqu\u00edn \u201cEl chapo\u201d Guzm\u00e1n<\/strong>, de acuerdo con informaci\u00f3n proporcionada por agencias norteamericanas, y que tendr\u00eda la funci\u00f3n de coordinar el env\u00edo de narc\u00f3ticos a Centroam\u00e9rica.<\/p>\n\n\n\n<p>Las labores de inteligencia de Colombia apuntan a que Donaciano Olguin pretend\u00eda reunirse en el sur del pa\u00eds con las disidencias de las extintas\u00a0<strong>Fuerzas Armadas Revolucionarias de Colombia (FARC)<\/strong>, lideradas por quienes no congeniaron al proceso de paz firmado hace cinco a\u00f1os entre el Estado colombiano y la guerrilla.<\/p>\n\n\n\n<p>Con informaci\u00f3n de AP<\/p>\n","protected":false},"excerpt":{"rendered":"<p>Por Carolina Alonso Romei Internacionalista El narcotraficante Donaciano Olguin, &#8220;Pitt&#8221;, miembro del C\u00e1rtel de Sinaloa,&#8230;<\/p>\n","protected":false},"author":2,"featured_media":91543,"comment_status":"open","ping_status":"open","sticky":false,"template":"","format":"standard","meta":{"_monsterinsights_skip_tracking":false,"_monsterinsights_sitenote_active":false,"_monsterinsights_sitenote_note":"","_monsterinsights_sitenote_category":0,"footnotes":""},"categories":[1],"tags":[],"class_list":["post-91541","post","type-post","status-publish","format-standard","has-post-thumbnail","hentry","category-sin-categoria"],"yoast_head":"<!-- This site is optimized with the Yoast SEO plugin v27.3 - https:\/\/yoast.com\/product\/yoast-seo-wordpress\/ -->\n<title>Internacionales\/\/\/Carolina Alonso Romei\/\/\/Detienen al &quot;Pitt&quot;, miembro del C\u00e1rtel de Sinaloa -<\/title>\n<meta name=\"robots\" content=\"index, follow, max-snippet:-1, max-image-preview:large, max-video-preview:-1\" \/>\n<link rel=\"canonical\" href=\"https:\/\/quehacerpolitico.mx\/?p=91541\" \/>\n<meta property=\"og:locale\" content=\"es_MX\" \/>\n<meta property=\"og:type\" content=\"article\" \/>\n<meta property=\"og:title\" content=\"Internacionales\/\/\/Carolina Alonso Romei\/\/\/Detienen al &quot;Pitt&quot;, miembro del C\u00e1rtel de Sinaloa -\" \/>\n<meta property=\"og:description\" content=\"Por Carolina Alonso Romei Internacionalista El narcotraficante Donaciano Olguin, &#8220;Pitt&#8221;, miembro del C\u00e1rtel de Sinaloa,...\" \/>\n<meta property=\"og:url\" content=\"https:\/\/quehacerpolitico.mx\/?p=91541\" \/>\n<meta property=\"article:published_time\" content=\"2022-04-08T22:30:46+00:00\" \/>\n<meta property=\"article:modified_time\" content=\"2022-04-08T22:30:49+00:00\" \/>\n<meta property=\"og:image\" content=\"https:\/\/quehacerpolitico.mx\/wp-content\/uploads\/2022\/04\/88B8C783-4F32-4596-88C6-A346B8041529.jpeg\" \/>\n\t<meta property=\"og:image:width\" content=\"1283\" \/>\n\t<meta property=\"og:image:height\" content=\"686\" \/>\n\t<meta property=\"og:image:type\" content=\"image\/jpeg\" \/>\n<meta name=\"author\" content=\"Redacci\u00f3n QP\" \/>\n<meta name=\"twitter:card\" content=\"summary_large_image\" \/>\n<meta name=\"twitter:label1\" content=\"Escrito por\" \/>\n\t<meta name=\"twitter:data1\" content=\"Redacci\u00f3n QP\" \/>\n\t<meta name=\"twitter:label2\" content=\"Tiempo de lectura\" \/>\n\t<meta name=\"twitter:data2\" content=\"1 minuto\" \/>\n<script type=\"application\/ld+json\" class=\"yoast-schema-graph\">{\"@context\":\"https:\\\/\\\/schema.org\",\"@graph\":[{\"@type\":\"Article\",\"@id\":\"https:\\\/\\\/quehacerpolitico.mx\\\/?p=91541#article\",\"isPartOf\":{\"@id\":\"https:\\\/\\\/quehacerpolitico.mx\\\/?p=91541\"},\"author\":{\"name\":\"Redacci\u00f3n QP\",\"@id\":\"https:\\\/\\\/quehacerpolitico.mx\\\/#\\\/schema\\\/person\\\/496d8ad2d1d3f8036101dca7ee39e585\"},\"headline\":\"Internacionales\\\/\\\/\\\/Carolina Alonso Romei\\\/\\\/\\\/Detienen al &#8220;Pitt&#8221;, miembro del C\u00e1rtel de Sinaloa\",\"datePublished\":\"2022-04-08T22:30:46+00:00\",\"dateModified\":\"2022-04-08T22:30:49+00:00\",\"mainEntityOfPage\":{\"@id\":\"https:\\\/\\\/quehacerpolitico.mx\\\/?p=91541\"},\"wordCount\":275,\"commentCount\":0,\"image\":{\"@id\":\"https:\\\/\\\/quehacerpolitico.mx\\\/?p=91541#primaryimage\"},\"thumbnailUrl\":\"https:\\\/\\\/quehacerpolitico.mx\\\/wp-content\\\/uploads\\\/2022\\\/04\\\/88B8C783-4F32-4596-88C6-A346B8041529.jpeg\",\"articleSection\":[\"Internacionales\"],\"inLanguage\":\"es\",\"potentialAction\":[{\"@type\":\"CommentAction\",\"name\":\"Comment\",\"target\":[\"https:\\\/\\\/quehacerpolitico.mx\\\/?p=91541#respond\"]}]},{\"@type\":\"WebPage\",\"@id\":\"https:\\\/\\\/quehacerpolitico.mx\\\/?p=91541\",\"url\":\"https:\\\/\\\/quehacerpolitico.mx\\\/?p=91541\",\"name\":\"Internacionales\\\/\\\/\\\/Carolina Alonso Romei\\\/\\\/\\\/Detienen al \\\"Pitt\\\", miembro del C\u00e1rtel de Sinaloa -\",\"isPartOf\":{\"@id\":\"https:\\\/\\\/quehacerpolitico.mx\\\/#website\"},\"primaryImageOfPage\":{\"@id\":\"https:\\\/\\\/quehacerpolitico.mx\\\/?p=91541#primaryimage\"},\"image\":{\"@id\":\"https:\\\/\\\/quehacerpolitico.mx\\\/?p=91541#primaryimage\"},\"thumbnailUrl\":\"https:\\\/\\\/quehacerpolitico.mx\\\/wp-content\\\/uploads\\\/2022\\\/04\\\/88B8C783-4F32-4596-88C6-A346B8041529.jpeg\",\"datePublished\":\"2022-04-08T22:30:46+00:00\",\"dateModified\":\"2022-04-08T22:30:49+00:00\",\"author\":{\"@id\":\"https:\\\/\\\/quehacerpolitico.mx\\\/#\\\/schema\\\/person\\\/496d8ad2d1d3f8036101dca7ee39e585\"},\"breadcrumb\":{\"@id\":\"https:\\\/\\\/quehacerpolitico.mx\\\/?p=91541#breadcrumb\"},\"inLanguage\":\"es\",\"potentialAction\":[{\"@type\":\"ReadAction\",\"target\":[\"https:\\\/\\\/quehacerpolitico.mx\\\/?p=91541\"]}]},{\"@type\":\"ImageObject\",\"inLanguage\":\"es\",\"@id\":\"https:\\\/\\\/quehacerpolitico.mx\\\/?p=91541#primaryimage\",\"url\":\"https:\\\/\\\/quehacerpolitico.mx\\\/wp-content\\\/uploads\\\/2022\\\/04\\\/88B8C783-4F32-4596-88C6-A346B8041529.jpeg\",\"contentUrl\":\"https:\\\/\\\/quehacerpolitico.mx\\\/wp-content\\\/uploads\\\/2022\\\/04\\\/88B8C783-4F32-4596-88C6-A346B8041529.jpeg\",\"width\":1283,\"height\":686},{\"@type\":\"BreadcrumbList\",\"@id\":\"https:\\\/\\\/quehacerpolitico.mx\\\/?p=91541#breadcrumb\",\"itemListElement\":[{\"@type\":\"ListItem\",\"position\":1,\"name\":\"Inicio\",\"item\":\"https:\\\/\\\/quehacerpolitico.mx\\\/\"},{\"@type\":\"ListItem\",\"position\":2,\"name\":\"Internacionales\\\/\\\/\\\/Carolina Alonso Romei\\\/\\\/\\\/Detienen al &#8220;Pitt&#8221;, miembro del C\u00e1rtel de Sinaloa\"}]},{\"@type\":\"WebSite\",\"@id\":\"https:\\\/\\\/quehacerpolitico.mx\\\/#website\",\"url\":\"https:\\\/\\\/quehacerpolitico.mx\\\/\",\"name\":\"\",\"description\":\"\",\"potentialAction\":[{\"@type\":\"SearchAction\",\"target\":{\"@type\":\"EntryPoint\",\"urlTemplate\":\"https:\\\/\\\/quehacerpolitico.mx\\\/?s={search_term_string}\"},\"query-input\":{\"@type\":\"PropertyValueSpecification\",\"valueRequired\":true,\"valueName\":\"search_term_string\"}}],\"inLanguage\":\"es\"},{\"@type\":\"Person\",\"@id\":\"https:\\\/\\\/quehacerpolitico.mx\\\/#\\\/schema\\\/person\\\/496d8ad2d1d3f8036101dca7ee39e585\",\"name\":\"Redacci\u00f3n QP\",\"image\":{\"@type\":\"ImageObject\",\"inLanguage\":\"es\",\"@id\":\"https:\\\/\\\/secure.gravatar.com\\\/avatar\\\/c7164ed6fdec453195284ad24a5ae5b6e1eed2b848477fa2a4787ba9adf39a41?s=96&d=mm&r=g\",\"url\":\"https:\\\/\\\/secure.gravatar.com\\\/avatar\\\/c7164ed6fdec453195284ad24a5ae5b6e1eed2b848477fa2a4787ba9adf39a41?s=96&d=mm&r=g\",\"contentUrl\":\"https:\\\/\\\/secure.gravatar.com\\\/avatar\\\/c7164ed6fdec453195284ad24a5ae5b6e1eed2b848477fa2a4787ba9adf39a41?s=96&d=mm&r=g\",\"caption\":\"Redacci\u00f3n QP\"},\"url\":\"https:\\\/\\\/quehacerpolitico.mx\\\/?author=2\"}]}<\/script>\n<!-- \/ Yoast SEO plugin. -->","yoast_head_json":{"title":"Internacionales\/\/\/Carolina Alonso Romei\/\/\/Detienen al \"Pitt\", miembro del C\u00e1rtel de Sinaloa -","robots":{"index":"index","follow":"follow","max-snippet":"max-snippet:-1","max-image-preview":"max-image-preview:large","max-video-preview":"max-video-preview:-1"},"canonical":"https:\/\/quehacerpolitico.mx\/?p=91541","og_locale":"es_MX","og_type":"article","og_title":"Internacionales\/\/\/Carolina Alonso Romei\/\/\/Detienen al \"Pitt\", miembro del C\u00e1rtel de Sinaloa -","og_description":"Por Carolina Alonso Romei Internacionalista El narcotraficante Donaciano Olguin, &#8220;Pitt&#8221;, miembro del C\u00e1rtel de Sinaloa,...","og_url":"https:\/\/quehacerpolitico.mx\/?p=91541","article_published_time":"2022-04-08T22:30:46+00:00","article_modified_time":"2022-04-08T22:30:49+00:00","og_image":[{"width":1283,"height":686,"url":"https:\/\/quehacerpolitico.mx\/wp-content\/uploads\/2022\/04\/88B8C783-4F32-4596-88C6-A346B8041529.jpeg","type":"image\/jpeg"}],"author":"Redacci\u00f3n QP","twitter_card":"summary_large_image","twitter_misc":{"Escrito por":"Redacci\u00f3n QP","Tiempo de lectura":"1 minuto"},"schema":{"@context":"https:\/\/schema.org","@graph":[{"@type":"Article","@id":"https:\/\/quehacerpolitico.mx\/?p=91541#article","isPartOf":{"@id":"https:\/\/quehacerpolitico.mx\/?p=91541"},"author":{"name":"Redacci\u00f3n QP","@id":"https:\/\/quehacerpolitico.mx\/#\/schema\/person\/496d8ad2d1d3f8036101dca7ee39e585"},"headline":"Internacionales\/\/\/Carolina Alonso Romei\/\/\/Detienen al &#8220;Pitt&#8221;, miembro del C\u00e1rtel de Sinaloa","datePublished":"2022-04-08T22:30:46+00:00","dateModified":"2022-04-08T22:30:49+00:00","mainEntityOfPage":{"@id":"https:\/\/quehacerpolitico.mx\/?p=91541"},"wordCount":275,"commentCount":0,"image":{"@id":"https:\/\/quehacerpolitico.mx\/?p=91541#primaryimage"},"thumbnailUrl":"https:\/\/quehacerpolitico.mx\/wp-content\/uploads\/2022\/04\/88B8C783-4F32-4596-88C6-A346B8041529.jpeg","articleSection":["Internacionales"],"inLanguage":"es","potentialAction":[{"@type":"CommentAction","name":"Comment","target":["https:\/\/quehacerpolitico.mx\/?p=91541#respond"]}]},{"@type":"WebPage","@id":"https:\/\/quehacerpolitico.mx\/?p=91541","url":"https:\/\/quehacerpolitico.mx\/?p=91541","name":"Internacionales\/\/\/Carolina Alonso Romei\/\/\/Detienen al \"Pitt\", miembro del C\u00e1rtel de Sinaloa -","isPartOf":{"@id":"https:\/\/quehacerpolitico.mx\/#website"},"primaryImageOfPage":{"@id":"https:\/\/quehacerpolitico.mx\/?p=91541#primaryimage"},"image":{"@id":"https:\/\/quehacerpolitico.mx\/?p=91541#primaryimage"},"thumbnailUrl":"https:\/\/quehacerpolitico.mx\/wp-content\/uploads\/2022\/04\/88B8C783-4F32-4596-88C6-A346B8041529.jpeg","datePublished":"2022-04-08T22:30:46+00:00","dateModified":"2022-04-08T22:30:49+00:00","author":{"@id":"https:\/\/quehacerpolitico.mx\/#\/schema\/person\/496d8ad2d1d3f8036101dca7ee39e585"},"breadcrumb":{"@id":"https:\/\/quehacerpolitico.mx\/?p=91541#breadcrumb"},"inLanguage":"es","potentialAction":[{"@type":"ReadAction","target":["https:\/\/quehacerpolitico.mx\/?p=91541"]}]},{"@type":"ImageObject","inLanguage":"es","@id":"https:\/\/quehacerpolitico.mx\/?p=91541#primaryimage","url":"https:\/\/quehacerpolitico.mx\/wp-content\/uploads\/2022\/04\/88B8C783-4F32-4596-88C6-A346B8041529.jpeg","contentUrl":"https:\/\/quehacerpolitico.mx\/wp-content\/uploads\/2022\/04\/88B8C783-4F32-4596-88C6-A346B8041529.jpeg","width":1283,"height":686},{"@type":"BreadcrumbList","@id":"https:\/\/quehacerpolitico.mx\/?p=91541#breadcrumb","itemListElement":[{"@type":"ListItem","position":1,"name":"Inicio","item":"https:\/\/quehacerpolitico.mx\/"},{"@type":"ListItem","position":2,"name":"Internacionales\/\/\/Carolina Alonso Romei\/\/\/Detienen al &#8220;Pitt&#8221;, miembro del C\u00e1rtel de Sinaloa"}]},{"@type":"WebSite","@id":"https:\/\/quehacerpolitico.mx\/#website","url":"https:\/\/quehacerpolitico.mx\/","name":"","description":"","potentialAction":[{"@type":"SearchAction","target":{"@type":"EntryPoint","urlTemplate":"https:\/\/quehacerpolitico.mx\/?s={search_term_string}"},"query-input":{"@type":"PropertyValueSpecification","valueRequired":true,"valueName":"search_term_string"}}],"inLanguage":"es"},{"@type":"Person","@id":"https:\/\/quehacerpolitico.mx\/#\/schema\/person\/496d8ad2d1d3f8036101dca7ee39e585","name":"Redacci\u00f3n QP","image":{"@type":"ImageObject","inLanguage":"es","@id":"https:\/\/secure.gravatar.com\/avatar\/c7164ed6fdec453195284ad24a5ae5b6e1eed2b848477fa2a4787ba9adf39a41?s=96&d=mm&r=g","url":"https:\/\/secure.gravatar.com\/avatar\/c7164ed6fdec453195284ad24a5ae5b6e1eed2b848477fa2a4787ba9adf39a41?s=96&d=mm&r=g","contentUrl":"https:\/\/secure.gravatar.com\/avatar\/c7164ed6fdec453195284ad24a5ae5b6e1eed2b848477fa2a4787ba9adf39a41?s=96&d=mm&r=g","caption":"Redacci\u00f3n QP"},"url":"https:\/\/quehacerpolitico.mx\/?author=2"}]}},"featured_image_urls":{"full":["https:\/\/quehacerpolitico.mx\/wp-content\/uploads\/2022\/04\/88B8C783-4F32-4596-88C6-A346B8041529.jpeg",1283,686,false],"thumbnail":["https:\/\/quehacerpolitico.mx\/wp-content\/uploads\/2022\/04\/88B8C783-4F32-4596-88C6-A346B8041529-150x150.jpeg",150,150,true],"medium":["https:\/\/quehacerpolitico.mx\/wp-content\/uploads\/2022\/04\/88B8C783-4F32-4596-88C6-A346B8041529-300x160.jpeg",300,160,true],"medium_large":["https:\/\/quehacerpolitico.mx\/wp-content\/uploads\/2022\/04\/88B8C783-4F32-4596-88C6-A346B8041529-768x411.jpeg",640,343,true],"large":["https:\/\/quehacerpolitico.mx\/wp-content\/uploads\/2022\/04\/88B8C783-4F32-4596-88C6-A346B8041529-1024x548.jpeg",640,343,true],"1536x1536":["https:\/\/quehacerpolitico.mx\/wp-content\/uploads\/2022\/04\/88B8C783-4F32-4596-88C6-A346B8041529.jpeg",1283,686,false],"2048x2048":["https:\/\/quehacerpolitico.mx\/wp-content\/uploads\/2022\/04\/88B8C783-4F32-4596-88C6-A346B8041529.jpeg",1283,686,false],"covernews-featured":["https:\/\/quehacerpolitico.mx\/wp-content\/uploads\/2022\/04\/88B8C783-4F32-4596-88C6-A346B8041529.jpeg",1024,548,false],"covernews-medium":["https:\/\/quehacerpolitico.mx\/wp-content\/uploads\/2022\/04\/88B8C783-4F32-4596-88C6-A346B8041529.jpeg",540,289,false]},"author_info":{"display_name":"Redacci\u00f3n QP","author_link":"https:\/\/quehacerpolitico.mx\/?author=2"},"category_info":"<a href=\"https:\/\/quehacerpolitico.mx\/?cat=1\" rel=\"category\">Internacionales<\/a>","tag_info":"Internacionales","comment_count":"0","_links":{"self":[{"href":"https:\/\/quehacerpolitico.mx\/index.php?rest_route=\/wp\/v2\/posts\/91541","targetHints":{"allow":["GET"]}}],"collection":[{"href":"https:\/\/quehacerpolitico.mx\/index.php?rest_route=\/wp\/v2\/posts"}],"about":[{"href":"https:\/\/quehacerpolitico.mx\/index.php?rest_route=\/wp\/v2\/types\/post"}],"author":[{"embeddable":true,"href":"https:\/\/quehacerpolitico.mx\/index.php?rest_route=\/wp\/v2\/users\/2"}],"replies":[{"embeddable":true,"href":"https:\/\/quehacerpolitico.mx\/index.php?rest_route=%2Fwp%2Fv2%2Fcomments&post=91541"}],"version-history":[{"count":1,"href":"https:\/\/quehacerpolitico.mx\/index.php?rest_route=\/wp\/v2\/posts\/91541\/revisions"}],"predecessor-version":[{"id":91544,"href":"https:\/\/quehacerpolitico.mx\/index.php?rest_route=\/wp\/v2\/posts\/91541\/revisions\/91544"}],"wp:featuredmedia":[{"embeddable":true,"href":"https:\/\/quehacerpolitico.mx\/index.php?rest_route=\/wp\/v2\/media\/91543"}],"wp:attachment":[{"href":"https:\/\/quehacerpolitico.mx\/index.php?rest_route=%2Fwp%2Fv2%2Fmedia&parent=91541"}],"wp:term":[{"taxonomy":"category","embeddable":true,"href":"https:\/\/quehacerpolitico.mx\/index.php?rest_route=%2Fwp%2Fv2%2Fcategories&post=91541"},{"taxonomy":"post_tag","embeddable":true,"href":"https:\/\/quehacerpolitico.mx\/index.php?rest_route=%2Fwp%2Fv2%2Ftags&post=91541"}],"curies":[{"name":"wp","href":"https:\/\/api.w.org\/{rel}","templated":true}]}}