{"id":91478,"date":"2022-04-08T04:49:35","date_gmt":"2022-04-08T04:49:35","guid":{"rendered":"https:\/\/quehacerpolitico.mx\/?p=91478"},"modified":"2022-04-08T04:49:37","modified_gmt":"2022-04-08T04:49:37","slug":"presidencia-de-mexico-celebra-fallo-a-favor-de-la-ley-electrica-de-amlo","status":"publish","type":"post","link":"https:\/\/quehacerpolitico.mx\/?p=91478","title":{"rendered":"Presidencia de M\u00e9xico celebra fallo a favor de la Ley El\u00e9ctrica de AMLO\u00a0"},"content":{"rendered":"\n<p>Por Redacci\u00f3n QP<\/p>\n\n\n\n<p>La Presidencia de la Rep\u00fablica celebr\u00f3 la decisi\u00f3n de la Suprema Corte de Justicia de la Naci\u00f3n (SCJN), que este jueves declar\u00f3 constitucional la Ley de la Industria El\u00e9ctrica (LIE)<\/p>\n\n\n\n<p>Este jueves\u00a0declar\u00f3 constitucional la Ley de la Industria El\u00e9ctrica\u00a0(LIE) del Presidente Andr\u00e9s Manuel L\u00f3pez Obrador (AMLO), ante esto La Presidencia de la Rep\u00fablica celebr\u00f3 la decisi\u00f3n de la Suprema Corte de Justicia de la Naci\u00f3n (SCJN).<\/p>\n\n\n\n<h2 class=\"wp-block-heading\">Celebran fallo de los ministros<\/h2>\n\n\n\n<p>El vocero de Presidencia, Jes\u00fas&nbsp;Ram\u00edrez&nbsp;Cuevas,&nbsp;<strong>celebro el fallo de los ministros del m\u00e1ximo tribunal de justicia<\/strong>, por medio de su cuenta de Twitter.<\/p>\n\n\n\n<p>Es de celebrar la decisi\u00f3n de los ministros de @SCJN que votaron\u00a0por mantener la constitucionalidad de la Ley de la Industria El\u00e9ctrica\u00a0del presidente @lopezobrador_. La historia juzgar\u00e1 a quienes traicionen a la patria y los intereses del pueblo&#8221;.<\/p>\n\n\n\n<p>En ese mismo mensaje, Ram\u00edrez Cuevas se\u00f1al\u00f3 que la historia juzgar\u00e1 a quienes traicionen a la patria y los intereses del pueblo de M\u00e9xico.<\/p>\n\n\n\n<figure class=\"wp-block-embed is-type-rich is-provider-twitter wp-block-embed-twitter\"><div class=\"wp-block-embed__wrapper\">\n<blockquote class=\"twitter-tweet\" data-width=\"550\" data-dnt=\"true\"><p lang=\"es\" dir=\"ltr\">Es tiempo de definiciones. Es de celebrar la decisi\u00f3n de los ministros de <a href=\"https:\/\/twitter.com\/SCJN?ref_src=twsrc%5Etfw\">@SCJN<\/a> que votaron por mantener la constitucionalidad de la Ley de la Industria El\u00e9ctrica del presidente <a href=\"https:\/\/twitter.com\/lopezobrador_?ref_src=twsrc%5Etfw\">@lopezobrador_<\/a>. La historia juzgar\u00e1 a quienes traicionen a la patria y los intereses del pueblo de \ud83c\uddf2\ud83c\uddfd<\/p>&mdash; Jes\u00fas Ram\u00edrez Cuevas (@JesusRCuevas) <a href=\"https:\/\/twitter.com\/JesusRCuevas\/status\/1512193294016602122?ref_src=twsrc%5Etfw\">April 7, 2022<\/a><\/blockquote><script async src=\"https:\/\/platform.twitter.com\/widgets.js\" charset=\"utf-8\"><\/script>\n<\/div><\/figure>\n\n\n\n<h2 class=\"wp-block-heading\">AMLO advirti\u00f3&nbsp;del PRI<\/h2>\n\n\n\n<p>Por la ma\u00f1ana, AMLO advirti\u00f3 que\u00a0el PRI &#8220;est\u00e1 pensando&#8221; en definirse a favor de las empresas extranjeras\u00a0en la discusi\u00f3n de la reforma el\u00e9ctrica que se analiza en la C\u00e1mara de Diputados.<\/p>\n\n\n\n<p><strong>&#8220;Est\u00e1n pensando en definirse en favor de las empresas extranjeras, ojal\u00e1 y cambien de parecer<\/strong>, pero sobre todos los legisladores, que tengan la arrogancia de sentirse libres, de rebelarse y pensar que la patria es primero, eso es lo que est\u00e1 a debate&#8221;, dijo.<\/p>\n\n\n\n<p>Con informaci\u00f3n de SUN<\/p>\n","protected":false},"excerpt":{"rendered":"<p>Por Redacci\u00f3n QP La Presidencia de la Rep\u00fablica celebr\u00f3 la decisi\u00f3n de la Suprema Corte&#8230;<\/p>\n","protected":false},"author":2,"featured_media":91479,"comment_status":"open","ping_status":"open","sticky":false,"template":"","format":"standard","meta":{"_monsterinsights_skip_tracking":false,"_monsterinsights_sitenote_active":false,"_monsterinsights_sitenote_note":"","_monsterinsights_sitenote_category":0,"footnotes":""},"categories":[2],"tags":[],"class_list":["post-91478","post","type-post","status-publish","format-standard","has-post-thumbnail","hentry","category-noticias"],"yoast_head":"<!-- This site is optimized with the Yoast SEO plugin v27.3 - https:\/\/yoast.com\/product\/yoast-seo-wordpress\/ -->\n<title>Presidencia de M\u00e9xico celebra fallo a favor de la Ley El\u00e9ctrica de AMLO\u00a0 -<\/title>\n<meta name=\"robots\" content=\"index, follow, max-snippet:-1, max-image-preview:large, max-video-preview:-1\" \/>\n<link rel=\"canonical\" href=\"https:\/\/quehacerpolitico.mx\/?p=91478\" \/>\n<meta property=\"og:locale\" content=\"es_MX\" \/>\n<meta property=\"og:type\" content=\"article\" \/>\n<meta property=\"og:title\" content=\"Presidencia de M\u00e9xico celebra fallo a favor de la Ley El\u00e9ctrica de AMLO\u00a0 -\" \/>\n<meta property=\"og:description\" content=\"Por Redacci\u00f3n QP La Presidencia de la Rep\u00fablica celebr\u00f3 la decisi\u00f3n de la Suprema Corte...\" \/>\n<meta property=\"og:url\" content=\"https:\/\/quehacerpolitico.mx\/?p=91478\" \/>\n<meta property=\"article:published_time\" content=\"2022-04-08T04:49:35+00:00\" \/>\n<meta property=\"article:modified_time\" content=\"2022-04-08T04:49:37+00:00\" \/>\n<meta property=\"og:image\" content=\"https:\/\/quehacerpolitico.mx\/wp-content\/uploads\/2022\/04\/ACCDF406-2BDE-40EE-9DF0-0032CC68E5AA.jpeg\" \/>\n\t<meta property=\"og:image:width\" content=\"764\" \/>\n\t<meta property=\"og:image:height\" content=\"401\" \/>\n\t<meta property=\"og:image:type\" content=\"image\/jpeg\" \/>\n<meta name=\"author\" content=\"Redacci\u00f3n QP\" \/>\n<meta name=\"twitter:card\" content=\"summary_large_image\" \/>\n<meta name=\"twitter:label1\" content=\"Escrito por\" \/>\n\t<meta name=\"twitter:data1\" content=\"Redacci\u00f3n QP\" \/>\n\t<meta name=\"twitter:label2\" content=\"Tiempo de lectura\" \/>\n\t<meta name=\"twitter:data2\" content=\"1 minuto\" \/>\n<script type=\"application\/ld+json\" class=\"yoast-schema-graph\">{\"@context\":\"https:\\\/\\\/schema.org\",\"@graph\":[{\"@type\":\"Article\",\"@id\":\"https:\\\/\\\/quehacerpolitico.mx\\\/?p=91478#article\",\"isPartOf\":{\"@id\":\"https:\\\/\\\/quehacerpolitico.mx\\\/?p=91478\"},\"author\":{\"name\":\"Redacci\u00f3n QP\",\"@id\":\"https:\\\/\\\/quehacerpolitico.mx\\\/#\\\/schema\\\/person\\\/496d8ad2d1d3f8036101dca7ee39e585\"},\"headline\":\"Presidencia de M\u00e9xico celebra fallo a favor de la Ley El\u00e9ctrica de AMLO\u00a0\",\"datePublished\":\"2022-04-08T04:49:35+00:00\",\"dateModified\":\"2022-04-08T04:49:37+00:00\",\"mainEntityOfPage\":{\"@id\":\"https:\\\/\\\/quehacerpolitico.mx\\\/?p=91478\"},\"wordCount\":306,\"commentCount\":0,\"image\":{\"@id\":\"https:\\\/\\\/quehacerpolitico.mx\\\/?p=91478#primaryimage\"},\"thumbnailUrl\":\"https:\\\/\\\/quehacerpolitico.mx\\\/wp-content\\\/uploads\\\/2022\\\/04\\\/ACCDF406-2BDE-40EE-9DF0-0032CC68E5AA.jpeg\",\"articleSection\":[\"Noticias\"],\"inLanguage\":\"es\",\"potentialAction\":[{\"@type\":\"CommentAction\",\"name\":\"Comment\",\"target\":[\"https:\\\/\\\/quehacerpolitico.mx\\\/?p=91478#respond\"]}]},{\"@type\":\"WebPage\",\"@id\":\"https:\\\/\\\/quehacerpolitico.mx\\\/?p=91478\",\"url\":\"https:\\\/\\\/quehacerpolitico.mx\\\/?p=91478\",\"name\":\"Presidencia de M\u00e9xico celebra fallo a favor de la Ley El\u00e9ctrica de AMLO\u00a0 -\",\"isPartOf\":{\"@id\":\"https:\\\/\\\/quehacerpolitico.mx\\\/#website\"},\"primaryImageOfPage\":{\"@id\":\"https:\\\/\\\/quehacerpolitico.mx\\\/?p=91478#primaryimage\"},\"image\":{\"@id\":\"https:\\\/\\\/quehacerpolitico.mx\\\/?p=91478#primaryimage\"},\"thumbnailUrl\":\"https:\\\/\\\/quehacerpolitico.mx\\\/wp-content\\\/uploads\\\/2022\\\/04\\\/ACCDF406-2BDE-40EE-9DF0-0032CC68E5AA.jpeg\",\"datePublished\":\"2022-04-08T04:49:35+00:00\",\"dateModified\":\"2022-04-08T04:49:37+00:00\",\"author\":{\"@id\":\"https:\\\/\\\/quehacerpolitico.mx\\\/#\\\/schema\\\/person\\\/496d8ad2d1d3f8036101dca7ee39e585\"},\"breadcrumb\":{\"@id\":\"https:\\\/\\\/quehacerpolitico.mx\\\/?p=91478#breadcrumb\"},\"inLanguage\":\"es\",\"potentialAction\":[{\"@type\":\"ReadAction\",\"target\":[\"https:\\\/\\\/quehacerpolitico.mx\\\/?p=91478\"]}]},{\"@type\":\"ImageObject\",\"inLanguage\":\"es\",\"@id\":\"https:\\\/\\\/quehacerpolitico.mx\\\/?p=91478#primaryimage\",\"url\":\"https:\\\/\\\/quehacerpolitico.mx\\\/wp-content\\\/uploads\\\/2022\\\/04\\\/ACCDF406-2BDE-40EE-9DF0-0032CC68E5AA.jpeg\",\"contentUrl\":\"https:\\\/\\\/quehacerpolitico.mx\\\/wp-content\\\/uploads\\\/2022\\\/04\\\/ACCDF406-2BDE-40EE-9DF0-0032CC68E5AA.jpeg\",\"width\":764,\"height\":401},{\"@type\":\"BreadcrumbList\",\"@id\":\"https:\\\/\\\/quehacerpolitico.mx\\\/?p=91478#breadcrumb\",\"itemListElement\":[{\"@type\":\"ListItem\",\"position\":1,\"name\":\"Inicio\",\"item\":\"https:\\\/\\\/quehacerpolitico.mx\\\/\"},{\"@type\":\"ListItem\",\"position\":2,\"name\":\"Presidencia de M\u00e9xico celebra fallo a favor de la Ley El\u00e9ctrica de AMLO\u00a0\"}]},{\"@type\":\"WebSite\",\"@id\":\"https:\\\/\\\/quehacerpolitico.mx\\\/#website\",\"url\":\"https:\\\/\\\/quehacerpolitico.mx\\\/\",\"name\":\"\",\"description\":\"\",\"potentialAction\":[{\"@type\":\"SearchAction\",\"target\":{\"@type\":\"EntryPoint\",\"urlTemplate\":\"https:\\\/\\\/quehacerpolitico.mx\\\/?s={search_term_string}\"},\"query-input\":{\"@type\":\"PropertyValueSpecification\",\"valueRequired\":true,\"valueName\":\"search_term_string\"}}],\"inLanguage\":\"es\"},{\"@type\":\"Person\",\"@id\":\"https:\\\/\\\/quehacerpolitico.mx\\\/#\\\/schema\\\/person\\\/496d8ad2d1d3f8036101dca7ee39e585\",\"name\":\"Redacci\u00f3n QP\",\"image\":{\"@type\":\"ImageObject\",\"inLanguage\":\"es\",\"@id\":\"https:\\\/\\\/secure.gravatar.com\\\/avatar\\\/c7164ed6fdec453195284ad24a5ae5b6e1eed2b848477fa2a4787ba9adf39a41?s=96&d=mm&r=g\",\"url\":\"https:\\\/\\\/secure.gravatar.com\\\/avatar\\\/c7164ed6fdec453195284ad24a5ae5b6e1eed2b848477fa2a4787ba9adf39a41?s=96&d=mm&r=g\",\"contentUrl\":\"https:\\\/\\\/secure.gravatar.com\\\/avatar\\\/c7164ed6fdec453195284ad24a5ae5b6e1eed2b848477fa2a4787ba9adf39a41?s=96&d=mm&r=g\",\"caption\":\"Redacci\u00f3n QP\"},\"url\":\"https:\\\/\\\/quehacerpolitico.mx\\\/?author=2\"}]}<\/script>\n<!-- \/ Yoast SEO plugin. -->","yoast_head_json":{"title":"Presidencia de M\u00e9xico celebra fallo a favor de la Ley El\u00e9ctrica de AMLO\u00a0 -","robots":{"index":"index","follow":"follow","max-snippet":"max-snippet:-1","max-image-preview":"max-image-preview:large","max-video-preview":"max-video-preview:-1"},"canonical":"https:\/\/quehacerpolitico.mx\/?p=91478","og_locale":"es_MX","og_type":"article","og_title":"Presidencia de M\u00e9xico celebra fallo a favor de la Ley El\u00e9ctrica de AMLO\u00a0 -","og_description":"Por Redacci\u00f3n QP La Presidencia de la Rep\u00fablica celebr\u00f3 la decisi\u00f3n de la Suprema Corte...","og_url":"https:\/\/quehacerpolitico.mx\/?p=91478","article_published_time":"2022-04-08T04:49:35+00:00","article_modified_time":"2022-04-08T04:49:37+00:00","og_image":[{"width":764,"height":401,"url":"https:\/\/quehacerpolitico.mx\/wp-content\/uploads\/2022\/04\/ACCDF406-2BDE-40EE-9DF0-0032CC68E5AA.jpeg","type":"image\/jpeg"}],"author":"Redacci\u00f3n QP","twitter_card":"summary_large_image","twitter_misc":{"Escrito por":"Redacci\u00f3n QP","Tiempo de lectura":"1 minuto"},"schema":{"@context":"https:\/\/schema.org","@graph":[{"@type":"Article","@id":"https:\/\/quehacerpolitico.mx\/?p=91478#article","isPartOf":{"@id":"https:\/\/quehacerpolitico.mx\/?p=91478"},"author":{"name":"Redacci\u00f3n QP","@id":"https:\/\/quehacerpolitico.mx\/#\/schema\/person\/496d8ad2d1d3f8036101dca7ee39e585"},"headline":"Presidencia de M\u00e9xico celebra fallo a favor de la Ley El\u00e9ctrica de AMLO\u00a0","datePublished":"2022-04-08T04:49:35+00:00","dateModified":"2022-04-08T04:49:37+00:00","mainEntityOfPage":{"@id":"https:\/\/quehacerpolitico.mx\/?p=91478"},"wordCount":306,"commentCount":0,"image":{"@id":"https:\/\/quehacerpolitico.mx\/?p=91478#primaryimage"},"thumbnailUrl":"https:\/\/quehacerpolitico.mx\/wp-content\/uploads\/2022\/04\/ACCDF406-2BDE-40EE-9DF0-0032CC68E5AA.jpeg","articleSection":["Noticias"],"inLanguage":"es","potentialAction":[{"@type":"CommentAction","name":"Comment","target":["https:\/\/quehacerpolitico.mx\/?p=91478#respond"]}]},{"@type":"WebPage","@id":"https:\/\/quehacerpolitico.mx\/?p=91478","url":"https:\/\/quehacerpolitico.mx\/?p=91478","name":"Presidencia de M\u00e9xico celebra fallo a favor de la Ley El\u00e9ctrica de AMLO\u00a0 -","isPartOf":{"@id":"https:\/\/quehacerpolitico.mx\/#website"},"primaryImageOfPage":{"@id":"https:\/\/quehacerpolitico.mx\/?p=91478#primaryimage"},"image":{"@id":"https:\/\/quehacerpolitico.mx\/?p=91478#primaryimage"},"thumbnailUrl":"https:\/\/quehacerpolitico.mx\/wp-content\/uploads\/2022\/04\/ACCDF406-2BDE-40EE-9DF0-0032CC68E5AA.jpeg","datePublished":"2022-04-08T04:49:35+00:00","dateModified":"2022-04-08T04:49:37+00:00","author":{"@id":"https:\/\/quehacerpolitico.mx\/#\/schema\/person\/496d8ad2d1d3f8036101dca7ee39e585"},"breadcrumb":{"@id":"https:\/\/quehacerpolitico.mx\/?p=91478#breadcrumb"},"inLanguage":"es","potentialAction":[{"@type":"ReadAction","target":["https:\/\/quehacerpolitico.mx\/?p=91478"]}]},{"@type":"ImageObject","inLanguage":"es","@id":"https:\/\/quehacerpolitico.mx\/?p=91478#primaryimage","url":"https:\/\/quehacerpolitico.mx\/wp-content\/uploads\/2022\/04\/ACCDF406-2BDE-40EE-9DF0-0032CC68E5AA.jpeg","contentUrl":"https:\/\/quehacerpolitico.mx\/wp-content\/uploads\/2022\/04\/ACCDF406-2BDE-40EE-9DF0-0032CC68E5AA.jpeg","width":764,"height":401},{"@type":"BreadcrumbList","@id":"https:\/\/quehacerpolitico.mx\/?p=91478#breadcrumb","itemListElement":[{"@type":"ListItem","position":1,"name":"Inicio","item":"https:\/\/quehacerpolitico.mx\/"},{"@type":"ListItem","position":2,"name":"Presidencia de M\u00e9xico celebra fallo a favor de la Ley El\u00e9ctrica de AMLO\u00a0"}]},{"@type":"WebSite","@id":"https:\/\/quehacerpolitico.mx\/#website","url":"https:\/\/quehacerpolitico.mx\/","name":"","description":"","potentialAction":[{"@type":"SearchAction","target":{"@type":"EntryPoint","urlTemplate":"https:\/\/quehacerpolitico.mx\/?s={search_term_string}"},"query-input":{"@type":"PropertyValueSpecification","valueRequired":true,"valueName":"search_term_string"}}],"inLanguage":"es"},{"@type":"Person","@id":"https:\/\/quehacerpolitico.mx\/#\/schema\/person\/496d8ad2d1d3f8036101dca7ee39e585","name":"Redacci\u00f3n QP","image":{"@type":"ImageObject","inLanguage":"es","@id":"https:\/\/secure.gravatar.com\/avatar\/c7164ed6fdec453195284ad24a5ae5b6e1eed2b848477fa2a4787ba9adf39a41?s=96&d=mm&r=g","url":"https:\/\/secure.gravatar.com\/avatar\/c7164ed6fdec453195284ad24a5ae5b6e1eed2b848477fa2a4787ba9adf39a41?s=96&d=mm&r=g","contentUrl":"https:\/\/secure.gravatar.com\/avatar\/c7164ed6fdec453195284ad24a5ae5b6e1eed2b848477fa2a4787ba9adf39a41?s=96&d=mm&r=g","caption":"Redacci\u00f3n QP"},"url":"https:\/\/quehacerpolitico.mx\/?author=2"}]}},"featured_image_urls":{"full":["https:\/\/quehacerpolitico.mx\/wp-content\/uploads\/2022\/04\/ACCDF406-2BDE-40EE-9DF0-0032CC68E5AA.jpeg",764,401,false],"thumbnail":["https:\/\/quehacerpolitico.mx\/wp-content\/uploads\/2022\/04\/ACCDF406-2BDE-40EE-9DF0-0032CC68E5AA-150x150.jpeg",150,150,true],"medium":["https:\/\/quehacerpolitico.mx\/wp-content\/uploads\/2022\/04\/ACCDF406-2BDE-40EE-9DF0-0032CC68E5AA-300x157.jpeg",300,157,true],"medium_large":["https:\/\/quehacerpolitico.mx\/wp-content\/uploads\/2022\/04\/ACCDF406-2BDE-40EE-9DF0-0032CC68E5AA.jpeg",640,336,false],"large":["https:\/\/quehacerpolitico.mx\/wp-content\/uploads\/2022\/04\/ACCDF406-2BDE-40EE-9DF0-0032CC68E5AA.jpeg",640,336,false],"1536x1536":["https:\/\/quehacerpolitico.mx\/wp-content\/uploads\/2022\/04\/ACCDF406-2BDE-40EE-9DF0-0032CC68E5AA.jpeg",764,401,false],"2048x2048":["https:\/\/quehacerpolitico.mx\/wp-content\/uploads\/2022\/04\/ACCDF406-2BDE-40EE-9DF0-0032CC68E5AA.jpeg",764,401,false],"covernews-featured":["https:\/\/quehacerpolitico.mx\/wp-content\/uploads\/2022\/04\/ACCDF406-2BDE-40EE-9DF0-0032CC68E5AA.jpeg",764,401,false],"covernews-medium":["https:\/\/quehacerpolitico.mx\/wp-content\/uploads\/2022\/04\/ACCDF406-2BDE-40EE-9DF0-0032CC68E5AA.jpeg",540,283,false]},"author_info":{"display_name":"Redacci\u00f3n QP","author_link":"https:\/\/quehacerpolitico.mx\/?author=2"},"category_info":"<a href=\"https:\/\/quehacerpolitico.mx\/?cat=2\" rel=\"category\">Noticias<\/a>","tag_info":"Noticias","comment_count":"0","_links":{"self":[{"href":"https:\/\/quehacerpolitico.mx\/index.php?rest_route=\/wp\/v2\/posts\/91478","targetHints":{"allow":["GET"]}}],"collection":[{"href":"https:\/\/quehacerpolitico.mx\/index.php?rest_route=\/wp\/v2\/posts"}],"about":[{"href":"https:\/\/quehacerpolitico.mx\/index.php?rest_route=\/wp\/v2\/types\/post"}],"author":[{"embeddable":true,"href":"https:\/\/quehacerpolitico.mx\/index.php?rest_route=\/wp\/v2\/users\/2"}],"replies":[{"embeddable":true,"href":"https:\/\/quehacerpolitico.mx\/index.php?rest_route=%2Fwp%2Fv2%2Fcomments&post=91478"}],"version-history":[{"count":1,"href":"https:\/\/quehacerpolitico.mx\/index.php?rest_route=\/wp\/v2\/posts\/91478\/revisions"}],"predecessor-version":[{"id":91480,"href":"https:\/\/quehacerpolitico.mx\/index.php?rest_route=\/wp\/v2\/posts\/91478\/revisions\/91480"}],"wp:featuredmedia":[{"embeddable":true,"href":"https:\/\/quehacerpolitico.mx\/index.php?rest_route=\/wp\/v2\/media\/91479"}],"wp:attachment":[{"href":"https:\/\/quehacerpolitico.mx\/index.php?rest_route=%2Fwp%2Fv2%2Fmedia&parent=91478"}],"wp:term":[{"taxonomy":"category","embeddable":true,"href":"https:\/\/quehacerpolitico.mx\/index.php?rest_route=%2Fwp%2Fv2%2Fcategories&post=91478"},{"taxonomy":"post_tag","embeddable":true,"href":"https:\/\/quehacerpolitico.mx\/index.php?rest_route=%2Fwp%2Fv2%2Ftags&post=91478"}],"curies":[{"name":"wp","href":"https:\/\/api.w.org\/{rel}","templated":true}]}}