{"id":91424,"date":"2022-04-05T17:24:47","date_gmt":"2022-04-05T17:24:47","guid":{"rendered":"https:\/\/quehacerpolitico.mx\/?p=91424"},"modified":"2022-04-05T17:24:50","modified_gmt":"2022-04-05T17:24:50","slug":"mexico-suma-10-semanas-consecutivas-de-reduccion-de-covid-19-lopez-gatell","status":"publish","type":"post","link":"https:\/\/quehacerpolitico.mx\/?p=91424","title":{"rendered":"M\u00e9xico suma 10 semanas consecutivas de reducci\u00f3n de COVID-19: L\u00f3pez-Gatell\u00a0"},"content":{"rendered":"\n<p>Por Redacci\u00f3n QP<\/p>\n\n\n\n<p>Hugo L\u00f3pez-Gatell detalla\u00a0que la hospitalizaci\u00f3n tambi\u00e9n muestra una tendencia sostenida a la baja del 98% si se compara con el punto m\u00e1ximo de la intensidad de esta epidemia<\/p>\n\n\n\n<p>Hugo L\u00f3pez-Gatell, subsecretario de Prevenci\u00f3n y Promoci\u00f3n de la Salud, inform\u00f3 este martes que&nbsp;<strong>M\u00e9xico suma 10 semanas de reducci\u00f3n contin\u00faa de casos de contagio por la pandemia<\/strong>&nbsp;de COVID-19.<\/p>\n\n\n\n<p>Al participar en el informe semanal del Pulso de la Salud que encabeza el Presidente\u00a0Andres Manuel Lopez Obrador\u00a0(AMLO), el subsecretario indic\u00f3 que\u00a0<strong>en estos momentos solo se registra 0.1% de casos activos de la pandemia<\/strong>.<\/p>\n\n\n\n<figure class=\"wp-block-embed is-type-video is-provider-youtube wp-block-embed-youtube wp-embed-aspect-16-9 wp-has-aspect-ratio\"><div class=\"wp-block-embed__wrapper\">\n<iframe loading=\"lazy\" title=\"M\u00e9xico suma 10 semanas consecutivas de reducci\u00f3n de la epidemia de Covid-19: Ssa\" width=\"640\" height=\"360\" src=\"https:\/\/www.youtube.com\/embed\/DcJ3KKVPX0g?feature=oembed\" frameborder=\"0\" allow=\"accelerometer; autoplay; clipboard-write; encrypted-media; gyroscope; picture-in-picture; web-share\" referrerpolicy=\"strict-origin-when-cross-origin\" allowfullscreen><\/iframe>\n<\/div><\/figure>\n\n\n\n<p>&#8220;Llevamos 10 semanas de reducci\u00f3n contin\u00faa de la cuarta ola, reducci\u00f3n contin\u00faa de esta epidemia y est\u00e9n este momento nos deja con una cantidad muy peque\u00f1a, una proporci\u00f3n muy peque\u00f1a de casos activos: 0.1% de los casos que se han registrado desde el inicio de la pandemia solo 0.1% est\u00e1n activos en estos momentos&#8221;.<\/p>\n\n\n\n<p><strong>&#8220;Es muy clara que la tendencia se ha mantenido y lo esperable que esta tendencia contin\u00fae bajando eventualmente que tenga la m\u00e1s baja actividad que pueda haber desde que inici\u00f3 la pandemia&#8221;.<\/strong><\/p>\n\n\n\n<p>En Palacio Nacional, el subsecretario detall\u00f3 que\u00a0<strong>la hospitalizaci\u00f3n tambi\u00e9n muestra una tendencia sostenida a la baja del 98%<\/strong>\u00a0si se compara con el punto m\u00e1ximo de la intensidad de esta epidemia.<\/p>\n\n\n\n<p>Indic\u00f3 que al igual<strong>&nbsp;la mortalidad se encuentra en un 98% de su reducci\u00f3n<\/strong>.<\/p>\n\n\n\n<p>Se\u00f1al\u00f3 que el 97% de las personas hospitalizadas durante la cuarta ola fueron personas que no se vacunaron contra\u00a0COVID-19 por lo que &#8220;quien no se vacun\u00f3 desde luego si tuvo una mayor probabilidad de tener enfermedad grave y terminar en el hospital&#8221;.<\/p>\n\n\n\n<p>Con informaci\u00f3n de SUN<\/p>\n","protected":false},"excerpt":{"rendered":"<p>Por Redacci\u00f3n QP Hugo L\u00f3pez-Gatell detalla\u00a0que la hospitalizaci\u00f3n tambi\u00e9n muestra una tendencia sostenida a la&#8230;<\/p>\n","protected":false},"author":2,"featured_media":91425,"comment_status":"open","ping_status":"open","sticky":false,"template":"","format":"standard","meta":{"_monsterinsights_skip_tracking":false,"_monsterinsights_sitenote_active":false,"_monsterinsights_sitenote_note":"","_monsterinsights_sitenote_category":0,"footnotes":""},"categories":[2],"tags":[],"class_list":["post-91424","post","type-post","status-publish","format-standard","has-post-thumbnail","hentry","category-noticias"],"yoast_head":"<!-- This site is optimized with the Yoast SEO plugin v27.3 - https:\/\/yoast.com\/product\/yoast-seo-wordpress\/ -->\n<title>M\u00e9xico suma 10 semanas consecutivas de reducci\u00f3n de COVID-19: L\u00f3pez-Gatell\u00a0 -<\/title>\n<meta name=\"robots\" content=\"index, follow, max-snippet:-1, max-image-preview:large, max-video-preview:-1\" \/>\n<link rel=\"canonical\" href=\"https:\/\/quehacerpolitico.mx\/?p=91424\" \/>\n<meta property=\"og:locale\" content=\"es_MX\" \/>\n<meta property=\"og:type\" content=\"article\" \/>\n<meta property=\"og:title\" content=\"M\u00e9xico suma 10 semanas consecutivas de reducci\u00f3n de COVID-19: L\u00f3pez-Gatell\u00a0 -\" \/>\n<meta property=\"og:description\" content=\"Por Redacci\u00f3n QP Hugo L\u00f3pez-Gatell detalla\u00a0que la hospitalizaci\u00f3n tambi\u00e9n muestra una tendencia sostenida a la...\" \/>\n<meta property=\"og:url\" content=\"https:\/\/quehacerpolitico.mx\/?p=91424\" \/>\n<meta property=\"article:published_time\" content=\"2022-04-05T17:24:47+00:00\" \/>\n<meta property=\"article:modified_time\" content=\"2022-04-05T17:24:50+00:00\" \/>\n<meta property=\"og:image\" content=\"https:\/\/quehacerpolitico.mx\/wp-content\/uploads\/2022\/04\/B647EDD0-3F20-4FB2-B8E9-EA3674C41E0F.jpeg\" \/>\n\t<meta property=\"og:image:width\" content=\"976\" \/>\n\t<meta property=\"og:image:height\" content=\"691\" \/>\n\t<meta property=\"og:image:type\" content=\"image\/jpeg\" \/>\n<meta name=\"author\" content=\"Redacci\u00f3n QP\" \/>\n<meta name=\"twitter:card\" content=\"summary_large_image\" \/>\n<meta name=\"twitter:label1\" content=\"Escrito por\" \/>\n\t<meta name=\"twitter:data1\" content=\"Redacci\u00f3n QP\" \/>\n\t<meta name=\"twitter:label2\" content=\"Tiempo de lectura\" \/>\n\t<meta name=\"twitter:data2\" content=\"2 minutos\" \/>\n<script type=\"application\/ld+json\" class=\"yoast-schema-graph\">{\"@context\":\"https:\\\/\\\/schema.org\",\"@graph\":[{\"@type\":\"Article\",\"@id\":\"https:\\\/\\\/quehacerpolitico.mx\\\/?p=91424#article\",\"isPartOf\":{\"@id\":\"https:\\\/\\\/quehacerpolitico.mx\\\/?p=91424\"},\"author\":{\"name\":\"Redacci\u00f3n QP\",\"@id\":\"https:\\\/\\\/quehacerpolitico.mx\\\/#\\\/schema\\\/person\\\/496d8ad2d1d3f8036101dca7ee39e585\"},\"headline\":\"M\u00e9xico suma 10 semanas consecutivas de reducci\u00f3n de COVID-19: L\u00f3pez-Gatell\u00a0\",\"datePublished\":\"2022-04-05T17:24:47+00:00\",\"dateModified\":\"2022-04-05T17:24:50+00:00\",\"mainEntityOfPage\":{\"@id\":\"https:\\\/\\\/quehacerpolitico.mx\\\/?p=91424\"},\"wordCount\":318,\"commentCount\":0,\"image\":{\"@id\":\"https:\\\/\\\/quehacerpolitico.mx\\\/?p=91424#primaryimage\"},\"thumbnailUrl\":\"https:\\\/\\\/quehacerpolitico.mx\\\/wp-content\\\/uploads\\\/2022\\\/04\\\/B647EDD0-3F20-4FB2-B8E9-EA3674C41E0F.jpeg\",\"articleSection\":[\"Noticias\"],\"inLanguage\":\"es\",\"potentialAction\":[{\"@type\":\"CommentAction\",\"name\":\"Comment\",\"target\":[\"https:\\\/\\\/quehacerpolitico.mx\\\/?p=91424#respond\"]}]},{\"@type\":\"WebPage\",\"@id\":\"https:\\\/\\\/quehacerpolitico.mx\\\/?p=91424\",\"url\":\"https:\\\/\\\/quehacerpolitico.mx\\\/?p=91424\",\"name\":\"M\u00e9xico suma 10 semanas consecutivas de reducci\u00f3n de COVID-19: L\u00f3pez-Gatell\u00a0 -\",\"isPartOf\":{\"@id\":\"https:\\\/\\\/quehacerpolitico.mx\\\/#website\"},\"primaryImageOfPage\":{\"@id\":\"https:\\\/\\\/quehacerpolitico.mx\\\/?p=91424#primaryimage\"},\"image\":{\"@id\":\"https:\\\/\\\/quehacerpolitico.mx\\\/?p=91424#primaryimage\"},\"thumbnailUrl\":\"https:\\\/\\\/quehacerpolitico.mx\\\/wp-content\\\/uploads\\\/2022\\\/04\\\/B647EDD0-3F20-4FB2-B8E9-EA3674C41E0F.jpeg\",\"datePublished\":\"2022-04-05T17:24:47+00:00\",\"dateModified\":\"2022-04-05T17:24:50+00:00\",\"author\":{\"@id\":\"https:\\\/\\\/quehacerpolitico.mx\\\/#\\\/schema\\\/person\\\/496d8ad2d1d3f8036101dca7ee39e585\"},\"breadcrumb\":{\"@id\":\"https:\\\/\\\/quehacerpolitico.mx\\\/?p=91424#breadcrumb\"},\"inLanguage\":\"es\",\"potentialAction\":[{\"@type\":\"ReadAction\",\"target\":[\"https:\\\/\\\/quehacerpolitico.mx\\\/?p=91424\"]}]},{\"@type\":\"ImageObject\",\"inLanguage\":\"es\",\"@id\":\"https:\\\/\\\/quehacerpolitico.mx\\\/?p=91424#primaryimage\",\"url\":\"https:\\\/\\\/quehacerpolitico.mx\\\/wp-content\\\/uploads\\\/2022\\\/04\\\/B647EDD0-3F20-4FB2-B8E9-EA3674C41E0F.jpeg\",\"contentUrl\":\"https:\\\/\\\/quehacerpolitico.mx\\\/wp-content\\\/uploads\\\/2022\\\/04\\\/B647EDD0-3F20-4FB2-B8E9-EA3674C41E0F.jpeg\",\"width\":976,\"height\":691},{\"@type\":\"BreadcrumbList\",\"@id\":\"https:\\\/\\\/quehacerpolitico.mx\\\/?p=91424#breadcrumb\",\"itemListElement\":[{\"@type\":\"ListItem\",\"position\":1,\"name\":\"Inicio\",\"item\":\"https:\\\/\\\/quehacerpolitico.mx\\\/\"},{\"@type\":\"ListItem\",\"position\":2,\"name\":\"M\u00e9xico suma 10 semanas consecutivas de reducci\u00f3n de COVID-19: L\u00f3pez-Gatell\u00a0\"}]},{\"@type\":\"WebSite\",\"@id\":\"https:\\\/\\\/quehacerpolitico.mx\\\/#website\",\"url\":\"https:\\\/\\\/quehacerpolitico.mx\\\/\",\"name\":\"\",\"description\":\"\",\"potentialAction\":[{\"@type\":\"SearchAction\",\"target\":{\"@type\":\"EntryPoint\",\"urlTemplate\":\"https:\\\/\\\/quehacerpolitico.mx\\\/?s={search_term_string}\"},\"query-input\":{\"@type\":\"PropertyValueSpecification\",\"valueRequired\":true,\"valueName\":\"search_term_string\"}}],\"inLanguage\":\"es\"},{\"@type\":\"Person\",\"@id\":\"https:\\\/\\\/quehacerpolitico.mx\\\/#\\\/schema\\\/person\\\/496d8ad2d1d3f8036101dca7ee39e585\",\"name\":\"Redacci\u00f3n QP\",\"image\":{\"@type\":\"ImageObject\",\"inLanguage\":\"es\",\"@id\":\"https:\\\/\\\/secure.gravatar.com\\\/avatar\\\/c7164ed6fdec453195284ad24a5ae5b6e1eed2b848477fa2a4787ba9adf39a41?s=96&d=mm&r=g\",\"url\":\"https:\\\/\\\/secure.gravatar.com\\\/avatar\\\/c7164ed6fdec453195284ad24a5ae5b6e1eed2b848477fa2a4787ba9adf39a41?s=96&d=mm&r=g\",\"contentUrl\":\"https:\\\/\\\/secure.gravatar.com\\\/avatar\\\/c7164ed6fdec453195284ad24a5ae5b6e1eed2b848477fa2a4787ba9adf39a41?s=96&d=mm&r=g\",\"caption\":\"Redacci\u00f3n QP\"},\"url\":\"https:\\\/\\\/quehacerpolitico.mx\\\/?author=2\"}]}<\/script>\n<!-- \/ Yoast SEO plugin. -->","yoast_head_json":{"title":"M\u00e9xico suma 10 semanas consecutivas de reducci\u00f3n de COVID-19: L\u00f3pez-Gatell\u00a0 -","robots":{"index":"index","follow":"follow","max-snippet":"max-snippet:-1","max-image-preview":"max-image-preview:large","max-video-preview":"max-video-preview:-1"},"canonical":"https:\/\/quehacerpolitico.mx\/?p=91424","og_locale":"es_MX","og_type":"article","og_title":"M\u00e9xico suma 10 semanas consecutivas de reducci\u00f3n de COVID-19: L\u00f3pez-Gatell\u00a0 -","og_description":"Por Redacci\u00f3n QP Hugo L\u00f3pez-Gatell detalla\u00a0que la hospitalizaci\u00f3n tambi\u00e9n muestra una tendencia sostenida a la...","og_url":"https:\/\/quehacerpolitico.mx\/?p=91424","article_published_time":"2022-04-05T17:24:47+00:00","article_modified_time":"2022-04-05T17:24:50+00:00","og_image":[{"width":976,"height":691,"url":"https:\/\/quehacerpolitico.mx\/wp-content\/uploads\/2022\/04\/B647EDD0-3F20-4FB2-B8E9-EA3674C41E0F.jpeg","type":"image\/jpeg"}],"author":"Redacci\u00f3n QP","twitter_card":"summary_large_image","twitter_misc":{"Escrito por":"Redacci\u00f3n QP","Tiempo de lectura":"2 minutos"},"schema":{"@context":"https:\/\/schema.org","@graph":[{"@type":"Article","@id":"https:\/\/quehacerpolitico.mx\/?p=91424#article","isPartOf":{"@id":"https:\/\/quehacerpolitico.mx\/?p=91424"},"author":{"name":"Redacci\u00f3n QP","@id":"https:\/\/quehacerpolitico.mx\/#\/schema\/person\/496d8ad2d1d3f8036101dca7ee39e585"},"headline":"M\u00e9xico suma 10 semanas consecutivas de reducci\u00f3n de COVID-19: L\u00f3pez-Gatell\u00a0","datePublished":"2022-04-05T17:24:47+00:00","dateModified":"2022-04-05T17:24:50+00:00","mainEntityOfPage":{"@id":"https:\/\/quehacerpolitico.mx\/?p=91424"},"wordCount":318,"commentCount":0,"image":{"@id":"https:\/\/quehacerpolitico.mx\/?p=91424#primaryimage"},"thumbnailUrl":"https:\/\/quehacerpolitico.mx\/wp-content\/uploads\/2022\/04\/B647EDD0-3F20-4FB2-B8E9-EA3674C41E0F.jpeg","articleSection":["Noticias"],"inLanguage":"es","potentialAction":[{"@type":"CommentAction","name":"Comment","target":["https:\/\/quehacerpolitico.mx\/?p=91424#respond"]}]},{"@type":"WebPage","@id":"https:\/\/quehacerpolitico.mx\/?p=91424","url":"https:\/\/quehacerpolitico.mx\/?p=91424","name":"M\u00e9xico suma 10 semanas consecutivas de reducci\u00f3n de COVID-19: L\u00f3pez-Gatell\u00a0 -","isPartOf":{"@id":"https:\/\/quehacerpolitico.mx\/#website"},"primaryImageOfPage":{"@id":"https:\/\/quehacerpolitico.mx\/?p=91424#primaryimage"},"image":{"@id":"https:\/\/quehacerpolitico.mx\/?p=91424#primaryimage"},"thumbnailUrl":"https:\/\/quehacerpolitico.mx\/wp-content\/uploads\/2022\/04\/B647EDD0-3F20-4FB2-B8E9-EA3674C41E0F.jpeg","datePublished":"2022-04-05T17:24:47+00:00","dateModified":"2022-04-05T17:24:50+00:00","author":{"@id":"https:\/\/quehacerpolitico.mx\/#\/schema\/person\/496d8ad2d1d3f8036101dca7ee39e585"},"breadcrumb":{"@id":"https:\/\/quehacerpolitico.mx\/?p=91424#breadcrumb"},"inLanguage":"es","potentialAction":[{"@type":"ReadAction","target":["https:\/\/quehacerpolitico.mx\/?p=91424"]}]},{"@type":"ImageObject","inLanguage":"es","@id":"https:\/\/quehacerpolitico.mx\/?p=91424#primaryimage","url":"https:\/\/quehacerpolitico.mx\/wp-content\/uploads\/2022\/04\/B647EDD0-3F20-4FB2-B8E9-EA3674C41E0F.jpeg","contentUrl":"https:\/\/quehacerpolitico.mx\/wp-content\/uploads\/2022\/04\/B647EDD0-3F20-4FB2-B8E9-EA3674C41E0F.jpeg","width":976,"height":691},{"@type":"BreadcrumbList","@id":"https:\/\/quehacerpolitico.mx\/?p=91424#breadcrumb","itemListElement":[{"@type":"ListItem","position":1,"name":"Inicio","item":"https:\/\/quehacerpolitico.mx\/"},{"@type":"ListItem","position":2,"name":"M\u00e9xico suma 10 semanas consecutivas de reducci\u00f3n de COVID-19: L\u00f3pez-Gatell\u00a0"}]},{"@type":"WebSite","@id":"https:\/\/quehacerpolitico.mx\/#website","url":"https:\/\/quehacerpolitico.mx\/","name":"","description":"","potentialAction":[{"@type":"SearchAction","target":{"@type":"EntryPoint","urlTemplate":"https:\/\/quehacerpolitico.mx\/?s={search_term_string}"},"query-input":{"@type":"PropertyValueSpecification","valueRequired":true,"valueName":"search_term_string"}}],"inLanguage":"es"},{"@type":"Person","@id":"https:\/\/quehacerpolitico.mx\/#\/schema\/person\/496d8ad2d1d3f8036101dca7ee39e585","name":"Redacci\u00f3n QP","image":{"@type":"ImageObject","inLanguage":"es","@id":"https:\/\/secure.gravatar.com\/avatar\/c7164ed6fdec453195284ad24a5ae5b6e1eed2b848477fa2a4787ba9adf39a41?s=96&d=mm&r=g","url":"https:\/\/secure.gravatar.com\/avatar\/c7164ed6fdec453195284ad24a5ae5b6e1eed2b848477fa2a4787ba9adf39a41?s=96&d=mm&r=g","contentUrl":"https:\/\/secure.gravatar.com\/avatar\/c7164ed6fdec453195284ad24a5ae5b6e1eed2b848477fa2a4787ba9adf39a41?s=96&d=mm&r=g","caption":"Redacci\u00f3n QP"},"url":"https:\/\/quehacerpolitico.mx\/?author=2"}]}},"featured_image_urls":{"full":["https:\/\/quehacerpolitico.mx\/wp-content\/uploads\/2022\/04\/B647EDD0-3F20-4FB2-B8E9-EA3674C41E0F.jpeg",976,691,false],"thumbnail":["https:\/\/quehacerpolitico.mx\/wp-content\/uploads\/2022\/04\/B647EDD0-3F20-4FB2-B8E9-EA3674C41E0F-150x150.jpeg",150,150,true],"medium":["https:\/\/quehacerpolitico.mx\/wp-content\/uploads\/2022\/04\/B647EDD0-3F20-4FB2-B8E9-EA3674C41E0F-300x212.jpeg",300,212,true],"medium_large":["https:\/\/quehacerpolitico.mx\/wp-content\/uploads\/2022\/04\/B647EDD0-3F20-4FB2-B8E9-EA3674C41E0F-768x544.jpeg",640,453,true],"large":["https:\/\/quehacerpolitico.mx\/wp-content\/uploads\/2022\/04\/B647EDD0-3F20-4FB2-B8E9-EA3674C41E0F.jpeg",640,453,false],"1536x1536":["https:\/\/quehacerpolitico.mx\/wp-content\/uploads\/2022\/04\/B647EDD0-3F20-4FB2-B8E9-EA3674C41E0F.jpeg",976,691,false],"2048x2048":["https:\/\/quehacerpolitico.mx\/wp-content\/uploads\/2022\/04\/B647EDD0-3F20-4FB2-B8E9-EA3674C41E0F.jpeg",976,691,false],"covernews-featured":["https:\/\/quehacerpolitico.mx\/wp-content\/uploads\/2022\/04\/B647EDD0-3F20-4FB2-B8E9-EA3674C41E0F.jpeg",976,691,false],"covernews-medium":["https:\/\/quehacerpolitico.mx\/wp-content\/uploads\/2022\/04\/B647EDD0-3F20-4FB2-B8E9-EA3674C41E0F.jpeg",480,340,false]},"author_info":{"display_name":"Redacci\u00f3n QP","author_link":"https:\/\/quehacerpolitico.mx\/?author=2"},"category_info":"<a href=\"https:\/\/quehacerpolitico.mx\/?cat=2\" rel=\"category\">Noticias<\/a>","tag_info":"Noticias","comment_count":"0","_links":{"self":[{"href":"https:\/\/quehacerpolitico.mx\/index.php?rest_route=\/wp\/v2\/posts\/91424","targetHints":{"allow":["GET"]}}],"collection":[{"href":"https:\/\/quehacerpolitico.mx\/index.php?rest_route=\/wp\/v2\/posts"}],"about":[{"href":"https:\/\/quehacerpolitico.mx\/index.php?rest_route=\/wp\/v2\/types\/post"}],"author":[{"embeddable":true,"href":"https:\/\/quehacerpolitico.mx\/index.php?rest_route=\/wp\/v2\/users\/2"}],"replies":[{"embeddable":true,"href":"https:\/\/quehacerpolitico.mx\/index.php?rest_route=%2Fwp%2Fv2%2Fcomments&post=91424"}],"version-history":[{"count":1,"href":"https:\/\/quehacerpolitico.mx\/index.php?rest_route=\/wp\/v2\/posts\/91424\/revisions"}],"predecessor-version":[{"id":91426,"href":"https:\/\/quehacerpolitico.mx\/index.php?rest_route=\/wp\/v2\/posts\/91424\/revisions\/91426"}],"wp:featuredmedia":[{"embeddable":true,"href":"https:\/\/quehacerpolitico.mx\/index.php?rest_route=\/wp\/v2\/media\/91425"}],"wp:attachment":[{"href":"https:\/\/quehacerpolitico.mx\/index.php?rest_route=%2Fwp%2Fv2%2Fmedia&parent=91424"}],"wp:term":[{"taxonomy":"category","embeddable":true,"href":"https:\/\/quehacerpolitico.mx\/index.php?rest_route=%2Fwp%2Fv2%2Fcategories&post=91424"},{"taxonomy":"post_tag","embeddable":true,"href":"https:\/\/quehacerpolitico.mx\/index.php?rest_route=%2Fwp%2Fv2%2Ftags&post=91424"}],"curies":[{"name":"wp","href":"https:\/\/api.w.org\/{rel}","templated":true}]}}