{"id":91406,"date":"2022-04-04T20:36:28","date_gmt":"2022-04-04T20:36:28","guid":{"rendered":"https:\/\/quehacerpolitico.mx\/?p=91406"},"modified":"2022-04-04T20:36:31","modified_gmt":"2022-04-04T20:36:31","slug":"asi-va-la-aprobacion-de-amlo-antes-de-la-consulta-de-revocacion-de-mandato","status":"publish","type":"post","link":"https:\/\/quehacerpolitico.mx\/?p=91406","title":{"rendered":"As\u00ed va la aprobaci\u00f3n de AMLO antes de la consulta de revocaci\u00f3n de mandato\u00a0"},"content":{"rendered":"\n<p>Por Redacci\u00f3n QP<\/p>\n\n\n\n<p>De acuerdo con la informaci\u00f3n recogida, la aprobaci\u00f3n del &#8220;trabajo que est\u00e1 haciendo&#8221; AMLO registr\u00f3 estos n\u00fameros entre febrero y marzo<\/p>\n\n\n\n<p>El Presidente de M\u00e9xico,\u00a0<strong>Andr\u00e9s Manuel L\u00f3pez Obrador<\/strong>\u00a0(AMLO), repunt\u00f3 en la aprobaci\u00f3n ciudadana hasta un 57% despu\u00e9s de dos meses a la baja y cuando falta una semana para la consulta en la que se decidir\u00e1 la continuidad del Mandatario, seg\u00fan una encuesta del diario\u00a0<em>El Financiero<\/em>publicada este lunes.<\/p>\n\n\n\n<p>De acuerdo con la informaci\u00f3n recogida por el medio, la aprobaci\u00f3n del &#8220;trabajo que est\u00e1 haciendo&#8221; AMLO&nbsp;<strong>registr\u00f3 un avance de tres puntos al pasar del 54% al 57% entre febrero y marzo.<\/strong><\/p>\n\n\n\n<p>Mientras que\u00a0<strong>la desaprobaci\u00f3n al Presidente se redujo &#8220;ligeramente&#8221; del 43% al 40%<\/strong>\u00a0en el mismo lapso de tiempo.<\/p>\n\n\n\n<p>El resto de encuestados no se posicion\u00f3 sobre el tema.<\/p>\n\n\n\n<p>Asimismo, al ser preguntados sobre el\u00a0<strong>nivel de satisfacci\u00f3n con los resultados<\/strong>\u00a0del\u00a0Gobierno de L\u00f3pez Obrador, un 56% de los encuestados respondi\u00f3 &#8220;poco o nada&#8221; y un 44% &#8220;mucho o algo&#8221;.<\/p>\n\n\n\n<p>El pasado 21 de marzo, AMLO inaugur\u00f3 el pol\u00e9mico Aeropuerto Internacional Felipe \u00c1ngeles (AIFA), tras la cancelaci\u00f3n del proyecto de su antecesor Enrique Pe\u00f1a Nieto.<\/p>\n\n\n\n<p>Sobre esto,&nbsp;<strong>un 47% de los encuestados opin\u00f3 favorablemente sobre el proyecto,<\/strong>&nbsp;mientras que el 26% expres\u00f3 una opini\u00f3n desfavorable y un 20% se posicion\u00f3 en la neutralidad.<\/p>\n\n\n\n<p>Aun as\u00ed, un 46% consider\u00f3 que el AIFA se inaugur\u00f3 sin estar terminado y un 34% dijo que ya se termin\u00f3.<\/p>\n\n\n\n<p>Con relaci\u00f3n al Tren Maya, otra de las obra emblem\u00e1ticas de L\u00f3pez Obrador, el 43% opin\u00f3 positivamente y el 36% negativamente, &#8220;mostrando una mayor divisi\u00f3n de opiniones que el nuevo aeropuerto&#8221;, apunt\u00f3&nbsp;<em>El Financiero<\/em>.<\/p>\n\n\n\n<p>Sobre la tala de \u00e1rboles relacionado con la obra del tren, un 67% lo consider\u00f3 negativo y solo un 16% dijo verla bien.<\/p>\n\n\n\n<p>En torno al desempe\u00f1o en otros sectores, el 72% de los encuestados dio una opini\u00f3n positiva sobre el proceso de vacunaci\u00f3n, frente a solo un 17% que se expres\u00f3 de manera negativa.<\/p>\n\n\n\n<p>En otros temas como econom\u00eda, seguridad p\u00fablica y corrupci\u00f3n,&nbsp;<strong>las opiniones negativas sobrepasaron las positivas, alcanzando 46%, 59% y 48% respectivamente.<\/strong><\/p>\n\n\n\n<p>Adem\u00e1s, para los entrevistados, el 45% mencion\u00f3 la inseguridad p\u00fablica como el principal problema del pa\u00eds actualmente.<\/p>\n\n\n\n<p>Por \u00faltimo,&nbsp;<strong>un 49% de las personas asegur\u00f3 que el mejor atributo de AMLO es la honestidad, un 40% el liderazgo y un 33% la capacidad para dar resultados.<\/strong><\/p>\n\n\n\n<p>La encuesta se realiz\u00f3 v\u00eda telef\u00f3nica&nbsp;<strong>a mil mexicanos adultos el 11-12 de marzo y el 25-26 de marzo de 2022.<\/strong><\/p>\n\n\n\n<p>El sondeo cuenta con un nivel de confianza de 95%, el margen de error de las estimaciones es de +\/-3.1 por ciento.<\/p>\n\n\n\n<p>El pr\u00f3ximo domingo 10 de abril se celebrar\u00e1 una in\u00e9dita consulta popular para decidir la continuidad del presidente en el cargo.<\/p>\n\n\n\n<p>La consulta de\u00a0revocaci\u00f3n, derivada de la Ley Federal de Revocaci\u00f3n de Mandato promulgada en septiembre, causa pol\u00e9mica porque es impulsada por el propio Presidente AMLO, por lo que la oposici\u00f3n le ha acusado de promover &#8220;una campa\u00f1a permanente&#8221; para movilizar a sus bases.<\/p>\n\n\n\n<p>Un total de 92.82 millones de mexicanos podr\u00e1n participar en consulta.<\/p>\n\n\n\n<p>Con informaci\u00f3n de EFE<\/p>\n","protected":false},"excerpt":{"rendered":"<p>Por Redacci\u00f3n QP De acuerdo con la informaci\u00f3n recogida, la aprobaci\u00f3n del &#8220;trabajo que est\u00e1&#8230;<\/p>\n","protected":false},"author":2,"featured_media":91408,"comment_status":"open","ping_status":"open","sticky":false,"template":"","format":"standard","meta":{"_monsterinsights_skip_tracking":false,"_monsterinsights_sitenote_active":false,"_monsterinsights_sitenote_note":"","_monsterinsights_sitenote_category":0,"footnotes":""},"categories":[2],"tags":[],"class_list":["post-91406","post","type-post","status-publish","format-standard","has-post-thumbnail","hentry","category-noticias"],"yoast_head":"<!-- This site is optimized with the Yoast SEO plugin v27.3 - https:\/\/yoast.com\/product\/yoast-seo-wordpress\/ -->\n<title>As\u00ed va la aprobaci\u00f3n de AMLO antes de la consulta de revocaci\u00f3n de mandato\u00a0 -<\/title>\n<meta name=\"robots\" content=\"index, follow, max-snippet:-1, max-image-preview:large, max-video-preview:-1\" \/>\n<link rel=\"canonical\" href=\"https:\/\/quehacerpolitico.mx\/?p=91406\" \/>\n<meta property=\"og:locale\" content=\"es_MX\" \/>\n<meta property=\"og:type\" content=\"article\" \/>\n<meta property=\"og:title\" content=\"As\u00ed va la aprobaci\u00f3n de AMLO antes de la consulta de revocaci\u00f3n de mandato\u00a0 -\" \/>\n<meta property=\"og:description\" content=\"Por Redacci\u00f3n QP De acuerdo con la informaci\u00f3n recogida, la aprobaci\u00f3n del &#8220;trabajo que est\u00e1...\" \/>\n<meta property=\"og:url\" content=\"https:\/\/quehacerpolitico.mx\/?p=91406\" \/>\n<meta property=\"article:published_time\" content=\"2022-04-04T20:36:28+00:00\" \/>\n<meta property=\"article:modified_time\" content=\"2022-04-04T20:36:31+00:00\" \/>\n<meta property=\"og:image\" content=\"https:\/\/quehacerpolitico.mx\/wp-content\/uploads\/2022\/04\/FDD691AE-33B1-4B28-B9A4-F968CC5EF6DA.jpeg\" \/>\n\t<meta property=\"og:image:width\" content=\"738\" \/>\n\t<meta property=\"og:image:height\" content=\"415\" \/>\n\t<meta property=\"og:image:type\" content=\"image\/jpeg\" \/>\n<meta name=\"author\" content=\"Redacci\u00f3n QP\" \/>\n<meta name=\"twitter:card\" content=\"summary_large_image\" \/>\n<meta name=\"twitter:label1\" content=\"Escrito por\" \/>\n\t<meta name=\"twitter:data1\" content=\"Redacci\u00f3n QP\" \/>\n\t<meta name=\"twitter:label2\" content=\"Tiempo de lectura\" \/>\n\t<meta name=\"twitter:data2\" content=\"3 minutos\" \/>\n<script type=\"application\/ld+json\" class=\"yoast-schema-graph\">{\"@context\":\"https:\\\/\\\/schema.org\",\"@graph\":[{\"@type\":\"Article\",\"@id\":\"https:\\\/\\\/quehacerpolitico.mx\\\/?p=91406#article\",\"isPartOf\":{\"@id\":\"https:\\\/\\\/quehacerpolitico.mx\\\/?p=91406\"},\"author\":{\"name\":\"Redacci\u00f3n QP\",\"@id\":\"https:\\\/\\\/quehacerpolitico.mx\\\/#\\\/schema\\\/person\\\/496d8ad2d1d3f8036101dca7ee39e585\"},\"headline\":\"As\u00ed va la aprobaci\u00f3n de AMLO antes de la consulta de revocaci\u00f3n de mandato\u00a0\",\"datePublished\":\"2022-04-04T20:36:28+00:00\",\"dateModified\":\"2022-04-04T20:36:31+00:00\",\"mainEntityOfPage\":{\"@id\":\"https:\\\/\\\/quehacerpolitico.mx\\\/?p=91406\"},\"wordCount\":557,\"commentCount\":0,\"image\":{\"@id\":\"https:\\\/\\\/quehacerpolitico.mx\\\/?p=91406#primaryimage\"},\"thumbnailUrl\":\"https:\\\/\\\/quehacerpolitico.mx\\\/wp-content\\\/uploads\\\/2022\\\/04\\\/FDD691AE-33B1-4B28-B9A4-F968CC5EF6DA.jpeg\",\"articleSection\":[\"Noticias\"],\"inLanguage\":\"es\",\"potentialAction\":[{\"@type\":\"CommentAction\",\"name\":\"Comment\",\"target\":[\"https:\\\/\\\/quehacerpolitico.mx\\\/?p=91406#respond\"]}]},{\"@type\":\"WebPage\",\"@id\":\"https:\\\/\\\/quehacerpolitico.mx\\\/?p=91406\",\"url\":\"https:\\\/\\\/quehacerpolitico.mx\\\/?p=91406\",\"name\":\"As\u00ed va la aprobaci\u00f3n de AMLO antes de la consulta de revocaci\u00f3n de mandato\u00a0 -\",\"isPartOf\":{\"@id\":\"https:\\\/\\\/quehacerpolitico.mx\\\/#website\"},\"primaryImageOfPage\":{\"@id\":\"https:\\\/\\\/quehacerpolitico.mx\\\/?p=91406#primaryimage\"},\"image\":{\"@id\":\"https:\\\/\\\/quehacerpolitico.mx\\\/?p=91406#primaryimage\"},\"thumbnailUrl\":\"https:\\\/\\\/quehacerpolitico.mx\\\/wp-content\\\/uploads\\\/2022\\\/04\\\/FDD691AE-33B1-4B28-B9A4-F968CC5EF6DA.jpeg\",\"datePublished\":\"2022-04-04T20:36:28+00:00\",\"dateModified\":\"2022-04-04T20:36:31+00:00\",\"author\":{\"@id\":\"https:\\\/\\\/quehacerpolitico.mx\\\/#\\\/schema\\\/person\\\/496d8ad2d1d3f8036101dca7ee39e585\"},\"breadcrumb\":{\"@id\":\"https:\\\/\\\/quehacerpolitico.mx\\\/?p=91406#breadcrumb\"},\"inLanguage\":\"es\",\"potentialAction\":[{\"@type\":\"ReadAction\",\"target\":[\"https:\\\/\\\/quehacerpolitico.mx\\\/?p=91406\"]}]},{\"@type\":\"ImageObject\",\"inLanguage\":\"es\",\"@id\":\"https:\\\/\\\/quehacerpolitico.mx\\\/?p=91406#primaryimage\",\"url\":\"https:\\\/\\\/quehacerpolitico.mx\\\/wp-content\\\/uploads\\\/2022\\\/04\\\/FDD691AE-33B1-4B28-B9A4-F968CC5EF6DA.jpeg\",\"contentUrl\":\"https:\\\/\\\/quehacerpolitico.mx\\\/wp-content\\\/uploads\\\/2022\\\/04\\\/FDD691AE-33B1-4B28-B9A4-F968CC5EF6DA.jpeg\",\"width\":738,\"height\":415},{\"@type\":\"BreadcrumbList\",\"@id\":\"https:\\\/\\\/quehacerpolitico.mx\\\/?p=91406#breadcrumb\",\"itemListElement\":[{\"@type\":\"ListItem\",\"position\":1,\"name\":\"Inicio\",\"item\":\"https:\\\/\\\/quehacerpolitico.mx\\\/\"},{\"@type\":\"ListItem\",\"position\":2,\"name\":\"As\u00ed va la aprobaci\u00f3n de AMLO antes de la consulta de revocaci\u00f3n de mandato\u00a0\"}]},{\"@type\":\"WebSite\",\"@id\":\"https:\\\/\\\/quehacerpolitico.mx\\\/#website\",\"url\":\"https:\\\/\\\/quehacerpolitico.mx\\\/\",\"name\":\"\",\"description\":\"\",\"potentialAction\":[{\"@type\":\"SearchAction\",\"target\":{\"@type\":\"EntryPoint\",\"urlTemplate\":\"https:\\\/\\\/quehacerpolitico.mx\\\/?s={search_term_string}\"},\"query-input\":{\"@type\":\"PropertyValueSpecification\",\"valueRequired\":true,\"valueName\":\"search_term_string\"}}],\"inLanguage\":\"es\"},{\"@type\":\"Person\",\"@id\":\"https:\\\/\\\/quehacerpolitico.mx\\\/#\\\/schema\\\/person\\\/496d8ad2d1d3f8036101dca7ee39e585\",\"name\":\"Redacci\u00f3n QP\",\"image\":{\"@type\":\"ImageObject\",\"inLanguage\":\"es\",\"@id\":\"https:\\\/\\\/secure.gravatar.com\\\/avatar\\\/c7164ed6fdec453195284ad24a5ae5b6e1eed2b848477fa2a4787ba9adf39a41?s=96&d=mm&r=g\",\"url\":\"https:\\\/\\\/secure.gravatar.com\\\/avatar\\\/c7164ed6fdec453195284ad24a5ae5b6e1eed2b848477fa2a4787ba9adf39a41?s=96&d=mm&r=g\",\"contentUrl\":\"https:\\\/\\\/secure.gravatar.com\\\/avatar\\\/c7164ed6fdec453195284ad24a5ae5b6e1eed2b848477fa2a4787ba9adf39a41?s=96&d=mm&r=g\",\"caption\":\"Redacci\u00f3n QP\"},\"url\":\"https:\\\/\\\/quehacerpolitico.mx\\\/?author=2\"}]}<\/script>\n<!-- \/ Yoast SEO plugin. -->","yoast_head_json":{"title":"As\u00ed va la aprobaci\u00f3n de AMLO antes de la consulta de revocaci\u00f3n de mandato\u00a0 -","robots":{"index":"index","follow":"follow","max-snippet":"max-snippet:-1","max-image-preview":"max-image-preview:large","max-video-preview":"max-video-preview:-1"},"canonical":"https:\/\/quehacerpolitico.mx\/?p=91406","og_locale":"es_MX","og_type":"article","og_title":"As\u00ed va la aprobaci\u00f3n de AMLO antes de la consulta de revocaci\u00f3n de mandato\u00a0 -","og_description":"Por Redacci\u00f3n QP De acuerdo con la informaci\u00f3n recogida, la aprobaci\u00f3n del &#8220;trabajo que est\u00e1...","og_url":"https:\/\/quehacerpolitico.mx\/?p=91406","article_published_time":"2022-04-04T20:36:28+00:00","article_modified_time":"2022-04-04T20:36:31+00:00","og_image":[{"width":738,"height":415,"url":"https:\/\/quehacerpolitico.mx\/wp-content\/uploads\/2022\/04\/FDD691AE-33B1-4B28-B9A4-F968CC5EF6DA.jpeg","type":"image\/jpeg"}],"author":"Redacci\u00f3n QP","twitter_card":"summary_large_image","twitter_misc":{"Escrito por":"Redacci\u00f3n QP","Tiempo de lectura":"3 minutos"},"schema":{"@context":"https:\/\/schema.org","@graph":[{"@type":"Article","@id":"https:\/\/quehacerpolitico.mx\/?p=91406#article","isPartOf":{"@id":"https:\/\/quehacerpolitico.mx\/?p=91406"},"author":{"name":"Redacci\u00f3n QP","@id":"https:\/\/quehacerpolitico.mx\/#\/schema\/person\/496d8ad2d1d3f8036101dca7ee39e585"},"headline":"As\u00ed va la aprobaci\u00f3n de AMLO antes de la consulta de revocaci\u00f3n de mandato\u00a0","datePublished":"2022-04-04T20:36:28+00:00","dateModified":"2022-04-04T20:36:31+00:00","mainEntityOfPage":{"@id":"https:\/\/quehacerpolitico.mx\/?p=91406"},"wordCount":557,"commentCount":0,"image":{"@id":"https:\/\/quehacerpolitico.mx\/?p=91406#primaryimage"},"thumbnailUrl":"https:\/\/quehacerpolitico.mx\/wp-content\/uploads\/2022\/04\/FDD691AE-33B1-4B28-B9A4-F968CC5EF6DA.jpeg","articleSection":["Noticias"],"inLanguage":"es","potentialAction":[{"@type":"CommentAction","name":"Comment","target":["https:\/\/quehacerpolitico.mx\/?p=91406#respond"]}]},{"@type":"WebPage","@id":"https:\/\/quehacerpolitico.mx\/?p=91406","url":"https:\/\/quehacerpolitico.mx\/?p=91406","name":"As\u00ed va la aprobaci\u00f3n de AMLO antes de la consulta de revocaci\u00f3n de mandato\u00a0 -","isPartOf":{"@id":"https:\/\/quehacerpolitico.mx\/#website"},"primaryImageOfPage":{"@id":"https:\/\/quehacerpolitico.mx\/?p=91406#primaryimage"},"image":{"@id":"https:\/\/quehacerpolitico.mx\/?p=91406#primaryimage"},"thumbnailUrl":"https:\/\/quehacerpolitico.mx\/wp-content\/uploads\/2022\/04\/FDD691AE-33B1-4B28-B9A4-F968CC5EF6DA.jpeg","datePublished":"2022-04-04T20:36:28+00:00","dateModified":"2022-04-04T20:36:31+00:00","author":{"@id":"https:\/\/quehacerpolitico.mx\/#\/schema\/person\/496d8ad2d1d3f8036101dca7ee39e585"},"breadcrumb":{"@id":"https:\/\/quehacerpolitico.mx\/?p=91406#breadcrumb"},"inLanguage":"es","potentialAction":[{"@type":"ReadAction","target":["https:\/\/quehacerpolitico.mx\/?p=91406"]}]},{"@type":"ImageObject","inLanguage":"es","@id":"https:\/\/quehacerpolitico.mx\/?p=91406#primaryimage","url":"https:\/\/quehacerpolitico.mx\/wp-content\/uploads\/2022\/04\/FDD691AE-33B1-4B28-B9A4-F968CC5EF6DA.jpeg","contentUrl":"https:\/\/quehacerpolitico.mx\/wp-content\/uploads\/2022\/04\/FDD691AE-33B1-4B28-B9A4-F968CC5EF6DA.jpeg","width":738,"height":415},{"@type":"BreadcrumbList","@id":"https:\/\/quehacerpolitico.mx\/?p=91406#breadcrumb","itemListElement":[{"@type":"ListItem","position":1,"name":"Inicio","item":"https:\/\/quehacerpolitico.mx\/"},{"@type":"ListItem","position":2,"name":"As\u00ed va la aprobaci\u00f3n de AMLO antes de la consulta de revocaci\u00f3n de mandato\u00a0"}]},{"@type":"WebSite","@id":"https:\/\/quehacerpolitico.mx\/#website","url":"https:\/\/quehacerpolitico.mx\/","name":"","description":"","potentialAction":[{"@type":"SearchAction","target":{"@type":"EntryPoint","urlTemplate":"https:\/\/quehacerpolitico.mx\/?s={search_term_string}"},"query-input":{"@type":"PropertyValueSpecification","valueRequired":true,"valueName":"search_term_string"}}],"inLanguage":"es"},{"@type":"Person","@id":"https:\/\/quehacerpolitico.mx\/#\/schema\/person\/496d8ad2d1d3f8036101dca7ee39e585","name":"Redacci\u00f3n QP","image":{"@type":"ImageObject","inLanguage":"es","@id":"https:\/\/secure.gravatar.com\/avatar\/c7164ed6fdec453195284ad24a5ae5b6e1eed2b848477fa2a4787ba9adf39a41?s=96&d=mm&r=g","url":"https:\/\/secure.gravatar.com\/avatar\/c7164ed6fdec453195284ad24a5ae5b6e1eed2b848477fa2a4787ba9adf39a41?s=96&d=mm&r=g","contentUrl":"https:\/\/secure.gravatar.com\/avatar\/c7164ed6fdec453195284ad24a5ae5b6e1eed2b848477fa2a4787ba9adf39a41?s=96&d=mm&r=g","caption":"Redacci\u00f3n QP"},"url":"https:\/\/quehacerpolitico.mx\/?author=2"}]}},"featured_image_urls":{"full":["https:\/\/quehacerpolitico.mx\/wp-content\/uploads\/2022\/04\/FDD691AE-33B1-4B28-B9A4-F968CC5EF6DA.jpeg",738,415,false],"thumbnail":["https:\/\/quehacerpolitico.mx\/wp-content\/uploads\/2022\/04\/FDD691AE-33B1-4B28-B9A4-F968CC5EF6DA-150x150.jpeg",150,150,true],"medium":["https:\/\/quehacerpolitico.mx\/wp-content\/uploads\/2022\/04\/FDD691AE-33B1-4B28-B9A4-F968CC5EF6DA-300x169.jpeg",300,169,true],"medium_large":["https:\/\/quehacerpolitico.mx\/wp-content\/uploads\/2022\/04\/FDD691AE-33B1-4B28-B9A4-F968CC5EF6DA.jpeg",640,360,false],"large":["https:\/\/quehacerpolitico.mx\/wp-content\/uploads\/2022\/04\/FDD691AE-33B1-4B28-B9A4-F968CC5EF6DA.jpeg",640,360,false],"1536x1536":["https:\/\/quehacerpolitico.mx\/wp-content\/uploads\/2022\/04\/FDD691AE-33B1-4B28-B9A4-F968CC5EF6DA.jpeg",738,415,false],"2048x2048":["https:\/\/quehacerpolitico.mx\/wp-content\/uploads\/2022\/04\/FDD691AE-33B1-4B28-B9A4-F968CC5EF6DA.jpeg",738,415,false],"covernews-featured":["https:\/\/quehacerpolitico.mx\/wp-content\/uploads\/2022\/04\/FDD691AE-33B1-4B28-B9A4-F968CC5EF6DA.jpeg",738,415,false],"covernews-medium":["https:\/\/quehacerpolitico.mx\/wp-content\/uploads\/2022\/04\/FDD691AE-33B1-4B28-B9A4-F968CC5EF6DA.jpeg",540,304,false]},"author_info":{"display_name":"Redacci\u00f3n QP","author_link":"https:\/\/quehacerpolitico.mx\/?author=2"},"category_info":"<a href=\"https:\/\/quehacerpolitico.mx\/?cat=2\" rel=\"category\">Noticias<\/a>","tag_info":"Noticias","comment_count":"0","_links":{"self":[{"href":"https:\/\/quehacerpolitico.mx\/index.php?rest_route=\/wp\/v2\/posts\/91406","targetHints":{"allow":["GET"]}}],"collection":[{"href":"https:\/\/quehacerpolitico.mx\/index.php?rest_route=\/wp\/v2\/posts"}],"about":[{"href":"https:\/\/quehacerpolitico.mx\/index.php?rest_route=\/wp\/v2\/types\/post"}],"author":[{"embeddable":true,"href":"https:\/\/quehacerpolitico.mx\/index.php?rest_route=\/wp\/v2\/users\/2"}],"replies":[{"embeddable":true,"href":"https:\/\/quehacerpolitico.mx\/index.php?rest_route=%2Fwp%2Fv2%2Fcomments&post=91406"}],"version-history":[{"count":1,"href":"https:\/\/quehacerpolitico.mx\/index.php?rest_route=\/wp\/v2\/posts\/91406\/revisions"}],"predecessor-version":[{"id":91409,"href":"https:\/\/quehacerpolitico.mx\/index.php?rest_route=\/wp\/v2\/posts\/91406\/revisions\/91409"}],"wp:featuredmedia":[{"embeddable":true,"href":"https:\/\/quehacerpolitico.mx\/index.php?rest_route=\/wp\/v2\/media\/91408"}],"wp:attachment":[{"href":"https:\/\/quehacerpolitico.mx\/index.php?rest_route=%2Fwp%2Fv2%2Fmedia&parent=91406"}],"wp:term":[{"taxonomy":"category","embeddable":true,"href":"https:\/\/quehacerpolitico.mx\/index.php?rest_route=%2Fwp%2Fv2%2Fcategories&post=91406"},{"taxonomy":"post_tag","embeddable":true,"href":"https:\/\/quehacerpolitico.mx\/index.php?rest_route=%2Fwp%2Fv2%2Ftags&post=91406"}],"curies":[{"name":"wp","href":"https:\/\/api.w.org\/{rel}","templated":true}]}}