{"id":91400,"date":"2022-04-04T20:03:38","date_gmt":"2022-04-04T20:03:38","guid":{"rendered":"https:\/\/quehacerpolitico.mx\/?p=91400"},"modified":"2022-04-04T20:03:41","modified_gmt":"2022-04-04T20:03:41","slug":"ufff-la-politica-rodolfo-mendoza-olivo-el-presidente-esta-en-lo-suyo","status":"publish","type":"post","link":"https:\/\/quehacerpolitico.mx\/?p=91400","title":{"rendered":"Ufff la Politica\/\/\/Rodolfo Mendoza Olivo\/\/\/El Presidente esta en lo suyo"},"content":{"rendered":"\n<p>Por Rodolfo Mendoza Olivo<\/p>\n\n\n\n<p><strong>El Se\u00f1or Presidente\u00a0est\u00e1\u00a0en lo suyo,\u00a0el Pa\u00eds esta inmerso en una terrible crisis de inseguridad, que la inflaci\u00f3n esta incontenible, que el aumento al salario m\u00ednimo fue pulverizado con tanto aumento, que no hay medicinas en los hospitales, todo puede esperar, la Revocaci\u00f3n\u00a0de mandato, es su prioridad,\u00a0<\/strong>que para todos es una confirmaci\u00f3n, todo un\u00a0ej\u00e9rcito\u00a0de servidores p\u00fablicos, de los tres niveles de Gobierno donde MORENA es gobierno, andan\u00a0promocionando y conminando no solo al pueblo bueno y sabio a que vayan a votar este 10 de abril y por ello no es nada extra\u00f1o que todos,\u00a0absolutamente todos est\u00e1n violando la Ley, pas\u00e1ndose por el arco del triunfo no solo a la\u00a0Constituci\u00f3n\u00a0Pol\u00edtica\u00a0de los Estados Unidos Mexicanos y el COFIPE y en la casa donde se hacen las Leyes en la H\u00a0C\u00e1mara\u00a0de diputados Ignacio Mier\u00a0y su bancada de MORENA \u00a0aprobaron un decreto que les permitiera pedir permiso para ausentarse de sus actividades legislativas e irse a invitar a la ciudadan\u00eda a que vayan a votar este 10 de abril, un decreto que fue echado para atr\u00e1s por el Tribunal Electoral del Poder Judicial de la\u00a0Federaci\u00f3n\u00a0ya que no tienen facultades para hacerlo, por ello es entendible que diputados locales, diputados Federales, Senadores y Gobernadores hayan tapizado sobre todo estos, sus Estados con espectaculares y todo tipo de propaganda, un gasto de cientos de millones de pesos y\u00a0que hasta ahorita se ignora quien\u00a0est\u00e1financiando ese gasto millonario,\u00a0lo peor\u00a0que\u00a0un Partido\u00a0Pol\u00edtico\u00a0MORENA\u00a0est\u00e1\u00a0inmerso con un\u00a0ej\u00e9rcito\u00a0de gentes, cuando no se trata de una elecci\u00f3n, es una\u00a0<strong>CONSULTA CIUDADANA<\/strong>\u00a0en donde los que menos est\u00e1n participando son los ciudadanos y como los gobernadores MORENOS andan en esa tarea del convencimiento, la delincuencia organizada y la que no lo\u00a0est\u00e1\u00a0tienen \u00a0a la ciudadan\u00eda con el\u00a0Jes\u00fas\u00a0en la boca, la Inseguridad ha llegado a extremos que nunca hab\u00edan vivido sobre todo\u00a0<strong>en Zacatecas en donde el<\/strong>\u00a0<strong>Gobernador David Monreal\u00a0\u00c1vila<\/strong>, la violencia que viene azotando a la Entidad en donde las rancher\u00edas cercanas a Jerez han sido desplazadas dejando todo ante el temor de que los maten y como el buen David tiene pretextos para todo,\u00a0justifica\u00a0su incapacidad y el no tener una estrategia de seguridad que le permita a la ciudadan\u00eda regresar a sus lugares de origen, de pronto\u00a0descubri\u00f3 el y su talentoso Fiscal General del Estado y su Secretario de Seguridad Publica que tantas carnicer\u00edas se deb\u00edan a la disputa que tienen los distintos carteles que se han apropiado de Zacatecas,\u00a0tambi\u00e9n\u00a0tiene claro que los capos son los mandones en su territorio por algo se dan el lujo de aventar\u00a0cad\u00e1veres\u00a0en pleno palacio de gobierno y si no los cuelgan de los puentes,\u00a0<strong>es tanta su impotencia del mediocre y gris Gobernador de Zacatecas David Monreal\u00a0\u00c1vilaque\u00a0sali\u00f3\u00a0con la estupidez de culpar a los medios de comunicaci\u00f3n de ser promotores de las organizaciones criminales por hacer su trabajo e informar acerca de los asesinatos\u00a0y terribles escenas de terror que los carteles protagonizan a diario, lo que ignora el inepto gobernador que en su Estado ni a los periodistas perdonan los capos y sus sicarios y varios de ellos han perdido la vida, realizando su trabajo, exponiendo su vida, sin\u00a0protecci\u00f3nalguna, la Silla del gobierno de Zacatecas le quedo muy grande al inepto y mediocre Gobernador, verg\u00fcenza le debiera dar y lo menos que pudiera hacer es dejar el cargo, la ciudadan\u00eda zacatecana se lo agradecer\u00eda enormemente,<\/strong>\u00a0de nada le ha servido tener a miles de elementos de la Guardia Nacional, del Ejercito, de la Marina Armada de\u00a0M\u00e9xico, Zacatecas es el\u00a0n\u00famero\u00a0uno en homicidios dolosos y no lo dude las ejecuciones seguir\u00e1n\u2026\u2026.lastima por los pobladores \u00a0 \u00a0 \u00a0 \u00a0 \u00a0\u00a0\u00a0 \u00a0\u00a0\u00a0 \u00a0\u00a0\u00a0 \u00a0 \u00a0\u00a0\u00a0 \u00a0<\/p>\n","protected":false},"excerpt":{"rendered":"<p>Por Rodolfo Mendoza Olivo El Se\u00f1or Presidente\u00a0est\u00e1\u00a0en lo suyo,\u00a0el Pa\u00eds esta inmerso en una terrible&#8230;<\/p>\n","protected":false},"author":2,"featured_media":91401,"comment_status":"open","ping_status":"open","sticky":false,"template":"","format":"standard","meta":{"_monsterinsights_skip_tracking":false,"_monsterinsights_sitenote_active":false,"_monsterinsights_sitenote_note":"","_monsterinsights_sitenote_category":0,"footnotes":""},"categories":[2],"tags":[],"class_list":["post-91400","post","type-post","status-publish","format-standard","has-post-thumbnail","hentry","category-noticias"],"yoast_head":"<!-- This site is optimized with the Yoast SEO plugin v27.3 - https:\/\/yoast.com\/product\/yoast-seo-wordpress\/ -->\n<title>Ufff la Politica\/\/\/Rodolfo Mendoza Olivo\/\/\/El Presidente esta en lo suyo -<\/title>\n<meta name=\"robots\" content=\"index, follow, max-snippet:-1, max-image-preview:large, max-video-preview:-1\" \/>\n<link rel=\"canonical\" href=\"https:\/\/quehacerpolitico.mx\/?p=91400\" \/>\n<meta property=\"og:locale\" content=\"es_MX\" \/>\n<meta property=\"og:type\" content=\"article\" \/>\n<meta property=\"og:title\" content=\"Ufff la Politica\/\/\/Rodolfo Mendoza Olivo\/\/\/El Presidente esta en lo suyo -\" \/>\n<meta property=\"og:description\" content=\"Por Rodolfo Mendoza Olivo El Se\u00f1or Presidente\u00a0est\u00e1\u00a0en lo suyo,\u00a0el Pa\u00eds esta inmerso en una terrible...\" \/>\n<meta property=\"og:url\" content=\"https:\/\/quehacerpolitico.mx\/?p=91400\" \/>\n<meta property=\"article:published_time\" content=\"2022-04-04T20:03:38+00:00\" \/>\n<meta property=\"article:modified_time\" content=\"2022-04-04T20:03:41+00:00\" \/>\n<meta property=\"og:image\" content=\"https:\/\/quehacerpolitico.mx\/wp-content\/uploads\/2022\/04\/17FB6743-C152-46EB-AFDC-A3391C039A0D.jpeg\" \/>\n\t<meta property=\"og:image:width\" content=\"683\" \/>\n\t<meta property=\"og:image:height\" content=\"449\" \/>\n\t<meta property=\"og:image:type\" content=\"image\/jpeg\" \/>\n<meta name=\"author\" content=\"Redacci\u00f3n QP\" \/>\n<meta name=\"twitter:card\" content=\"summary_large_image\" \/>\n<meta name=\"twitter:label1\" content=\"Escrito por\" \/>\n\t<meta name=\"twitter:data1\" content=\"Redacci\u00f3n QP\" \/>\n\t<meta name=\"twitter:label2\" content=\"Tiempo de lectura\" \/>\n\t<meta name=\"twitter:data2\" content=\"3 minutos\" \/>\n<script type=\"application\/ld+json\" class=\"yoast-schema-graph\">{\"@context\":\"https:\\\/\\\/schema.org\",\"@graph\":[{\"@type\":\"Article\",\"@id\":\"https:\\\/\\\/quehacerpolitico.mx\\\/?p=91400#article\",\"isPartOf\":{\"@id\":\"https:\\\/\\\/quehacerpolitico.mx\\\/?p=91400\"},\"author\":{\"name\":\"Redacci\u00f3n QP\",\"@id\":\"https:\\\/\\\/quehacerpolitico.mx\\\/#\\\/schema\\\/person\\\/496d8ad2d1d3f8036101dca7ee39e585\"},\"headline\":\"Ufff la Politica\\\/\\\/\\\/Rodolfo Mendoza Olivo\\\/\\\/\\\/El Presidente esta en lo suyo\",\"datePublished\":\"2022-04-04T20:03:38+00:00\",\"dateModified\":\"2022-04-04T20:03:41+00:00\",\"mainEntityOfPage\":{\"@id\":\"https:\\\/\\\/quehacerpolitico.mx\\\/?p=91400\"},\"wordCount\":682,\"commentCount\":0,\"image\":{\"@id\":\"https:\\\/\\\/quehacerpolitico.mx\\\/?p=91400#primaryimage\"},\"thumbnailUrl\":\"https:\\\/\\\/quehacerpolitico.mx\\\/wp-content\\\/uploads\\\/2022\\\/04\\\/17FB6743-C152-46EB-AFDC-A3391C039A0D.jpeg\",\"articleSection\":[\"Noticias\"],\"inLanguage\":\"es\",\"potentialAction\":[{\"@type\":\"CommentAction\",\"name\":\"Comment\",\"target\":[\"https:\\\/\\\/quehacerpolitico.mx\\\/?p=91400#respond\"]}]},{\"@type\":\"WebPage\",\"@id\":\"https:\\\/\\\/quehacerpolitico.mx\\\/?p=91400\",\"url\":\"https:\\\/\\\/quehacerpolitico.mx\\\/?p=91400\",\"name\":\"Ufff la Politica\\\/\\\/\\\/Rodolfo Mendoza Olivo\\\/\\\/\\\/El Presidente esta en lo suyo -\",\"isPartOf\":{\"@id\":\"https:\\\/\\\/quehacerpolitico.mx\\\/#website\"},\"primaryImageOfPage\":{\"@id\":\"https:\\\/\\\/quehacerpolitico.mx\\\/?p=91400#primaryimage\"},\"image\":{\"@id\":\"https:\\\/\\\/quehacerpolitico.mx\\\/?p=91400#primaryimage\"},\"thumbnailUrl\":\"https:\\\/\\\/quehacerpolitico.mx\\\/wp-content\\\/uploads\\\/2022\\\/04\\\/17FB6743-C152-46EB-AFDC-A3391C039A0D.jpeg\",\"datePublished\":\"2022-04-04T20:03:38+00:00\",\"dateModified\":\"2022-04-04T20:03:41+00:00\",\"author\":{\"@id\":\"https:\\\/\\\/quehacerpolitico.mx\\\/#\\\/schema\\\/person\\\/496d8ad2d1d3f8036101dca7ee39e585\"},\"breadcrumb\":{\"@id\":\"https:\\\/\\\/quehacerpolitico.mx\\\/?p=91400#breadcrumb\"},\"inLanguage\":\"es\",\"potentialAction\":[{\"@type\":\"ReadAction\",\"target\":[\"https:\\\/\\\/quehacerpolitico.mx\\\/?p=91400\"]}]},{\"@type\":\"ImageObject\",\"inLanguage\":\"es\",\"@id\":\"https:\\\/\\\/quehacerpolitico.mx\\\/?p=91400#primaryimage\",\"url\":\"https:\\\/\\\/quehacerpolitico.mx\\\/wp-content\\\/uploads\\\/2022\\\/04\\\/17FB6743-C152-46EB-AFDC-A3391C039A0D.jpeg\",\"contentUrl\":\"https:\\\/\\\/quehacerpolitico.mx\\\/wp-content\\\/uploads\\\/2022\\\/04\\\/17FB6743-C152-46EB-AFDC-A3391C039A0D.jpeg\",\"width\":683,\"height\":449},{\"@type\":\"BreadcrumbList\",\"@id\":\"https:\\\/\\\/quehacerpolitico.mx\\\/?p=91400#breadcrumb\",\"itemListElement\":[{\"@type\":\"ListItem\",\"position\":1,\"name\":\"Inicio\",\"item\":\"https:\\\/\\\/quehacerpolitico.mx\\\/\"},{\"@type\":\"ListItem\",\"position\":2,\"name\":\"Ufff la Politica\\\/\\\/\\\/Rodolfo Mendoza Olivo\\\/\\\/\\\/El Presidente esta en lo suyo\"}]},{\"@type\":\"WebSite\",\"@id\":\"https:\\\/\\\/quehacerpolitico.mx\\\/#website\",\"url\":\"https:\\\/\\\/quehacerpolitico.mx\\\/\",\"name\":\"\",\"description\":\"\",\"potentialAction\":[{\"@type\":\"SearchAction\",\"target\":{\"@type\":\"EntryPoint\",\"urlTemplate\":\"https:\\\/\\\/quehacerpolitico.mx\\\/?s={search_term_string}\"},\"query-input\":{\"@type\":\"PropertyValueSpecification\",\"valueRequired\":true,\"valueName\":\"search_term_string\"}}],\"inLanguage\":\"es\"},{\"@type\":\"Person\",\"@id\":\"https:\\\/\\\/quehacerpolitico.mx\\\/#\\\/schema\\\/person\\\/496d8ad2d1d3f8036101dca7ee39e585\",\"name\":\"Redacci\u00f3n QP\",\"image\":{\"@type\":\"ImageObject\",\"inLanguage\":\"es\",\"@id\":\"https:\\\/\\\/secure.gravatar.com\\\/avatar\\\/c7164ed6fdec453195284ad24a5ae5b6e1eed2b848477fa2a4787ba9adf39a41?s=96&d=mm&r=g\",\"url\":\"https:\\\/\\\/secure.gravatar.com\\\/avatar\\\/c7164ed6fdec453195284ad24a5ae5b6e1eed2b848477fa2a4787ba9adf39a41?s=96&d=mm&r=g\",\"contentUrl\":\"https:\\\/\\\/secure.gravatar.com\\\/avatar\\\/c7164ed6fdec453195284ad24a5ae5b6e1eed2b848477fa2a4787ba9adf39a41?s=96&d=mm&r=g\",\"caption\":\"Redacci\u00f3n QP\"},\"url\":\"https:\\\/\\\/quehacerpolitico.mx\\\/?author=2\"}]}<\/script>\n<!-- \/ Yoast SEO plugin. -->","yoast_head_json":{"title":"Ufff la Politica\/\/\/Rodolfo Mendoza Olivo\/\/\/El Presidente esta en lo suyo -","robots":{"index":"index","follow":"follow","max-snippet":"max-snippet:-1","max-image-preview":"max-image-preview:large","max-video-preview":"max-video-preview:-1"},"canonical":"https:\/\/quehacerpolitico.mx\/?p=91400","og_locale":"es_MX","og_type":"article","og_title":"Ufff la Politica\/\/\/Rodolfo Mendoza Olivo\/\/\/El Presidente esta en lo suyo -","og_description":"Por Rodolfo Mendoza Olivo El Se\u00f1or Presidente\u00a0est\u00e1\u00a0en lo suyo,\u00a0el Pa\u00eds esta inmerso en una terrible...","og_url":"https:\/\/quehacerpolitico.mx\/?p=91400","article_published_time":"2022-04-04T20:03:38+00:00","article_modified_time":"2022-04-04T20:03:41+00:00","og_image":[{"width":683,"height":449,"url":"https:\/\/quehacerpolitico.mx\/wp-content\/uploads\/2022\/04\/17FB6743-C152-46EB-AFDC-A3391C039A0D.jpeg","type":"image\/jpeg"}],"author":"Redacci\u00f3n QP","twitter_card":"summary_large_image","twitter_misc":{"Escrito por":"Redacci\u00f3n QP","Tiempo de lectura":"3 minutos"},"schema":{"@context":"https:\/\/schema.org","@graph":[{"@type":"Article","@id":"https:\/\/quehacerpolitico.mx\/?p=91400#article","isPartOf":{"@id":"https:\/\/quehacerpolitico.mx\/?p=91400"},"author":{"name":"Redacci\u00f3n QP","@id":"https:\/\/quehacerpolitico.mx\/#\/schema\/person\/496d8ad2d1d3f8036101dca7ee39e585"},"headline":"Ufff la Politica\/\/\/Rodolfo Mendoza Olivo\/\/\/El Presidente esta en lo suyo","datePublished":"2022-04-04T20:03:38+00:00","dateModified":"2022-04-04T20:03:41+00:00","mainEntityOfPage":{"@id":"https:\/\/quehacerpolitico.mx\/?p=91400"},"wordCount":682,"commentCount":0,"image":{"@id":"https:\/\/quehacerpolitico.mx\/?p=91400#primaryimage"},"thumbnailUrl":"https:\/\/quehacerpolitico.mx\/wp-content\/uploads\/2022\/04\/17FB6743-C152-46EB-AFDC-A3391C039A0D.jpeg","articleSection":["Noticias"],"inLanguage":"es","potentialAction":[{"@type":"CommentAction","name":"Comment","target":["https:\/\/quehacerpolitico.mx\/?p=91400#respond"]}]},{"@type":"WebPage","@id":"https:\/\/quehacerpolitico.mx\/?p=91400","url":"https:\/\/quehacerpolitico.mx\/?p=91400","name":"Ufff la Politica\/\/\/Rodolfo Mendoza Olivo\/\/\/El Presidente esta en lo suyo -","isPartOf":{"@id":"https:\/\/quehacerpolitico.mx\/#website"},"primaryImageOfPage":{"@id":"https:\/\/quehacerpolitico.mx\/?p=91400#primaryimage"},"image":{"@id":"https:\/\/quehacerpolitico.mx\/?p=91400#primaryimage"},"thumbnailUrl":"https:\/\/quehacerpolitico.mx\/wp-content\/uploads\/2022\/04\/17FB6743-C152-46EB-AFDC-A3391C039A0D.jpeg","datePublished":"2022-04-04T20:03:38+00:00","dateModified":"2022-04-04T20:03:41+00:00","author":{"@id":"https:\/\/quehacerpolitico.mx\/#\/schema\/person\/496d8ad2d1d3f8036101dca7ee39e585"},"breadcrumb":{"@id":"https:\/\/quehacerpolitico.mx\/?p=91400#breadcrumb"},"inLanguage":"es","potentialAction":[{"@type":"ReadAction","target":["https:\/\/quehacerpolitico.mx\/?p=91400"]}]},{"@type":"ImageObject","inLanguage":"es","@id":"https:\/\/quehacerpolitico.mx\/?p=91400#primaryimage","url":"https:\/\/quehacerpolitico.mx\/wp-content\/uploads\/2022\/04\/17FB6743-C152-46EB-AFDC-A3391C039A0D.jpeg","contentUrl":"https:\/\/quehacerpolitico.mx\/wp-content\/uploads\/2022\/04\/17FB6743-C152-46EB-AFDC-A3391C039A0D.jpeg","width":683,"height":449},{"@type":"BreadcrumbList","@id":"https:\/\/quehacerpolitico.mx\/?p=91400#breadcrumb","itemListElement":[{"@type":"ListItem","position":1,"name":"Inicio","item":"https:\/\/quehacerpolitico.mx\/"},{"@type":"ListItem","position":2,"name":"Ufff la Politica\/\/\/Rodolfo Mendoza Olivo\/\/\/El Presidente esta en lo suyo"}]},{"@type":"WebSite","@id":"https:\/\/quehacerpolitico.mx\/#website","url":"https:\/\/quehacerpolitico.mx\/","name":"","description":"","potentialAction":[{"@type":"SearchAction","target":{"@type":"EntryPoint","urlTemplate":"https:\/\/quehacerpolitico.mx\/?s={search_term_string}"},"query-input":{"@type":"PropertyValueSpecification","valueRequired":true,"valueName":"search_term_string"}}],"inLanguage":"es"},{"@type":"Person","@id":"https:\/\/quehacerpolitico.mx\/#\/schema\/person\/496d8ad2d1d3f8036101dca7ee39e585","name":"Redacci\u00f3n QP","image":{"@type":"ImageObject","inLanguage":"es","@id":"https:\/\/secure.gravatar.com\/avatar\/c7164ed6fdec453195284ad24a5ae5b6e1eed2b848477fa2a4787ba9adf39a41?s=96&d=mm&r=g","url":"https:\/\/secure.gravatar.com\/avatar\/c7164ed6fdec453195284ad24a5ae5b6e1eed2b848477fa2a4787ba9adf39a41?s=96&d=mm&r=g","contentUrl":"https:\/\/secure.gravatar.com\/avatar\/c7164ed6fdec453195284ad24a5ae5b6e1eed2b848477fa2a4787ba9adf39a41?s=96&d=mm&r=g","caption":"Redacci\u00f3n QP"},"url":"https:\/\/quehacerpolitico.mx\/?author=2"}]}},"featured_image_urls":{"full":["https:\/\/quehacerpolitico.mx\/wp-content\/uploads\/2022\/04\/17FB6743-C152-46EB-AFDC-A3391C039A0D.jpeg",683,449,false],"thumbnail":["https:\/\/quehacerpolitico.mx\/wp-content\/uploads\/2022\/04\/17FB6743-C152-46EB-AFDC-A3391C039A0D-150x150.jpeg",150,150,true],"medium":["https:\/\/quehacerpolitico.mx\/wp-content\/uploads\/2022\/04\/17FB6743-C152-46EB-AFDC-A3391C039A0D-300x197.jpeg",300,197,true],"medium_large":["https:\/\/quehacerpolitico.mx\/wp-content\/uploads\/2022\/04\/17FB6743-C152-46EB-AFDC-A3391C039A0D.jpeg",640,421,false],"large":["https:\/\/quehacerpolitico.mx\/wp-content\/uploads\/2022\/04\/17FB6743-C152-46EB-AFDC-A3391C039A0D.jpeg",640,421,false],"1536x1536":["https:\/\/quehacerpolitico.mx\/wp-content\/uploads\/2022\/04\/17FB6743-C152-46EB-AFDC-A3391C039A0D.jpeg",683,449,false],"2048x2048":["https:\/\/quehacerpolitico.mx\/wp-content\/uploads\/2022\/04\/17FB6743-C152-46EB-AFDC-A3391C039A0D.jpeg",683,449,false],"covernews-featured":["https:\/\/quehacerpolitico.mx\/wp-content\/uploads\/2022\/04\/17FB6743-C152-46EB-AFDC-A3391C039A0D.jpeg",683,449,false],"covernews-medium":["https:\/\/quehacerpolitico.mx\/wp-content\/uploads\/2022\/04\/17FB6743-C152-46EB-AFDC-A3391C039A0D.jpeg",517,340,false]},"author_info":{"display_name":"Redacci\u00f3n QP","author_link":"https:\/\/quehacerpolitico.mx\/?author=2"},"category_info":"<a href=\"https:\/\/quehacerpolitico.mx\/?cat=2\" rel=\"category\">Noticias<\/a>","tag_info":"Noticias","comment_count":"0","_links":{"self":[{"href":"https:\/\/quehacerpolitico.mx\/index.php?rest_route=\/wp\/v2\/posts\/91400","targetHints":{"allow":["GET"]}}],"collection":[{"href":"https:\/\/quehacerpolitico.mx\/index.php?rest_route=\/wp\/v2\/posts"}],"about":[{"href":"https:\/\/quehacerpolitico.mx\/index.php?rest_route=\/wp\/v2\/types\/post"}],"author":[{"embeddable":true,"href":"https:\/\/quehacerpolitico.mx\/index.php?rest_route=\/wp\/v2\/users\/2"}],"replies":[{"embeddable":true,"href":"https:\/\/quehacerpolitico.mx\/index.php?rest_route=%2Fwp%2Fv2%2Fcomments&post=91400"}],"version-history":[{"count":1,"href":"https:\/\/quehacerpolitico.mx\/index.php?rest_route=\/wp\/v2\/posts\/91400\/revisions"}],"predecessor-version":[{"id":91402,"href":"https:\/\/quehacerpolitico.mx\/index.php?rest_route=\/wp\/v2\/posts\/91400\/revisions\/91402"}],"wp:featuredmedia":[{"embeddable":true,"href":"https:\/\/quehacerpolitico.mx\/index.php?rest_route=\/wp\/v2\/media\/91401"}],"wp:attachment":[{"href":"https:\/\/quehacerpolitico.mx\/index.php?rest_route=%2Fwp%2Fv2%2Fmedia&parent=91400"}],"wp:term":[{"taxonomy":"category","embeddable":true,"href":"https:\/\/quehacerpolitico.mx\/index.php?rest_route=%2Fwp%2Fv2%2Fcategories&post=91400"},{"taxonomy":"post_tag","embeddable":true,"href":"https:\/\/quehacerpolitico.mx\/index.php?rest_route=%2Fwp%2Fv2%2Ftags&post=91400"}],"curies":[{"name":"wp","href":"https:\/\/api.w.org\/{rel}","templated":true}]}}