{"id":91391,"date":"2022-04-04T15:27:12","date_gmt":"2022-04-04T15:27:12","guid":{"rendered":"https:\/\/quehacerpolitico.mx\/?p=91391"},"modified":"2022-04-04T15:27:16","modified_gmt":"2022-04-04T15:27:16","slug":"internacionales-carolina-alonso-romei-rodrigo-chaves-gana-la-presidencia-de-costa-rica-recibe-con-responsabilidad-el-reto-de-gobernar","status":"publish","type":"post","link":"https:\/\/quehacerpolitico.mx\/?p=91391","title":{"rendered":"Internacionales\/\/\/Carolina Alonso Romei\/\/\/Rodrigo Chaves gana la Presidencia de Costa Rica; recibe con \u201cresponsabilidad\u201d el reto de gobernar"},"content":{"rendered":"\n<p>Por Carolina Alonso Romei<\/p>\n\n\n\n<p>Internacionalista <\/p>\n\n\n\n<p>El presidente n\u00famero 49 en la historia de Costa Rica destac\u00f3 en su discurso que trabajar\u00e1 en construir un mejor pa\u00eds, para generar m\u00e1s y mejores empleos, reducir el costo de la vida y los altos niveles de pobreza del pa\u00eds.<\/p>\n\n\n\n<ul class=\"wp-block-list\"><li>Chaves, de 60 a\u00f1os, apostar\u00e1 por acciones en materia econ\u00f3mica para reducir tr\u00e1mites y facilitar la acci\u00f3n empresarial<\/li><\/ul>\n\n\n\n<p>El\u00a0<strong>presidente electo de Costa Rica, Rodrigo Chaves<\/strong>, del joven Partido Progreso Social Democr\u00e1tico, afirm\u00f3 que recibe con humildad el resultado de las elecciones de este domingo y\u00a0<strong>con una \u201cenorme responsabilidad colmada de retos<\/strong>\u00a0y dificultades que todos nosotros vamos a solucionar\u201d.<\/p>\n\n\n\n<p>El economista y exfuncionario del Banco Mundial (BM), ganador con un 52,9 % de los votos contra el 47,1 % de su rival, el expresidente (1994-1998) Jose Mar\u00eda Figueres, agradeci\u00f3 al pueblo costarricense por \u201chaber acudido a una jornada democr\u00e1tica que nos hace brillar ante el mundo, somos de las mejores democracias del mundo\u201d.<\/p>\n\n\n\n<figure class=\"wp-block-embed is-type-video is-provider-youtube wp-block-embed-youtube wp-embed-aspect-16-9 wp-has-aspect-ratio\"><div class=\"wp-block-embed__wrapper\">\n<iframe loading=\"lazy\" title=\"El conservador, Rodrigo Chaves, ser\u00e1 el pr\u00f3ximo presidente de Costa Rica\" width=\"640\" height=\"360\" src=\"https:\/\/www.youtube.com\/embed\/WAPy56cloPE?feature=oembed\" frameborder=\"0\" allow=\"accelerometer; autoplay; clipboard-write; encrypted-media; gyroscope; picture-in-picture; web-share\" referrerpolicy=\"strict-origin-when-cross-origin\" allowfullscreen><\/iframe>\n<\/div><\/figure>\n\n\n\n<p>\u201cLos retos y dificultades que nos esperan son muchos y de gran magnitud en el mundo, en el continente y en nuestro propio pa\u00eds. Vi\u00e9ndolos a los ojos les puedo decir que vinimos a servir y no a servirnos. Estamos para servir, seguimos para adelante Costa Rica lo mejor est\u00e1 por venir, vamos para adelante\u201d, expres\u00f3 Chaves.<\/p>\n\n\n\n<p><strong>El presidente n\u00famero 49 en la historia de Costa Rica destac\u00f3 en su discurso<\/strong>&nbsp;que trabajar\u00e1 en construir un mejor pa\u00eds, para generar m\u00e1s y mejores empleos, reducir el costo de la vida y los altos niveles de pobreza del pa\u00eds.&nbsp;&nbsp;<\/p>\n\n\n\n<blockquote class=\"wp-block-quote is-layout-flow wp-block-quote-is-layout-flow\"><p>\u201cTrabajaremos con honradez, eficiencia y austeridad pero tambi\u00e9n con solidaridad para las personas m\u00e1s vulnerables de nuestra patria con el sagrado compromiso de un Gobierno democr\u00e1tico, de di\u00e1logo, respetuoso de la ley y de los valores costarricenses\u201d, afirm\u00f3 el mandatario electo que asumir\u00e1 funciones el pr\u00f3ximo 8 de mayo.&nbsp;&nbsp;<\/p><\/blockquote>\n\n\n\n<p><strong>Luego de su paso por el Banco Mundial (BM), Chaves<\/strong>&nbsp;fue ministro de Hacienda de Costa Rica entre diciembre de 2019 y mayo de 2020 en el actual Gobierno del presidente Carlos Alvarado.<\/p>\n\n\n\n<blockquote class=\"wp-block-quote is-layout-flow wp-block-quote-is-layout-flow\"><p>\u201cComprendo que en una campa\u00f1a electoral se dicen muchas cosas todo, cambio crea incertidumbre y en muchos casos amenaza privilegios, pero yo me he comprometido y me empe\u00f1ar\u00e9 en impulsar un profundo y positivo cambio en la forma de gobernar a una Costa Rica democr\u00e1tica\u201d, manifest\u00f3 Chaves.<\/p><\/blockquote>\n\n\n\n<p>El economista a\u00f1adi\u00f3 que: \u201chace mucho tiempo entend\u00ed que en democracia la ley es el esp\u00edritu del Estado costarricense que se lleva en sus genes y con la convicci\u00f3n de que los males de la democracia solo se corrigen con m\u00e1s democracia\u201d.<\/p>\n\n\n\n<blockquote class=\"wp-block-quote is-layout-flow wp-block-quote-is-layout-flow\"><p>\u201cNunca aceptaremos la imposici\u00f3n y la arbitrariedad de quien quiera que est\u00e9 gobernando incluy\u00e9ndome a m\u00ed\u201d, apunt\u00f3.<\/p><\/blockquote>\n\n\n\n<p><strong>Chaves salud\u00f3 y envi\u00f3 su reconocimiento al candidato Figueres del Partido Liberaci\u00f3n Nacional,<\/strong>\u00a0y le pidi\u00f3 \u201chumildemente\u201d a \u00e9l y a su bancada \u201ctrabajar juntos\u201d.<\/p>\n\n\n\n<p>La jornada electoral fue nuevamente marcada con un 42,6 % del nivel de abstencionismo, situaci\u00f3n por la cual Chaves se\u00f1al\u00f3 que va a \u201ctrabajar con m\u00e1s fuerza y patriotismo para construir nuevos consensos, con la humildad de unos y generosidad de otros haremos lo imposible por devolverles la confianza\u201d.<\/p>\n\n\n\n<p>Chaves, de 60 a\u00f1os, apostar\u00e1 por acciones en materia econ\u00f3mica para reducir tr\u00e1mites y facilitar la acci\u00f3n empresarial, reducir cargas sociales, exigir resultados a las instituciones p\u00fablicas, generar empleos, atraer m\u00e1s inversi\u00f3n extranjera y bajar el costo de la canasta b\u00e1sica mediante decretos.<\/p>\n\n\n\n<p>La campa\u00f1a de Chaves estuvo marcada por un fideicomiso privado que habr\u00eda financiado gastos de su campa\u00f1a, lo cual ser\u00eda ilegal, as\u00ed como por las denuncias de acoso sexual que fueron interpuestas en su contra cuando fue funcionario del Banco Mundial.<\/p>\n\n\n\n<p>El candidato ha insistido en que los hechos denunciados nunca ocurrieron y que todo fue un \u201cmalentendido\u201d por parte de sus compa\u00f1eras.&nbsp;<\/p>\n\n\n\n<p><em>Con informaci\u00f3n de EFE<\/em><\/p>\n","protected":false},"excerpt":{"rendered":"<p>Por Carolina Alonso Romei Internacionalista El presidente n\u00famero 49 en la historia de Costa Rica&#8230;<\/p>\n","protected":false},"author":2,"featured_media":91392,"comment_status":"open","ping_status":"open","sticky":false,"template":"","format":"standard","meta":{"_monsterinsights_skip_tracking":false,"_monsterinsights_sitenote_active":false,"_monsterinsights_sitenote_note":"","_monsterinsights_sitenote_category":0,"footnotes":""},"categories":[1],"tags":[],"class_list":["post-91391","post","type-post","status-publish","format-standard","has-post-thumbnail","hentry","category-sin-categoria"],"yoast_head":"<!-- This site is optimized with the Yoast SEO plugin v27.3 - https:\/\/yoast.com\/product\/yoast-seo-wordpress\/ -->\n<title>Internacionales\/\/\/Carolina Alonso Romei\/\/\/Rodrigo Chaves gana la Presidencia de Costa Rica; recibe con \u201cresponsabilidad\u201d el reto de gobernar -<\/title>\n<meta name=\"robots\" content=\"index, follow, max-snippet:-1, max-image-preview:large, max-video-preview:-1\" \/>\n<link rel=\"canonical\" href=\"https:\/\/quehacerpolitico.mx\/?p=91391\" \/>\n<meta property=\"og:locale\" content=\"es_MX\" \/>\n<meta property=\"og:type\" content=\"article\" \/>\n<meta property=\"og:title\" content=\"Internacionales\/\/\/Carolina Alonso Romei\/\/\/Rodrigo Chaves gana la Presidencia de Costa Rica; recibe con \u201cresponsabilidad\u201d el reto de gobernar -\" \/>\n<meta property=\"og:description\" content=\"Por Carolina Alonso Romei Internacionalista El presidente n\u00famero 49 en la historia de Costa Rica...\" \/>\n<meta property=\"og:url\" content=\"https:\/\/quehacerpolitico.mx\/?p=91391\" \/>\n<meta property=\"article:published_time\" content=\"2022-04-04T15:27:12+00:00\" \/>\n<meta property=\"article:modified_time\" content=\"2022-04-04T15:27:16+00:00\" \/>\n<meta property=\"og:image\" content=\"https:\/\/quehacerpolitico.mx\/wp-content\/uploads\/2022\/04\/EABBEDD1-06AD-4652-B520-BC8F277277C6.jpeg\" \/>\n\t<meta property=\"og:image:width\" content=\"640\" \/>\n\t<meta property=\"og:image:height\" content=\"360\" \/>\n\t<meta property=\"og:image:type\" content=\"image\/jpeg\" \/>\n<meta name=\"author\" content=\"Redacci\u00f3n QP\" \/>\n<meta name=\"twitter:card\" content=\"summary_large_image\" \/>\n<meta name=\"twitter:label1\" content=\"Escrito por\" \/>\n\t<meta name=\"twitter:data1\" content=\"Redacci\u00f3n QP\" \/>\n\t<meta name=\"twitter:label2\" content=\"Tiempo de lectura\" \/>\n\t<meta name=\"twitter:data2\" content=\"3 minutos\" \/>\n<script type=\"application\/ld+json\" class=\"yoast-schema-graph\">{\"@context\":\"https:\\\/\\\/schema.org\",\"@graph\":[{\"@type\":\"Article\",\"@id\":\"https:\\\/\\\/quehacerpolitico.mx\\\/?p=91391#article\",\"isPartOf\":{\"@id\":\"https:\\\/\\\/quehacerpolitico.mx\\\/?p=91391\"},\"author\":{\"name\":\"Redacci\u00f3n QP\",\"@id\":\"https:\\\/\\\/quehacerpolitico.mx\\\/#\\\/schema\\\/person\\\/496d8ad2d1d3f8036101dca7ee39e585\"},\"headline\":\"Internacionales\\\/\\\/\\\/Carolina Alonso Romei\\\/\\\/\\\/Rodrigo Chaves gana la Presidencia de Costa Rica; recibe con \u201cresponsabilidad\u201d el reto de gobernar\",\"datePublished\":\"2022-04-04T15:27:12+00:00\",\"dateModified\":\"2022-04-04T15:27:16+00:00\",\"mainEntityOfPage\":{\"@id\":\"https:\\\/\\\/quehacerpolitico.mx\\\/?p=91391\"},\"wordCount\":698,\"commentCount\":0,\"image\":{\"@id\":\"https:\\\/\\\/quehacerpolitico.mx\\\/?p=91391#primaryimage\"},\"thumbnailUrl\":\"https:\\\/\\\/quehacerpolitico.mx\\\/wp-content\\\/uploads\\\/2022\\\/04\\\/EABBEDD1-06AD-4652-B520-BC8F277277C6.jpeg\",\"articleSection\":[\"Internacionales\"],\"inLanguage\":\"es\",\"potentialAction\":[{\"@type\":\"CommentAction\",\"name\":\"Comment\",\"target\":[\"https:\\\/\\\/quehacerpolitico.mx\\\/?p=91391#respond\"]}]},{\"@type\":\"WebPage\",\"@id\":\"https:\\\/\\\/quehacerpolitico.mx\\\/?p=91391\",\"url\":\"https:\\\/\\\/quehacerpolitico.mx\\\/?p=91391\",\"name\":\"Internacionales\\\/\\\/\\\/Carolina Alonso Romei\\\/\\\/\\\/Rodrigo Chaves gana la Presidencia de Costa Rica; recibe con \u201cresponsabilidad\u201d el reto de gobernar -\",\"isPartOf\":{\"@id\":\"https:\\\/\\\/quehacerpolitico.mx\\\/#website\"},\"primaryImageOfPage\":{\"@id\":\"https:\\\/\\\/quehacerpolitico.mx\\\/?p=91391#primaryimage\"},\"image\":{\"@id\":\"https:\\\/\\\/quehacerpolitico.mx\\\/?p=91391#primaryimage\"},\"thumbnailUrl\":\"https:\\\/\\\/quehacerpolitico.mx\\\/wp-content\\\/uploads\\\/2022\\\/04\\\/EABBEDD1-06AD-4652-B520-BC8F277277C6.jpeg\",\"datePublished\":\"2022-04-04T15:27:12+00:00\",\"dateModified\":\"2022-04-04T15:27:16+00:00\",\"author\":{\"@id\":\"https:\\\/\\\/quehacerpolitico.mx\\\/#\\\/schema\\\/person\\\/496d8ad2d1d3f8036101dca7ee39e585\"},\"breadcrumb\":{\"@id\":\"https:\\\/\\\/quehacerpolitico.mx\\\/?p=91391#breadcrumb\"},\"inLanguage\":\"es\",\"potentialAction\":[{\"@type\":\"ReadAction\",\"target\":[\"https:\\\/\\\/quehacerpolitico.mx\\\/?p=91391\"]}]},{\"@type\":\"ImageObject\",\"inLanguage\":\"es\",\"@id\":\"https:\\\/\\\/quehacerpolitico.mx\\\/?p=91391#primaryimage\",\"url\":\"https:\\\/\\\/quehacerpolitico.mx\\\/wp-content\\\/uploads\\\/2022\\\/04\\\/EABBEDD1-06AD-4652-B520-BC8F277277C6.jpeg\",\"contentUrl\":\"https:\\\/\\\/quehacerpolitico.mx\\\/wp-content\\\/uploads\\\/2022\\\/04\\\/EABBEDD1-06AD-4652-B520-BC8F277277C6.jpeg\",\"width\":640,\"height\":360},{\"@type\":\"BreadcrumbList\",\"@id\":\"https:\\\/\\\/quehacerpolitico.mx\\\/?p=91391#breadcrumb\",\"itemListElement\":[{\"@type\":\"ListItem\",\"position\":1,\"name\":\"Inicio\",\"item\":\"https:\\\/\\\/quehacerpolitico.mx\\\/\"},{\"@type\":\"ListItem\",\"position\":2,\"name\":\"Internacionales\\\/\\\/\\\/Carolina Alonso Romei\\\/\\\/\\\/Rodrigo Chaves gana la Presidencia de Costa Rica; recibe con \u201cresponsabilidad\u201d el reto de gobernar\"}]},{\"@type\":\"WebSite\",\"@id\":\"https:\\\/\\\/quehacerpolitico.mx\\\/#website\",\"url\":\"https:\\\/\\\/quehacerpolitico.mx\\\/\",\"name\":\"\",\"description\":\"\",\"potentialAction\":[{\"@type\":\"SearchAction\",\"target\":{\"@type\":\"EntryPoint\",\"urlTemplate\":\"https:\\\/\\\/quehacerpolitico.mx\\\/?s={search_term_string}\"},\"query-input\":{\"@type\":\"PropertyValueSpecification\",\"valueRequired\":true,\"valueName\":\"search_term_string\"}}],\"inLanguage\":\"es\"},{\"@type\":\"Person\",\"@id\":\"https:\\\/\\\/quehacerpolitico.mx\\\/#\\\/schema\\\/person\\\/496d8ad2d1d3f8036101dca7ee39e585\",\"name\":\"Redacci\u00f3n QP\",\"image\":{\"@type\":\"ImageObject\",\"inLanguage\":\"es\",\"@id\":\"https:\\\/\\\/secure.gravatar.com\\\/avatar\\\/c7164ed6fdec453195284ad24a5ae5b6e1eed2b848477fa2a4787ba9adf39a41?s=96&d=mm&r=g\",\"url\":\"https:\\\/\\\/secure.gravatar.com\\\/avatar\\\/c7164ed6fdec453195284ad24a5ae5b6e1eed2b848477fa2a4787ba9adf39a41?s=96&d=mm&r=g\",\"contentUrl\":\"https:\\\/\\\/secure.gravatar.com\\\/avatar\\\/c7164ed6fdec453195284ad24a5ae5b6e1eed2b848477fa2a4787ba9adf39a41?s=96&d=mm&r=g\",\"caption\":\"Redacci\u00f3n QP\"},\"url\":\"https:\\\/\\\/quehacerpolitico.mx\\\/?author=2\"}]}<\/script>\n<!-- \/ Yoast SEO plugin. -->","yoast_head_json":{"title":"Internacionales\/\/\/Carolina Alonso Romei\/\/\/Rodrigo Chaves gana la Presidencia de Costa Rica; recibe con \u201cresponsabilidad\u201d el reto de gobernar -","robots":{"index":"index","follow":"follow","max-snippet":"max-snippet:-1","max-image-preview":"max-image-preview:large","max-video-preview":"max-video-preview:-1"},"canonical":"https:\/\/quehacerpolitico.mx\/?p=91391","og_locale":"es_MX","og_type":"article","og_title":"Internacionales\/\/\/Carolina Alonso Romei\/\/\/Rodrigo Chaves gana la Presidencia de Costa Rica; recibe con \u201cresponsabilidad\u201d el reto de gobernar -","og_description":"Por Carolina Alonso Romei Internacionalista El presidente n\u00famero 49 en la historia de Costa Rica...","og_url":"https:\/\/quehacerpolitico.mx\/?p=91391","article_published_time":"2022-04-04T15:27:12+00:00","article_modified_time":"2022-04-04T15:27:16+00:00","og_image":[{"width":640,"height":360,"url":"https:\/\/quehacerpolitico.mx\/wp-content\/uploads\/2022\/04\/EABBEDD1-06AD-4652-B520-BC8F277277C6.jpeg","type":"image\/jpeg"}],"author":"Redacci\u00f3n QP","twitter_card":"summary_large_image","twitter_misc":{"Escrito por":"Redacci\u00f3n QP","Tiempo de lectura":"3 minutos"},"schema":{"@context":"https:\/\/schema.org","@graph":[{"@type":"Article","@id":"https:\/\/quehacerpolitico.mx\/?p=91391#article","isPartOf":{"@id":"https:\/\/quehacerpolitico.mx\/?p=91391"},"author":{"name":"Redacci\u00f3n QP","@id":"https:\/\/quehacerpolitico.mx\/#\/schema\/person\/496d8ad2d1d3f8036101dca7ee39e585"},"headline":"Internacionales\/\/\/Carolina Alonso Romei\/\/\/Rodrigo Chaves gana la Presidencia de Costa Rica; recibe con \u201cresponsabilidad\u201d el reto de gobernar","datePublished":"2022-04-04T15:27:12+00:00","dateModified":"2022-04-04T15:27:16+00:00","mainEntityOfPage":{"@id":"https:\/\/quehacerpolitico.mx\/?p=91391"},"wordCount":698,"commentCount":0,"image":{"@id":"https:\/\/quehacerpolitico.mx\/?p=91391#primaryimage"},"thumbnailUrl":"https:\/\/quehacerpolitico.mx\/wp-content\/uploads\/2022\/04\/EABBEDD1-06AD-4652-B520-BC8F277277C6.jpeg","articleSection":["Internacionales"],"inLanguage":"es","potentialAction":[{"@type":"CommentAction","name":"Comment","target":["https:\/\/quehacerpolitico.mx\/?p=91391#respond"]}]},{"@type":"WebPage","@id":"https:\/\/quehacerpolitico.mx\/?p=91391","url":"https:\/\/quehacerpolitico.mx\/?p=91391","name":"Internacionales\/\/\/Carolina Alonso Romei\/\/\/Rodrigo Chaves gana la Presidencia de Costa Rica; recibe con \u201cresponsabilidad\u201d el reto de gobernar -","isPartOf":{"@id":"https:\/\/quehacerpolitico.mx\/#website"},"primaryImageOfPage":{"@id":"https:\/\/quehacerpolitico.mx\/?p=91391#primaryimage"},"image":{"@id":"https:\/\/quehacerpolitico.mx\/?p=91391#primaryimage"},"thumbnailUrl":"https:\/\/quehacerpolitico.mx\/wp-content\/uploads\/2022\/04\/EABBEDD1-06AD-4652-B520-BC8F277277C6.jpeg","datePublished":"2022-04-04T15:27:12+00:00","dateModified":"2022-04-04T15:27:16+00:00","author":{"@id":"https:\/\/quehacerpolitico.mx\/#\/schema\/person\/496d8ad2d1d3f8036101dca7ee39e585"},"breadcrumb":{"@id":"https:\/\/quehacerpolitico.mx\/?p=91391#breadcrumb"},"inLanguage":"es","potentialAction":[{"@type":"ReadAction","target":["https:\/\/quehacerpolitico.mx\/?p=91391"]}]},{"@type":"ImageObject","inLanguage":"es","@id":"https:\/\/quehacerpolitico.mx\/?p=91391#primaryimage","url":"https:\/\/quehacerpolitico.mx\/wp-content\/uploads\/2022\/04\/EABBEDD1-06AD-4652-B520-BC8F277277C6.jpeg","contentUrl":"https:\/\/quehacerpolitico.mx\/wp-content\/uploads\/2022\/04\/EABBEDD1-06AD-4652-B520-BC8F277277C6.jpeg","width":640,"height":360},{"@type":"BreadcrumbList","@id":"https:\/\/quehacerpolitico.mx\/?p=91391#breadcrumb","itemListElement":[{"@type":"ListItem","position":1,"name":"Inicio","item":"https:\/\/quehacerpolitico.mx\/"},{"@type":"ListItem","position":2,"name":"Internacionales\/\/\/Carolina Alonso Romei\/\/\/Rodrigo Chaves gana la Presidencia de Costa Rica; recibe con \u201cresponsabilidad\u201d el reto de gobernar"}]},{"@type":"WebSite","@id":"https:\/\/quehacerpolitico.mx\/#website","url":"https:\/\/quehacerpolitico.mx\/","name":"","description":"","potentialAction":[{"@type":"SearchAction","target":{"@type":"EntryPoint","urlTemplate":"https:\/\/quehacerpolitico.mx\/?s={search_term_string}"},"query-input":{"@type":"PropertyValueSpecification","valueRequired":true,"valueName":"search_term_string"}}],"inLanguage":"es"},{"@type":"Person","@id":"https:\/\/quehacerpolitico.mx\/#\/schema\/person\/496d8ad2d1d3f8036101dca7ee39e585","name":"Redacci\u00f3n QP","image":{"@type":"ImageObject","inLanguage":"es","@id":"https:\/\/secure.gravatar.com\/avatar\/c7164ed6fdec453195284ad24a5ae5b6e1eed2b848477fa2a4787ba9adf39a41?s=96&d=mm&r=g","url":"https:\/\/secure.gravatar.com\/avatar\/c7164ed6fdec453195284ad24a5ae5b6e1eed2b848477fa2a4787ba9adf39a41?s=96&d=mm&r=g","contentUrl":"https:\/\/secure.gravatar.com\/avatar\/c7164ed6fdec453195284ad24a5ae5b6e1eed2b848477fa2a4787ba9adf39a41?s=96&d=mm&r=g","caption":"Redacci\u00f3n QP"},"url":"https:\/\/quehacerpolitico.mx\/?author=2"}]}},"featured_image_urls":{"full":["https:\/\/quehacerpolitico.mx\/wp-content\/uploads\/2022\/04\/EABBEDD1-06AD-4652-B520-BC8F277277C6.jpeg",640,360,false],"thumbnail":["https:\/\/quehacerpolitico.mx\/wp-content\/uploads\/2022\/04\/EABBEDD1-06AD-4652-B520-BC8F277277C6-150x150.jpeg",150,150,true],"medium":["https:\/\/quehacerpolitico.mx\/wp-content\/uploads\/2022\/04\/EABBEDD1-06AD-4652-B520-BC8F277277C6-300x169.jpeg",300,169,true],"medium_large":["https:\/\/quehacerpolitico.mx\/wp-content\/uploads\/2022\/04\/EABBEDD1-06AD-4652-B520-BC8F277277C6.jpeg",640,360,false],"large":["https:\/\/quehacerpolitico.mx\/wp-content\/uploads\/2022\/04\/EABBEDD1-06AD-4652-B520-BC8F277277C6.jpeg",640,360,false],"1536x1536":["https:\/\/quehacerpolitico.mx\/wp-content\/uploads\/2022\/04\/EABBEDD1-06AD-4652-B520-BC8F277277C6.jpeg",640,360,false],"2048x2048":["https:\/\/quehacerpolitico.mx\/wp-content\/uploads\/2022\/04\/EABBEDD1-06AD-4652-B520-BC8F277277C6.jpeg",640,360,false],"covernews-featured":["https:\/\/quehacerpolitico.mx\/wp-content\/uploads\/2022\/04\/EABBEDD1-06AD-4652-B520-BC8F277277C6.jpeg",640,360,false],"covernews-medium":["https:\/\/quehacerpolitico.mx\/wp-content\/uploads\/2022\/04\/EABBEDD1-06AD-4652-B520-BC8F277277C6.jpeg",540,304,false]},"author_info":{"display_name":"Redacci\u00f3n QP","author_link":"https:\/\/quehacerpolitico.mx\/?author=2"},"category_info":"<a href=\"https:\/\/quehacerpolitico.mx\/?cat=1\" rel=\"category\">Internacionales<\/a>","tag_info":"Internacionales","comment_count":"0","_links":{"self":[{"href":"https:\/\/quehacerpolitico.mx\/index.php?rest_route=\/wp\/v2\/posts\/91391","targetHints":{"allow":["GET"]}}],"collection":[{"href":"https:\/\/quehacerpolitico.mx\/index.php?rest_route=\/wp\/v2\/posts"}],"about":[{"href":"https:\/\/quehacerpolitico.mx\/index.php?rest_route=\/wp\/v2\/types\/post"}],"author":[{"embeddable":true,"href":"https:\/\/quehacerpolitico.mx\/index.php?rest_route=\/wp\/v2\/users\/2"}],"replies":[{"embeddable":true,"href":"https:\/\/quehacerpolitico.mx\/index.php?rest_route=%2Fwp%2Fv2%2Fcomments&post=91391"}],"version-history":[{"count":1,"href":"https:\/\/quehacerpolitico.mx\/index.php?rest_route=\/wp\/v2\/posts\/91391\/revisions"}],"predecessor-version":[{"id":91393,"href":"https:\/\/quehacerpolitico.mx\/index.php?rest_route=\/wp\/v2\/posts\/91391\/revisions\/91393"}],"wp:featuredmedia":[{"embeddable":true,"href":"https:\/\/quehacerpolitico.mx\/index.php?rest_route=\/wp\/v2\/media\/91392"}],"wp:attachment":[{"href":"https:\/\/quehacerpolitico.mx\/index.php?rest_route=%2Fwp%2Fv2%2Fmedia&parent=91391"}],"wp:term":[{"taxonomy":"category","embeddable":true,"href":"https:\/\/quehacerpolitico.mx\/index.php?rest_route=%2Fwp%2Fv2%2Fcategories&post=91391"},{"taxonomy":"post_tag","embeddable":true,"href":"https:\/\/quehacerpolitico.mx\/index.php?rest_route=%2Fwp%2Fv2%2Ftags&post=91391"}],"curies":[{"name":"wp","href":"https:\/\/api.w.org\/{rel}","templated":true}]}}