{"id":91388,"date":"2022-04-04T15:09:58","date_gmt":"2022-04-04T15:09:58","guid":{"rendered":"https:\/\/quehacerpolitico.mx\/?p=91388"},"modified":"2022-04-04T15:10:01","modified_gmt":"2022-04-04T15:10:01","slug":"revocacion-de-mandato-amlo-defiende-a-adan-augusto-lopez-y-niega-que-violara-la-veda-electoral","status":"publish","type":"post","link":"https:\/\/quehacerpolitico.mx\/?p=91388","title":{"rendered":"Revocaci\u00f3n de mandato: AMLO defiende a Ad\u00e1n Augusto L\u00f3pez y niega que violara la veda electoral\u00a0"},"content":{"rendered":"\n<p>Por Redacci\u00f3n QP<\/p>\n\n\n\n<p>&#8220;(Ad\u00e1n Augusto) est\u00e1 visitando los estados para cumplir con su responsabilidad, no para promover la consulta, no va a m\u00edtines&#8221;, dijo el Presidente de M\u00e9xico durante la &#8220;ma\u00f1anera&#8221;<\/p>\n\n\n\n<p>Luego de que el secretario de Gobernaci\u00f3n, Ad\u00e1n Augusto L\u00f3pez fuera se\u00f1alado de violar la veda electoral al promover la consulta de revocaci\u00f3n de mandato durante un evento en Torre\u00f3n, el Presidente de M\u00e9xico, Andr\u00e9s Manuel L\u00f3pez Obrador (AMLO) sali\u00f3 en su defensa.<\/p>\n\n\n\n<p><strong>&#8220;(Ad\u00e1n Augusto) est\u00e1 visitando los estados para cumplir con su responsabilidad, no para promover la consulta, no va a m\u00edtines&#8221;<\/strong>, dijo AMLO durante la &#8220;ma\u00f1anera&#8221; desde el Palacio Nacional.<\/p>\n\n\n\n<figure class=\"wp-block-embed is-type-video is-provider-youtube wp-block-embed-youtube wp-embed-aspect-16-9 wp-has-aspect-ratio\"><div class=\"wp-block-embed__wrapper\">\n<iframe loading=\"lazy\" title=\"Ad\u00e1n Augusto no promueve revocaci\u00f3n, me ayuda a la transformaci\u00f3n y no es precandidato presidencial\" width=\"640\" height=\"360\" src=\"https:\/\/www.youtube.com\/embed\/dG17GOMZg28?feature=oembed\" frameborder=\"0\" allow=\"accelerometer; autoplay; clipboard-write; encrypted-media; gyroscope; picture-in-picture; web-share\" referrerpolicy=\"strict-origin-when-cross-origin\" allowfullscreen><\/iframe>\n<\/div><\/figure>\n\n\n\n<blockquote class=\"wp-block-quote is-layout-flow wp-block-quote-is-layout-flow\"><p>&#8220;\u00c9l, para que se tranquilicen los adversarios, est\u00e1 ayud\u00e1ndome en la transformaci\u00f3n, no es precandidato a la Presidencia&#8221;<\/p><\/blockquote>\n\n\n\n<p>El fin de semana, el titular de la Secretar\u00eda de Gobernaci\u00f3n (Segob) cre\u00f3 pol\u00e9mica porque durante una visita a la ciudad de Torre\u00f3n, hizo un llamado a participar en la consulta de revocaci\u00f3n de mandato de L\u00f3pez Obrador el pr\u00f3ximo 10 de abril, seg\u00fan videos filtrados a medios.<\/p>\n\n\n\n<p>La promoci\u00f3n a la consulta se dio en medio de la veda electoral que proh\u00edbe a los servidores p\u00fablicos la promoci\u00f3n de este ejercicio participativo.<\/p>\n\n\n\n<p>Al respecto, AMLO reiter\u00f3 que el funcionario solo est\u00e1 cumpliendo con sus labores como secretario.<\/p>\n\n\n\n<p>&#8220;Yo necesitaba un secretario de Gobernaci\u00f3n que me ayudara al cumplimiento de la agenda, que tiene que ver con el inter\u00e9s p\u00fablico, con la defensa, protecci\u00f3n y beneficio del pueblo, con la paz, con la tranquilidad, que no tuviese su agenda, sino que me ayudara a cumplir la agenda que tiene que ver con la transformaci\u00f3n de M\u00e9xico&#8221;, destac\u00f3.<\/p>\n\n\n\n<p>Ante la pregunta sobre si L\u00f3pez era candidato a contender por la Presidencia en 2024,&nbsp;<strong>AMLO neg\u00f3 que el funcionario est\u00e9 haciendo acciones pol\u00edticas anticipadas como precandidato presidencial<\/strong>.<\/p>\n\n\n\n<p>&#8220;\u00c9l, para que se tranquilicen los adversarios, est\u00e1 ayud\u00e1ndome en la transformaci\u00f3n, no es precandidato a la Presidencia (&#8230;) Porque me est\u00e1 ayudando a la transformaci\u00f3n del pa\u00eds; no se confundan, no es candidato, no est\u00e1 actuando de esa forma&#8221;, acot\u00f3.<\/p>\n\n\n\n<p>L\u00f3pez Obrador aprovech\u00f3 para criticar el actuar del Instituto Nacional Electoral (INE) hacia quienes est\u00e1n en contra de la revocaci\u00f3n de mandato, ya que asegur\u00f3 que el \u00f3rgano no ha actuado con rectitud y solo se impide que participen los que est\u00e1n a favor de la transformaci\u00f3n.<\/p>\n\n\n\n<p>&#8220;No se cuestiona a los que est\u00e1n abiertamente llamando a que no participe la gente&#8221;, dijo.<\/p>\n\n\n\n<p>Con informaci\u00f3n de EFE<\/p>\n","protected":false},"excerpt":{"rendered":"<p>Por Redacci\u00f3n QP &#8220;(Ad\u00e1n Augusto) est\u00e1 visitando los estados para cumplir con su responsabilidad, no&#8230;<\/p>\n","protected":false},"author":2,"featured_media":91389,"comment_status":"open","ping_status":"open","sticky":false,"template":"","format":"standard","meta":{"_monsterinsights_skip_tracking":false,"_monsterinsights_sitenote_active":false,"_monsterinsights_sitenote_note":"","_monsterinsights_sitenote_category":0,"footnotes":""},"categories":[2],"tags":[],"class_list":["post-91388","post","type-post","status-publish","format-standard","has-post-thumbnail","hentry","category-noticias"],"yoast_head":"<!-- This site is optimized with the Yoast SEO plugin v27.3 - https:\/\/yoast.com\/product\/yoast-seo-wordpress\/ -->\n<title>Revocaci\u00f3n de mandato: AMLO defiende a Ad\u00e1n Augusto L\u00f3pez y niega que violara la veda electoral\u00a0 -<\/title>\n<meta name=\"robots\" content=\"index, follow, max-snippet:-1, max-image-preview:large, max-video-preview:-1\" \/>\n<link rel=\"canonical\" href=\"https:\/\/quehacerpolitico.mx\/?p=91388\" \/>\n<meta property=\"og:locale\" content=\"es_MX\" \/>\n<meta property=\"og:type\" content=\"article\" \/>\n<meta property=\"og:title\" content=\"Revocaci\u00f3n de mandato: AMLO defiende a Ad\u00e1n Augusto L\u00f3pez y niega que violara la veda electoral\u00a0 -\" \/>\n<meta property=\"og:description\" content=\"Por Redacci\u00f3n QP &#8220;(Ad\u00e1n Augusto) est\u00e1 visitando los estados para cumplir con su responsabilidad, no...\" \/>\n<meta property=\"og:url\" content=\"https:\/\/quehacerpolitico.mx\/?p=91388\" \/>\n<meta property=\"article:published_time\" content=\"2022-04-04T15:09:58+00:00\" \/>\n<meta property=\"article:modified_time\" content=\"2022-04-04T15:10:01+00:00\" \/>\n<meta property=\"og:image\" content=\"https:\/\/quehacerpolitico.mx\/wp-content\/uploads\/2022\/04\/F2D6C82C-AAAC-4C83-95B0-27EBE34317E5.jpeg\" \/>\n\t<meta property=\"og:image:width\" content=\"945\" \/>\n\t<meta property=\"og:image:height\" content=\"710\" \/>\n\t<meta property=\"og:image:type\" content=\"image\/jpeg\" \/>\n<meta name=\"author\" content=\"Redacci\u00f3n QP\" \/>\n<meta name=\"twitter:card\" content=\"summary_large_image\" \/>\n<meta name=\"twitter:label1\" content=\"Escrito por\" \/>\n\t<meta name=\"twitter:data1\" content=\"Redacci\u00f3n QP\" \/>\n\t<meta name=\"twitter:label2\" content=\"Tiempo de lectura\" \/>\n\t<meta name=\"twitter:data2\" content=\"2 minutos\" \/>\n<script type=\"application\/ld+json\" class=\"yoast-schema-graph\">{\"@context\":\"https:\\\/\\\/schema.org\",\"@graph\":[{\"@type\":\"Article\",\"@id\":\"https:\\\/\\\/quehacerpolitico.mx\\\/?p=91388#article\",\"isPartOf\":{\"@id\":\"https:\\\/\\\/quehacerpolitico.mx\\\/?p=91388\"},\"author\":{\"name\":\"Redacci\u00f3n QP\",\"@id\":\"https:\\\/\\\/quehacerpolitico.mx\\\/#\\\/schema\\\/person\\\/496d8ad2d1d3f8036101dca7ee39e585\"},\"headline\":\"Revocaci\u00f3n de mandato: AMLO defiende a Ad\u00e1n Augusto L\u00f3pez y niega que violara la veda electoral\u00a0\",\"datePublished\":\"2022-04-04T15:09:58+00:00\",\"dateModified\":\"2022-04-04T15:10:01+00:00\",\"mainEntityOfPage\":{\"@id\":\"https:\\\/\\\/quehacerpolitico.mx\\\/?p=91388\"},\"wordCount\":476,\"commentCount\":0,\"image\":{\"@id\":\"https:\\\/\\\/quehacerpolitico.mx\\\/?p=91388#primaryimage\"},\"thumbnailUrl\":\"https:\\\/\\\/quehacerpolitico.mx\\\/wp-content\\\/uploads\\\/2022\\\/04\\\/F2D6C82C-AAAC-4C83-95B0-27EBE34317E5.jpeg\",\"articleSection\":[\"Noticias\"],\"inLanguage\":\"es\",\"potentialAction\":[{\"@type\":\"CommentAction\",\"name\":\"Comment\",\"target\":[\"https:\\\/\\\/quehacerpolitico.mx\\\/?p=91388#respond\"]}]},{\"@type\":\"WebPage\",\"@id\":\"https:\\\/\\\/quehacerpolitico.mx\\\/?p=91388\",\"url\":\"https:\\\/\\\/quehacerpolitico.mx\\\/?p=91388\",\"name\":\"Revocaci\u00f3n de mandato: AMLO defiende a Ad\u00e1n Augusto L\u00f3pez y niega que violara la veda electoral\u00a0 -\",\"isPartOf\":{\"@id\":\"https:\\\/\\\/quehacerpolitico.mx\\\/#website\"},\"primaryImageOfPage\":{\"@id\":\"https:\\\/\\\/quehacerpolitico.mx\\\/?p=91388#primaryimage\"},\"image\":{\"@id\":\"https:\\\/\\\/quehacerpolitico.mx\\\/?p=91388#primaryimage\"},\"thumbnailUrl\":\"https:\\\/\\\/quehacerpolitico.mx\\\/wp-content\\\/uploads\\\/2022\\\/04\\\/F2D6C82C-AAAC-4C83-95B0-27EBE34317E5.jpeg\",\"datePublished\":\"2022-04-04T15:09:58+00:00\",\"dateModified\":\"2022-04-04T15:10:01+00:00\",\"author\":{\"@id\":\"https:\\\/\\\/quehacerpolitico.mx\\\/#\\\/schema\\\/person\\\/496d8ad2d1d3f8036101dca7ee39e585\"},\"breadcrumb\":{\"@id\":\"https:\\\/\\\/quehacerpolitico.mx\\\/?p=91388#breadcrumb\"},\"inLanguage\":\"es\",\"potentialAction\":[{\"@type\":\"ReadAction\",\"target\":[\"https:\\\/\\\/quehacerpolitico.mx\\\/?p=91388\"]}]},{\"@type\":\"ImageObject\",\"inLanguage\":\"es\",\"@id\":\"https:\\\/\\\/quehacerpolitico.mx\\\/?p=91388#primaryimage\",\"url\":\"https:\\\/\\\/quehacerpolitico.mx\\\/wp-content\\\/uploads\\\/2022\\\/04\\\/F2D6C82C-AAAC-4C83-95B0-27EBE34317E5.jpeg\",\"contentUrl\":\"https:\\\/\\\/quehacerpolitico.mx\\\/wp-content\\\/uploads\\\/2022\\\/04\\\/F2D6C82C-AAAC-4C83-95B0-27EBE34317E5.jpeg\",\"width\":945,\"height\":710},{\"@type\":\"BreadcrumbList\",\"@id\":\"https:\\\/\\\/quehacerpolitico.mx\\\/?p=91388#breadcrumb\",\"itemListElement\":[{\"@type\":\"ListItem\",\"position\":1,\"name\":\"Inicio\",\"item\":\"https:\\\/\\\/quehacerpolitico.mx\\\/\"},{\"@type\":\"ListItem\",\"position\":2,\"name\":\"Revocaci\u00f3n de mandato: AMLO defiende a Ad\u00e1n Augusto L\u00f3pez y niega que violara la veda electoral\u00a0\"}]},{\"@type\":\"WebSite\",\"@id\":\"https:\\\/\\\/quehacerpolitico.mx\\\/#website\",\"url\":\"https:\\\/\\\/quehacerpolitico.mx\\\/\",\"name\":\"\",\"description\":\"\",\"potentialAction\":[{\"@type\":\"SearchAction\",\"target\":{\"@type\":\"EntryPoint\",\"urlTemplate\":\"https:\\\/\\\/quehacerpolitico.mx\\\/?s={search_term_string}\"},\"query-input\":{\"@type\":\"PropertyValueSpecification\",\"valueRequired\":true,\"valueName\":\"search_term_string\"}}],\"inLanguage\":\"es\"},{\"@type\":\"Person\",\"@id\":\"https:\\\/\\\/quehacerpolitico.mx\\\/#\\\/schema\\\/person\\\/496d8ad2d1d3f8036101dca7ee39e585\",\"name\":\"Redacci\u00f3n QP\",\"image\":{\"@type\":\"ImageObject\",\"inLanguage\":\"es\",\"@id\":\"https:\\\/\\\/secure.gravatar.com\\\/avatar\\\/c7164ed6fdec453195284ad24a5ae5b6e1eed2b848477fa2a4787ba9adf39a41?s=96&d=mm&r=g\",\"url\":\"https:\\\/\\\/secure.gravatar.com\\\/avatar\\\/c7164ed6fdec453195284ad24a5ae5b6e1eed2b848477fa2a4787ba9adf39a41?s=96&d=mm&r=g\",\"contentUrl\":\"https:\\\/\\\/secure.gravatar.com\\\/avatar\\\/c7164ed6fdec453195284ad24a5ae5b6e1eed2b848477fa2a4787ba9adf39a41?s=96&d=mm&r=g\",\"caption\":\"Redacci\u00f3n QP\"},\"url\":\"https:\\\/\\\/quehacerpolitico.mx\\\/?author=2\"}]}<\/script>\n<!-- \/ Yoast SEO plugin. -->","yoast_head_json":{"title":"Revocaci\u00f3n de mandato: AMLO defiende a Ad\u00e1n Augusto L\u00f3pez y niega que violara la veda electoral\u00a0 -","robots":{"index":"index","follow":"follow","max-snippet":"max-snippet:-1","max-image-preview":"max-image-preview:large","max-video-preview":"max-video-preview:-1"},"canonical":"https:\/\/quehacerpolitico.mx\/?p=91388","og_locale":"es_MX","og_type":"article","og_title":"Revocaci\u00f3n de mandato: AMLO defiende a Ad\u00e1n Augusto L\u00f3pez y niega que violara la veda electoral\u00a0 -","og_description":"Por Redacci\u00f3n QP &#8220;(Ad\u00e1n Augusto) est\u00e1 visitando los estados para cumplir con su responsabilidad, no...","og_url":"https:\/\/quehacerpolitico.mx\/?p=91388","article_published_time":"2022-04-04T15:09:58+00:00","article_modified_time":"2022-04-04T15:10:01+00:00","og_image":[{"width":945,"height":710,"url":"https:\/\/quehacerpolitico.mx\/wp-content\/uploads\/2022\/04\/F2D6C82C-AAAC-4C83-95B0-27EBE34317E5.jpeg","type":"image\/jpeg"}],"author":"Redacci\u00f3n QP","twitter_card":"summary_large_image","twitter_misc":{"Escrito por":"Redacci\u00f3n QP","Tiempo de lectura":"2 minutos"},"schema":{"@context":"https:\/\/schema.org","@graph":[{"@type":"Article","@id":"https:\/\/quehacerpolitico.mx\/?p=91388#article","isPartOf":{"@id":"https:\/\/quehacerpolitico.mx\/?p=91388"},"author":{"name":"Redacci\u00f3n QP","@id":"https:\/\/quehacerpolitico.mx\/#\/schema\/person\/496d8ad2d1d3f8036101dca7ee39e585"},"headline":"Revocaci\u00f3n de mandato: AMLO defiende a Ad\u00e1n Augusto L\u00f3pez y niega que violara la veda electoral\u00a0","datePublished":"2022-04-04T15:09:58+00:00","dateModified":"2022-04-04T15:10:01+00:00","mainEntityOfPage":{"@id":"https:\/\/quehacerpolitico.mx\/?p=91388"},"wordCount":476,"commentCount":0,"image":{"@id":"https:\/\/quehacerpolitico.mx\/?p=91388#primaryimage"},"thumbnailUrl":"https:\/\/quehacerpolitico.mx\/wp-content\/uploads\/2022\/04\/F2D6C82C-AAAC-4C83-95B0-27EBE34317E5.jpeg","articleSection":["Noticias"],"inLanguage":"es","potentialAction":[{"@type":"CommentAction","name":"Comment","target":["https:\/\/quehacerpolitico.mx\/?p=91388#respond"]}]},{"@type":"WebPage","@id":"https:\/\/quehacerpolitico.mx\/?p=91388","url":"https:\/\/quehacerpolitico.mx\/?p=91388","name":"Revocaci\u00f3n de mandato: AMLO defiende a Ad\u00e1n Augusto L\u00f3pez y niega que violara la veda electoral\u00a0 -","isPartOf":{"@id":"https:\/\/quehacerpolitico.mx\/#website"},"primaryImageOfPage":{"@id":"https:\/\/quehacerpolitico.mx\/?p=91388#primaryimage"},"image":{"@id":"https:\/\/quehacerpolitico.mx\/?p=91388#primaryimage"},"thumbnailUrl":"https:\/\/quehacerpolitico.mx\/wp-content\/uploads\/2022\/04\/F2D6C82C-AAAC-4C83-95B0-27EBE34317E5.jpeg","datePublished":"2022-04-04T15:09:58+00:00","dateModified":"2022-04-04T15:10:01+00:00","author":{"@id":"https:\/\/quehacerpolitico.mx\/#\/schema\/person\/496d8ad2d1d3f8036101dca7ee39e585"},"breadcrumb":{"@id":"https:\/\/quehacerpolitico.mx\/?p=91388#breadcrumb"},"inLanguage":"es","potentialAction":[{"@type":"ReadAction","target":["https:\/\/quehacerpolitico.mx\/?p=91388"]}]},{"@type":"ImageObject","inLanguage":"es","@id":"https:\/\/quehacerpolitico.mx\/?p=91388#primaryimage","url":"https:\/\/quehacerpolitico.mx\/wp-content\/uploads\/2022\/04\/F2D6C82C-AAAC-4C83-95B0-27EBE34317E5.jpeg","contentUrl":"https:\/\/quehacerpolitico.mx\/wp-content\/uploads\/2022\/04\/F2D6C82C-AAAC-4C83-95B0-27EBE34317E5.jpeg","width":945,"height":710},{"@type":"BreadcrumbList","@id":"https:\/\/quehacerpolitico.mx\/?p=91388#breadcrumb","itemListElement":[{"@type":"ListItem","position":1,"name":"Inicio","item":"https:\/\/quehacerpolitico.mx\/"},{"@type":"ListItem","position":2,"name":"Revocaci\u00f3n de mandato: AMLO defiende a Ad\u00e1n Augusto L\u00f3pez y niega que violara la veda electoral\u00a0"}]},{"@type":"WebSite","@id":"https:\/\/quehacerpolitico.mx\/#website","url":"https:\/\/quehacerpolitico.mx\/","name":"","description":"","potentialAction":[{"@type":"SearchAction","target":{"@type":"EntryPoint","urlTemplate":"https:\/\/quehacerpolitico.mx\/?s={search_term_string}"},"query-input":{"@type":"PropertyValueSpecification","valueRequired":true,"valueName":"search_term_string"}}],"inLanguage":"es"},{"@type":"Person","@id":"https:\/\/quehacerpolitico.mx\/#\/schema\/person\/496d8ad2d1d3f8036101dca7ee39e585","name":"Redacci\u00f3n QP","image":{"@type":"ImageObject","inLanguage":"es","@id":"https:\/\/secure.gravatar.com\/avatar\/c7164ed6fdec453195284ad24a5ae5b6e1eed2b848477fa2a4787ba9adf39a41?s=96&d=mm&r=g","url":"https:\/\/secure.gravatar.com\/avatar\/c7164ed6fdec453195284ad24a5ae5b6e1eed2b848477fa2a4787ba9adf39a41?s=96&d=mm&r=g","contentUrl":"https:\/\/secure.gravatar.com\/avatar\/c7164ed6fdec453195284ad24a5ae5b6e1eed2b848477fa2a4787ba9adf39a41?s=96&d=mm&r=g","caption":"Redacci\u00f3n QP"},"url":"https:\/\/quehacerpolitico.mx\/?author=2"}]}},"featured_image_urls":{"full":["https:\/\/quehacerpolitico.mx\/wp-content\/uploads\/2022\/04\/F2D6C82C-AAAC-4C83-95B0-27EBE34317E5.jpeg",945,710,false],"thumbnail":["https:\/\/quehacerpolitico.mx\/wp-content\/uploads\/2022\/04\/F2D6C82C-AAAC-4C83-95B0-27EBE34317E5-150x150.jpeg",150,150,true],"medium":["https:\/\/quehacerpolitico.mx\/wp-content\/uploads\/2022\/04\/F2D6C82C-AAAC-4C83-95B0-27EBE34317E5-300x225.jpeg",300,225,true],"medium_large":["https:\/\/quehacerpolitico.mx\/wp-content\/uploads\/2022\/04\/F2D6C82C-AAAC-4C83-95B0-27EBE34317E5-768x577.jpeg",640,481,true],"large":["https:\/\/quehacerpolitico.mx\/wp-content\/uploads\/2022\/04\/F2D6C82C-AAAC-4C83-95B0-27EBE34317E5.jpeg",640,481,false],"1536x1536":["https:\/\/quehacerpolitico.mx\/wp-content\/uploads\/2022\/04\/F2D6C82C-AAAC-4C83-95B0-27EBE34317E5.jpeg",945,710,false],"2048x2048":["https:\/\/quehacerpolitico.mx\/wp-content\/uploads\/2022\/04\/F2D6C82C-AAAC-4C83-95B0-27EBE34317E5.jpeg",945,710,false],"covernews-featured":["https:\/\/quehacerpolitico.mx\/wp-content\/uploads\/2022\/04\/F2D6C82C-AAAC-4C83-95B0-27EBE34317E5.jpeg",945,710,false],"covernews-medium":["https:\/\/quehacerpolitico.mx\/wp-content\/uploads\/2022\/04\/F2D6C82C-AAAC-4C83-95B0-27EBE34317E5.jpeg",453,340,false]},"author_info":{"display_name":"Redacci\u00f3n QP","author_link":"https:\/\/quehacerpolitico.mx\/?author=2"},"category_info":"<a href=\"https:\/\/quehacerpolitico.mx\/?cat=2\" rel=\"category\">Noticias<\/a>","tag_info":"Noticias","comment_count":"0","_links":{"self":[{"href":"https:\/\/quehacerpolitico.mx\/index.php?rest_route=\/wp\/v2\/posts\/91388","targetHints":{"allow":["GET"]}}],"collection":[{"href":"https:\/\/quehacerpolitico.mx\/index.php?rest_route=\/wp\/v2\/posts"}],"about":[{"href":"https:\/\/quehacerpolitico.mx\/index.php?rest_route=\/wp\/v2\/types\/post"}],"author":[{"embeddable":true,"href":"https:\/\/quehacerpolitico.mx\/index.php?rest_route=\/wp\/v2\/users\/2"}],"replies":[{"embeddable":true,"href":"https:\/\/quehacerpolitico.mx\/index.php?rest_route=%2Fwp%2Fv2%2Fcomments&post=91388"}],"version-history":[{"count":1,"href":"https:\/\/quehacerpolitico.mx\/index.php?rest_route=\/wp\/v2\/posts\/91388\/revisions"}],"predecessor-version":[{"id":91390,"href":"https:\/\/quehacerpolitico.mx\/index.php?rest_route=\/wp\/v2\/posts\/91388\/revisions\/91390"}],"wp:featuredmedia":[{"embeddable":true,"href":"https:\/\/quehacerpolitico.mx\/index.php?rest_route=\/wp\/v2\/media\/91389"}],"wp:attachment":[{"href":"https:\/\/quehacerpolitico.mx\/index.php?rest_route=%2Fwp%2Fv2%2Fmedia&parent=91388"}],"wp:term":[{"taxonomy":"category","embeddable":true,"href":"https:\/\/quehacerpolitico.mx\/index.php?rest_route=%2Fwp%2Fv2%2Fcategories&post=91388"},{"taxonomy":"post_tag","embeddable":true,"href":"https:\/\/quehacerpolitico.mx\/index.php?rest_route=%2Fwp%2Fv2%2Ftags&post=91388"}],"curies":[{"name":"wp","href":"https:\/\/api.w.org\/{rel}","templated":true}]}}