{"id":91343,"date":"2022-04-01T17:28:44","date_gmt":"2022-04-01T17:28:44","guid":{"rendered":"https:\/\/quehacerpolitico.mx\/?p=91343"},"modified":"2022-04-01T17:28:48","modified_gmt":"2022-04-01T17:28:48","slug":"el-super-equipo-de-morena","status":"publish","type":"post","link":"https:\/\/quehacerpolitico.mx\/?p=91343","title":{"rendered":"EL SUPER EQUIPO DE MORENA\u00a0"},"content":{"rendered":"\n<p>Por Fortunato Pi\u00f1a<\/p>\n\n\n\n<p>Empecemos la nota con el partido pol\u00edtico en boga (MORENA), Quien y ahora a que se est\u00e1 dedicando, acaso ser\u00e1n los que est\u00e1n pintarrajeando las bardas, con sus textos diciendo que L\u00f3pez Obrador es el \u00fanico que siga\u2026que siga porque ha gobernado correctamente, si buscamos quien es el l\u00edder y que esta realizando y preparando su equipo y el por todos es conocido que nuestro flamante presidente ni&nbsp;\u00e9l&nbsp;se la cree, divulgando a toda garganta&nbsp;que es el mejor y ha sido el \u00fanico gobernando as\u00ed, usted cree que bien y si nos remontamos a las acciones no a las palabras, como dijera el dicho de lengua me como un taco, y as\u00ed ha sido ha preferido hablar y hablar que demostrar con hechos lo que no ha podido lograr con nuestro M\u00e9xico de oro. Concepto de liderazgo;<\/p>\n\n\n\n<p><strong><em>\u201cEl liderazgo ha tenido m\u00faltiples formas de manifestarse.&nbsp;Es uno de los atributos b\u00e1sicos de la pol\u00edtica y objeto de estudio de la Ciencia Pol\u00edtica.&nbsp;<\/em><\/strong><a><\/a><a href=\"https:\/\/www.sciencedirect.com\/science\/article\/pii\/S0185161617300276%20\/l%20fn0005\"><strong><em><sup>1<\/sup><\/em><\/strong><\/a><strong><em>&nbsp;El liderazgo de la clase pol\u00edtica es indispensable para el buen funcionamiento de todo sistema pol\u00edtico.&nbsp;El l\u00edder es gu\u00eda y conductor de una comunidad y tiene un rol social importante\u201d<\/em><\/strong><\/p>\n\n\n\n<p>Arropado por toda la gente que lo ve como un dios sigue y que sin pensar ejecutan lo que el Sr. L\u00f3pez Obrador diga o relegue actos y escritos que divaguen o esparzan que la gente se d\u00e9 cuenta de que es mejor y con tristeza observamos que se ha dedicado a aplastar a los que lo&nbsp;odiaban, a&nbsp;encarcelar&nbsp;a sus contrarios en lugar de sumar para el pa\u00eds, se\u00f1ores aqu\u00ed no hay venganza, no hay revanchismos, aqu\u00ed hay que gobernar&nbsp;no se trata de llegar a la presidencia y ahora si ag\u00e1rrense porque va mi revancha, si somos un poco atentos cuantas veces se la paso buscando la presidencia sin \u00e9xito, y ahora que lo dejan gobernar es puro revanchismo y \u00bfnuestro pa\u00eds qu\u00e9?<\/p>\n\n\n\n<p><strong><em>\u201cHan existido distintos tipos de liderazgo como son el religioso, empresarial, militar, social, acad\u00e9mico y pol\u00edtico, entre otros.&nbsp;Al sustantivo liderazgo se le han agregado diversos adjetivos delimitativos como: heroico, innovador, transformador, transaccional, individual, colectivo, coercitivo, consensual, reactivo, gerencial, de opini\u00f3n, burocr\u00e1tico y religioso, entre otros.\u201d<\/em><\/strong><\/p>\n\n\n\n<p>\u00bfQu\u00e9 papel juega aqu\u00ed nuestro presidente?, ya se le olvidaron todas las promesas de campa\u00f1a, si no me cree, oiga el audio en donde expresa lo que har\u00e1 cuando tomo posesi\u00f3n como presidente o solo fue para apantallar.<\/p>\n","protected":false},"excerpt":{"rendered":"<p>Por Fortunato Pi\u00f1a Empecemos la nota con el partido pol\u00edtico en boga (MORENA), Quien y&#8230;<\/p>\n","protected":false},"author":2,"featured_media":91344,"comment_status":"open","ping_status":"open","sticky":false,"template":"","format":"standard","meta":{"_monsterinsights_skip_tracking":false,"_monsterinsights_sitenote_active":false,"_monsterinsights_sitenote_note":"","_monsterinsights_sitenote_category":0,"footnotes":""},"categories":[2],"tags":[],"class_list":["post-91343","post","type-post","status-publish","format-standard","has-post-thumbnail","hentry","category-noticias"],"yoast_head":"<!-- This site is optimized with the Yoast SEO plugin v27.3 - https:\/\/yoast.com\/product\/yoast-seo-wordpress\/ -->\n<title>EL SUPER EQUIPO DE MORENA\u00a0 -<\/title>\n<meta name=\"robots\" content=\"index, follow, max-snippet:-1, max-image-preview:large, max-video-preview:-1\" \/>\n<link rel=\"canonical\" href=\"https:\/\/quehacerpolitico.mx\/?p=91343\" \/>\n<meta property=\"og:locale\" content=\"es_MX\" \/>\n<meta property=\"og:type\" content=\"article\" \/>\n<meta property=\"og:title\" content=\"EL SUPER EQUIPO DE MORENA\u00a0 -\" \/>\n<meta property=\"og:description\" content=\"Por Fortunato Pi\u00f1a Empecemos la nota con el partido pol\u00edtico en boga (MORENA), Quien y...\" \/>\n<meta property=\"og:url\" content=\"https:\/\/quehacerpolitico.mx\/?p=91343\" \/>\n<meta property=\"article:published_time\" content=\"2022-04-01T17:28:44+00:00\" \/>\n<meta property=\"article:modified_time\" content=\"2022-04-01T17:28:48+00:00\" \/>\n<meta property=\"og:image\" content=\"https:\/\/quehacerpolitico.mx\/wp-content\/uploads\/2022\/04\/161E2538-282B-409F-B6A8-88B800414077.jpeg\" \/>\n\t<meta property=\"og:image:width\" content=\"678\" \/>\n\t<meta property=\"og:image:height\" content=\"452\" \/>\n\t<meta property=\"og:image:type\" content=\"image\/jpeg\" \/>\n<meta name=\"author\" content=\"Redacci\u00f3n QP\" \/>\n<meta name=\"twitter:card\" content=\"summary_large_image\" \/>\n<meta name=\"twitter:label1\" content=\"Escrito por\" \/>\n\t<meta name=\"twitter:data1\" content=\"Redacci\u00f3n QP\" \/>\n\t<meta name=\"twitter:label2\" content=\"Tiempo de lectura\" \/>\n\t<meta name=\"twitter:data2\" content=\"2 minutos\" \/>\n<script type=\"application\/ld+json\" class=\"yoast-schema-graph\">{\"@context\":\"https:\\\/\\\/schema.org\",\"@graph\":[{\"@type\":\"Article\",\"@id\":\"https:\\\/\\\/quehacerpolitico.mx\\\/?p=91343#article\",\"isPartOf\":{\"@id\":\"https:\\\/\\\/quehacerpolitico.mx\\\/?p=91343\"},\"author\":{\"name\":\"Redacci\u00f3n QP\",\"@id\":\"https:\\\/\\\/quehacerpolitico.mx\\\/#\\\/schema\\\/person\\\/496d8ad2d1d3f8036101dca7ee39e585\"},\"headline\":\"EL SUPER EQUIPO DE MORENA\u00a0\",\"datePublished\":\"2022-04-01T17:28:44+00:00\",\"dateModified\":\"2022-04-01T17:28:48+00:00\",\"mainEntityOfPage\":{\"@id\":\"https:\\\/\\\/quehacerpolitico.mx\\\/?p=91343\"},\"wordCount\":452,\"commentCount\":0,\"image\":{\"@id\":\"https:\\\/\\\/quehacerpolitico.mx\\\/?p=91343#primaryimage\"},\"thumbnailUrl\":\"https:\\\/\\\/quehacerpolitico.mx\\\/wp-content\\\/uploads\\\/2022\\\/04\\\/161E2538-282B-409F-B6A8-88B800414077.jpeg\",\"articleSection\":[\"Noticias\"],\"inLanguage\":\"es\",\"potentialAction\":[{\"@type\":\"CommentAction\",\"name\":\"Comment\",\"target\":[\"https:\\\/\\\/quehacerpolitico.mx\\\/?p=91343#respond\"]}]},{\"@type\":\"WebPage\",\"@id\":\"https:\\\/\\\/quehacerpolitico.mx\\\/?p=91343\",\"url\":\"https:\\\/\\\/quehacerpolitico.mx\\\/?p=91343\",\"name\":\"EL SUPER EQUIPO DE MORENA\u00a0 -\",\"isPartOf\":{\"@id\":\"https:\\\/\\\/quehacerpolitico.mx\\\/#website\"},\"primaryImageOfPage\":{\"@id\":\"https:\\\/\\\/quehacerpolitico.mx\\\/?p=91343#primaryimage\"},\"image\":{\"@id\":\"https:\\\/\\\/quehacerpolitico.mx\\\/?p=91343#primaryimage\"},\"thumbnailUrl\":\"https:\\\/\\\/quehacerpolitico.mx\\\/wp-content\\\/uploads\\\/2022\\\/04\\\/161E2538-282B-409F-B6A8-88B800414077.jpeg\",\"datePublished\":\"2022-04-01T17:28:44+00:00\",\"dateModified\":\"2022-04-01T17:28:48+00:00\",\"author\":{\"@id\":\"https:\\\/\\\/quehacerpolitico.mx\\\/#\\\/schema\\\/person\\\/496d8ad2d1d3f8036101dca7ee39e585\"},\"breadcrumb\":{\"@id\":\"https:\\\/\\\/quehacerpolitico.mx\\\/?p=91343#breadcrumb\"},\"inLanguage\":\"es\",\"potentialAction\":[{\"@type\":\"ReadAction\",\"target\":[\"https:\\\/\\\/quehacerpolitico.mx\\\/?p=91343\"]}]},{\"@type\":\"ImageObject\",\"inLanguage\":\"es\",\"@id\":\"https:\\\/\\\/quehacerpolitico.mx\\\/?p=91343#primaryimage\",\"url\":\"https:\\\/\\\/quehacerpolitico.mx\\\/wp-content\\\/uploads\\\/2022\\\/04\\\/161E2538-282B-409F-B6A8-88B800414077.jpeg\",\"contentUrl\":\"https:\\\/\\\/quehacerpolitico.mx\\\/wp-content\\\/uploads\\\/2022\\\/04\\\/161E2538-282B-409F-B6A8-88B800414077.jpeg\",\"width\":678,\"height\":452},{\"@type\":\"BreadcrumbList\",\"@id\":\"https:\\\/\\\/quehacerpolitico.mx\\\/?p=91343#breadcrumb\",\"itemListElement\":[{\"@type\":\"ListItem\",\"position\":1,\"name\":\"Inicio\",\"item\":\"https:\\\/\\\/quehacerpolitico.mx\\\/\"},{\"@type\":\"ListItem\",\"position\":2,\"name\":\"EL SUPER EQUIPO DE MORENA\u00a0\"}]},{\"@type\":\"WebSite\",\"@id\":\"https:\\\/\\\/quehacerpolitico.mx\\\/#website\",\"url\":\"https:\\\/\\\/quehacerpolitico.mx\\\/\",\"name\":\"\",\"description\":\"\",\"potentialAction\":[{\"@type\":\"SearchAction\",\"target\":{\"@type\":\"EntryPoint\",\"urlTemplate\":\"https:\\\/\\\/quehacerpolitico.mx\\\/?s={search_term_string}\"},\"query-input\":{\"@type\":\"PropertyValueSpecification\",\"valueRequired\":true,\"valueName\":\"search_term_string\"}}],\"inLanguage\":\"es\"},{\"@type\":\"Person\",\"@id\":\"https:\\\/\\\/quehacerpolitico.mx\\\/#\\\/schema\\\/person\\\/496d8ad2d1d3f8036101dca7ee39e585\",\"name\":\"Redacci\u00f3n QP\",\"image\":{\"@type\":\"ImageObject\",\"inLanguage\":\"es\",\"@id\":\"https:\\\/\\\/secure.gravatar.com\\\/avatar\\\/c7164ed6fdec453195284ad24a5ae5b6e1eed2b848477fa2a4787ba9adf39a41?s=96&d=mm&r=g\",\"url\":\"https:\\\/\\\/secure.gravatar.com\\\/avatar\\\/c7164ed6fdec453195284ad24a5ae5b6e1eed2b848477fa2a4787ba9adf39a41?s=96&d=mm&r=g\",\"contentUrl\":\"https:\\\/\\\/secure.gravatar.com\\\/avatar\\\/c7164ed6fdec453195284ad24a5ae5b6e1eed2b848477fa2a4787ba9adf39a41?s=96&d=mm&r=g\",\"caption\":\"Redacci\u00f3n QP\"},\"url\":\"https:\\\/\\\/quehacerpolitico.mx\\\/?author=2\"}]}<\/script>\n<!-- \/ Yoast SEO plugin. -->","yoast_head_json":{"title":"EL SUPER EQUIPO DE MORENA\u00a0 -","robots":{"index":"index","follow":"follow","max-snippet":"max-snippet:-1","max-image-preview":"max-image-preview:large","max-video-preview":"max-video-preview:-1"},"canonical":"https:\/\/quehacerpolitico.mx\/?p=91343","og_locale":"es_MX","og_type":"article","og_title":"EL SUPER EQUIPO DE MORENA\u00a0 -","og_description":"Por Fortunato Pi\u00f1a Empecemos la nota con el partido pol\u00edtico en boga (MORENA), Quien y...","og_url":"https:\/\/quehacerpolitico.mx\/?p=91343","article_published_time":"2022-04-01T17:28:44+00:00","article_modified_time":"2022-04-01T17:28:48+00:00","og_image":[{"width":678,"height":452,"url":"https:\/\/quehacerpolitico.mx\/wp-content\/uploads\/2022\/04\/161E2538-282B-409F-B6A8-88B800414077.jpeg","type":"image\/jpeg"}],"author":"Redacci\u00f3n QP","twitter_card":"summary_large_image","twitter_misc":{"Escrito por":"Redacci\u00f3n QP","Tiempo de lectura":"2 minutos"},"schema":{"@context":"https:\/\/schema.org","@graph":[{"@type":"Article","@id":"https:\/\/quehacerpolitico.mx\/?p=91343#article","isPartOf":{"@id":"https:\/\/quehacerpolitico.mx\/?p=91343"},"author":{"name":"Redacci\u00f3n QP","@id":"https:\/\/quehacerpolitico.mx\/#\/schema\/person\/496d8ad2d1d3f8036101dca7ee39e585"},"headline":"EL SUPER EQUIPO DE MORENA\u00a0","datePublished":"2022-04-01T17:28:44+00:00","dateModified":"2022-04-01T17:28:48+00:00","mainEntityOfPage":{"@id":"https:\/\/quehacerpolitico.mx\/?p=91343"},"wordCount":452,"commentCount":0,"image":{"@id":"https:\/\/quehacerpolitico.mx\/?p=91343#primaryimage"},"thumbnailUrl":"https:\/\/quehacerpolitico.mx\/wp-content\/uploads\/2022\/04\/161E2538-282B-409F-B6A8-88B800414077.jpeg","articleSection":["Noticias"],"inLanguage":"es","potentialAction":[{"@type":"CommentAction","name":"Comment","target":["https:\/\/quehacerpolitico.mx\/?p=91343#respond"]}]},{"@type":"WebPage","@id":"https:\/\/quehacerpolitico.mx\/?p=91343","url":"https:\/\/quehacerpolitico.mx\/?p=91343","name":"EL SUPER EQUIPO DE MORENA\u00a0 -","isPartOf":{"@id":"https:\/\/quehacerpolitico.mx\/#website"},"primaryImageOfPage":{"@id":"https:\/\/quehacerpolitico.mx\/?p=91343#primaryimage"},"image":{"@id":"https:\/\/quehacerpolitico.mx\/?p=91343#primaryimage"},"thumbnailUrl":"https:\/\/quehacerpolitico.mx\/wp-content\/uploads\/2022\/04\/161E2538-282B-409F-B6A8-88B800414077.jpeg","datePublished":"2022-04-01T17:28:44+00:00","dateModified":"2022-04-01T17:28:48+00:00","author":{"@id":"https:\/\/quehacerpolitico.mx\/#\/schema\/person\/496d8ad2d1d3f8036101dca7ee39e585"},"breadcrumb":{"@id":"https:\/\/quehacerpolitico.mx\/?p=91343#breadcrumb"},"inLanguage":"es","potentialAction":[{"@type":"ReadAction","target":["https:\/\/quehacerpolitico.mx\/?p=91343"]}]},{"@type":"ImageObject","inLanguage":"es","@id":"https:\/\/quehacerpolitico.mx\/?p=91343#primaryimage","url":"https:\/\/quehacerpolitico.mx\/wp-content\/uploads\/2022\/04\/161E2538-282B-409F-B6A8-88B800414077.jpeg","contentUrl":"https:\/\/quehacerpolitico.mx\/wp-content\/uploads\/2022\/04\/161E2538-282B-409F-B6A8-88B800414077.jpeg","width":678,"height":452},{"@type":"BreadcrumbList","@id":"https:\/\/quehacerpolitico.mx\/?p=91343#breadcrumb","itemListElement":[{"@type":"ListItem","position":1,"name":"Inicio","item":"https:\/\/quehacerpolitico.mx\/"},{"@type":"ListItem","position":2,"name":"EL SUPER EQUIPO DE MORENA\u00a0"}]},{"@type":"WebSite","@id":"https:\/\/quehacerpolitico.mx\/#website","url":"https:\/\/quehacerpolitico.mx\/","name":"","description":"","potentialAction":[{"@type":"SearchAction","target":{"@type":"EntryPoint","urlTemplate":"https:\/\/quehacerpolitico.mx\/?s={search_term_string}"},"query-input":{"@type":"PropertyValueSpecification","valueRequired":true,"valueName":"search_term_string"}}],"inLanguage":"es"},{"@type":"Person","@id":"https:\/\/quehacerpolitico.mx\/#\/schema\/person\/496d8ad2d1d3f8036101dca7ee39e585","name":"Redacci\u00f3n QP","image":{"@type":"ImageObject","inLanguage":"es","@id":"https:\/\/secure.gravatar.com\/avatar\/c7164ed6fdec453195284ad24a5ae5b6e1eed2b848477fa2a4787ba9adf39a41?s=96&d=mm&r=g","url":"https:\/\/secure.gravatar.com\/avatar\/c7164ed6fdec453195284ad24a5ae5b6e1eed2b848477fa2a4787ba9adf39a41?s=96&d=mm&r=g","contentUrl":"https:\/\/secure.gravatar.com\/avatar\/c7164ed6fdec453195284ad24a5ae5b6e1eed2b848477fa2a4787ba9adf39a41?s=96&d=mm&r=g","caption":"Redacci\u00f3n QP"},"url":"https:\/\/quehacerpolitico.mx\/?author=2"}]}},"featured_image_urls":{"full":["https:\/\/quehacerpolitico.mx\/wp-content\/uploads\/2022\/04\/161E2538-282B-409F-B6A8-88B800414077.jpeg",678,452,false],"thumbnail":["https:\/\/quehacerpolitico.mx\/wp-content\/uploads\/2022\/04\/161E2538-282B-409F-B6A8-88B800414077-150x150.jpeg",150,150,true],"medium":["https:\/\/quehacerpolitico.mx\/wp-content\/uploads\/2022\/04\/161E2538-282B-409F-B6A8-88B800414077-300x200.jpeg",300,200,true],"medium_large":["https:\/\/quehacerpolitico.mx\/wp-content\/uploads\/2022\/04\/161E2538-282B-409F-B6A8-88B800414077.jpeg",640,427,false],"large":["https:\/\/quehacerpolitico.mx\/wp-content\/uploads\/2022\/04\/161E2538-282B-409F-B6A8-88B800414077.jpeg",640,427,false],"1536x1536":["https:\/\/quehacerpolitico.mx\/wp-content\/uploads\/2022\/04\/161E2538-282B-409F-B6A8-88B800414077.jpeg",678,452,false],"2048x2048":["https:\/\/quehacerpolitico.mx\/wp-content\/uploads\/2022\/04\/161E2538-282B-409F-B6A8-88B800414077.jpeg",678,452,false],"covernews-featured":["https:\/\/quehacerpolitico.mx\/wp-content\/uploads\/2022\/04\/161E2538-282B-409F-B6A8-88B800414077.jpeg",678,452,false],"covernews-medium":["https:\/\/quehacerpolitico.mx\/wp-content\/uploads\/2022\/04\/161E2538-282B-409F-B6A8-88B800414077.jpeg",510,340,false]},"author_info":{"display_name":"Redacci\u00f3n QP","author_link":"https:\/\/quehacerpolitico.mx\/?author=2"},"category_info":"<a href=\"https:\/\/quehacerpolitico.mx\/?cat=2\" rel=\"category\">Noticias<\/a>","tag_info":"Noticias","comment_count":"0","_links":{"self":[{"href":"https:\/\/quehacerpolitico.mx\/index.php?rest_route=\/wp\/v2\/posts\/91343","targetHints":{"allow":["GET"]}}],"collection":[{"href":"https:\/\/quehacerpolitico.mx\/index.php?rest_route=\/wp\/v2\/posts"}],"about":[{"href":"https:\/\/quehacerpolitico.mx\/index.php?rest_route=\/wp\/v2\/types\/post"}],"author":[{"embeddable":true,"href":"https:\/\/quehacerpolitico.mx\/index.php?rest_route=\/wp\/v2\/users\/2"}],"replies":[{"embeddable":true,"href":"https:\/\/quehacerpolitico.mx\/index.php?rest_route=%2Fwp%2Fv2%2Fcomments&post=91343"}],"version-history":[{"count":1,"href":"https:\/\/quehacerpolitico.mx\/index.php?rest_route=\/wp\/v2\/posts\/91343\/revisions"}],"predecessor-version":[{"id":91345,"href":"https:\/\/quehacerpolitico.mx\/index.php?rest_route=\/wp\/v2\/posts\/91343\/revisions\/91345"}],"wp:featuredmedia":[{"embeddable":true,"href":"https:\/\/quehacerpolitico.mx\/index.php?rest_route=\/wp\/v2\/media\/91344"}],"wp:attachment":[{"href":"https:\/\/quehacerpolitico.mx\/index.php?rest_route=%2Fwp%2Fv2%2Fmedia&parent=91343"}],"wp:term":[{"taxonomy":"category","embeddable":true,"href":"https:\/\/quehacerpolitico.mx\/index.php?rest_route=%2Fwp%2Fv2%2Fcategories&post=91343"},{"taxonomy":"post_tag","embeddable":true,"href":"https:\/\/quehacerpolitico.mx\/index.php?rest_route=%2Fwp%2Fv2%2Ftags&post=91343"}],"curies":[{"name":"wp","href":"https:\/\/api.w.org\/{rel}","templated":true}]}}