{"id":91340,"date":"2022-04-01T17:21:26","date_gmt":"2022-04-01T17:21:26","guid":{"rendered":"https:\/\/quehacerpolitico.mx\/?p=91340"},"modified":"2022-04-01T17:21:29","modified_gmt":"2022-04-01T17:21:29","slug":"amlo-afirma-que-crear-un-centro-para-buscar-desaparecidos-ayudara-mucho","status":"publish","type":"post","link":"https:\/\/quehacerpolitico.mx\/?p=91340","title":{"rendered":"AMLO afirma que crear un centro para buscar desaparecidos &#8220;ayudar\u00e1 mucho&#8221;\u00a0"},"content":{"rendered":"\n<p>Por Redacci\u00f3n QP<\/p>\n\n\n\n<p>&#8220;Se envi\u00f3 esa iniciativa al Congreso para crear estos centros de identificaci\u00f3n de personas desaparecidas con toda la tecnolog\u00eda, con todo el avance cient\u00edfico&#8221;, destac\u00f3 L\u00f3pez Obrador<\/p>\n\n\n\n<p>El Presidente de M\u00e9xico, Andr\u00e9s Manuel L\u00f3pez Obrador (AMLO) asegur\u00f3 este viernes que la iniciativa que remiti\u00f3 a la C\u00e1mara de Diputados para la creaci\u00f3n de un Centro Nacional de Identificaci\u00f3n Humana &#8220;va a ayudar mucho&#8221; en la b\u00fasqueda de desaparecidos.<\/p>\n\n\n\n<p>&#8220;<strong>Se envi\u00f3 esa iniciativa al Congreso para crear estos centros de identificaci\u00f3n de personas desaparecidas con toda la tecnolog\u00eda, con todo el avance cient\u00edfico<\/strong>. Es algo que va a ayudar mucho en la b\u00fasqueda de desaparecidos&#8221;, dijo AMLO en la &#8220;ma\u00f1anera&#8221; de hoy desde el Palacio Nacional.<\/p>\n\n\n\n<p>Agreg\u00f3 que esta iniciativa fue preparada por la Subsecretar\u00eda de Derechos Humanos, Poblaci\u00f3n y Migraci\u00f3n y por la Comisi\u00f3n Nacional de B\u00fasqueda, que trabajan &#8220;todos los d\u00edas&#8221; en el tema.<\/p>\n\n\n\n<p>El Gobierno federal anunci\u00f3 este jueves que AMLO remiti\u00f3 a la C\u00e1mara de Diputados la iniciativa para crear el Centro Nacional de Identificaci\u00f3n Humana.<\/p>\n\n\n\n<p>&#8220;Es compromiso y prioridad del Gobierno de M\u00e9xico la b\u00fasqueda e identificaci\u00f3n de las personas desaparecidas&#8221;, indic\u00f3.<\/p>\n\n\n\n<p><strong>El Centro Nacional de Identificaci\u00f3n Humana tiene como finalidad &#8220;avanzar hacia un modelo que permita brindar una b\u00fasqueda efectiva<\/strong>, certera y, en su caso, un trato digno de los cuerpos sin identificar&#8221;.<\/p>\n\n\n\n<p>Jos\u00e9 Miguel Vivanco, experto en derechos humanos y exdirector ejecutivo de la ONG Human Rights Watch (HRW) para las Am\u00e9ricas, dijo: &#8220;Aunque ha tardado mucho, hay que reconocer esta valiosa iniciativa del Gobierno de L\u00f3pez Obrador. Si recibe el apoyo del Congreso y el financiamiento adecuado, servir\u00e1 para apoyar a los familiares de los miles de desaparecidos&#8221;.<\/p>\n\n\n\n<p><strong>M\u00e9xico se acerca a las 100 mil personas desaparecidas y no localizadas<\/strong>\u00a0registradas oficialmente en medio del gran esfuerzo de las autoridades para frenar esta tragedia y casos tristemente insignes, como el de los 43 estudiantes de Ayotzinapa en 2014, todav\u00eda por resolver.<\/p>\n\n\n\n<p>Con informaci\u00f3n de SUN<\/p>\n","protected":false},"excerpt":{"rendered":"<p>Por Redacci\u00f3n QP &#8220;Se envi\u00f3 esa iniciativa al Congreso para crear estos centros de identificaci\u00f3n&#8230;<\/p>\n","protected":false},"author":2,"featured_media":91341,"comment_status":"open","ping_status":"open","sticky":false,"template":"","format":"standard","meta":{"_monsterinsights_skip_tracking":false,"_monsterinsights_sitenote_active":false,"_monsterinsights_sitenote_note":"","_monsterinsights_sitenote_category":0,"footnotes":""},"categories":[2],"tags":[],"class_list":["post-91340","post","type-post","status-publish","format-standard","has-post-thumbnail","hentry","category-noticias"],"yoast_head":"<!-- This site is optimized with the Yoast SEO plugin v27.3 - https:\/\/yoast.com\/product\/yoast-seo-wordpress\/ -->\n<title>AMLO afirma que crear un centro para buscar desaparecidos &quot;ayudar\u00e1 mucho&quot;\u00a0 -<\/title>\n<meta name=\"robots\" content=\"index, follow, max-snippet:-1, max-image-preview:large, max-video-preview:-1\" \/>\n<link rel=\"canonical\" href=\"https:\/\/quehacerpolitico.mx\/?p=91340\" \/>\n<meta property=\"og:locale\" content=\"es_MX\" \/>\n<meta property=\"og:type\" content=\"article\" \/>\n<meta property=\"og:title\" content=\"AMLO afirma que crear un centro para buscar desaparecidos &quot;ayudar\u00e1 mucho&quot;\u00a0 -\" \/>\n<meta property=\"og:description\" content=\"Por Redacci\u00f3n QP &#8220;Se envi\u00f3 esa iniciativa al Congreso para crear estos centros de identificaci\u00f3n...\" \/>\n<meta property=\"og:url\" content=\"https:\/\/quehacerpolitico.mx\/?p=91340\" \/>\n<meta property=\"article:published_time\" content=\"2022-04-01T17:21:26+00:00\" \/>\n<meta property=\"article:modified_time\" content=\"2022-04-01T17:21:29+00:00\" \/>\n<meta property=\"og:image\" content=\"https:\/\/quehacerpolitico.mx\/wp-content\/uploads\/2022\/04\/2930F8CF-9998-4ACA-9587-79023CCFF4F4.jpeg\" \/>\n\t<meta property=\"og:image:width\" content=\"937\" \/>\n\t<meta property=\"og:image:height\" content=\"700\" \/>\n\t<meta property=\"og:image:type\" content=\"image\/jpeg\" \/>\n<meta name=\"author\" content=\"Redacci\u00f3n QP\" \/>\n<meta name=\"twitter:card\" content=\"summary_large_image\" \/>\n<meta name=\"twitter:label1\" content=\"Escrito por\" \/>\n\t<meta name=\"twitter:data1\" content=\"Redacci\u00f3n QP\" \/>\n\t<meta name=\"twitter:label2\" content=\"Tiempo de lectura\" \/>\n\t<meta name=\"twitter:data2\" content=\"2 minutos\" \/>\n<script type=\"application\/ld+json\" class=\"yoast-schema-graph\">{\"@context\":\"https:\\\/\\\/schema.org\",\"@graph\":[{\"@type\":\"Article\",\"@id\":\"https:\\\/\\\/quehacerpolitico.mx\\\/?p=91340#article\",\"isPartOf\":{\"@id\":\"https:\\\/\\\/quehacerpolitico.mx\\\/?p=91340\"},\"author\":{\"name\":\"Redacci\u00f3n QP\",\"@id\":\"https:\\\/\\\/quehacerpolitico.mx\\\/#\\\/schema\\\/person\\\/496d8ad2d1d3f8036101dca7ee39e585\"},\"headline\":\"AMLO afirma que crear un centro para buscar desaparecidos &#8220;ayudar\u00e1 mucho&#8221;\u00a0\",\"datePublished\":\"2022-04-01T17:21:26+00:00\",\"dateModified\":\"2022-04-01T17:21:29+00:00\",\"mainEntityOfPage\":{\"@id\":\"https:\\\/\\\/quehacerpolitico.mx\\\/?p=91340\"},\"wordCount\":368,\"commentCount\":0,\"image\":{\"@id\":\"https:\\\/\\\/quehacerpolitico.mx\\\/?p=91340#primaryimage\"},\"thumbnailUrl\":\"https:\\\/\\\/quehacerpolitico.mx\\\/wp-content\\\/uploads\\\/2022\\\/04\\\/2930F8CF-9998-4ACA-9587-79023CCFF4F4.jpeg\",\"articleSection\":[\"Noticias\"],\"inLanguage\":\"es\",\"potentialAction\":[{\"@type\":\"CommentAction\",\"name\":\"Comment\",\"target\":[\"https:\\\/\\\/quehacerpolitico.mx\\\/?p=91340#respond\"]}]},{\"@type\":\"WebPage\",\"@id\":\"https:\\\/\\\/quehacerpolitico.mx\\\/?p=91340\",\"url\":\"https:\\\/\\\/quehacerpolitico.mx\\\/?p=91340\",\"name\":\"AMLO afirma que crear un centro para buscar desaparecidos \\\"ayudar\u00e1 mucho\\\"\u00a0 -\",\"isPartOf\":{\"@id\":\"https:\\\/\\\/quehacerpolitico.mx\\\/#website\"},\"primaryImageOfPage\":{\"@id\":\"https:\\\/\\\/quehacerpolitico.mx\\\/?p=91340#primaryimage\"},\"image\":{\"@id\":\"https:\\\/\\\/quehacerpolitico.mx\\\/?p=91340#primaryimage\"},\"thumbnailUrl\":\"https:\\\/\\\/quehacerpolitico.mx\\\/wp-content\\\/uploads\\\/2022\\\/04\\\/2930F8CF-9998-4ACA-9587-79023CCFF4F4.jpeg\",\"datePublished\":\"2022-04-01T17:21:26+00:00\",\"dateModified\":\"2022-04-01T17:21:29+00:00\",\"author\":{\"@id\":\"https:\\\/\\\/quehacerpolitico.mx\\\/#\\\/schema\\\/person\\\/496d8ad2d1d3f8036101dca7ee39e585\"},\"breadcrumb\":{\"@id\":\"https:\\\/\\\/quehacerpolitico.mx\\\/?p=91340#breadcrumb\"},\"inLanguage\":\"es\",\"potentialAction\":[{\"@type\":\"ReadAction\",\"target\":[\"https:\\\/\\\/quehacerpolitico.mx\\\/?p=91340\"]}]},{\"@type\":\"ImageObject\",\"inLanguage\":\"es\",\"@id\":\"https:\\\/\\\/quehacerpolitico.mx\\\/?p=91340#primaryimage\",\"url\":\"https:\\\/\\\/quehacerpolitico.mx\\\/wp-content\\\/uploads\\\/2022\\\/04\\\/2930F8CF-9998-4ACA-9587-79023CCFF4F4.jpeg\",\"contentUrl\":\"https:\\\/\\\/quehacerpolitico.mx\\\/wp-content\\\/uploads\\\/2022\\\/04\\\/2930F8CF-9998-4ACA-9587-79023CCFF4F4.jpeg\",\"width\":937,\"height\":700},{\"@type\":\"BreadcrumbList\",\"@id\":\"https:\\\/\\\/quehacerpolitico.mx\\\/?p=91340#breadcrumb\",\"itemListElement\":[{\"@type\":\"ListItem\",\"position\":1,\"name\":\"Inicio\",\"item\":\"https:\\\/\\\/quehacerpolitico.mx\\\/\"},{\"@type\":\"ListItem\",\"position\":2,\"name\":\"AMLO afirma que crear un centro para buscar desaparecidos &#8220;ayudar\u00e1 mucho&#8221;\u00a0\"}]},{\"@type\":\"WebSite\",\"@id\":\"https:\\\/\\\/quehacerpolitico.mx\\\/#website\",\"url\":\"https:\\\/\\\/quehacerpolitico.mx\\\/\",\"name\":\"\",\"description\":\"\",\"potentialAction\":[{\"@type\":\"SearchAction\",\"target\":{\"@type\":\"EntryPoint\",\"urlTemplate\":\"https:\\\/\\\/quehacerpolitico.mx\\\/?s={search_term_string}\"},\"query-input\":{\"@type\":\"PropertyValueSpecification\",\"valueRequired\":true,\"valueName\":\"search_term_string\"}}],\"inLanguage\":\"es\"},{\"@type\":\"Person\",\"@id\":\"https:\\\/\\\/quehacerpolitico.mx\\\/#\\\/schema\\\/person\\\/496d8ad2d1d3f8036101dca7ee39e585\",\"name\":\"Redacci\u00f3n QP\",\"image\":{\"@type\":\"ImageObject\",\"inLanguage\":\"es\",\"@id\":\"https:\\\/\\\/secure.gravatar.com\\\/avatar\\\/c7164ed6fdec453195284ad24a5ae5b6e1eed2b848477fa2a4787ba9adf39a41?s=96&d=mm&r=g\",\"url\":\"https:\\\/\\\/secure.gravatar.com\\\/avatar\\\/c7164ed6fdec453195284ad24a5ae5b6e1eed2b848477fa2a4787ba9adf39a41?s=96&d=mm&r=g\",\"contentUrl\":\"https:\\\/\\\/secure.gravatar.com\\\/avatar\\\/c7164ed6fdec453195284ad24a5ae5b6e1eed2b848477fa2a4787ba9adf39a41?s=96&d=mm&r=g\",\"caption\":\"Redacci\u00f3n QP\"},\"url\":\"https:\\\/\\\/quehacerpolitico.mx\\\/?author=2\"}]}<\/script>\n<!-- \/ Yoast SEO plugin. -->","yoast_head_json":{"title":"AMLO afirma que crear un centro para buscar desaparecidos \"ayudar\u00e1 mucho\"\u00a0 -","robots":{"index":"index","follow":"follow","max-snippet":"max-snippet:-1","max-image-preview":"max-image-preview:large","max-video-preview":"max-video-preview:-1"},"canonical":"https:\/\/quehacerpolitico.mx\/?p=91340","og_locale":"es_MX","og_type":"article","og_title":"AMLO afirma que crear un centro para buscar desaparecidos \"ayudar\u00e1 mucho\"\u00a0 -","og_description":"Por Redacci\u00f3n QP &#8220;Se envi\u00f3 esa iniciativa al Congreso para crear estos centros de identificaci\u00f3n...","og_url":"https:\/\/quehacerpolitico.mx\/?p=91340","article_published_time":"2022-04-01T17:21:26+00:00","article_modified_time":"2022-04-01T17:21:29+00:00","og_image":[{"width":937,"height":700,"url":"https:\/\/quehacerpolitico.mx\/wp-content\/uploads\/2022\/04\/2930F8CF-9998-4ACA-9587-79023CCFF4F4.jpeg","type":"image\/jpeg"}],"author":"Redacci\u00f3n QP","twitter_card":"summary_large_image","twitter_misc":{"Escrito por":"Redacci\u00f3n QP","Tiempo de lectura":"2 minutos"},"schema":{"@context":"https:\/\/schema.org","@graph":[{"@type":"Article","@id":"https:\/\/quehacerpolitico.mx\/?p=91340#article","isPartOf":{"@id":"https:\/\/quehacerpolitico.mx\/?p=91340"},"author":{"name":"Redacci\u00f3n QP","@id":"https:\/\/quehacerpolitico.mx\/#\/schema\/person\/496d8ad2d1d3f8036101dca7ee39e585"},"headline":"AMLO afirma que crear un centro para buscar desaparecidos &#8220;ayudar\u00e1 mucho&#8221;\u00a0","datePublished":"2022-04-01T17:21:26+00:00","dateModified":"2022-04-01T17:21:29+00:00","mainEntityOfPage":{"@id":"https:\/\/quehacerpolitico.mx\/?p=91340"},"wordCount":368,"commentCount":0,"image":{"@id":"https:\/\/quehacerpolitico.mx\/?p=91340#primaryimage"},"thumbnailUrl":"https:\/\/quehacerpolitico.mx\/wp-content\/uploads\/2022\/04\/2930F8CF-9998-4ACA-9587-79023CCFF4F4.jpeg","articleSection":["Noticias"],"inLanguage":"es","potentialAction":[{"@type":"CommentAction","name":"Comment","target":["https:\/\/quehacerpolitico.mx\/?p=91340#respond"]}]},{"@type":"WebPage","@id":"https:\/\/quehacerpolitico.mx\/?p=91340","url":"https:\/\/quehacerpolitico.mx\/?p=91340","name":"AMLO afirma que crear un centro para buscar desaparecidos \"ayudar\u00e1 mucho\"\u00a0 -","isPartOf":{"@id":"https:\/\/quehacerpolitico.mx\/#website"},"primaryImageOfPage":{"@id":"https:\/\/quehacerpolitico.mx\/?p=91340#primaryimage"},"image":{"@id":"https:\/\/quehacerpolitico.mx\/?p=91340#primaryimage"},"thumbnailUrl":"https:\/\/quehacerpolitico.mx\/wp-content\/uploads\/2022\/04\/2930F8CF-9998-4ACA-9587-79023CCFF4F4.jpeg","datePublished":"2022-04-01T17:21:26+00:00","dateModified":"2022-04-01T17:21:29+00:00","author":{"@id":"https:\/\/quehacerpolitico.mx\/#\/schema\/person\/496d8ad2d1d3f8036101dca7ee39e585"},"breadcrumb":{"@id":"https:\/\/quehacerpolitico.mx\/?p=91340#breadcrumb"},"inLanguage":"es","potentialAction":[{"@type":"ReadAction","target":["https:\/\/quehacerpolitico.mx\/?p=91340"]}]},{"@type":"ImageObject","inLanguage":"es","@id":"https:\/\/quehacerpolitico.mx\/?p=91340#primaryimage","url":"https:\/\/quehacerpolitico.mx\/wp-content\/uploads\/2022\/04\/2930F8CF-9998-4ACA-9587-79023CCFF4F4.jpeg","contentUrl":"https:\/\/quehacerpolitico.mx\/wp-content\/uploads\/2022\/04\/2930F8CF-9998-4ACA-9587-79023CCFF4F4.jpeg","width":937,"height":700},{"@type":"BreadcrumbList","@id":"https:\/\/quehacerpolitico.mx\/?p=91340#breadcrumb","itemListElement":[{"@type":"ListItem","position":1,"name":"Inicio","item":"https:\/\/quehacerpolitico.mx\/"},{"@type":"ListItem","position":2,"name":"AMLO afirma que crear un centro para buscar desaparecidos &#8220;ayudar\u00e1 mucho&#8221;\u00a0"}]},{"@type":"WebSite","@id":"https:\/\/quehacerpolitico.mx\/#website","url":"https:\/\/quehacerpolitico.mx\/","name":"","description":"","potentialAction":[{"@type":"SearchAction","target":{"@type":"EntryPoint","urlTemplate":"https:\/\/quehacerpolitico.mx\/?s={search_term_string}"},"query-input":{"@type":"PropertyValueSpecification","valueRequired":true,"valueName":"search_term_string"}}],"inLanguage":"es"},{"@type":"Person","@id":"https:\/\/quehacerpolitico.mx\/#\/schema\/person\/496d8ad2d1d3f8036101dca7ee39e585","name":"Redacci\u00f3n QP","image":{"@type":"ImageObject","inLanguage":"es","@id":"https:\/\/secure.gravatar.com\/avatar\/c7164ed6fdec453195284ad24a5ae5b6e1eed2b848477fa2a4787ba9adf39a41?s=96&d=mm&r=g","url":"https:\/\/secure.gravatar.com\/avatar\/c7164ed6fdec453195284ad24a5ae5b6e1eed2b848477fa2a4787ba9adf39a41?s=96&d=mm&r=g","contentUrl":"https:\/\/secure.gravatar.com\/avatar\/c7164ed6fdec453195284ad24a5ae5b6e1eed2b848477fa2a4787ba9adf39a41?s=96&d=mm&r=g","caption":"Redacci\u00f3n QP"},"url":"https:\/\/quehacerpolitico.mx\/?author=2"}]}},"featured_image_urls":{"full":["https:\/\/quehacerpolitico.mx\/wp-content\/uploads\/2022\/04\/2930F8CF-9998-4ACA-9587-79023CCFF4F4.jpeg",937,700,false],"thumbnail":["https:\/\/quehacerpolitico.mx\/wp-content\/uploads\/2022\/04\/2930F8CF-9998-4ACA-9587-79023CCFF4F4-150x150.jpeg",150,150,true],"medium":["https:\/\/quehacerpolitico.mx\/wp-content\/uploads\/2022\/04\/2930F8CF-9998-4ACA-9587-79023CCFF4F4-300x224.jpeg",300,224,true],"medium_large":["https:\/\/quehacerpolitico.mx\/wp-content\/uploads\/2022\/04\/2930F8CF-9998-4ACA-9587-79023CCFF4F4-768x574.jpeg",640,478,true],"large":["https:\/\/quehacerpolitico.mx\/wp-content\/uploads\/2022\/04\/2930F8CF-9998-4ACA-9587-79023CCFF4F4.jpeg",640,478,false],"1536x1536":["https:\/\/quehacerpolitico.mx\/wp-content\/uploads\/2022\/04\/2930F8CF-9998-4ACA-9587-79023CCFF4F4.jpeg",937,700,false],"2048x2048":["https:\/\/quehacerpolitico.mx\/wp-content\/uploads\/2022\/04\/2930F8CF-9998-4ACA-9587-79023CCFF4F4.jpeg",937,700,false],"covernews-featured":["https:\/\/quehacerpolitico.mx\/wp-content\/uploads\/2022\/04\/2930F8CF-9998-4ACA-9587-79023CCFF4F4.jpeg",937,700,false],"covernews-medium":["https:\/\/quehacerpolitico.mx\/wp-content\/uploads\/2022\/04\/2930F8CF-9998-4ACA-9587-79023CCFF4F4.jpeg",455,340,false]},"author_info":{"display_name":"Redacci\u00f3n QP","author_link":"https:\/\/quehacerpolitico.mx\/?author=2"},"category_info":"<a href=\"https:\/\/quehacerpolitico.mx\/?cat=2\" rel=\"category\">Noticias<\/a>","tag_info":"Noticias","comment_count":"0","_links":{"self":[{"href":"https:\/\/quehacerpolitico.mx\/index.php?rest_route=\/wp\/v2\/posts\/91340","targetHints":{"allow":["GET"]}}],"collection":[{"href":"https:\/\/quehacerpolitico.mx\/index.php?rest_route=\/wp\/v2\/posts"}],"about":[{"href":"https:\/\/quehacerpolitico.mx\/index.php?rest_route=\/wp\/v2\/types\/post"}],"author":[{"embeddable":true,"href":"https:\/\/quehacerpolitico.mx\/index.php?rest_route=\/wp\/v2\/users\/2"}],"replies":[{"embeddable":true,"href":"https:\/\/quehacerpolitico.mx\/index.php?rest_route=%2Fwp%2Fv2%2Fcomments&post=91340"}],"version-history":[{"count":1,"href":"https:\/\/quehacerpolitico.mx\/index.php?rest_route=\/wp\/v2\/posts\/91340\/revisions"}],"predecessor-version":[{"id":91342,"href":"https:\/\/quehacerpolitico.mx\/index.php?rest_route=\/wp\/v2\/posts\/91340\/revisions\/91342"}],"wp:featuredmedia":[{"embeddable":true,"href":"https:\/\/quehacerpolitico.mx\/index.php?rest_route=\/wp\/v2\/media\/91341"}],"wp:attachment":[{"href":"https:\/\/quehacerpolitico.mx\/index.php?rest_route=%2Fwp%2Fv2%2Fmedia&parent=91340"}],"wp:term":[{"taxonomy":"category","embeddable":true,"href":"https:\/\/quehacerpolitico.mx\/index.php?rest_route=%2Fwp%2Fv2%2Fcategories&post=91340"},{"taxonomy":"post_tag","embeddable":true,"href":"https:\/\/quehacerpolitico.mx\/index.php?rest_route=%2Fwp%2Fv2%2Ftags&post=91340"}],"curies":[{"name":"wp","href":"https:\/\/api.w.org\/{rel}","templated":true}]}}