{"id":91336,"date":"2022-04-01T17:07:27","date_gmt":"2022-04-01T17:07:27","guid":{"rendered":"https:\/\/quehacerpolitico.mx\/?p=91336"},"modified":"2022-04-01T17:07:30","modified_gmt":"2022-04-01T17:07:30","slug":"eu-queda-satisfecho-tras-reunion-sobre-energia-amlo","status":"publish","type":"post","link":"https:\/\/quehacerpolitico.mx\/?p=91336","title":{"rendered":"EU queda &#8220;satisfecho&#8221; tras reuni\u00f3n sobre energ\u00eda: AMLO\u00a0"},"content":{"rendered":"\n<p>Por Redacci\u00f3n QP<\/p>\n\n\n\n<p>Tras la reuni\u00f3n de cinco horas, AMLO explica que\u00a0limitar\u00eda al 46% la participaci\u00f3n privada en el sector para priorizar a la CFE, la empresa del Estado<\/p>\n\n\n\n<p>El Presidente&nbsp;<strong>Andr\u00e9s Manuel L\u00f3pez Obrador<\/strong>(<strong>AMLO<\/strong>), asegur\u00f3 este viernes que el grupo de pol\u00edticos y empresarios norteamericanos&nbsp;&#8220;<strong>quedaron satisfechos<\/strong>&#8221; tras la reuni\u00f3n del&nbsp;jueves en la que dialogaron la controvertida reforma energ\u00e9tica de M\u00e9xico.&nbsp;<\/p>\n\n\n\n<p>&#8220;Ayer estuvimos con el se\u00f1or Kerry, el embajador de Estados Unidos en M\u00e9xico (Ken Salazar), con empresarios, y\u00a0<strong>se les explic\u00f3 el porqu\u00e9 de esta iniciativa, y al parecer se sintieron atendidos y satisfechos<\/strong>&#8220;, asegur\u00f3 AMLO durante la &#8220;ma\u00f1anera&#8221; en el Palacio Nacional.<\/p>\n\n\n\n<figure class=\"wp-block-embed is-type-video is-provider-youtube wp-block-embed-youtube wp-embed-aspect-16-9 wp-has-aspect-ratio\"><div class=\"wp-block-embed__wrapper\">\n<iframe loading=\"lazy\" title=\"Tras reuni\u00f3n, John Kerry y empresarios de EU se sintieron atendidos y satisfechos: AMLO\" width=\"640\" height=\"360\" src=\"https:\/\/www.youtube.com\/embed\/zgRlm9DJ1TA?feature=oembed\" frameborder=\"0\" allow=\"accelerometer; autoplay; clipboard-write; encrypted-media; gyroscope; picture-in-picture; web-share\" referrerpolicy=\"strict-origin-when-cross-origin\" allowfullscreen><\/iframe>\n<\/div><\/figure>\n\n\n\n<p>L\u00f3pez Obrador hizo estas declaraciones tras una reuni\u00f3n de cinco horas este jueves en la que expuso a Kerry su reforma el\u00e9ctrica, que\u00a0<strong>limitar\u00eda al 46 % la participaci\u00f3n privada en el sector para priorizar a la Comisi\u00f3n Federal de Electricidad (CFE), la empresa del Estado<\/strong>.<\/p>\n\n\n\n<p>Tras el encuentro, Kerry declar\u00f3 que\u00a0<strong>M\u00e9xico se comprometi\u00f3 a proteger las energ\u00edas limpias y respetar contratos hechos dentro de la reforma<\/strong>, que tal como est\u00e1 planteada ahora amenaza con violar el Tratado entre M\u00e9xico, Estados Unidos y Canad\u00e1 (T-MEC).<\/p>\n\n\n\n<p>Tambi\u00e9n reafirm\u00f3 que la &#8220;<strong>reforma se queda como est\u00e1<\/strong>&#8220;, y neg\u00f3 el rumor de que Estados Unidos crease un grupo para vigilar la reforma el\u00e9ctrica.<\/p>\n\n\n\n<p>&#8220;Hay cosas que tienen que ver con los principios, y hay un principio b\u00e1sico,&nbsp;<strong>que es el de la defensa de nuestra soberan\u00eda<\/strong>&#8220;, argument\u00f3.<\/p>\n\n\n\n<p>La iniciativa, que ahora se discute en el Congreso, tambi\u00e9n causa pol\u00e9mica en Estados Unidos porque&nbsp;<strong>da prioridad a las plantas de la CFE sobre las renovables de privados<\/strong>, revisar\u00eda contratos previos y eliminar\u00eda los reguladores aut\u00f3nomos.<\/p>\n\n\n\n<p>Katherine Tai, representante comercial de Estados Unidos, avis\u00f3 el jueves que analiza medidas dentro del&nbsp;<strong>T-MEC<\/strong>, si se avala la reforma.<\/p>\n\n\n\n<p>AMLO asever\u00f3 que &#8220;n<strong>o se trata de una iniciativa estatista ni expropiatoria<\/strong>&#8220;, porque busca &#8220;<strong>rescatar a Pemex y a la CFE por seguridad nacional<\/strong>&#8220;.<\/p>\n\n\n\n<p>&#8220;El&nbsp;<strong>46%<\/strong>&nbsp;del mercado el\u00e9ctrico mexicano representa un volumen de generaci\u00f3n superior al de todos los pa\u00edses de Am\u00e9rica Latina, con excepci\u00f3n de Brasil, solo el 46%. \u00bfD\u00f3nde est\u00e1 la estatizaci\u00f3n, si estamos compartiendo el mercado?&#8221;, manifest\u00f3.<\/p>\n\n\n\n<p>AMLO respondi\u00f3 que&nbsp;&#8220;<strong>no es cierto<\/strong>&nbsp;que la iniciativa tenga que ver con promover las energ\u00edas sucias&#8221;.<\/p>\n\n\n\n<p>Cit\u00f3 que M\u00e9xico \u00fanicamente tiene<strong>&nbsp;tres plantas carbon\u00edferas<\/strong>&nbsp;que trabajan a&nbsp;<strong>50%<\/strong>&nbsp;de su capacidad, que producen el&nbsp;<strong>0.35%<\/strong>&nbsp;de la energ\u00eda con carb\u00f3n en China y exclusivamente el&nbsp;<strong>2.1%<\/strong>&nbsp;de Estados Unidos.<\/p>\n\n\n\n<p><strong>&#8220;Estamos en condiciones de apoyar a la transici\u00f3n energ\u00e9tica de la industria automotriz norteamericana en M\u00e9xico<\/strong>, aport\u00e1ndole la energ\u00eda limpia que requiera&#8221;, coment\u00f3 AMLO<\/p>\n\n\n\n<h2 class=\"wp-block-heading\">PETR\u00d3LEO Y GAS<\/h2>\n\n\n\n<p>Sobre petr\u00f3leo, prometi\u00f3 que &#8220;<strong>se respetar\u00e1n los permisos de importaci\u00f3n que se entregaron a cinco petroleras<\/strong>&nbsp;(Exxon, Valero, Shell, Tesoro y Koch), para introducir combustible, esto fue en el sexenio anterior, bajo condiciones de precios justos y legalidad&#8221;.<\/p>\n\n\n\n<p>Asimismo, ofreci\u00f3 condiciones para que empresas estadounidenses, como Sempra,&nbsp;<strong>hagan inversiones de entre 3 mil&nbsp;y 4 mil&nbsp;millones de d\u00f3lares<\/strong>&nbsp;por plantas de licuefacci\u00f3n de gas en el Pac\u00edfico para exportarlo a Asia.<\/p>\n\n\n\n<p>No hubo realmente protestas, fueron muy respetuosos,\u00a0<strong>estaba el gerente de Sempra y otros empresarios muy importantes del sector energ\u00e9tico<\/strong>&#8220;, dijo AMLO.<\/p>\n\n\n\n<figure class=\"wp-block-embed is-type-video is-provider-youtube wp-block-embed-youtube wp-embed-aspect-16-9 wp-has-aspect-ratio\"><div class=\"wp-block-embed__wrapper\">\n<iframe loading=\"lazy\" title=\"AMLO rechaza grupo de EU para revisar reforma el\u00e9ctrica\" width=\"640\" height=\"360\" src=\"https:\/\/www.youtube.com\/embed\/7cPOVJuYetI?feature=oembed\" frameborder=\"0\" allow=\"accelerometer; autoplay; clipboard-write; encrypted-media; gyroscope; picture-in-picture; web-share\" referrerpolicy=\"strict-origin-when-cross-origin\" allowfullscreen><\/iframe>\n<\/div><\/figure>\n\n\n\n<p>Con informaci\u00f3n de EFE<\/p>\n","protected":false},"excerpt":{"rendered":"<p>Por Redacci\u00f3n QP Tras la reuni\u00f3n de cinco horas, AMLO explica que\u00a0limitar\u00eda al 46% la&#8230;<\/p>\n","protected":false},"author":2,"featured_media":91338,"comment_status":"open","ping_status":"open","sticky":false,"template":"","format":"standard","meta":{"_monsterinsights_skip_tracking":false,"_monsterinsights_sitenote_active":false,"_monsterinsights_sitenote_note":"","_monsterinsights_sitenote_category":0,"footnotes":""},"categories":[2],"tags":[],"class_list":["post-91336","post","type-post","status-publish","format-standard","has-post-thumbnail","hentry","category-noticias"],"yoast_head":"<!-- This site is optimized with the Yoast SEO plugin v27.3 - https:\/\/yoast.com\/product\/yoast-seo-wordpress\/ -->\n<title>EU queda &quot;satisfecho&quot; tras reuni\u00f3n sobre energ\u00eda: AMLO\u00a0 -<\/title>\n<meta name=\"robots\" content=\"index, follow, max-snippet:-1, max-image-preview:large, max-video-preview:-1\" \/>\n<link rel=\"canonical\" href=\"https:\/\/quehacerpolitico.mx\/?p=91336\" \/>\n<meta property=\"og:locale\" content=\"es_MX\" \/>\n<meta property=\"og:type\" content=\"article\" \/>\n<meta property=\"og:title\" content=\"EU queda &quot;satisfecho&quot; tras reuni\u00f3n sobre energ\u00eda: AMLO\u00a0 -\" \/>\n<meta property=\"og:description\" content=\"Por Redacci\u00f3n QP Tras la reuni\u00f3n de cinco horas, AMLO explica que\u00a0limitar\u00eda al 46% la...\" \/>\n<meta property=\"og:url\" content=\"https:\/\/quehacerpolitico.mx\/?p=91336\" \/>\n<meta property=\"article:published_time\" content=\"2022-04-01T17:07:27+00:00\" \/>\n<meta property=\"article:modified_time\" content=\"2022-04-01T17:07:30+00:00\" \/>\n<meta property=\"og:image\" content=\"https:\/\/quehacerpolitico.mx\/wp-content\/uploads\/2022\/04\/8C00C3EF-0963-4464-AF87-4C2A7F921093.jpeg\" \/>\n\t<meta property=\"og:image:width\" content=\"944\" \/>\n\t<meta property=\"og:image:height\" content=\"711\" \/>\n\t<meta property=\"og:image:type\" content=\"image\/jpeg\" \/>\n<meta name=\"author\" content=\"Redacci\u00f3n QP\" \/>\n<meta name=\"twitter:card\" content=\"summary_large_image\" \/>\n<meta name=\"twitter:label1\" content=\"Escrito por\" \/>\n\t<meta name=\"twitter:data1\" content=\"Redacci\u00f3n QP\" \/>\n\t<meta name=\"twitter:label2\" content=\"Tiempo de lectura\" \/>\n\t<meta name=\"twitter:data2\" content=\"3 minutos\" \/>\n<script type=\"application\/ld+json\" class=\"yoast-schema-graph\">{\"@context\":\"https:\\\/\\\/schema.org\",\"@graph\":[{\"@type\":\"Article\",\"@id\":\"https:\\\/\\\/quehacerpolitico.mx\\\/?p=91336#article\",\"isPartOf\":{\"@id\":\"https:\\\/\\\/quehacerpolitico.mx\\\/?p=91336\"},\"author\":{\"name\":\"Redacci\u00f3n QP\",\"@id\":\"https:\\\/\\\/quehacerpolitico.mx\\\/#\\\/schema\\\/person\\\/496d8ad2d1d3f8036101dca7ee39e585\"},\"headline\":\"EU queda &#8220;satisfecho&#8221; tras reuni\u00f3n sobre energ\u00eda: AMLO\u00a0\",\"datePublished\":\"2022-04-01T17:07:27+00:00\",\"dateModified\":\"2022-04-01T17:07:30+00:00\",\"mainEntityOfPage\":{\"@id\":\"https:\\\/\\\/quehacerpolitico.mx\\\/?p=91336\"},\"wordCount\":628,\"commentCount\":0,\"image\":{\"@id\":\"https:\\\/\\\/quehacerpolitico.mx\\\/?p=91336#primaryimage\"},\"thumbnailUrl\":\"https:\\\/\\\/quehacerpolitico.mx\\\/wp-content\\\/uploads\\\/2022\\\/04\\\/8C00C3EF-0963-4464-AF87-4C2A7F921093.jpeg\",\"articleSection\":[\"Noticias\"],\"inLanguage\":\"es\",\"potentialAction\":[{\"@type\":\"CommentAction\",\"name\":\"Comment\",\"target\":[\"https:\\\/\\\/quehacerpolitico.mx\\\/?p=91336#respond\"]}]},{\"@type\":\"WebPage\",\"@id\":\"https:\\\/\\\/quehacerpolitico.mx\\\/?p=91336\",\"url\":\"https:\\\/\\\/quehacerpolitico.mx\\\/?p=91336\",\"name\":\"EU queda \\\"satisfecho\\\" tras reuni\u00f3n sobre energ\u00eda: AMLO\u00a0 -\",\"isPartOf\":{\"@id\":\"https:\\\/\\\/quehacerpolitico.mx\\\/#website\"},\"primaryImageOfPage\":{\"@id\":\"https:\\\/\\\/quehacerpolitico.mx\\\/?p=91336#primaryimage\"},\"image\":{\"@id\":\"https:\\\/\\\/quehacerpolitico.mx\\\/?p=91336#primaryimage\"},\"thumbnailUrl\":\"https:\\\/\\\/quehacerpolitico.mx\\\/wp-content\\\/uploads\\\/2022\\\/04\\\/8C00C3EF-0963-4464-AF87-4C2A7F921093.jpeg\",\"datePublished\":\"2022-04-01T17:07:27+00:00\",\"dateModified\":\"2022-04-01T17:07:30+00:00\",\"author\":{\"@id\":\"https:\\\/\\\/quehacerpolitico.mx\\\/#\\\/schema\\\/person\\\/496d8ad2d1d3f8036101dca7ee39e585\"},\"breadcrumb\":{\"@id\":\"https:\\\/\\\/quehacerpolitico.mx\\\/?p=91336#breadcrumb\"},\"inLanguage\":\"es\",\"potentialAction\":[{\"@type\":\"ReadAction\",\"target\":[\"https:\\\/\\\/quehacerpolitico.mx\\\/?p=91336\"]}]},{\"@type\":\"ImageObject\",\"inLanguage\":\"es\",\"@id\":\"https:\\\/\\\/quehacerpolitico.mx\\\/?p=91336#primaryimage\",\"url\":\"https:\\\/\\\/quehacerpolitico.mx\\\/wp-content\\\/uploads\\\/2022\\\/04\\\/8C00C3EF-0963-4464-AF87-4C2A7F921093.jpeg\",\"contentUrl\":\"https:\\\/\\\/quehacerpolitico.mx\\\/wp-content\\\/uploads\\\/2022\\\/04\\\/8C00C3EF-0963-4464-AF87-4C2A7F921093.jpeg\",\"width\":944,\"height\":711},{\"@type\":\"BreadcrumbList\",\"@id\":\"https:\\\/\\\/quehacerpolitico.mx\\\/?p=91336#breadcrumb\",\"itemListElement\":[{\"@type\":\"ListItem\",\"position\":1,\"name\":\"Inicio\",\"item\":\"https:\\\/\\\/quehacerpolitico.mx\\\/\"},{\"@type\":\"ListItem\",\"position\":2,\"name\":\"EU queda &#8220;satisfecho&#8221; tras reuni\u00f3n sobre energ\u00eda: AMLO\u00a0\"}]},{\"@type\":\"WebSite\",\"@id\":\"https:\\\/\\\/quehacerpolitico.mx\\\/#website\",\"url\":\"https:\\\/\\\/quehacerpolitico.mx\\\/\",\"name\":\"\",\"description\":\"\",\"potentialAction\":[{\"@type\":\"SearchAction\",\"target\":{\"@type\":\"EntryPoint\",\"urlTemplate\":\"https:\\\/\\\/quehacerpolitico.mx\\\/?s={search_term_string}\"},\"query-input\":{\"@type\":\"PropertyValueSpecification\",\"valueRequired\":true,\"valueName\":\"search_term_string\"}}],\"inLanguage\":\"es\"},{\"@type\":\"Person\",\"@id\":\"https:\\\/\\\/quehacerpolitico.mx\\\/#\\\/schema\\\/person\\\/496d8ad2d1d3f8036101dca7ee39e585\",\"name\":\"Redacci\u00f3n QP\",\"image\":{\"@type\":\"ImageObject\",\"inLanguage\":\"es\",\"@id\":\"https:\\\/\\\/secure.gravatar.com\\\/avatar\\\/c7164ed6fdec453195284ad24a5ae5b6e1eed2b848477fa2a4787ba9adf39a41?s=96&d=mm&r=g\",\"url\":\"https:\\\/\\\/secure.gravatar.com\\\/avatar\\\/c7164ed6fdec453195284ad24a5ae5b6e1eed2b848477fa2a4787ba9adf39a41?s=96&d=mm&r=g\",\"contentUrl\":\"https:\\\/\\\/secure.gravatar.com\\\/avatar\\\/c7164ed6fdec453195284ad24a5ae5b6e1eed2b848477fa2a4787ba9adf39a41?s=96&d=mm&r=g\",\"caption\":\"Redacci\u00f3n QP\"},\"url\":\"https:\\\/\\\/quehacerpolitico.mx\\\/?author=2\"}]}<\/script>\n<!-- \/ Yoast SEO plugin. -->","yoast_head_json":{"title":"EU queda \"satisfecho\" tras reuni\u00f3n sobre energ\u00eda: AMLO\u00a0 -","robots":{"index":"index","follow":"follow","max-snippet":"max-snippet:-1","max-image-preview":"max-image-preview:large","max-video-preview":"max-video-preview:-1"},"canonical":"https:\/\/quehacerpolitico.mx\/?p=91336","og_locale":"es_MX","og_type":"article","og_title":"EU queda \"satisfecho\" tras reuni\u00f3n sobre energ\u00eda: AMLO\u00a0 -","og_description":"Por Redacci\u00f3n QP Tras la reuni\u00f3n de cinco horas, AMLO explica que\u00a0limitar\u00eda al 46% la...","og_url":"https:\/\/quehacerpolitico.mx\/?p=91336","article_published_time":"2022-04-01T17:07:27+00:00","article_modified_time":"2022-04-01T17:07:30+00:00","og_image":[{"width":944,"height":711,"url":"https:\/\/quehacerpolitico.mx\/wp-content\/uploads\/2022\/04\/8C00C3EF-0963-4464-AF87-4C2A7F921093.jpeg","type":"image\/jpeg"}],"author":"Redacci\u00f3n QP","twitter_card":"summary_large_image","twitter_misc":{"Escrito por":"Redacci\u00f3n QP","Tiempo de lectura":"3 minutos"},"schema":{"@context":"https:\/\/schema.org","@graph":[{"@type":"Article","@id":"https:\/\/quehacerpolitico.mx\/?p=91336#article","isPartOf":{"@id":"https:\/\/quehacerpolitico.mx\/?p=91336"},"author":{"name":"Redacci\u00f3n QP","@id":"https:\/\/quehacerpolitico.mx\/#\/schema\/person\/496d8ad2d1d3f8036101dca7ee39e585"},"headline":"EU queda &#8220;satisfecho&#8221; tras reuni\u00f3n sobre energ\u00eda: AMLO\u00a0","datePublished":"2022-04-01T17:07:27+00:00","dateModified":"2022-04-01T17:07:30+00:00","mainEntityOfPage":{"@id":"https:\/\/quehacerpolitico.mx\/?p=91336"},"wordCount":628,"commentCount":0,"image":{"@id":"https:\/\/quehacerpolitico.mx\/?p=91336#primaryimage"},"thumbnailUrl":"https:\/\/quehacerpolitico.mx\/wp-content\/uploads\/2022\/04\/8C00C3EF-0963-4464-AF87-4C2A7F921093.jpeg","articleSection":["Noticias"],"inLanguage":"es","potentialAction":[{"@type":"CommentAction","name":"Comment","target":["https:\/\/quehacerpolitico.mx\/?p=91336#respond"]}]},{"@type":"WebPage","@id":"https:\/\/quehacerpolitico.mx\/?p=91336","url":"https:\/\/quehacerpolitico.mx\/?p=91336","name":"EU queda \"satisfecho\" tras reuni\u00f3n sobre energ\u00eda: AMLO\u00a0 -","isPartOf":{"@id":"https:\/\/quehacerpolitico.mx\/#website"},"primaryImageOfPage":{"@id":"https:\/\/quehacerpolitico.mx\/?p=91336#primaryimage"},"image":{"@id":"https:\/\/quehacerpolitico.mx\/?p=91336#primaryimage"},"thumbnailUrl":"https:\/\/quehacerpolitico.mx\/wp-content\/uploads\/2022\/04\/8C00C3EF-0963-4464-AF87-4C2A7F921093.jpeg","datePublished":"2022-04-01T17:07:27+00:00","dateModified":"2022-04-01T17:07:30+00:00","author":{"@id":"https:\/\/quehacerpolitico.mx\/#\/schema\/person\/496d8ad2d1d3f8036101dca7ee39e585"},"breadcrumb":{"@id":"https:\/\/quehacerpolitico.mx\/?p=91336#breadcrumb"},"inLanguage":"es","potentialAction":[{"@type":"ReadAction","target":["https:\/\/quehacerpolitico.mx\/?p=91336"]}]},{"@type":"ImageObject","inLanguage":"es","@id":"https:\/\/quehacerpolitico.mx\/?p=91336#primaryimage","url":"https:\/\/quehacerpolitico.mx\/wp-content\/uploads\/2022\/04\/8C00C3EF-0963-4464-AF87-4C2A7F921093.jpeg","contentUrl":"https:\/\/quehacerpolitico.mx\/wp-content\/uploads\/2022\/04\/8C00C3EF-0963-4464-AF87-4C2A7F921093.jpeg","width":944,"height":711},{"@type":"BreadcrumbList","@id":"https:\/\/quehacerpolitico.mx\/?p=91336#breadcrumb","itemListElement":[{"@type":"ListItem","position":1,"name":"Inicio","item":"https:\/\/quehacerpolitico.mx\/"},{"@type":"ListItem","position":2,"name":"EU queda &#8220;satisfecho&#8221; tras reuni\u00f3n sobre energ\u00eda: AMLO\u00a0"}]},{"@type":"WebSite","@id":"https:\/\/quehacerpolitico.mx\/#website","url":"https:\/\/quehacerpolitico.mx\/","name":"","description":"","potentialAction":[{"@type":"SearchAction","target":{"@type":"EntryPoint","urlTemplate":"https:\/\/quehacerpolitico.mx\/?s={search_term_string}"},"query-input":{"@type":"PropertyValueSpecification","valueRequired":true,"valueName":"search_term_string"}}],"inLanguage":"es"},{"@type":"Person","@id":"https:\/\/quehacerpolitico.mx\/#\/schema\/person\/496d8ad2d1d3f8036101dca7ee39e585","name":"Redacci\u00f3n QP","image":{"@type":"ImageObject","inLanguage":"es","@id":"https:\/\/secure.gravatar.com\/avatar\/c7164ed6fdec453195284ad24a5ae5b6e1eed2b848477fa2a4787ba9adf39a41?s=96&d=mm&r=g","url":"https:\/\/secure.gravatar.com\/avatar\/c7164ed6fdec453195284ad24a5ae5b6e1eed2b848477fa2a4787ba9adf39a41?s=96&d=mm&r=g","contentUrl":"https:\/\/secure.gravatar.com\/avatar\/c7164ed6fdec453195284ad24a5ae5b6e1eed2b848477fa2a4787ba9adf39a41?s=96&d=mm&r=g","caption":"Redacci\u00f3n QP"},"url":"https:\/\/quehacerpolitico.mx\/?author=2"}]}},"featured_image_urls":{"full":["https:\/\/quehacerpolitico.mx\/wp-content\/uploads\/2022\/04\/8C00C3EF-0963-4464-AF87-4C2A7F921093.jpeg",944,711,false],"thumbnail":["https:\/\/quehacerpolitico.mx\/wp-content\/uploads\/2022\/04\/8C00C3EF-0963-4464-AF87-4C2A7F921093-150x150.jpeg",150,150,true],"medium":["https:\/\/quehacerpolitico.mx\/wp-content\/uploads\/2022\/04\/8C00C3EF-0963-4464-AF87-4C2A7F921093-300x226.jpeg",300,226,true],"medium_large":["https:\/\/quehacerpolitico.mx\/wp-content\/uploads\/2022\/04\/8C00C3EF-0963-4464-AF87-4C2A7F921093-768x578.jpeg",640,482,true],"large":["https:\/\/quehacerpolitico.mx\/wp-content\/uploads\/2022\/04\/8C00C3EF-0963-4464-AF87-4C2A7F921093.jpeg",640,482,false],"1536x1536":["https:\/\/quehacerpolitico.mx\/wp-content\/uploads\/2022\/04\/8C00C3EF-0963-4464-AF87-4C2A7F921093.jpeg",944,711,false],"2048x2048":["https:\/\/quehacerpolitico.mx\/wp-content\/uploads\/2022\/04\/8C00C3EF-0963-4464-AF87-4C2A7F921093.jpeg",944,711,false],"covernews-featured":["https:\/\/quehacerpolitico.mx\/wp-content\/uploads\/2022\/04\/8C00C3EF-0963-4464-AF87-4C2A7F921093.jpeg",944,711,false],"covernews-medium":["https:\/\/quehacerpolitico.mx\/wp-content\/uploads\/2022\/04\/8C00C3EF-0963-4464-AF87-4C2A7F921093.jpeg",451,340,false]},"author_info":{"display_name":"Redacci\u00f3n QP","author_link":"https:\/\/quehacerpolitico.mx\/?author=2"},"category_info":"<a href=\"https:\/\/quehacerpolitico.mx\/?cat=2\" rel=\"category\">Noticias<\/a>","tag_info":"Noticias","comment_count":"0","_links":{"self":[{"href":"https:\/\/quehacerpolitico.mx\/index.php?rest_route=\/wp\/v2\/posts\/91336","targetHints":{"allow":["GET"]}}],"collection":[{"href":"https:\/\/quehacerpolitico.mx\/index.php?rest_route=\/wp\/v2\/posts"}],"about":[{"href":"https:\/\/quehacerpolitico.mx\/index.php?rest_route=\/wp\/v2\/types\/post"}],"author":[{"embeddable":true,"href":"https:\/\/quehacerpolitico.mx\/index.php?rest_route=\/wp\/v2\/users\/2"}],"replies":[{"embeddable":true,"href":"https:\/\/quehacerpolitico.mx\/index.php?rest_route=%2Fwp%2Fv2%2Fcomments&post=91336"}],"version-history":[{"count":1,"href":"https:\/\/quehacerpolitico.mx\/index.php?rest_route=\/wp\/v2\/posts\/91336\/revisions"}],"predecessor-version":[{"id":91339,"href":"https:\/\/quehacerpolitico.mx\/index.php?rest_route=\/wp\/v2\/posts\/91336\/revisions\/91339"}],"wp:featuredmedia":[{"embeddable":true,"href":"https:\/\/quehacerpolitico.mx\/index.php?rest_route=\/wp\/v2\/media\/91338"}],"wp:attachment":[{"href":"https:\/\/quehacerpolitico.mx\/index.php?rest_route=%2Fwp%2Fv2%2Fmedia&parent=91336"}],"wp:term":[{"taxonomy":"category","embeddable":true,"href":"https:\/\/quehacerpolitico.mx\/index.php?rest_route=%2Fwp%2Fv2%2Fcategories&post=91336"},{"taxonomy":"post_tag","embeddable":true,"href":"https:\/\/quehacerpolitico.mx\/index.php?rest_route=%2Fwp%2Fv2%2Ftags&post=91336"}],"curies":[{"name":"wp","href":"https:\/\/api.w.org\/{rel}","templated":true}]}}