{"id":91185,"date":"2022-03-30T04:54:03","date_gmt":"2022-03-30T04:54:03","guid":{"rendered":"https:\/\/quehacerpolitico.mx\/?p=91185"},"modified":"2022-03-30T04:54:06","modified_gmt":"2022-03-30T04:54:06","slug":"internacionales-carolina-alonso-romei-rusia-y-ucrania-moscu-anuncia-una-reduccion-drastica-de-las-operaciones-de-combate-en-kiev-mientras-avanzan-las-negociaciones-con-el-gobierno-ucraniano-e","status":"publish","type":"post","link":"https:\/\/quehacerpolitico.mx\/?p=91185","title":{"rendered":"Internacionales\/\/\/Carolina Alonso Romei\/\/\/Rusia y Ucrania: Mosc\u00fa anuncia una &#8220;reducci\u00f3n dr\u00e1stica&#8221; de las operaciones de combate en Kiev mientras avanzan las negociaciones con el gobierno ucraniano en Turqu\u00eda"},"content":{"rendered":"\n<p>Por Carolina Alonso Romei<\/p>\n\n\n\n<p>Internacionalista <\/p>\n\n\n\n<p><strong>Rusia anunci\u00f3 este martes que disminuir\u00e1 los ataques a las ciudades ucranianas de Kiev y Chern\u00edgov, en el norte de Ucrania, mientras avanzan las negociaciones con el gobierno ucraniano en Turqu\u00eda.<\/strong><\/p>\n\n\n\n<p>Esta declaraci\u00f3n, realizada por el Ministerio de Defensa ruso y que EE.UU. puso en duda, se dio despu\u00e9s de que los enviados del presidente ucraniano, Volodymyr Zelensky, propusieran en la reuni\u00f3n de este martes que su pa\u00eds adopte un estatus neutral -una de las demandas clave de Rusia- a cambio de garant\u00edas internacionales de seguridad.<\/p>\n\n\n\n<p>El&nbsp;<strong>estatus neutral<\/strong>&nbsp;significa que Ucrania desiste de cualquier intento de&nbsp;<strong>ingresar a alianzas militares como la OTAN<\/strong>&nbsp;(Organizaci\u00f3n del Tratado del Atl\u00e1ntico Norte) o de tener&nbsp;<strong>bases militares extranjeras<\/strong>&nbsp;en su territorio.<\/p>\n\n\n\n<p>&#8220;Debido al hecho de que las negociaciones para un acuerdo sobre la neutralidad y el estatus no nuclear de Ucrania y las garant\u00edas de seguridad (para Ucrania) est\u00e1n entrando en una etapa pr\u00e1ctica, y teniendo en cuenta los principios discutidos durante la reuni\u00f3n de hoy, el Ministerio de Defensa de la Federaci\u00f3n Rusa tom\u00f3 la decisi\u00f3n de&nbsp;<strong>reducir dr\u00e1sticamente las operaciones de combate en las \u00e1reas de&nbsp;<\/strong><strong>Kiev&nbsp;<\/strong><strong>y&nbsp;<\/strong><strong>Chern\u00edgov&nbsp;<\/strong><strong>con el fin de&nbsp;<\/strong><strong>reforzar&nbsp;<\/strong><strong>la confianza mutua<\/strong>y crear las condiciones necesarias para futuras negociaciones y para la firma del mencionado acuerdo&#8221;, dijo el viceministro de Defensa ruso, Alexander Fomin, quien form\u00f3 parte del equipo negociador en Estambul.<\/p>\n\n\n\n<p>Ucrania inform\u00f3 horas m\u00e1s tarde sobre su propuesta de garant\u00edas de seguridad: dentro de los tres d\u00edas posteriores al inicio de una guerra, agresi\u00f3n u operaci\u00f3n militar, un grupo de pa\u00edses garantes estar\u00edan legalmente obligados a brindar asistencia militar a Ucrania.<\/p>\n\n\n\n<p>Esto ser\u00eda en forma de armamento y el cierre del cielo, es decir, una zona de exclusi\u00f3n a\u00e9rea, que Occidente ha rechazado hasta ahora en la guerra en Ucrania.<\/p>\n\n\n\n<p>Ucrania sugiri\u00f3 que entre los pa\u00edses garantes est\u00e9n los miembros permanentes del Consejo de Seguridad de la ONU, es decir, Estados Unidos, Francia, China, Reino Unido y Rusia, &#8220;aunque esto deber\u00eda ser discutido de forma separada&#8221;.<\/p>\n\n\n\n<p>A\u00f1adi\u00f3 que tambi\u00e9n le gustar\u00eda ver a Italia, Alemania, Polonia, Israel, Turqu\u00eda y Canad\u00e1 entre sus garantes.<\/p>\n\n\n\n<p>Las garant\u00edas de seguridad no se aplicar\u00edan &#8220;temporalmente&#8221; a los territorios ocupados de Donetsk y Luhansk, y propone que el estatus de esa regi\u00f3n sea considerado en las negociaciones entre Zelensky y el presidente ruso, Vladimir Putin.<\/p>\n\n\n\n<p>El gobierno de Zelensky espera, adem\u00e1s que todos los pa\u00edses garantes apoyen la adhesi\u00f3n de Ucrania a la Uni\u00f3n Europea y que lo ayuden en ese proceso.<\/p>\n\n\n\n<p>Otro de los puntos propuestos por Ucrania es establecer un per\u00edodo de &#8220;15 a\u00f1os de negociaciones bilaterales&#8221; sobre la situaci\u00f3n de Crimea, anexada por Rusia en 2014.<\/p>\n\n\n\n<p>Los negociadores ucranianos afirmaron que hab\u00eda suficiente material en las actuales propuestas como para garantizar una reuni\u00f3n entre Zelensky y Putin, y agregaron que estaban esperando la respuesta de Rusia.<\/p>\n\n\n\n<h2 class=\"wp-block-heading\" id=\"Repliegue-ruso\">Repliegue ruso<\/h2>\n\n\n\n<p>Las fuerzas rusas parec\u00edan haberse detenido en Kiev este martes. Anteriormente, el Ministerio de Defensa de Reino Unido hab\u00eda dicho que las fuerzas ucranianas hab\u00edan logrado hacer retroceder a los rusos desde varias posiciones.<\/p>\n\n\n\n<figure class=\"wp-block-image\"><a href=\"https:\/\/www.bbc.com\/mundo\/noticias-internacional-60907387\"><img decoding=\"async\" src=\"https:\/\/ichef.bbci.co.uk\/news\/640\/cpsprodpb\/9B18\/production\/_123940793_ukraine_counters_areas_map-nc.png\" alt=\"Mapa que muestra las zonas de control militar ruso en Ucrania, las zonas de avance y las de contraataque ucraniano.\"\/><\/a><\/figure>\n\n\n\n<p>Sin embargo, Rusia afirm\u00f3 poco m\u00e1s tarde que&nbsp;<strong>los ataques no cesar\u00e1n de momento<\/strong>.<\/p>\n\n\n\n<p>&#8220;Esto no es un alto el fuego pero esta es nuestra aspiraci\u00f3n, llegar gradualmente a una desescalada del conflicto al menos en estos frentes&#8221;, dijo Vladimir Medinsky, l\u00edder de las negociaciones por parte de Mosc\u00fa, en una entrevista con la agencia de noticias TASS.<\/p>\n\n\n\n<p>La ciudad sitiada de Chern\u00edgov permaneci\u00f3 bajo fuego este martes, al menos hasta antes del anuncio ruso, seg\u00fan funcionarios ucranianos.<\/p>\n\n\n\n<p>El alcalde de la ciudad estima que&nbsp;<strong>400 residentes&nbsp;<\/strong><strong>murieron<\/strong>&nbsp;all\u00ed desde que comenz\u00f3 la guerra.<\/p>\n\n\n\n<p>Estados Unidos pidi\u00f3 cautela ante las afirmaciones de Fomin. &#8220;<strong>No leo nada hasta que veo cu\u00e1les son sus acciones<\/strong>&#8220;, dijo el presidente Joe Biden a periodistas e desde Singapur.<\/p>\n\n\n\n<p>&#8220;Veremos si cumplen con lo que est\u00e1n sugiriendo. Hay negociaciones que continuaron hoy (martes), una en Turqu\u00eda y otras&#8221;, a\u00f1adi\u00f3.<\/p>\n\n\n\n<p>&#8220;Tuve una reuni\u00f3n con los jefes de estado de cuatro aliados en la OTAN (Francia, Alemania, Estados Unidos y Reino Unido) y parece haber un consenso de que veamos qu\u00e9 tienen para ofrecer&#8221;, sostuvo.<\/p>\n\n\n\n<p>El secretario de Estado de EE.UU., Anthony Blinken, dijo que todav\u00eda no vio &#8220;<strong>se\u00f1ales de seriedad real<\/strong>&#8221; de Rusia.<\/p>\n\n\n\n<p>Blinken agreg\u00f3 que hab\u00eda una diferencia entre lo que dice y lo que hace Rusia y que su pa\u00eds se centr\u00f3 en lo \u00faltimo.<\/p>\n\n\n\n<p>Agreg\u00f3 que Mosc\u00fa deber\u00eda poner fin a su agresi\u00f3n de forma inmediata y retirar sus fuerzas.<\/p>\n\n\n\n<figure class=\"wp-block-embed is-type-video is-provider-youtube wp-block-embed-youtube wp-embed-aspect-16-9 wp-has-aspect-ratio\"><div class=\"wp-block-embed__wrapper\">\n<iframe loading=\"lazy\" title=\"Una noche en un refugio subterr\u00e1neo en Kiev\" width=\"640\" height=\"360\" src=\"https:\/\/www.youtube.com\/embed\/gyrC55QhAPA?feature=oembed\" frameborder=\"0\" allow=\"accelerometer; autoplay; clipboard-write; encrypted-media; gyroscope; picture-in-picture; web-share\" referrerpolicy=\"strict-origin-when-cross-origin\" allowfullscreen><\/iframe>\n<\/div><\/figure>\n\n\n\n<p>Con informaci\u00f3n de BBC News Mundo<\/p>\n","protected":false},"excerpt":{"rendered":"<p>Por Carolina Alonso Romei Internacionalista Rusia anunci\u00f3 este martes que disminuir\u00e1 los ataques a las&#8230;<\/p>\n","protected":false},"author":2,"featured_media":91186,"comment_status":"open","ping_status":"open","sticky":false,"template":"","format":"standard","meta":{"_monsterinsights_skip_tracking":false,"_monsterinsights_sitenote_active":false,"_monsterinsights_sitenote_note":"","_monsterinsights_sitenote_category":0,"footnotes":""},"categories":[1],"tags":[],"class_list":["post-91185","post","type-post","status-publish","format-standard","has-post-thumbnail","hentry","category-sin-categoria"],"yoast_head":"<!-- This site is optimized with the Yoast SEO plugin v27.3 - https:\/\/yoast.com\/product\/yoast-seo-wordpress\/ -->\n<title>Internacionales\/\/\/Carolina Alonso Romei\/\/\/Rusia y Ucrania: Mosc\u00fa anuncia una &quot;reducci\u00f3n dr\u00e1stica&quot; de las operaciones de combate en Kiev mientras avanzan las negociaciones con el gobierno ucraniano en Turqu\u00eda -<\/title>\n<meta name=\"robots\" content=\"index, follow, max-snippet:-1, max-image-preview:large, max-video-preview:-1\" \/>\n<link rel=\"canonical\" href=\"https:\/\/quehacerpolitico.mx\/?p=91185\" \/>\n<meta property=\"og:locale\" content=\"es_MX\" \/>\n<meta property=\"og:type\" content=\"article\" \/>\n<meta property=\"og:title\" content=\"Internacionales\/\/\/Carolina Alonso Romei\/\/\/Rusia y Ucrania: Mosc\u00fa anuncia una &quot;reducci\u00f3n dr\u00e1stica&quot; de las operaciones de combate en Kiev mientras avanzan las negociaciones con el gobierno ucraniano en Turqu\u00eda -\" \/>\n<meta property=\"og:description\" content=\"Por Carolina Alonso Romei Internacionalista Rusia anunci\u00f3 este martes que disminuir\u00e1 los ataques a las...\" \/>\n<meta property=\"og:url\" content=\"https:\/\/quehacerpolitico.mx\/?p=91185\" \/>\n<meta property=\"article:published_time\" content=\"2022-03-30T04:54:03+00:00\" \/>\n<meta property=\"article:modified_time\" content=\"2022-03-30T04:54:06+00:00\" \/>\n<meta property=\"og:image\" content=\"https:\/\/quehacerpolitico.mx\/wp-content\/uploads\/2022\/03\/008023AF-71EC-4860-AF5D-CE9E3352806D.jpeg\" \/>\n\t<meta property=\"og:image:width\" content=\"1600\" \/>\n\t<meta property=\"og:image:height\" content=\"900\" \/>\n\t<meta property=\"og:image:type\" content=\"image\/jpeg\" \/>\n<meta name=\"author\" content=\"Redacci\u00f3n QP\" \/>\n<meta name=\"twitter:card\" content=\"summary_large_image\" \/>\n<meta name=\"twitter:label1\" content=\"Escrito por\" \/>\n\t<meta name=\"twitter:data1\" content=\"Redacci\u00f3n QP\" \/>\n\t<meta name=\"twitter:label2\" content=\"Tiempo de lectura\" \/>\n\t<meta name=\"twitter:data2\" content=\"4 minutos\" \/>\n<script type=\"application\/ld+json\" class=\"yoast-schema-graph\">{\"@context\":\"https:\\\/\\\/schema.org\",\"@graph\":[{\"@type\":\"Article\",\"@id\":\"https:\\\/\\\/quehacerpolitico.mx\\\/?p=91185#article\",\"isPartOf\":{\"@id\":\"https:\\\/\\\/quehacerpolitico.mx\\\/?p=91185\"},\"author\":{\"name\":\"Redacci\u00f3n QP\",\"@id\":\"https:\\\/\\\/quehacerpolitico.mx\\\/#\\\/schema\\\/person\\\/496d8ad2d1d3f8036101dca7ee39e585\"},\"headline\":\"Internacionales\\\/\\\/\\\/Carolina Alonso Romei\\\/\\\/\\\/Rusia y Ucrania: Mosc\u00fa anuncia una &#8220;reducci\u00f3n dr\u00e1stica&#8221; de las operaciones de combate en Kiev mientras avanzan las negociaciones con el gobierno ucraniano en Turqu\u00eda\",\"datePublished\":\"2022-03-30T04:54:03+00:00\",\"dateModified\":\"2022-03-30T04:54:06+00:00\",\"mainEntityOfPage\":{\"@id\":\"https:\\\/\\\/quehacerpolitico.mx\\\/?p=91185\"},\"wordCount\":874,\"commentCount\":0,\"image\":{\"@id\":\"https:\\\/\\\/quehacerpolitico.mx\\\/?p=91185#primaryimage\"},\"thumbnailUrl\":\"https:\\\/\\\/quehacerpolitico.mx\\\/wp-content\\\/uploads\\\/2022\\\/03\\\/008023AF-71EC-4860-AF5D-CE9E3352806D.jpeg\",\"articleSection\":[\"Internacionales\"],\"inLanguage\":\"es\",\"potentialAction\":[{\"@type\":\"CommentAction\",\"name\":\"Comment\",\"target\":[\"https:\\\/\\\/quehacerpolitico.mx\\\/?p=91185#respond\"]}]},{\"@type\":\"WebPage\",\"@id\":\"https:\\\/\\\/quehacerpolitico.mx\\\/?p=91185\",\"url\":\"https:\\\/\\\/quehacerpolitico.mx\\\/?p=91185\",\"name\":\"Internacionales\\\/\\\/\\\/Carolina Alonso Romei\\\/\\\/\\\/Rusia y Ucrania: Mosc\u00fa anuncia una \\\"reducci\u00f3n dr\u00e1stica\\\" de las operaciones de combate en Kiev mientras avanzan las negociaciones con el gobierno ucraniano en Turqu\u00eda -\",\"isPartOf\":{\"@id\":\"https:\\\/\\\/quehacerpolitico.mx\\\/#website\"},\"primaryImageOfPage\":{\"@id\":\"https:\\\/\\\/quehacerpolitico.mx\\\/?p=91185#primaryimage\"},\"image\":{\"@id\":\"https:\\\/\\\/quehacerpolitico.mx\\\/?p=91185#primaryimage\"},\"thumbnailUrl\":\"https:\\\/\\\/quehacerpolitico.mx\\\/wp-content\\\/uploads\\\/2022\\\/03\\\/008023AF-71EC-4860-AF5D-CE9E3352806D.jpeg\",\"datePublished\":\"2022-03-30T04:54:03+00:00\",\"dateModified\":\"2022-03-30T04:54:06+00:00\",\"author\":{\"@id\":\"https:\\\/\\\/quehacerpolitico.mx\\\/#\\\/schema\\\/person\\\/496d8ad2d1d3f8036101dca7ee39e585\"},\"breadcrumb\":{\"@id\":\"https:\\\/\\\/quehacerpolitico.mx\\\/?p=91185#breadcrumb\"},\"inLanguage\":\"es\",\"potentialAction\":[{\"@type\":\"ReadAction\",\"target\":[\"https:\\\/\\\/quehacerpolitico.mx\\\/?p=91185\"]}]},{\"@type\":\"ImageObject\",\"inLanguage\":\"es\",\"@id\":\"https:\\\/\\\/quehacerpolitico.mx\\\/?p=91185#primaryimage\",\"url\":\"https:\\\/\\\/quehacerpolitico.mx\\\/wp-content\\\/uploads\\\/2022\\\/03\\\/008023AF-71EC-4860-AF5D-CE9E3352806D.jpeg\",\"contentUrl\":\"https:\\\/\\\/quehacerpolitico.mx\\\/wp-content\\\/uploads\\\/2022\\\/03\\\/008023AF-71EC-4860-AF5D-CE9E3352806D.jpeg\",\"width\":1600,\"height\":900},{\"@type\":\"BreadcrumbList\",\"@id\":\"https:\\\/\\\/quehacerpolitico.mx\\\/?p=91185#breadcrumb\",\"itemListElement\":[{\"@type\":\"ListItem\",\"position\":1,\"name\":\"Inicio\",\"item\":\"https:\\\/\\\/quehacerpolitico.mx\\\/\"},{\"@type\":\"ListItem\",\"position\":2,\"name\":\"Internacionales\\\/\\\/\\\/Carolina Alonso Romei\\\/\\\/\\\/Rusia y Ucrania: Mosc\u00fa anuncia una &#8220;reducci\u00f3n dr\u00e1stica&#8221; de las operaciones de combate en Kiev mientras avanzan las negociaciones con el gobierno ucraniano en Turqu\u00eda\"}]},{\"@type\":\"WebSite\",\"@id\":\"https:\\\/\\\/quehacerpolitico.mx\\\/#website\",\"url\":\"https:\\\/\\\/quehacerpolitico.mx\\\/\",\"name\":\"\",\"description\":\"\",\"potentialAction\":[{\"@type\":\"SearchAction\",\"target\":{\"@type\":\"EntryPoint\",\"urlTemplate\":\"https:\\\/\\\/quehacerpolitico.mx\\\/?s={search_term_string}\"},\"query-input\":{\"@type\":\"PropertyValueSpecification\",\"valueRequired\":true,\"valueName\":\"search_term_string\"}}],\"inLanguage\":\"es\"},{\"@type\":\"Person\",\"@id\":\"https:\\\/\\\/quehacerpolitico.mx\\\/#\\\/schema\\\/person\\\/496d8ad2d1d3f8036101dca7ee39e585\",\"name\":\"Redacci\u00f3n QP\",\"image\":{\"@type\":\"ImageObject\",\"inLanguage\":\"es\",\"@id\":\"https:\\\/\\\/secure.gravatar.com\\\/avatar\\\/c7164ed6fdec453195284ad24a5ae5b6e1eed2b848477fa2a4787ba9adf39a41?s=96&d=mm&r=g\",\"url\":\"https:\\\/\\\/secure.gravatar.com\\\/avatar\\\/c7164ed6fdec453195284ad24a5ae5b6e1eed2b848477fa2a4787ba9adf39a41?s=96&d=mm&r=g\",\"contentUrl\":\"https:\\\/\\\/secure.gravatar.com\\\/avatar\\\/c7164ed6fdec453195284ad24a5ae5b6e1eed2b848477fa2a4787ba9adf39a41?s=96&d=mm&r=g\",\"caption\":\"Redacci\u00f3n QP\"},\"url\":\"https:\\\/\\\/quehacerpolitico.mx\\\/?author=2\"}]}<\/script>\n<!-- \/ Yoast SEO plugin. -->","yoast_head_json":{"title":"Internacionales\/\/\/Carolina Alonso Romei\/\/\/Rusia y Ucrania: Mosc\u00fa anuncia una \"reducci\u00f3n dr\u00e1stica\" de las operaciones de combate en Kiev mientras avanzan las negociaciones con el gobierno ucraniano en Turqu\u00eda -","robots":{"index":"index","follow":"follow","max-snippet":"max-snippet:-1","max-image-preview":"max-image-preview:large","max-video-preview":"max-video-preview:-1"},"canonical":"https:\/\/quehacerpolitico.mx\/?p=91185","og_locale":"es_MX","og_type":"article","og_title":"Internacionales\/\/\/Carolina Alonso Romei\/\/\/Rusia y Ucrania: Mosc\u00fa anuncia una \"reducci\u00f3n dr\u00e1stica\" de las operaciones de combate en Kiev mientras avanzan las negociaciones con el gobierno ucraniano en Turqu\u00eda -","og_description":"Por Carolina Alonso Romei Internacionalista Rusia anunci\u00f3 este martes que disminuir\u00e1 los ataques a las...","og_url":"https:\/\/quehacerpolitico.mx\/?p=91185","article_published_time":"2022-03-30T04:54:03+00:00","article_modified_time":"2022-03-30T04:54:06+00:00","og_image":[{"width":1600,"height":900,"url":"https:\/\/quehacerpolitico.mx\/wp-content\/uploads\/2022\/03\/008023AF-71EC-4860-AF5D-CE9E3352806D.jpeg","type":"image\/jpeg"}],"author":"Redacci\u00f3n QP","twitter_card":"summary_large_image","twitter_misc":{"Escrito por":"Redacci\u00f3n QP","Tiempo de lectura":"4 minutos"},"schema":{"@context":"https:\/\/schema.org","@graph":[{"@type":"Article","@id":"https:\/\/quehacerpolitico.mx\/?p=91185#article","isPartOf":{"@id":"https:\/\/quehacerpolitico.mx\/?p=91185"},"author":{"name":"Redacci\u00f3n QP","@id":"https:\/\/quehacerpolitico.mx\/#\/schema\/person\/496d8ad2d1d3f8036101dca7ee39e585"},"headline":"Internacionales\/\/\/Carolina Alonso Romei\/\/\/Rusia y Ucrania: Mosc\u00fa anuncia una &#8220;reducci\u00f3n dr\u00e1stica&#8221; de las operaciones de combate en Kiev mientras avanzan las negociaciones con el gobierno ucraniano en Turqu\u00eda","datePublished":"2022-03-30T04:54:03+00:00","dateModified":"2022-03-30T04:54:06+00:00","mainEntityOfPage":{"@id":"https:\/\/quehacerpolitico.mx\/?p=91185"},"wordCount":874,"commentCount":0,"image":{"@id":"https:\/\/quehacerpolitico.mx\/?p=91185#primaryimage"},"thumbnailUrl":"https:\/\/quehacerpolitico.mx\/wp-content\/uploads\/2022\/03\/008023AF-71EC-4860-AF5D-CE9E3352806D.jpeg","articleSection":["Internacionales"],"inLanguage":"es","potentialAction":[{"@type":"CommentAction","name":"Comment","target":["https:\/\/quehacerpolitico.mx\/?p=91185#respond"]}]},{"@type":"WebPage","@id":"https:\/\/quehacerpolitico.mx\/?p=91185","url":"https:\/\/quehacerpolitico.mx\/?p=91185","name":"Internacionales\/\/\/Carolina Alonso Romei\/\/\/Rusia y Ucrania: Mosc\u00fa anuncia una \"reducci\u00f3n dr\u00e1stica\" de las operaciones de combate en Kiev mientras avanzan las negociaciones con el gobierno ucraniano en Turqu\u00eda -","isPartOf":{"@id":"https:\/\/quehacerpolitico.mx\/#website"},"primaryImageOfPage":{"@id":"https:\/\/quehacerpolitico.mx\/?p=91185#primaryimage"},"image":{"@id":"https:\/\/quehacerpolitico.mx\/?p=91185#primaryimage"},"thumbnailUrl":"https:\/\/quehacerpolitico.mx\/wp-content\/uploads\/2022\/03\/008023AF-71EC-4860-AF5D-CE9E3352806D.jpeg","datePublished":"2022-03-30T04:54:03+00:00","dateModified":"2022-03-30T04:54:06+00:00","author":{"@id":"https:\/\/quehacerpolitico.mx\/#\/schema\/person\/496d8ad2d1d3f8036101dca7ee39e585"},"breadcrumb":{"@id":"https:\/\/quehacerpolitico.mx\/?p=91185#breadcrumb"},"inLanguage":"es","potentialAction":[{"@type":"ReadAction","target":["https:\/\/quehacerpolitico.mx\/?p=91185"]}]},{"@type":"ImageObject","inLanguage":"es","@id":"https:\/\/quehacerpolitico.mx\/?p=91185#primaryimage","url":"https:\/\/quehacerpolitico.mx\/wp-content\/uploads\/2022\/03\/008023AF-71EC-4860-AF5D-CE9E3352806D.jpeg","contentUrl":"https:\/\/quehacerpolitico.mx\/wp-content\/uploads\/2022\/03\/008023AF-71EC-4860-AF5D-CE9E3352806D.jpeg","width":1600,"height":900},{"@type":"BreadcrumbList","@id":"https:\/\/quehacerpolitico.mx\/?p=91185#breadcrumb","itemListElement":[{"@type":"ListItem","position":1,"name":"Inicio","item":"https:\/\/quehacerpolitico.mx\/"},{"@type":"ListItem","position":2,"name":"Internacionales\/\/\/Carolina Alonso Romei\/\/\/Rusia y Ucrania: Mosc\u00fa anuncia una &#8220;reducci\u00f3n dr\u00e1stica&#8221; de las operaciones de combate en Kiev mientras avanzan las negociaciones con el gobierno ucraniano en Turqu\u00eda"}]},{"@type":"WebSite","@id":"https:\/\/quehacerpolitico.mx\/#website","url":"https:\/\/quehacerpolitico.mx\/","name":"","description":"","potentialAction":[{"@type":"SearchAction","target":{"@type":"EntryPoint","urlTemplate":"https:\/\/quehacerpolitico.mx\/?s={search_term_string}"},"query-input":{"@type":"PropertyValueSpecification","valueRequired":true,"valueName":"search_term_string"}}],"inLanguage":"es"},{"@type":"Person","@id":"https:\/\/quehacerpolitico.mx\/#\/schema\/person\/496d8ad2d1d3f8036101dca7ee39e585","name":"Redacci\u00f3n QP","image":{"@type":"ImageObject","inLanguage":"es","@id":"https:\/\/secure.gravatar.com\/avatar\/c7164ed6fdec453195284ad24a5ae5b6e1eed2b848477fa2a4787ba9adf39a41?s=96&d=mm&r=g","url":"https:\/\/secure.gravatar.com\/avatar\/c7164ed6fdec453195284ad24a5ae5b6e1eed2b848477fa2a4787ba9adf39a41?s=96&d=mm&r=g","contentUrl":"https:\/\/secure.gravatar.com\/avatar\/c7164ed6fdec453195284ad24a5ae5b6e1eed2b848477fa2a4787ba9adf39a41?s=96&d=mm&r=g","caption":"Redacci\u00f3n QP"},"url":"https:\/\/quehacerpolitico.mx\/?author=2"}]}},"featured_image_urls":{"full":["https:\/\/quehacerpolitico.mx\/wp-content\/uploads\/2022\/03\/008023AF-71EC-4860-AF5D-CE9E3352806D.jpeg",1600,900,false],"thumbnail":["https:\/\/quehacerpolitico.mx\/wp-content\/uploads\/2022\/03\/008023AF-71EC-4860-AF5D-CE9E3352806D-150x150.jpeg",150,150,true],"medium":["https:\/\/quehacerpolitico.mx\/wp-content\/uploads\/2022\/03\/008023AF-71EC-4860-AF5D-CE9E3352806D-300x169.jpeg",300,169,true],"medium_large":["https:\/\/quehacerpolitico.mx\/wp-content\/uploads\/2022\/03\/008023AF-71EC-4860-AF5D-CE9E3352806D-768x432.jpeg",640,360,true],"large":["https:\/\/quehacerpolitico.mx\/wp-content\/uploads\/2022\/03\/008023AF-71EC-4860-AF5D-CE9E3352806D-1024x576.jpeg",640,360,true],"1536x1536":["https:\/\/quehacerpolitico.mx\/wp-content\/uploads\/2022\/03\/008023AF-71EC-4860-AF5D-CE9E3352806D-1536x864.jpeg",1536,864,true],"2048x2048":["https:\/\/quehacerpolitico.mx\/wp-content\/uploads\/2022\/03\/008023AF-71EC-4860-AF5D-CE9E3352806D.jpeg",1600,900,false],"covernews-featured":["https:\/\/quehacerpolitico.mx\/wp-content\/uploads\/2022\/03\/008023AF-71EC-4860-AF5D-CE9E3352806D.jpeg",1024,576,false],"covernews-medium":["https:\/\/quehacerpolitico.mx\/wp-content\/uploads\/2022\/03\/008023AF-71EC-4860-AF5D-CE9E3352806D.jpeg",540,304,false]},"author_info":{"display_name":"Redacci\u00f3n QP","author_link":"https:\/\/quehacerpolitico.mx\/?author=2"},"category_info":"<a href=\"https:\/\/quehacerpolitico.mx\/?cat=1\" rel=\"category\">Internacionales<\/a>","tag_info":"Internacionales","comment_count":"0","_links":{"self":[{"href":"https:\/\/quehacerpolitico.mx\/index.php?rest_route=\/wp\/v2\/posts\/91185","targetHints":{"allow":["GET"]}}],"collection":[{"href":"https:\/\/quehacerpolitico.mx\/index.php?rest_route=\/wp\/v2\/posts"}],"about":[{"href":"https:\/\/quehacerpolitico.mx\/index.php?rest_route=\/wp\/v2\/types\/post"}],"author":[{"embeddable":true,"href":"https:\/\/quehacerpolitico.mx\/index.php?rest_route=\/wp\/v2\/users\/2"}],"replies":[{"embeddable":true,"href":"https:\/\/quehacerpolitico.mx\/index.php?rest_route=%2Fwp%2Fv2%2Fcomments&post=91185"}],"version-history":[{"count":1,"href":"https:\/\/quehacerpolitico.mx\/index.php?rest_route=\/wp\/v2\/posts\/91185\/revisions"}],"predecessor-version":[{"id":91187,"href":"https:\/\/quehacerpolitico.mx\/index.php?rest_route=\/wp\/v2\/posts\/91185\/revisions\/91187"}],"wp:featuredmedia":[{"embeddable":true,"href":"https:\/\/quehacerpolitico.mx\/index.php?rest_route=\/wp\/v2\/media\/91186"}],"wp:attachment":[{"href":"https:\/\/quehacerpolitico.mx\/index.php?rest_route=%2Fwp%2Fv2%2Fmedia&parent=91185"}],"wp:term":[{"taxonomy":"category","embeddable":true,"href":"https:\/\/quehacerpolitico.mx\/index.php?rest_route=%2Fwp%2Fv2%2Fcategories&post=91185"},{"taxonomy":"post_tag","embeddable":true,"href":"https:\/\/quehacerpolitico.mx\/index.php?rest_route=%2Fwp%2Fv2%2Ftags&post=91185"}],"curies":[{"name":"wp","href":"https:\/\/api.w.org\/{rel}","templated":true}]}}