{"id":91121,"date":"2022-03-29T15:06:28","date_gmt":"2022-03-29T15:06:28","guid":{"rendered":"https:\/\/quehacerpolitico.mx\/?p=91121"},"modified":"2022-03-29T15:06:32","modified_gmt":"2022-03-29T15:06:32","slug":"la-pandemia-ya-no-tiene-efecto-nocivo-de-hace-2-anos-amlo","status":"publish","type":"post","link":"https:\/\/quehacerpolitico.mx\/?p=91121","title":{"rendered":"La pandemia ya no tiene efecto nocivo de hace 2 a\u00f1os: AMLO"},"content":{"rendered":"\n<p>Por Redacci\u00f3n QP<\/p>\n\n\n\n<p>&#8220;Afortunadamente,\u00a0est\u00e1 bajando su intensidad, todav\u00eda hay pandemia, pero ya no tiene el mismo efecto nocivo que se registr\u00f3 en los \u00faltimos dos a\u00f1os&#8221;, declara\u00a0AMLO<\/p>\n\n\n\n<p>El Presidente\u00a0Andres Manuel Lopez Obrador (AMLO) asegur\u00f3 que\u00a0<strong>est\u00e1 a la baja la intensidad de la pandemia<\/strong>\u00a0de COVID-19 y ya no tiene el efecto nocivo de hace dos a\u00f1os.<\/p>\n\n\n\n<p><strong>&#8220;Afortunadamente,\u00a0est\u00e1 bajando su intensidad, todav\u00eda hay pandemia, pero ya no tiene el mismo efecto nocivo que se registr\u00f3 en los \u00faltimos dos a\u00f1os&#8221;<\/strong>, declar\u00f3 AMLO la ma\u00f1ana de este martes.<\/p>\n\n\n\n<figure class=\"wp-block-embed is-type-video is-provider-youtube wp-block-embed-youtube wp-embed-aspect-16-9 wp-has-aspect-ratio\"><div class=\"wp-block-embed__wrapper\">\n<iframe loading=\"lazy\" title=\"Asegura AMLO que la pandemia ya no tiene el efecto nocivo de hace dos a\u00f1os\" width=\"640\" height=\"360\" src=\"https:\/\/www.youtube.com\/embed\/A46arZDMgCI?feature=oembed\" frameborder=\"0\" allow=\"accelerometer; autoplay; clipboard-write; encrypted-media; gyroscope; picture-in-picture; web-share\" referrerpolicy=\"strict-origin-when-cross-origin\" allowfullscreen><\/iframe>\n<\/div><\/figure>\n\n\n\n<p>En conferencia de prensa \u201dma\u00f1anera\u201d en Palacio Nacional, L\u00f3pez Obrador destac\u00f3 que\u00a0<strong>se han reducido el n\u00famero de fallecidos<\/strong>.<\/p>\n\n\n\n<p>AMLO invit\u00f3 a la poblaci\u00f3n a participar en el Sorteo de la Loter\u00eda Nacional para ganar unos de los 200 lotes de la playa Esp\u00edritu en Sinaloa y autos de lujo asegurados al crimen.<\/p>\n\n\n\n<p>&#8220;Son 200 lotes, pero tambi\u00e9n unos carros de Lujos confiscados, Mercedes, para gente muy importante, hay gente que tienen carros buenos y les gustan lo merecen y lo han comprado con su trabajo honrado&#8221;.<\/p>\n\n\n\n<p>Con informaci\u00f3n de SUN<\/p>\n","protected":false},"excerpt":{"rendered":"<p>Por Redacci\u00f3n QP &#8220;Afortunadamente,\u00a0est\u00e1 bajando su intensidad, todav\u00eda hay pandemia, pero ya no tiene el&#8230;<\/p>\n","protected":false},"author":2,"featured_media":91122,"comment_status":"open","ping_status":"open","sticky":false,"template":"","format":"standard","meta":{"_monsterinsights_skip_tracking":false,"_monsterinsights_sitenote_active":false,"_monsterinsights_sitenote_note":"","_monsterinsights_sitenote_category":0,"footnotes":""},"categories":[2],"tags":[],"class_list":["post-91121","post","type-post","status-publish","format-standard","has-post-thumbnail","hentry","category-noticias"],"yoast_head":"<!-- This site is optimized with the Yoast SEO plugin v27.3 - https:\/\/yoast.com\/product\/yoast-seo-wordpress\/ -->\n<title>La pandemia ya no tiene efecto nocivo de hace 2 a\u00f1os: AMLO -<\/title>\n<meta name=\"robots\" content=\"index, follow, max-snippet:-1, max-image-preview:large, max-video-preview:-1\" \/>\n<link rel=\"canonical\" href=\"https:\/\/quehacerpolitico.mx\/?p=91121\" \/>\n<meta property=\"og:locale\" content=\"es_MX\" \/>\n<meta property=\"og:type\" content=\"article\" \/>\n<meta property=\"og:title\" content=\"La pandemia ya no tiene efecto nocivo de hace 2 a\u00f1os: AMLO -\" \/>\n<meta property=\"og:description\" content=\"Por Redacci\u00f3n QP &#8220;Afortunadamente,\u00a0est\u00e1 bajando su intensidad, todav\u00eda hay pandemia, pero ya no tiene el...\" \/>\n<meta property=\"og:url\" content=\"https:\/\/quehacerpolitico.mx\/?p=91121\" \/>\n<meta property=\"article:published_time\" content=\"2022-03-29T15:06:28+00:00\" \/>\n<meta property=\"article:modified_time\" content=\"2022-03-29T15:06:32+00:00\" \/>\n<meta property=\"og:image\" content=\"https:\/\/quehacerpolitico.mx\/wp-content\/uploads\/2022\/03\/D0D5DFFB-BEC4-4681-B364-1D7DE07889C8.jpeg\" \/>\n\t<meta property=\"og:image:width\" content=\"973\" \/>\n\t<meta property=\"og:image:height\" content=\"705\" \/>\n\t<meta property=\"og:image:type\" content=\"image\/jpeg\" \/>\n<meta name=\"author\" content=\"Redacci\u00f3n QP\" \/>\n<meta name=\"twitter:card\" content=\"summary_large_image\" \/>\n<meta name=\"twitter:label1\" content=\"Escrito por\" \/>\n\t<meta name=\"twitter:data1\" content=\"Redacci\u00f3n QP\" \/>\n\t<meta name=\"twitter:label2\" content=\"Tiempo de lectura\" \/>\n\t<meta name=\"twitter:data2\" content=\"1 minuto\" \/>\n<script type=\"application\/ld+json\" class=\"yoast-schema-graph\">{\"@context\":\"https:\\\/\\\/schema.org\",\"@graph\":[{\"@type\":\"Article\",\"@id\":\"https:\\\/\\\/quehacerpolitico.mx\\\/?p=91121#article\",\"isPartOf\":{\"@id\":\"https:\\\/\\\/quehacerpolitico.mx\\\/?p=91121\"},\"author\":{\"name\":\"Redacci\u00f3n QP\",\"@id\":\"https:\\\/\\\/quehacerpolitico.mx\\\/#\\\/schema\\\/person\\\/496d8ad2d1d3f8036101dca7ee39e585\"},\"headline\":\"La pandemia ya no tiene efecto nocivo de hace 2 a\u00f1os: AMLO\",\"datePublished\":\"2022-03-29T15:06:28+00:00\",\"dateModified\":\"2022-03-29T15:06:32+00:00\",\"mainEntityOfPage\":{\"@id\":\"https:\\\/\\\/quehacerpolitico.mx\\\/?p=91121\"},\"wordCount\":212,\"commentCount\":0,\"image\":{\"@id\":\"https:\\\/\\\/quehacerpolitico.mx\\\/?p=91121#primaryimage\"},\"thumbnailUrl\":\"https:\\\/\\\/quehacerpolitico.mx\\\/wp-content\\\/uploads\\\/2022\\\/03\\\/D0D5DFFB-BEC4-4681-B364-1D7DE07889C8.jpeg\",\"articleSection\":[\"Noticias\"],\"inLanguage\":\"es\",\"potentialAction\":[{\"@type\":\"CommentAction\",\"name\":\"Comment\",\"target\":[\"https:\\\/\\\/quehacerpolitico.mx\\\/?p=91121#respond\"]}]},{\"@type\":\"WebPage\",\"@id\":\"https:\\\/\\\/quehacerpolitico.mx\\\/?p=91121\",\"url\":\"https:\\\/\\\/quehacerpolitico.mx\\\/?p=91121\",\"name\":\"La pandemia ya no tiene efecto nocivo de hace 2 a\u00f1os: AMLO -\",\"isPartOf\":{\"@id\":\"https:\\\/\\\/quehacerpolitico.mx\\\/#website\"},\"primaryImageOfPage\":{\"@id\":\"https:\\\/\\\/quehacerpolitico.mx\\\/?p=91121#primaryimage\"},\"image\":{\"@id\":\"https:\\\/\\\/quehacerpolitico.mx\\\/?p=91121#primaryimage\"},\"thumbnailUrl\":\"https:\\\/\\\/quehacerpolitico.mx\\\/wp-content\\\/uploads\\\/2022\\\/03\\\/D0D5DFFB-BEC4-4681-B364-1D7DE07889C8.jpeg\",\"datePublished\":\"2022-03-29T15:06:28+00:00\",\"dateModified\":\"2022-03-29T15:06:32+00:00\",\"author\":{\"@id\":\"https:\\\/\\\/quehacerpolitico.mx\\\/#\\\/schema\\\/person\\\/496d8ad2d1d3f8036101dca7ee39e585\"},\"breadcrumb\":{\"@id\":\"https:\\\/\\\/quehacerpolitico.mx\\\/?p=91121#breadcrumb\"},\"inLanguage\":\"es\",\"potentialAction\":[{\"@type\":\"ReadAction\",\"target\":[\"https:\\\/\\\/quehacerpolitico.mx\\\/?p=91121\"]}]},{\"@type\":\"ImageObject\",\"inLanguage\":\"es\",\"@id\":\"https:\\\/\\\/quehacerpolitico.mx\\\/?p=91121#primaryimage\",\"url\":\"https:\\\/\\\/quehacerpolitico.mx\\\/wp-content\\\/uploads\\\/2022\\\/03\\\/D0D5DFFB-BEC4-4681-B364-1D7DE07889C8.jpeg\",\"contentUrl\":\"https:\\\/\\\/quehacerpolitico.mx\\\/wp-content\\\/uploads\\\/2022\\\/03\\\/D0D5DFFB-BEC4-4681-B364-1D7DE07889C8.jpeg\",\"width\":973,\"height\":705},{\"@type\":\"BreadcrumbList\",\"@id\":\"https:\\\/\\\/quehacerpolitico.mx\\\/?p=91121#breadcrumb\",\"itemListElement\":[{\"@type\":\"ListItem\",\"position\":1,\"name\":\"Inicio\",\"item\":\"https:\\\/\\\/quehacerpolitico.mx\\\/\"},{\"@type\":\"ListItem\",\"position\":2,\"name\":\"La pandemia ya no tiene efecto nocivo de hace 2 a\u00f1os: AMLO\"}]},{\"@type\":\"WebSite\",\"@id\":\"https:\\\/\\\/quehacerpolitico.mx\\\/#website\",\"url\":\"https:\\\/\\\/quehacerpolitico.mx\\\/\",\"name\":\"\",\"description\":\"\",\"potentialAction\":[{\"@type\":\"SearchAction\",\"target\":{\"@type\":\"EntryPoint\",\"urlTemplate\":\"https:\\\/\\\/quehacerpolitico.mx\\\/?s={search_term_string}\"},\"query-input\":{\"@type\":\"PropertyValueSpecification\",\"valueRequired\":true,\"valueName\":\"search_term_string\"}}],\"inLanguage\":\"es\"},{\"@type\":\"Person\",\"@id\":\"https:\\\/\\\/quehacerpolitico.mx\\\/#\\\/schema\\\/person\\\/496d8ad2d1d3f8036101dca7ee39e585\",\"name\":\"Redacci\u00f3n QP\",\"image\":{\"@type\":\"ImageObject\",\"inLanguage\":\"es\",\"@id\":\"https:\\\/\\\/secure.gravatar.com\\\/avatar\\\/c7164ed6fdec453195284ad24a5ae5b6e1eed2b848477fa2a4787ba9adf39a41?s=96&d=mm&r=g\",\"url\":\"https:\\\/\\\/secure.gravatar.com\\\/avatar\\\/c7164ed6fdec453195284ad24a5ae5b6e1eed2b848477fa2a4787ba9adf39a41?s=96&d=mm&r=g\",\"contentUrl\":\"https:\\\/\\\/secure.gravatar.com\\\/avatar\\\/c7164ed6fdec453195284ad24a5ae5b6e1eed2b848477fa2a4787ba9adf39a41?s=96&d=mm&r=g\",\"caption\":\"Redacci\u00f3n QP\"},\"url\":\"https:\\\/\\\/quehacerpolitico.mx\\\/?author=2\"}]}<\/script>\n<!-- \/ Yoast SEO plugin. -->","yoast_head_json":{"title":"La pandemia ya no tiene efecto nocivo de hace 2 a\u00f1os: AMLO -","robots":{"index":"index","follow":"follow","max-snippet":"max-snippet:-1","max-image-preview":"max-image-preview:large","max-video-preview":"max-video-preview:-1"},"canonical":"https:\/\/quehacerpolitico.mx\/?p=91121","og_locale":"es_MX","og_type":"article","og_title":"La pandemia ya no tiene efecto nocivo de hace 2 a\u00f1os: AMLO -","og_description":"Por Redacci\u00f3n QP &#8220;Afortunadamente,\u00a0est\u00e1 bajando su intensidad, todav\u00eda hay pandemia, pero ya no tiene el...","og_url":"https:\/\/quehacerpolitico.mx\/?p=91121","article_published_time":"2022-03-29T15:06:28+00:00","article_modified_time":"2022-03-29T15:06:32+00:00","og_image":[{"width":973,"height":705,"url":"https:\/\/quehacerpolitico.mx\/wp-content\/uploads\/2022\/03\/D0D5DFFB-BEC4-4681-B364-1D7DE07889C8.jpeg","type":"image\/jpeg"}],"author":"Redacci\u00f3n QP","twitter_card":"summary_large_image","twitter_misc":{"Escrito por":"Redacci\u00f3n QP","Tiempo de lectura":"1 minuto"},"schema":{"@context":"https:\/\/schema.org","@graph":[{"@type":"Article","@id":"https:\/\/quehacerpolitico.mx\/?p=91121#article","isPartOf":{"@id":"https:\/\/quehacerpolitico.mx\/?p=91121"},"author":{"name":"Redacci\u00f3n QP","@id":"https:\/\/quehacerpolitico.mx\/#\/schema\/person\/496d8ad2d1d3f8036101dca7ee39e585"},"headline":"La pandemia ya no tiene efecto nocivo de hace 2 a\u00f1os: AMLO","datePublished":"2022-03-29T15:06:28+00:00","dateModified":"2022-03-29T15:06:32+00:00","mainEntityOfPage":{"@id":"https:\/\/quehacerpolitico.mx\/?p=91121"},"wordCount":212,"commentCount":0,"image":{"@id":"https:\/\/quehacerpolitico.mx\/?p=91121#primaryimage"},"thumbnailUrl":"https:\/\/quehacerpolitico.mx\/wp-content\/uploads\/2022\/03\/D0D5DFFB-BEC4-4681-B364-1D7DE07889C8.jpeg","articleSection":["Noticias"],"inLanguage":"es","potentialAction":[{"@type":"CommentAction","name":"Comment","target":["https:\/\/quehacerpolitico.mx\/?p=91121#respond"]}]},{"@type":"WebPage","@id":"https:\/\/quehacerpolitico.mx\/?p=91121","url":"https:\/\/quehacerpolitico.mx\/?p=91121","name":"La pandemia ya no tiene efecto nocivo de hace 2 a\u00f1os: AMLO -","isPartOf":{"@id":"https:\/\/quehacerpolitico.mx\/#website"},"primaryImageOfPage":{"@id":"https:\/\/quehacerpolitico.mx\/?p=91121#primaryimage"},"image":{"@id":"https:\/\/quehacerpolitico.mx\/?p=91121#primaryimage"},"thumbnailUrl":"https:\/\/quehacerpolitico.mx\/wp-content\/uploads\/2022\/03\/D0D5DFFB-BEC4-4681-B364-1D7DE07889C8.jpeg","datePublished":"2022-03-29T15:06:28+00:00","dateModified":"2022-03-29T15:06:32+00:00","author":{"@id":"https:\/\/quehacerpolitico.mx\/#\/schema\/person\/496d8ad2d1d3f8036101dca7ee39e585"},"breadcrumb":{"@id":"https:\/\/quehacerpolitico.mx\/?p=91121#breadcrumb"},"inLanguage":"es","potentialAction":[{"@type":"ReadAction","target":["https:\/\/quehacerpolitico.mx\/?p=91121"]}]},{"@type":"ImageObject","inLanguage":"es","@id":"https:\/\/quehacerpolitico.mx\/?p=91121#primaryimage","url":"https:\/\/quehacerpolitico.mx\/wp-content\/uploads\/2022\/03\/D0D5DFFB-BEC4-4681-B364-1D7DE07889C8.jpeg","contentUrl":"https:\/\/quehacerpolitico.mx\/wp-content\/uploads\/2022\/03\/D0D5DFFB-BEC4-4681-B364-1D7DE07889C8.jpeg","width":973,"height":705},{"@type":"BreadcrumbList","@id":"https:\/\/quehacerpolitico.mx\/?p=91121#breadcrumb","itemListElement":[{"@type":"ListItem","position":1,"name":"Inicio","item":"https:\/\/quehacerpolitico.mx\/"},{"@type":"ListItem","position":2,"name":"La pandemia ya no tiene efecto nocivo de hace 2 a\u00f1os: AMLO"}]},{"@type":"WebSite","@id":"https:\/\/quehacerpolitico.mx\/#website","url":"https:\/\/quehacerpolitico.mx\/","name":"","description":"","potentialAction":[{"@type":"SearchAction","target":{"@type":"EntryPoint","urlTemplate":"https:\/\/quehacerpolitico.mx\/?s={search_term_string}"},"query-input":{"@type":"PropertyValueSpecification","valueRequired":true,"valueName":"search_term_string"}}],"inLanguage":"es"},{"@type":"Person","@id":"https:\/\/quehacerpolitico.mx\/#\/schema\/person\/496d8ad2d1d3f8036101dca7ee39e585","name":"Redacci\u00f3n QP","image":{"@type":"ImageObject","inLanguage":"es","@id":"https:\/\/secure.gravatar.com\/avatar\/c7164ed6fdec453195284ad24a5ae5b6e1eed2b848477fa2a4787ba9adf39a41?s=96&d=mm&r=g","url":"https:\/\/secure.gravatar.com\/avatar\/c7164ed6fdec453195284ad24a5ae5b6e1eed2b848477fa2a4787ba9adf39a41?s=96&d=mm&r=g","contentUrl":"https:\/\/secure.gravatar.com\/avatar\/c7164ed6fdec453195284ad24a5ae5b6e1eed2b848477fa2a4787ba9adf39a41?s=96&d=mm&r=g","caption":"Redacci\u00f3n QP"},"url":"https:\/\/quehacerpolitico.mx\/?author=2"}]}},"featured_image_urls":{"full":["https:\/\/quehacerpolitico.mx\/wp-content\/uploads\/2022\/03\/D0D5DFFB-BEC4-4681-B364-1D7DE07889C8.jpeg",973,705,false],"thumbnail":["https:\/\/quehacerpolitico.mx\/wp-content\/uploads\/2022\/03\/D0D5DFFB-BEC4-4681-B364-1D7DE07889C8-150x150.jpeg",150,150,true],"medium":["https:\/\/quehacerpolitico.mx\/wp-content\/uploads\/2022\/03\/D0D5DFFB-BEC4-4681-B364-1D7DE07889C8-300x217.jpeg",300,217,true],"medium_large":["https:\/\/quehacerpolitico.mx\/wp-content\/uploads\/2022\/03\/D0D5DFFB-BEC4-4681-B364-1D7DE07889C8-768x556.jpeg",640,463,true],"large":["https:\/\/quehacerpolitico.mx\/wp-content\/uploads\/2022\/03\/D0D5DFFB-BEC4-4681-B364-1D7DE07889C8.jpeg",640,464,false],"1536x1536":["https:\/\/quehacerpolitico.mx\/wp-content\/uploads\/2022\/03\/D0D5DFFB-BEC4-4681-B364-1D7DE07889C8.jpeg",973,705,false],"2048x2048":["https:\/\/quehacerpolitico.mx\/wp-content\/uploads\/2022\/03\/D0D5DFFB-BEC4-4681-B364-1D7DE07889C8.jpeg",973,705,false],"covernews-featured":["https:\/\/quehacerpolitico.mx\/wp-content\/uploads\/2022\/03\/D0D5DFFB-BEC4-4681-B364-1D7DE07889C8.jpeg",973,705,false],"covernews-medium":["https:\/\/quehacerpolitico.mx\/wp-content\/uploads\/2022\/03\/D0D5DFFB-BEC4-4681-B364-1D7DE07889C8.jpeg",469,340,false]},"author_info":{"display_name":"Redacci\u00f3n QP","author_link":"https:\/\/quehacerpolitico.mx\/?author=2"},"category_info":"<a href=\"https:\/\/quehacerpolitico.mx\/?cat=2\" rel=\"category\">Noticias<\/a>","tag_info":"Noticias","comment_count":"0","_links":{"self":[{"href":"https:\/\/quehacerpolitico.mx\/index.php?rest_route=\/wp\/v2\/posts\/91121","targetHints":{"allow":["GET"]}}],"collection":[{"href":"https:\/\/quehacerpolitico.mx\/index.php?rest_route=\/wp\/v2\/posts"}],"about":[{"href":"https:\/\/quehacerpolitico.mx\/index.php?rest_route=\/wp\/v2\/types\/post"}],"author":[{"embeddable":true,"href":"https:\/\/quehacerpolitico.mx\/index.php?rest_route=\/wp\/v2\/users\/2"}],"replies":[{"embeddable":true,"href":"https:\/\/quehacerpolitico.mx\/index.php?rest_route=%2Fwp%2Fv2%2Fcomments&post=91121"}],"version-history":[{"count":1,"href":"https:\/\/quehacerpolitico.mx\/index.php?rest_route=\/wp\/v2\/posts\/91121\/revisions"}],"predecessor-version":[{"id":91123,"href":"https:\/\/quehacerpolitico.mx\/index.php?rest_route=\/wp\/v2\/posts\/91121\/revisions\/91123"}],"wp:featuredmedia":[{"embeddable":true,"href":"https:\/\/quehacerpolitico.mx\/index.php?rest_route=\/wp\/v2\/media\/91122"}],"wp:attachment":[{"href":"https:\/\/quehacerpolitico.mx\/index.php?rest_route=%2Fwp%2Fv2%2Fmedia&parent=91121"}],"wp:term":[{"taxonomy":"category","embeddable":true,"href":"https:\/\/quehacerpolitico.mx\/index.php?rest_route=%2Fwp%2Fv2%2Fcategories&post=91121"},{"taxonomy":"post_tag","embeddable":true,"href":"https:\/\/quehacerpolitico.mx\/index.php?rest_route=%2Fwp%2Fv2%2Ftags&post=91121"}],"curies":[{"name":"wp","href":"https:\/\/api.w.org\/{rel}","templated":true}]}}