{"id":91118,"date":"2022-03-29T14:30:44","date_gmt":"2022-03-29T14:30:44","guid":{"rendered":"https:\/\/quehacerpolitico.mx\/?p=91118"},"modified":"2022-03-29T14:30:47","modified_gmt":"2022-03-29T14:30:47","slug":"las-marchas-o-manifestaciones-para-este-martes-29-de-marzo-se-realizaran-6-en-la-cdmx","status":"publish","type":"post","link":"https:\/\/quehacerpolitico.mx\/?p=91118","title":{"rendered":"Las Marchas o manifestaciones para este martes 29 de marzo se realizar\u00e1n 6 en la CdMx"},"content":{"rendered":"\n<p>Por Redacci\u00f3n QP<\/p>\n\n\n\n<p>Este martes 29 de marzo se esperan 8 concentraciones-marchas a lo largo del d\u00eda en distintos puntos de la Ciudad de M\u00e9xico. Aqu\u00ed te decimos d\u00f3nde, para que tomes precauciones.<\/p>\n\n\n\n<p>De acuerdo con el Centro de Comando, Control, C\u00f3mputo, Comunicaciones y Contacto Ciudadano de la Ciudad de M\u00e9xico (C5) este\u00a0<strong>29 de marzo\u00a0<\/strong>se esperan\u00a0<strong>6 marchas y concentraciones\u00a0<\/strong>a lo largo del d\u00eda, las cuales podr\u00edan afectar la circulaci\u00f3n en vialidades de la capital.<\/p>\n\n\n\n<p>Durante el d\u00eda se tienen previstas una en la alcald\u00eda\u00a0<strong>Cuauht\u00e9moc<\/strong>, una la alcald\u00eda\u00a0<strong>Miguel Hidalgo<\/strong>, una en\u00a0<strong>Iztapalapa<\/strong>, una en\u00a0<strong>Venustiano Carranza<\/strong>, una en\u00a0<strong>Gustavo A. Mafero\u00a0<\/strong>y una m\u00e1s en\u00a0<strong>Benito Ju\u00e1rez.<\/strong><\/p>\n\n\n\n<figure class=\"wp-block-embed is-type-rich is-provider-twitter wp-block-embed-twitter\"><div class=\"wp-block-embed__wrapper\">\n<blockquote class=\"twitter-tweet\" data-width=\"550\" data-dnt=\"true\"><p lang=\"es\" dir=\"ltr\">\u26a0\ufe0f\ud83d\udce2Te compartimos las movilizaciones sociales previstas para este d\u00eda en la CDMX.<a href=\"https:\/\/twitter.com\/hashtag\/MovilidadCDMX?src=hash&amp;ref_src=twsrc%5Etfw\">#MovilidadCDMX<\/a> <a href=\"https:\/\/twitter.com\/hashtag\/C5?src=hash&amp;ref_src=twsrc%5Etfw\">#C5<\/a> <a href=\"https:\/\/t.co\/e14V3KaQvi\">pic.twitter.com\/e14V3KaQvi<\/a><\/p>&mdash; C5 CDMX (@C5_CDMX) <a href=\"https:\/\/twitter.com\/C5_CDMX\/status\/1508778041958273034?ref_src=twsrc%5Etfw\">March 29, 2022<\/a><\/blockquote><script async src=\"https:\/\/platform.twitter.com\/widgets.js\" charset=\"utf-8\"><\/script>\n<\/div><\/figure>\n\n\n\n<h3 class=\"wp-block-heading\">Alcald\u00eda Miguel Hidalgo<\/h3>\n\n\n\n<h3 class=\"wp-block-heading\"><\/h3>\n\n\n\n<p>09:00 &#8211; Concentraci\u00f3n-Marcha en avenida Paseo de la Reforma, colonia Polanco, rumbo a Paseo de la Reforma y Florencia, colonia Ju\u00e1rez.<\/p>\n\n\n\n<h3 class=\"wp-block-heading\"><strong>Alcald\u00eda Iztapalapa<\/strong><\/h3>\n\n\n\n<h3 class=\"wp-block-heading\"><\/h3>\n\n\n\n<p>09:00 Concentraci\u00f3n en avenida Paseo de la Reforma, colonia Lomas de San Lorenzo.&nbsp;<\/p>\n\n\n\n<h3 class=\"wp-block-heading\"><\/h3>\n\n\n\n<h3 class=\"wp-block-heading\"><strong>Alcald\u00eda Venustiano Carranza<\/strong><\/h3>\n\n\n\n<p>10:00 Concentraci\u00f3n en avenida Emiliano Zapata, colonia 10 de mayo.<\/p>\n\n\n\n<h3 class=\"wp-block-heading\"><strong>Alcald\u00eda Gustavo A. Madero<\/strong><\/h3>\n\n\n\n<h3 class=\"wp-block-heading\"><\/h3>\n\n\n\n<p>12:00 Concentraci\u00f3n en Wilfrido Massieu, colonia Nueva Industrial Vallejo.<\/p>\n\n\n\n<h3 class=\"wp-block-heading\"><strong>Alcald\u00eda Benito Ju\u00e1rez<\/strong><\/h3>\n\n\n\n<h3 class=\"wp-block-heading\"><\/h3>\n\n\n\n<p>17:00 Concentraci\u00f3n &#8211; Marcha en avenida Insurgentes Sur, colonia Extremadura Insurgentes, rumbo a avenida Insurgentes Sur, colonia Del Valle Centro.<\/p>\n\n\n\n<h3 class=\"wp-block-heading\"><strong>Alcald\u00eda Cuauht\u00e9moc<\/strong><\/h3>\n\n\n\n<h3 class=\"wp-block-heading\"><\/h3>\n\n\n\n<p>Durante el d\u00eda: Concentraci\u00f3n en Abraham Gonz\u00e1lez, colonia Ju\u00e1rez,<\/p>\n","protected":false},"excerpt":{"rendered":"<p>Por Redacci\u00f3n QP Este martes 29 de marzo se esperan 8 concentraciones-marchas a lo largo&#8230;<\/p>\n","protected":false},"author":2,"featured_media":91119,"comment_status":"open","ping_status":"open","sticky":false,"template":"","format":"standard","meta":{"_monsterinsights_skip_tracking":false,"_monsterinsights_sitenote_active":false,"_monsterinsights_sitenote_note":"","_monsterinsights_sitenote_category":0,"footnotes":""},"categories":[55],"tags":[],"class_list":["post-91118","post","type-post","status-publish","format-standard","has-post-thumbnail","hentry","category-cdmx"],"yoast_head":"<!-- This site is optimized with the Yoast SEO plugin v27.3 - https:\/\/yoast.com\/product\/yoast-seo-wordpress\/ -->\n<title>Las Marchas o manifestaciones para este martes 29 de marzo se realizar\u00e1n 6 en la CdMx -<\/title>\n<meta name=\"robots\" content=\"index, follow, max-snippet:-1, max-image-preview:large, max-video-preview:-1\" \/>\n<link rel=\"canonical\" href=\"https:\/\/quehacerpolitico.mx\/?p=91118\" \/>\n<meta property=\"og:locale\" content=\"es_MX\" \/>\n<meta property=\"og:type\" content=\"article\" \/>\n<meta property=\"og:title\" content=\"Las Marchas o manifestaciones para este martes 29 de marzo se realizar\u00e1n 6 en la CdMx -\" \/>\n<meta property=\"og:description\" content=\"Por Redacci\u00f3n QP Este martes 29 de marzo se esperan 8 concentraciones-marchas a lo largo...\" \/>\n<meta property=\"og:url\" content=\"https:\/\/quehacerpolitico.mx\/?p=91118\" \/>\n<meta property=\"article:published_time\" content=\"2022-03-29T14:30:44+00:00\" \/>\n<meta property=\"article:modified_time\" content=\"2022-03-29T14:30:47+00:00\" \/>\n<meta property=\"og:image\" content=\"https:\/\/quehacerpolitico.mx\/wp-content\/uploads\/2022\/03\/F6EF08C8-00D4-4BC9-B157-B9A7B3C4458D.jpeg\" \/>\n\t<meta property=\"og:image:width\" content=\"738\" \/>\n\t<meta property=\"og:image:height\" content=\"416\" \/>\n\t<meta property=\"og:image:type\" content=\"image\/jpeg\" \/>\n<meta name=\"author\" content=\"Redacci\u00f3n QP\" \/>\n<meta name=\"twitter:card\" content=\"summary_large_image\" \/>\n<meta name=\"twitter:label1\" content=\"Escrito por\" \/>\n\t<meta name=\"twitter:data1\" content=\"Redacci\u00f3n QP\" \/>\n\t<meta name=\"twitter:label2\" content=\"Tiempo de lectura\" \/>\n\t<meta name=\"twitter:data2\" content=\"1 minuto\" \/>\n<script type=\"application\/ld+json\" class=\"yoast-schema-graph\">{\"@context\":\"https:\\\/\\\/schema.org\",\"@graph\":[{\"@type\":\"Article\",\"@id\":\"https:\\\/\\\/quehacerpolitico.mx\\\/?p=91118#article\",\"isPartOf\":{\"@id\":\"https:\\\/\\\/quehacerpolitico.mx\\\/?p=91118\"},\"author\":{\"name\":\"Redacci\u00f3n QP\",\"@id\":\"https:\\\/\\\/quehacerpolitico.mx\\\/#\\\/schema\\\/person\\\/496d8ad2d1d3f8036101dca7ee39e585\"},\"headline\":\"Las Marchas o manifestaciones para este martes 29 de marzo se realizar\u00e1n 6 en la CdMx\",\"datePublished\":\"2022-03-29T14:30:44+00:00\",\"dateModified\":\"2022-03-29T14:30:47+00:00\",\"mainEntityOfPage\":{\"@id\":\"https:\\\/\\\/quehacerpolitico.mx\\\/?p=91118\"},\"wordCount\":262,\"commentCount\":0,\"image\":{\"@id\":\"https:\\\/\\\/quehacerpolitico.mx\\\/?p=91118#primaryimage\"},\"thumbnailUrl\":\"https:\\\/\\\/quehacerpolitico.mx\\\/wp-content\\\/uploads\\\/2022\\\/03\\\/F6EF08C8-00D4-4BC9-B157-B9A7B3C4458D.jpeg\",\"articleSection\":[\"CDMX\"],\"inLanguage\":\"es\",\"potentialAction\":[{\"@type\":\"CommentAction\",\"name\":\"Comment\",\"target\":[\"https:\\\/\\\/quehacerpolitico.mx\\\/?p=91118#respond\"]}]},{\"@type\":\"WebPage\",\"@id\":\"https:\\\/\\\/quehacerpolitico.mx\\\/?p=91118\",\"url\":\"https:\\\/\\\/quehacerpolitico.mx\\\/?p=91118\",\"name\":\"Las Marchas o manifestaciones para este martes 29 de marzo se realizar\u00e1n 6 en la CdMx -\",\"isPartOf\":{\"@id\":\"https:\\\/\\\/quehacerpolitico.mx\\\/#website\"},\"primaryImageOfPage\":{\"@id\":\"https:\\\/\\\/quehacerpolitico.mx\\\/?p=91118#primaryimage\"},\"image\":{\"@id\":\"https:\\\/\\\/quehacerpolitico.mx\\\/?p=91118#primaryimage\"},\"thumbnailUrl\":\"https:\\\/\\\/quehacerpolitico.mx\\\/wp-content\\\/uploads\\\/2022\\\/03\\\/F6EF08C8-00D4-4BC9-B157-B9A7B3C4458D.jpeg\",\"datePublished\":\"2022-03-29T14:30:44+00:00\",\"dateModified\":\"2022-03-29T14:30:47+00:00\",\"author\":{\"@id\":\"https:\\\/\\\/quehacerpolitico.mx\\\/#\\\/schema\\\/person\\\/496d8ad2d1d3f8036101dca7ee39e585\"},\"breadcrumb\":{\"@id\":\"https:\\\/\\\/quehacerpolitico.mx\\\/?p=91118#breadcrumb\"},\"inLanguage\":\"es\",\"potentialAction\":[{\"@type\":\"ReadAction\",\"target\":[\"https:\\\/\\\/quehacerpolitico.mx\\\/?p=91118\"]}]},{\"@type\":\"ImageObject\",\"inLanguage\":\"es\",\"@id\":\"https:\\\/\\\/quehacerpolitico.mx\\\/?p=91118#primaryimage\",\"url\":\"https:\\\/\\\/quehacerpolitico.mx\\\/wp-content\\\/uploads\\\/2022\\\/03\\\/F6EF08C8-00D4-4BC9-B157-B9A7B3C4458D.jpeg\",\"contentUrl\":\"https:\\\/\\\/quehacerpolitico.mx\\\/wp-content\\\/uploads\\\/2022\\\/03\\\/F6EF08C8-00D4-4BC9-B157-B9A7B3C4458D.jpeg\",\"width\":738,\"height\":416},{\"@type\":\"BreadcrumbList\",\"@id\":\"https:\\\/\\\/quehacerpolitico.mx\\\/?p=91118#breadcrumb\",\"itemListElement\":[{\"@type\":\"ListItem\",\"position\":1,\"name\":\"Inicio\",\"item\":\"https:\\\/\\\/quehacerpolitico.mx\\\/\"},{\"@type\":\"ListItem\",\"position\":2,\"name\":\"Las Marchas o manifestaciones para este martes 29 de marzo se realizar\u00e1n 6 en la CdMx\"}]},{\"@type\":\"WebSite\",\"@id\":\"https:\\\/\\\/quehacerpolitico.mx\\\/#website\",\"url\":\"https:\\\/\\\/quehacerpolitico.mx\\\/\",\"name\":\"\",\"description\":\"\",\"potentialAction\":[{\"@type\":\"SearchAction\",\"target\":{\"@type\":\"EntryPoint\",\"urlTemplate\":\"https:\\\/\\\/quehacerpolitico.mx\\\/?s={search_term_string}\"},\"query-input\":{\"@type\":\"PropertyValueSpecification\",\"valueRequired\":true,\"valueName\":\"search_term_string\"}}],\"inLanguage\":\"es\"},{\"@type\":\"Person\",\"@id\":\"https:\\\/\\\/quehacerpolitico.mx\\\/#\\\/schema\\\/person\\\/496d8ad2d1d3f8036101dca7ee39e585\",\"name\":\"Redacci\u00f3n QP\",\"image\":{\"@type\":\"ImageObject\",\"inLanguage\":\"es\",\"@id\":\"https:\\\/\\\/secure.gravatar.com\\\/avatar\\\/c7164ed6fdec453195284ad24a5ae5b6e1eed2b848477fa2a4787ba9adf39a41?s=96&d=mm&r=g\",\"url\":\"https:\\\/\\\/secure.gravatar.com\\\/avatar\\\/c7164ed6fdec453195284ad24a5ae5b6e1eed2b848477fa2a4787ba9adf39a41?s=96&d=mm&r=g\",\"contentUrl\":\"https:\\\/\\\/secure.gravatar.com\\\/avatar\\\/c7164ed6fdec453195284ad24a5ae5b6e1eed2b848477fa2a4787ba9adf39a41?s=96&d=mm&r=g\",\"caption\":\"Redacci\u00f3n QP\"},\"url\":\"https:\\\/\\\/quehacerpolitico.mx\\\/?author=2\"}]}<\/script>\n<!-- \/ Yoast SEO plugin. -->","yoast_head_json":{"title":"Las Marchas o manifestaciones para este martes 29 de marzo se realizar\u00e1n 6 en la CdMx -","robots":{"index":"index","follow":"follow","max-snippet":"max-snippet:-1","max-image-preview":"max-image-preview:large","max-video-preview":"max-video-preview:-1"},"canonical":"https:\/\/quehacerpolitico.mx\/?p=91118","og_locale":"es_MX","og_type":"article","og_title":"Las Marchas o manifestaciones para este martes 29 de marzo se realizar\u00e1n 6 en la CdMx -","og_description":"Por Redacci\u00f3n QP Este martes 29 de marzo se esperan 8 concentraciones-marchas a lo largo...","og_url":"https:\/\/quehacerpolitico.mx\/?p=91118","article_published_time":"2022-03-29T14:30:44+00:00","article_modified_time":"2022-03-29T14:30:47+00:00","og_image":[{"width":738,"height":416,"url":"https:\/\/quehacerpolitico.mx\/wp-content\/uploads\/2022\/03\/F6EF08C8-00D4-4BC9-B157-B9A7B3C4458D.jpeg","type":"image\/jpeg"}],"author":"Redacci\u00f3n QP","twitter_card":"summary_large_image","twitter_misc":{"Escrito por":"Redacci\u00f3n QP","Tiempo de lectura":"1 minuto"},"schema":{"@context":"https:\/\/schema.org","@graph":[{"@type":"Article","@id":"https:\/\/quehacerpolitico.mx\/?p=91118#article","isPartOf":{"@id":"https:\/\/quehacerpolitico.mx\/?p=91118"},"author":{"name":"Redacci\u00f3n QP","@id":"https:\/\/quehacerpolitico.mx\/#\/schema\/person\/496d8ad2d1d3f8036101dca7ee39e585"},"headline":"Las Marchas o manifestaciones para este martes 29 de marzo se realizar\u00e1n 6 en la CdMx","datePublished":"2022-03-29T14:30:44+00:00","dateModified":"2022-03-29T14:30:47+00:00","mainEntityOfPage":{"@id":"https:\/\/quehacerpolitico.mx\/?p=91118"},"wordCount":262,"commentCount":0,"image":{"@id":"https:\/\/quehacerpolitico.mx\/?p=91118#primaryimage"},"thumbnailUrl":"https:\/\/quehacerpolitico.mx\/wp-content\/uploads\/2022\/03\/F6EF08C8-00D4-4BC9-B157-B9A7B3C4458D.jpeg","articleSection":["CDMX"],"inLanguage":"es","potentialAction":[{"@type":"CommentAction","name":"Comment","target":["https:\/\/quehacerpolitico.mx\/?p=91118#respond"]}]},{"@type":"WebPage","@id":"https:\/\/quehacerpolitico.mx\/?p=91118","url":"https:\/\/quehacerpolitico.mx\/?p=91118","name":"Las Marchas o manifestaciones para este martes 29 de marzo se realizar\u00e1n 6 en la CdMx -","isPartOf":{"@id":"https:\/\/quehacerpolitico.mx\/#website"},"primaryImageOfPage":{"@id":"https:\/\/quehacerpolitico.mx\/?p=91118#primaryimage"},"image":{"@id":"https:\/\/quehacerpolitico.mx\/?p=91118#primaryimage"},"thumbnailUrl":"https:\/\/quehacerpolitico.mx\/wp-content\/uploads\/2022\/03\/F6EF08C8-00D4-4BC9-B157-B9A7B3C4458D.jpeg","datePublished":"2022-03-29T14:30:44+00:00","dateModified":"2022-03-29T14:30:47+00:00","author":{"@id":"https:\/\/quehacerpolitico.mx\/#\/schema\/person\/496d8ad2d1d3f8036101dca7ee39e585"},"breadcrumb":{"@id":"https:\/\/quehacerpolitico.mx\/?p=91118#breadcrumb"},"inLanguage":"es","potentialAction":[{"@type":"ReadAction","target":["https:\/\/quehacerpolitico.mx\/?p=91118"]}]},{"@type":"ImageObject","inLanguage":"es","@id":"https:\/\/quehacerpolitico.mx\/?p=91118#primaryimage","url":"https:\/\/quehacerpolitico.mx\/wp-content\/uploads\/2022\/03\/F6EF08C8-00D4-4BC9-B157-B9A7B3C4458D.jpeg","contentUrl":"https:\/\/quehacerpolitico.mx\/wp-content\/uploads\/2022\/03\/F6EF08C8-00D4-4BC9-B157-B9A7B3C4458D.jpeg","width":738,"height":416},{"@type":"BreadcrumbList","@id":"https:\/\/quehacerpolitico.mx\/?p=91118#breadcrumb","itemListElement":[{"@type":"ListItem","position":1,"name":"Inicio","item":"https:\/\/quehacerpolitico.mx\/"},{"@type":"ListItem","position":2,"name":"Las Marchas o manifestaciones para este martes 29 de marzo se realizar\u00e1n 6 en la CdMx"}]},{"@type":"WebSite","@id":"https:\/\/quehacerpolitico.mx\/#website","url":"https:\/\/quehacerpolitico.mx\/","name":"","description":"","potentialAction":[{"@type":"SearchAction","target":{"@type":"EntryPoint","urlTemplate":"https:\/\/quehacerpolitico.mx\/?s={search_term_string}"},"query-input":{"@type":"PropertyValueSpecification","valueRequired":true,"valueName":"search_term_string"}}],"inLanguage":"es"},{"@type":"Person","@id":"https:\/\/quehacerpolitico.mx\/#\/schema\/person\/496d8ad2d1d3f8036101dca7ee39e585","name":"Redacci\u00f3n QP","image":{"@type":"ImageObject","inLanguage":"es","@id":"https:\/\/secure.gravatar.com\/avatar\/c7164ed6fdec453195284ad24a5ae5b6e1eed2b848477fa2a4787ba9adf39a41?s=96&d=mm&r=g","url":"https:\/\/secure.gravatar.com\/avatar\/c7164ed6fdec453195284ad24a5ae5b6e1eed2b848477fa2a4787ba9adf39a41?s=96&d=mm&r=g","contentUrl":"https:\/\/secure.gravatar.com\/avatar\/c7164ed6fdec453195284ad24a5ae5b6e1eed2b848477fa2a4787ba9adf39a41?s=96&d=mm&r=g","caption":"Redacci\u00f3n QP"},"url":"https:\/\/quehacerpolitico.mx\/?author=2"}]}},"featured_image_urls":{"full":["https:\/\/quehacerpolitico.mx\/wp-content\/uploads\/2022\/03\/F6EF08C8-00D4-4BC9-B157-B9A7B3C4458D.jpeg",738,416,false],"thumbnail":["https:\/\/quehacerpolitico.mx\/wp-content\/uploads\/2022\/03\/F6EF08C8-00D4-4BC9-B157-B9A7B3C4458D-150x150.jpeg",150,150,true],"medium":["https:\/\/quehacerpolitico.mx\/wp-content\/uploads\/2022\/03\/F6EF08C8-00D4-4BC9-B157-B9A7B3C4458D-300x169.jpeg",300,169,true],"medium_large":["https:\/\/quehacerpolitico.mx\/wp-content\/uploads\/2022\/03\/F6EF08C8-00D4-4BC9-B157-B9A7B3C4458D.jpeg",640,361,false],"large":["https:\/\/quehacerpolitico.mx\/wp-content\/uploads\/2022\/03\/F6EF08C8-00D4-4BC9-B157-B9A7B3C4458D.jpeg",640,361,false],"1536x1536":["https:\/\/quehacerpolitico.mx\/wp-content\/uploads\/2022\/03\/F6EF08C8-00D4-4BC9-B157-B9A7B3C4458D.jpeg",738,416,false],"2048x2048":["https:\/\/quehacerpolitico.mx\/wp-content\/uploads\/2022\/03\/F6EF08C8-00D4-4BC9-B157-B9A7B3C4458D.jpeg",738,416,false],"covernews-featured":["https:\/\/quehacerpolitico.mx\/wp-content\/uploads\/2022\/03\/F6EF08C8-00D4-4BC9-B157-B9A7B3C4458D.jpeg",738,416,false],"covernews-medium":["https:\/\/quehacerpolitico.mx\/wp-content\/uploads\/2022\/03\/F6EF08C8-00D4-4BC9-B157-B9A7B3C4458D.jpeg",540,304,false]},"author_info":{"display_name":"Redacci\u00f3n QP","author_link":"https:\/\/quehacerpolitico.mx\/?author=2"},"category_info":"<a href=\"https:\/\/quehacerpolitico.mx\/?cat=55\" rel=\"category\">CDMX<\/a>","tag_info":"CDMX","comment_count":"0","_links":{"self":[{"href":"https:\/\/quehacerpolitico.mx\/index.php?rest_route=\/wp\/v2\/posts\/91118","targetHints":{"allow":["GET"]}}],"collection":[{"href":"https:\/\/quehacerpolitico.mx\/index.php?rest_route=\/wp\/v2\/posts"}],"about":[{"href":"https:\/\/quehacerpolitico.mx\/index.php?rest_route=\/wp\/v2\/types\/post"}],"author":[{"embeddable":true,"href":"https:\/\/quehacerpolitico.mx\/index.php?rest_route=\/wp\/v2\/users\/2"}],"replies":[{"embeddable":true,"href":"https:\/\/quehacerpolitico.mx\/index.php?rest_route=%2Fwp%2Fv2%2Fcomments&post=91118"}],"version-history":[{"count":1,"href":"https:\/\/quehacerpolitico.mx\/index.php?rest_route=\/wp\/v2\/posts\/91118\/revisions"}],"predecessor-version":[{"id":91120,"href":"https:\/\/quehacerpolitico.mx\/index.php?rest_route=\/wp\/v2\/posts\/91118\/revisions\/91120"}],"wp:featuredmedia":[{"embeddable":true,"href":"https:\/\/quehacerpolitico.mx\/index.php?rest_route=\/wp\/v2\/media\/91119"}],"wp:attachment":[{"href":"https:\/\/quehacerpolitico.mx\/index.php?rest_route=%2Fwp%2Fv2%2Fmedia&parent=91118"}],"wp:term":[{"taxonomy":"category","embeddable":true,"href":"https:\/\/quehacerpolitico.mx\/index.php?rest_route=%2Fwp%2Fv2%2Fcategories&post=91118"},{"taxonomy":"post_tag","embeddable":true,"href":"https:\/\/quehacerpolitico.mx\/index.php?rest_route=%2Fwp%2Fv2%2Ftags&post=91118"}],"curies":[{"name":"wp","href":"https:\/\/api.w.org\/{rel}","templated":true}]}}