{"id":91112,"date":"2022-03-29T04:33:16","date_gmt":"2022-03-29T04:33:16","guid":{"rendered":"https:\/\/quehacerpolitico.mx\/?p=91112"},"modified":"2022-03-29T04:33:19","modified_gmt":"2022-03-29T04:33:19","slug":"alejandra-cuevas-sale-de-prision-y-dice-que-pedira-proteccion-a-amlo","status":"publish","type":"post","link":"https:\/\/quehacerpolitico.mx\/?p=91112","title":{"rendered":"Alejandra Cuevas sale de prisi\u00f3n y dice que pedir\u00e1 protecci\u00f3n a AMLO\u00a0"},"content":{"rendered":"\n<p>Por Redacci\u00f3n QP<\/p>\n\n\n\n<p>Luego de la resoluci\u00f3n de la SCJN, Cuevas sali\u00f3 alrededor de las 16:00 horas del penal femenil de Santa Martha Acatitla<\/p>\n\n\n\n<figure class=\"wp-block-embed is-type-video is-provider-youtube wp-block-embed-youtube wp-embed-aspect-16-9 wp-has-aspect-ratio\"><div class=\"wp-block-embed__wrapper\">\n<iframe loading=\"lazy\" title=\"Alejandra Cuevas sale de Santa Martha Acatitla tras resoluci\u00f3n de la Corte\" width=\"640\" height=\"360\" src=\"https:\/\/www.youtube.com\/embed\/g9a5wRD4_dI?feature=oembed\" frameborder=\"0\" allow=\"accelerometer; autoplay; clipboard-write; encrypted-media; gyroscope; picture-in-picture; web-share\" referrerpolicy=\"strict-origin-when-cross-origin\" allowfullscreen><\/iframe>\n<\/div><\/figure>\n\n\n\n<p>Luego de que el pleno de la Suprema Corte de Justica de la Naci\u00f3n (SCJN) ordenara liberar inmediatamente a Alejandra Cuevas,&nbsp;<strong>alrededor de las 16:00 horas la mujer sali\u00f3 del penal de Santa Martha Acatitla.<\/strong><\/p>\n\n\n\n<p>Acompa\u00f1ada del se\u00f1or Roberto Dur\u00e1n, a las escalinatas del reclusorio, le mencion\u00f3 los protocolos siguientes despu\u00e9s de su liberaci\u00f3n y le resalt\u00f3:<strong>&nbsp;&#8220;queda usted en libertad&#8221;.<\/strong><\/p>\n\n\n\n<p>La se\u00f1ora Alejandra\u00a0<strong>agradeci\u00f3 al Poder Judicial de la Federaci\u00f3n y a cada uno de los ministros de la Corte.<\/strong><\/p>\n\n\n\n<figure class=\"wp-block-embed is-type-rich is-provider-twitter wp-block-embed-twitter\"><div class=\"wp-block-embed__wrapper\">\n<blockquote class=\"twitter-tweet\" data-width=\"550\" data-dnt=\"true\"><p lang=\"es\" dir=\"ltr\">\u201cTengo la certeza de que sin ustedes, el fiscal Alejandro Gertz Manero me habr\u00eda sepultado para siempre en la c\u00e1rcel por un delito que \u00e9l fabric\u00f3\u201d: <a href=\"https:\/\/twitter.com\/hashtag\/AlejandraCuevas?src=hash&amp;ref_src=twsrc%5Etfw\">#AlejandraCuevas<\/a> <a href=\"https:\/\/twitter.com\/hashtag\/LibertadParaAlejandra?src=hash&amp;ref_src=twsrc%5Etfw\">#LibertadParaAlejandra<\/a> <br><br> <a href=\"https:\/\/t.co\/taaYdwNJ4i\">pic.twitter.com\/taaYdwNJ4i<\/a><\/p>&mdash; Salvador Zaragoza Andrade (@SalvadorZA) <a href=\"https:\/\/twitter.com\/SalvadorZA\/status\/1508567057901707264?ref_src=twsrc%5Etfw\">March 28, 2022<\/a><\/blockquote><script async src=\"https:\/\/platform.twitter.com\/widgets.js\" charset=\"utf-8\"><\/script>\n<\/div><\/figure>\n\n\n\n<p>&#8220;Desde ahora deseo comunicar que quiero ser recibida por el jefe de Estado Mexicano, Andr\u00e9s Manuel L\u00f3pez Obrador (AMLO), para pedirle que nos proteja de cualquier eventualidad futura a mi madre, a mis hijos y a m\u00ed&#8221;, resalt\u00f3 al salir de prisi\u00f3n.<\/p>\n\n\n\n<p>Este lunes por la tarde, por unanimidad, el pleno de la Suprema Corte orden\u00f3 cancelar la orden de aprehensi\u00f3n emitida contra Laura Mor\u00e1n, tambi\u00e9n acusada de provocar la muerte de Federico Gertz Manero, hermano del fiscal General, Alejandro Gertz Manero.<\/p>\n\n\n\n<p>Aunque los integrantes del Pleno consideraron diferentes razones para otorgar el amparo liso y llano a la mujer de 98 a\u00f1os de edad, la sentencia tiene como efecto la cancelaci\u00f3n del proceso penal instaurado en su contra.<\/p>\n\n\n\n<p>Laura Mor\u00e1n fue acusada por Alejandro Gertz Manero de provocar la muerte de su hermano Federico al descuidarlo y negarse a llevarlo al hospital para mantenerlo vivo.<\/p>\n","protected":false},"excerpt":{"rendered":"<p>Por Redacci\u00f3n QP Luego de la resoluci\u00f3n de la SCJN, Cuevas sali\u00f3 alrededor de las&#8230;<\/p>\n","protected":false},"author":2,"featured_media":91113,"comment_status":"open","ping_status":"open","sticky":false,"template":"","format":"standard","meta":{"_monsterinsights_skip_tracking":false,"_monsterinsights_sitenote_active":false,"_monsterinsights_sitenote_note":"","_monsterinsights_sitenote_category":0,"footnotes":""},"categories":[2],"tags":[],"class_list":["post-91112","post","type-post","status-publish","format-standard","has-post-thumbnail","hentry","category-noticias"],"yoast_head":"<!-- This site is optimized with the Yoast SEO plugin v27.3 - https:\/\/yoast.com\/product\/yoast-seo-wordpress\/ -->\n<title>Alejandra Cuevas sale de prisi\u00f3n y dice que pedir\u00e1 protecci\u00f3n a AMLO\u00a0 -<\/title>\n<meta name=\"robots\" content=\"index, follow, max-snippet:-1, max-image-preview:large, max-video-preview:-1\" \/>\n<link rel=\"canonical\" href=\"https:\/\/quehacerpolitico.mx\/?p=91112\" \/>\n<meta property=\"og:locale\" content=\"es_MX\" \/>\n<meta property=\"og:type\" content=\"article\" \/>\n<meta property=\"og:title\" content=\"Alejandra Cuevas sale de prisi\u00f3n y dice que pedir\u00e1 protecci\u00f3n a AMLO\u00a0 -\" \/>\n<meta property=\"og:description\" content=\"Por Redacci\u00f3n QP Luego de la resoluci\u00f3n de la SCJN, Cuevas sali\u00f3 alrededor de las...\" \/>\n<meta property=\"og:url\" content=\"https:\/\/quehacerpolitico.mx\/?p=91112\" \/>\n<meta property=\"article:published_time\" content=\"2022-03-29T04:33:16+00:00\" \/>\n<meta property=\"article:modified_time\" content=\"2022-03-29T04:33:19+00:00\" \/>\n<meta property=\"og:image\" content=\"https:\/\/quehacerpolitico.mx\/wp-content\/uploads\/2022\/03\/43F7334D-23A4-4207-B7A0-043410F41F14.jpeg\" \/>\n\t<meta property=\"og:image:width\" content=\"1284\" \/>\n\t<meta property=\"og:image:height\" content=\"689\" \/>\n\t<meta property=\"og:image:type\" content=\"image\/jpeg\" \/>\n<meta name=\"author\" content=\"Redacci\u00f3n QP\" \/>\n<meta name=\"twitter:card\" content=\"summary_large_image\" \/>\n<meta name=\"twitter:label1\" content=\"Escrito por\" \/>\n\t<meta name=\"twitter:data1\" content=\"Redacci\u00f3n QP\" \/>\n\t<meta name=\"twitter:label2\" content=\"Tiempo de lectura\" \/>\n\t<meta name=\"twitter:data2\" content=\"1 minuto\" \/>\n<script type=\"application\/ld+json\" class=\"yoast-schema-graph\">{\"@context\":\"https:\\\/\\\/schema.org\",\"@graph\":[{\"@type\":\"Article\",\"@id\":\"https:\\\/\\\/quehacerpolitico.mx\\\/?p=91112#article\",\"isPartOf\":{\"@id\":\"https:\\\/\\\/quehacerpolitico.mx\\\/?p=91112\"},\"author\":{\"name\":\"Redacci\u00f3n QP\",\"@id\":\"https:\\\/\\\/quehacerpolitico.mx\\\/#\\\/schema\\\/person\\\/496d8ad2d1d3f8036101dca7ee39e585\"},\"headline\":\"Alejandra Cuevas sale de prisi\u00f3n y dice que pedir\u00e1 protecci\u00f3n a AMLO\u00a0\",\"datePublished\":\"2022-03-29T04:33:16+00:00\",\"dateModified\":\"2022-03-29T04:33:19+00:00\",\"mainEntityOfPage\":{\"@id\":\"https:\\\/\\\/quehacerpolitico.mx\\\/?p=91112\"},\"wordCount\":301,\"commentCount\":0,\"image\":{\"@id\":\"https:\\\/\\\/quehacerpolitico.mx\\\/?p=91112#primaryimage\"},\"thumbnailUrl\":\"https:\\\/\\\/quehacerpolitico.mx\\\/wp-content\\\/uploads\\\/2022\\\/03\\\/43F7334D-23A4-4207-B7A0-043410F41F14.jpeg\",\"articleSection\":[\"Noticias\"],\"inLanguage\":\"es\",\"potentialAction\":[{\"@type\":\"CommentAction\",\"name\":\"Comment\",\"target\":[\"https:\\\/\\\/quehacerpolitico.mx\\\/?p=91112#respond\"]}]},{\"@type\":\"WebPage\",\"@id\":\"https:\\\/\\\/quehacerpolitico.mx\\\/?p=91112\",\"url\":\"https:\\\/\\\/quehacerpolitico.mx\\\/?p=91112\",\"name\":\"Alejandra Cuevas sale de prisi\u00f3n y dice que pedir\u00e1 protecci\u00f3n a AMLO\u00a0 -\",\"isPartOf\":{\"@id\":\"https:\\\/\\\/quehacerpolitico.mx\\\/#website\"},\"primaryImageOfPage\":{\"@id\":\"https:\\\/\\\/quehacerpolitico.mx\\\/?p=91112#primaryimage\"},\"image\":{\"@id\":\"https:\\\/\\\/quehacerpolitico.mx\\\/?p=91112#primaryimage\"},\"thumbnailUrl\":\"https:\\\/\\\/quehacerpolitico.mx\\\/wp-content\\\/uploads\\\/2022\\\/03\\\/43F7334D-23A4-4207-B7A0-043410F41F14.jpeg\",\"datePublished\":\"2022-03-29T04:33:16+00:00\",\"dateModified\":\"2022-03-29T04:33:19+00:00\",\"author\":{\"@id\":\"https:\\\/\\\/quehacerpolitico.mx\\\/#\\\/schema\\\/person\\\/496d8ad2d1d3f8036101dca7ee39e585\"},\"breadcrumb\":{\"@id\":\"https:\\\/\\\/quehacerpolitico.mx\\\/?p=91112#breadcrumb\"},\"inLanguage\":\"es\",\"potentialAction\":[{\"@type\":\"ReadAction\",\"target\":[\"https:\\\/\\\/quehacerpolitico.mx\\\/?p=91112\"]}]},{\"@type\":\"ImageObject\",\"inLanguage\":\"es\",\"@id\":\"https:\\\/\\\/quehacerpolitico.mx\\\/?p=91112#primaryimage\",\"url\":\"https:\\\/\\\/quehacerpolitico.mx\\\/wp-content\\\/uploads\\\/2022\\\/03\\\/43F7334D-23A4-4207-B7A0-043410F41F14.jpeg\",\"contentUrl\":\"https:\\\/\\\/quehacerpolitico.mx\\\/wp-content\\\/uploads\\\/2022\\\/03\\\/43F7334D-23A4-4207-B7A0-043410F41F14.jpeg\",\"width\":1284,\"height\":689},{\"@type\":\"BreadcrumbList\",\"@id\":\"https:\\\/\\\/quehacerpolitico.mx\\\/?p=91112#breadcrumb\",\"itemListElement\":[{\"@type\":\"ListItem\",\"position\":1,\"name\":\"Inicio\",\"item\":\"https:\\\/\\\/quehacerpolitico.mx\\\/\"},{\"@type\":\"ListItem\",\"position\":2,\"name\":\"Alejandra Cuevas sale de prisi\u00f3n y dice que pedir\u00e1 protecci\u00f3n a AMLO\u00a0\"}]},{\"@type\":\"WebSite\",\"@id\":\"https:\\\/\\\/quehacerpolitico.mx\\\/#website\",\"url\":\"https:\\\/\\\/quehacerpolitico.mx\\\/\",\"name\":\"\",\"description\":\"\",\"potentialAction\":[{\"@type\":\"SearchAction\",\"target\":{\"@type\":\"EntryPoint\",\"urlTemplate\":\"https:\\\/\\\/quehacerpolitico.mx\\\/?s={search_term_string}\"},\"query-input\":{\"@type\":\"PropertyValueSpecification\",\"valueRequired\":true,\"valueName\":\"search_term_string\"}}],\"inLanguage\":\"es\"},{\"@type\":\"Person\",\"@id\":\"https:\\\/\\\/quehacerpolitico.mx\\\/#\\\/schema\\\/person\\\/496d8ad2d1d3f8036101dca7ee39e585\",\"name\":\"Redacci\u00f3n QP\",\"image\":{\"@type\":\"ImageObject\",\"inLanguage\":\"es\",\"@id\":\"https:\\\/\\\/secure.gravatar.com\\\/avatar\\\/c7164ed6fdec453195284ad24a5ae5b6e1eed2b848477fa2a4787ba9adf39a41?s=96&d=mm&r=g\",\"url\":\"https:\\\/\\\/secure.gravatar.com\\\/avatar\\\/c7164ed6fdec453195284ad24a5ae5b6e1eed2b848477fa2a4787ba9adf39a41?s=96&d=mm&r=g\",\"contentUrl\":\"https:\\\/\\\/secure.gravatar.com\\\/avatar\\\/c7164ed6fdec453195284ad24a5ae5b6e1eed2b848477fa2a4787ba9adf39a41?s=96&d=mm&r=g\",\"caption\":\"Redacci\u00f3n QP\"},\"url\":\"https:\\\/\\\/quehacerpolitico.mx\\\/?author=2\"}]}<\/script>\n<!-- \/ Yoast SEO plugin. -->","yoast_head_json":{"title":"Alejandra Cuevas sale de prisi\u00f3n y dice que pedir\u00e1 protecci\u00f3n a AMLO\u00a0 -","robots":{"index":"index","follow":"follow","max-snippet":"max-snippet:-1","max-image-preview":"max-image-preview:large","max-video-preview":"max-video-preview:-1"},"canonical":"https:\/\/quehacerpolitico.mx\/?p=91112","og_locale":"es_MX","og_type":"article","og_title":"Alejandra Cuevas sale de prisi\u00f3n y dice que pedir\u00e1 protecci\u00f3n a AMLO\u00a0 -","og_description":"Por Redacci\u00f3n QP Luego de la resoluci\u00f3n de la SCJN, Cuevas sali\u00f3 alrededor de las...","og_url":"https:\/\/quehacerpolitico.mx\/?p=91112","article_published_time":"2022-03-29T04:33:16+00:00","article_modified_time":"2022-03-29T04:33:19+00:00","og_image":[{"width":1284,"height":689,"url":"https:\/\/quehacerpolitico.mx\/wp-content\/uploads\/2022\/03\/43F7334D-23A4-4207-B7A0-043410F41F14.jpeg","type":"image\/jpeg"}],"author":"Redacci\u00f3n QP","twitter_card":"summary_large_image","twitter_misc":{"Escrito por":"Redacci\u00f3n QP","Tiempo de lectura":"1 minuto"},"schema":{"@context":"https:\/\/schema.org","@graph":[{"@type":"Article","@id":"https:\/\/quehacerpolitico.mx\/?p=91112#article","isPartOf":{"@id":"https:\/\/quehacerpolitico.mx\/?p=91112"},"author":{"name":"Redacci\u00f3n QP","@id":"https:\/\/quehacerpolitico.mx\/#\/schema\/person\/496d8ad2d1d3f8036101dca7ee39e585"},"headline":"Alejandra Cuevas sale de prisi\u00f3n y dice que pedir\u00e1 protecci\u00f3n a AMLO\u00a0","datePublished":"2022-03-29T04:33:16+00:00","dateModified":"2022-03-29T04:33:19+00:00","mainEntityOfPage":{"@id":"https:\/\/quehacerpolitico.mx\/?p=91112"},"wordCount":301,"commentCount":0,"image":{"@id":"https:\/\/quehacerpolitico.mx\/?p=91112#primaryimage"},"thumbnailUrl":"https:\/\/quehacerpolitico.mx\/wp-content\/uploads\/2022\/03\/43F7334D-23A4-4207-B7A0-043410F41F14.jpeg","articleSection":["Noticias"],"inLanguage":"es","potentialAction":[{"@type":"CommentAction","name":"Comment","target":["https:\/\/quehacerpolitico.mx\/?p=91112#respond"]}]},{"@type":"WebPage","@id":"https:\/\/quehacerpolitico.mx\/?p=91112","url":"https:\/\/quehacerpolitico.mx\/?p=91112","name":"Alejandra Cuevas sale de prisi\u00f3n y dice que pedir\u00e1 protecci\u00f3n a AMLO\u00a0 -","isPartOf":{"@id":"https:\/\/quehacerpolitico.mx\/#website"},"primaryImageOfPage":{"@id":"https:\/\/quehacerpolitico.mx\/?p=91112#primaryimage"},"image":{"@id":"https:\/\/quehacerpolitico.mx\/?p=91112#primaryimage"},"thumbnailUrl":"https:\/\/quehacerpolitico.mx\/wp-content\/uploads\/2022\/03\/43F7334D-23A4-4207-B7A0-043410F41F14.jpeg","datePublished":"2022-03-29T04:33:16+00:00","dateModified":"2022-03-29T04:33:19+00:00","author":{"@id":"https:\/\/quehacerpolitico.mx\/#\/schema\/person\/496d8ad2d1d3f8036101dca7ee39e585"},"breadcrumb":{"@id":"https:\/\/quehacerpolitico.mx\/?p=91112#breadcrumb"},"inLanguage":"es","potentialAction":[{"@type":"ReadAction","target":["https:\/\/quehacerpolitico.mx\/?p=91112"]}]},{"@type":"ImageObject","inLanguage":"es","@id":"https:\/\/quehacerpolitico.mx\/?p=91112#primaryimage","url":"https:\/\/quehacerpolitico.mx\/wp-content\/uploads\/2022\/03\/43F7334D-23A4-4207-B7A0-043410F41F14.jpeg","contentUrl":"https:\/\/quehacerpolitico.mx\/wp-content\/uploads\/2022\/03\/43F7334D-23A4-4207-B7A0-043410F41F14.jpeg","width":1284,"height":689},{"@type":"BreadcrumbList","@id":"https:\/\/quehacerpolitico.mx\/?p=91112#breadcrumb","itemListElement":[{"@type":"ListItem","position":1,"name":"Inicio","item":"https:\/\/quehacerpolitico.mx\/"},{"@type":"ListItem","position":2,"name":"Alejandra Cuevas sale de prisi\u00f3n y dice que pedir\u00e1 protecci\u00f3n a AMLO\u00a0"}]},{"@type":"WebSite","@id":"https:\/\/quehacerpolitico.mx\/#website","url":"https:\/\/quehacerpolitico.mx\/","name":"","description":"","potentialAction":[{"@type":"SearchAction","target":{"@type":"EntryPoint","urlTemplate":"https:\/\/quehacerpolitico.mx\/?s={search_term_string}"},"query-input":{"@type":"PropertyValueSpecification","valueRequired":true,"valueName":"search_term_string"}}],"inLanguage":"es"},{"@type":"Person","@id":"https:\/\/quehacerpolitico.mx\/#\/schema\/person\/496d8ad2d1d3f8036101dca7ee39e585","name":"Redacci\u00f3n QP","image":{"@type":"ImageObject","inLanguage":"es","@id":"https:\/\/secure.gravatar.com\/avatar\/c7164ed6fdec453195284ad24a5ae5b6e1eed2b848477fa2a4787ba9adf39a41?s=96&d=mm&r=g","url":"https:\/\/secure.gravatar.com\/avatar\/c7164ed6fdec453195284ad24a5ae5b6e1eed2b848477fa2a4787ba9adf39a41?s=96&d=mm&r=g","contentUrl":"https:\/\/secure.gravatar.com\/avatar\/c7164ed6fdec453195284ad24a5ae5b6e1eed2b848477fa2a4787ba9adf39a41?s=96&d=mm&r=g","caption":"Redacci\u00f3n QP"},"url":"https:\/\/quehacerpolitico.mx\/?author=2"}]}},"featured_image_urls":{"full":["https:\/\/quehacerpolitico.mx\/wp-content\/uploads\/2022\/03\/43F7334D-23A4-4207-B7A0-043410F41F14.jpeg",1284,689,false],"thumbnail":["https:\/\/quehacerpolitico.mx\/wp-content\/uploads\/2022\/03\/43F7334D-23A4-4207-B7A0-043410F41F14-150x150.jpeg",150,150,true],"medium":["https:\/\/quehacerpolitico.mx\/wp-content\/uploads\/2022\/03\/43F7334D-23A4-4207-B7A0-043410F41F14-300x161.jpeg",300,161,true],"medium_large":["https:\/\/quehacerpolitico.mx\/wp-content\/uploads\/2022\/03\/43F7334D-23A4-4207-B7A0-043410F41F14-768x412.jpeg",640,343,true],"large":["https:\/\/quehacerpolitico.mx\/wp-content\/uploads\/2022\/03\/43F7334D-23A4-4207-B7A0-043410F41F14-1024x549.jpeg",640,343,true],"1536x1536":["https:\/\/quehacerpolitico.mx\/wp-content\/uploads\/2022\/03\/43F7334D-23A4-4207-B7A0-043410F41F14.jpeg",1284,689,false],"2048x2048":["https:\/\/quehacerpolitico.mx\/wp-content\/uploads\/2022\/03\/43F7334D-23A4-4207-B7A0-043410F41F14.jpeg",1284,689,false],"covernews-featured":["https:\/\/quehacerpolitico.mx\/wp-content\/uploads\/2022\/03\/43F7334D-23A4-4207-B7A0-043410F41F14.jpeg",1024,549,false],"covernews-medium":["https:\/\/quehacerpolitico.mx\/wp-content\/uploads\/2022\/03\/43F7334D-23A4-4207-B7A0-043410F41F14.jpeg",540,290,false]},"author_info":{"display_name":"Redacci\u00f3n QP","author_link":"https:\/\/quehacerpolitico.mx\/?author=2"},"category_info":"<a href=\"https:\/\/quehacerpolitico.mx\/?cat=2\" rel=\"category\">Noticias<\/a>","tag_info":"Noticias","comment_count":"0","_links":{"self":[{"href":"https:\/\/quehacerpolitico.mx\/index.php?rest_route=\/wp\/v2\/posts\/91112","targetHints":{"allow":["GET"]}}],"collection":[{"href":"https:\/\/quehacerpolitico.mx\/index.php?rest_route=\/wp\/v2\/posts"}],"about":[{"href":"https:\/\/quehacerpolitico.mx\/index.php?rest_route=\/wp\/v2\/types\/post"}],"author":[{"embeddable":true,"href":"https:\/\/quehacerpolitico.mx\/index.php?rest_route=\/wp\/v2\/users\/2"}],"replies":[{"embeddable":true,"href":"https:\/\/quehacerpolitico.mx\/index.php?rest_route=%2Fwp%2Fv2%2Fcomments&post=91112"}],"version-history":[{"count":1,"href":"https:\/\/quehacerpolitico.mx\/index.php?rest_route=\/wp\/v2\/posts\/91112\/revisions"}],"predecessor-version":[{"id":91114,"href":"https:\/\/quehacerpolitico.mx\/index.php?rest_route=\/wp\/v2\/posts\/91112\/revisions\/91114"}],"wp:featuredmedia":[{"embeddable":true,"href":"https:\/\/quehacerpolitico.mx\/index.php?rest_route=\/wp\/v2\/media\/91113"}],"wp:attachment":[{"href":"https:\/\/quehacerpolitico.mx\/index.php?rest_route=%2Fwp%2Fv2%2Fmedia&parent=91112"}],"wp:term":[{"taxonomy":"category","embeddable":true,"href":"https:\/\/quehacerpolitico.mx\/index.php?rest_route=%2Fwp%2Fv2%2Fcategories&post=91112"},{"taxonomy":"post_tag","embeddable":true,"href":"https:\/\/quehacerpolitico.mx\/index.php?rest_route=%2Fwp%2Fv2%2Ftags&post=91112"}],"curies":[{"name":"wp","href":"https:\/\/api.w.org\/{rel}","templated":true}]}}