{"id":91096,"date":"2022-03-28T20:29:33","date_gmt":"2022-03-28T20:29:33","guid":{"rendered":"https:\/\/quehacerpolitico.mx\/?p=91096"},"modified":"2022-03-28T20:29:38","modified_gmt":"2022-03-28T20:29:38","slug":"destapan-a-lilly-tellez-como-candidata-a-la-presidencia-en-2024-por-el-pan","status":"publish","type":"post","link":"https:\/\/quehacerpolitico.mx\/?p=91096","title":{"rendered":"Destapan a Lilly T\u00e9llez como candidata a la presidencia en 2024 por el PAN"},"content":{"rendered":"\n<p>Por Redacci\u00f3n QP<\/p>\n\n\n\n<p>&#8220;Quiero sumarme a esta organizaci\u00f3n de hombres y mujeres que desde su fundaci\u00f3n ha defendido una causa permanente, que es la dignidad de la persona humana&#8221;, dice sobre el PAN<\/p>\n\n\n\n<p>Luego de que el presidente nacional del\u00a0PAN, Marko Cort\u00e9s, destapara a la senadora Lilly T\u00e9llez como aspirante a la presidencia de M\u00e9xico para 2024, ella anunci\u00f3 que\u00a0<strong>se afiliar\u00e1 a este partido.<\/strong><\/p>\n\n\n\n<p>En un comunicado,\u00a0Marko Cortes asegur\u00f3 que el PAN es la alternativa pol\u00edtica para quienes luchan por las mejores causas y\u00a0<strong>aqu\u00ed caben todos los que quieren un nuevo rumbo para M\u00e9xico.<\/strong><\/p>\n\n\n\n<p>La senadora por el estado de Sonora destac\u00f3 que desde que decidi\u00f3 incorporarse a la bancada del PAN, en el Senado ha encontrado un amplio campo de acci\u00f3n y, sobre todo, una gran firmeza como oposici\u00f3n frente a la destrucci\u00f3n del gobierno morenista.<\/p>\n\n\n\n<p>Dijo que siempre ha recibido un trato respetuoso por parte de sus compa\u00f1eros en el Senado, y particularmente&nbsp;<strong>agradeci\u00f3 la generosidad con la que fue recibida por la dirigencia nacional del PAN.<\/strong><\/p>\n\n\n\n<p>&#8220;Quiero sumarme a esta organizaci\u00f3n de hombres y mujeres que desde su fundaci\u00f3n ha defendido una causa permanente, que es la dignidad de la persona humana.\u00a0<strong>Junto a las y los panistas de todo el pa\u00eds quiero mover almas,<\/strong>\u00a0tal como lo inspir\u00f3 don Manuel G\u00f3mez Morin en las primeras horas del partido&#8221;, expres\u00f3 Lilly T\u00e9llez.<\/p>\n\n\n\n<figure class=\"wp-block-embed is-type-rich is-provider-twitter wp-block-embed-twitter\"><div class=\"wp-block-embed__wrapper\">\n<blockquote class=\"twitter-tweet\" data-width=\"550\" data-dnt=\"true\"><p lang=\"es\" dir=\"ltr\">Cierro filas con el PAN y me uno al equipo con todas las de la ley.<br>Con el ejemplo y palabras de <br>Don Manuel G\u00f3mez Mor\u00edn, me declaro <br>lista para mover almas y lograr una vida mejor y m\u00e1s digna para todos.<br><br>Gracias mi estimado <a href=\"https:\/\/twitter.com\/MarkoCortes?ref_src=twsrc%5Etfw\">@MarkoCortes<\/a> <br><br>\u00a1Por los mexicanos bien vale la pelea! <a href=\"https:\/\/t.co\/WTTxW79nuH\">https:\/\/t.co\/WTTxW79nuH<\/a><\/p>&mdash; Lilly T\u00e9llez (@LillyTellez) <a href=\"https:\/\/twitter.com\/LillyTellez\/status\/1508458049266200585?ref_src=twsrc%5Etfw\">March 28, 2022<\/a><\/blockquote><script async src=\"https:\/\/platform.twitter.com\/widgets.js\" charset=\"utf-8\"><\/script>\n<\/div><\/figure>\n\n\n\n<p>A su vez, Marko Cort\u00e9s se dijo muy entusiasmado por esta solicitud de incorporaci\u00f3n porque con la senadora\u00a0Lilly Tellez\u00a0les unen muchas coincidencias en la defensa de M\u00e9xico; &#8220;es una mujer que ha sabido defender sus ideales y tal como todos quienes pertenecemos en Acci\u00f3n Nacional, buscamos avanzar en el bien com\u00fan de las y los mexicanos&#8221;, concluy\u00f3.<\/p>\n\n\n\n<p>Con informaci\u00f3n de SUN<\/p>\n","protected":false},"excerpt":{"rendered":"<p>Por Redacci\u00f3n QP &#8220;Quiero sumarme a esta organizaci\u00f3n de hombres y mujeres que desde su&#8230;<\/p>\n","protected":false},"author":2,"featured_media":91097,"comment_status":"open","ping_status":"open","sticky":false,"template":"","format":"standard","meta":{"_monsterinsights_skip_tracking":false,"_monsterinsights_sitenote_active":false,"_monsterinsights_sitenote_note":"","_monsterinsights_sitenote_category":0,"footnotes":""},"categories":[2],"tags":[],"class_list":["post-91096","post","type-post","status-publish","format-standard","has-post-thumbnail","hentry","category-noticias"],"yoast_head":"<!-- This site is optimized with the Yoast SEO plugin v27.3 - https:\/\/yoast.com\/product\/yoast-seo-wordpress\/ -->\n<title>Destapan a Lilly T\u00e9llez como candidata a la presidencia en 2024 por el PAN -<\/title>\n<meta name=\"robots\" content=\"index, follow, max-snippet:-1, max-image-preview:large, max-video-preview:-1\" \/>\n<link rel=\"canonical\" href=\"https:\/\/quehacerpolitico.mx\/?p=91096\" \/>\n<meta property=\"og:locale\" content=\"es_MX\" \/>\n<meta property=\"og:type\" content=\"article\" \/>\n<meta property=\"og:title\" content=\"Destapan a Lilly T\u00e9llez como candidata a la presidencia en 2024 por el PAN -\" \/>\n<meta property=\"og:description\" content=\"Por Redacci\u00f3n QP &#8220;Quiero sumarme a esta organizaci\u00f3n de hombres y mujeres que desde su...\" \/>\n<meta property=\"og:url\" content=\"https:\/\/quehacerpolitico.mx\/?p=91096\" \/>\n<meta property=\"article:published_time\" content=\"2022-03-28T20:29:33+00:00\" \/>\n<meta property=\"article:modified_time\" content=\"2022-03-28T20:29:38+00:00\" \/>\n<meta property=\"og:image\" content=\"https:\/\/quehacerpolitico.mx\/wp-content\/uploads\/2022\/03\/21FC63F7-9E64-4175-8897-1CA4D22372C1.jpeg\" \/>\n\t<meta property=\"og:image:width\" content=\"1198\" \/>\n\t<meta property=\"og:image:height\" content=\"853\" \/>\n\t<meta property=\"og:image:type\" content=\"image\/jpeg\" \/>\n<meta name=\"author\" content=\"Redacci\u00f3n QP\" \/>\n<meta name=\"twitter:card\" content=\"summary_large_image\" \/>\n<meta name=\"twitter:label1\" content=\"Escrito por\" \/>\n\t<meta name=\"twitter:data1\" content=\"Redacci\u00f3n QP\" \/>\n\t<meta name=\"twitter:label2\" content=\"Tiempo de lectura\" \/>\n\t<meta name=\"twitter:data2\" content=\"2 minutos\" \/>\n<script type=\"application\/ld+json\" class=\"yoast-schema-graph\">{\"@context\":\"https:\\\/\\\/schema.org\",\"@graph\":[{\"@type\":\"Article\",\"@id\":\"https:\\\/\\\/quehacerpolitico.mx\\\/?p=91096#article\",\"isPartOf\":{\"@id\":\"https:\\\/\\\/quehacerpolitico.mx\\\/?p=91096\"},\"author\":{\"name\":\"Redacci\u00f3n QP\",\"@id\":\"https:\\\/\\\/quehacerpolitico.mx\\\/#\\\/schema\\\/person\\\/496d8ad2d1d3f8036101dca7ee39e585\"},\"headline\":\"Destapan a Lilly T\u00e9llez como candidata a la presidencia en 2024 por el PAN\",\"datePublished\":\"2022-03-28T20:29:33+00:00\",\"dateModified\":\"2022-03-28T20:29:38+00:00\",\"mainEntityOfPage\":{\"@id\":\"https:\\\/\\\/quehacerpolitico.mx\\\/?p=91096\"},\"wordCount\":339,\"commentCount\":0,\"image\":{\"@id\":\"https:\\\/\\\/quehacerpolitico.mx\\\/?p=91096#primaryimage\"},\"thumbnailUrl\":\"https:\\\/\\\/quehacerpolitico.mx\\\/wp-content\\\/uploads\\\/2022\\\/03\\\/21FC63F7-9E64-4175-8897-1CA4D22372C1.jpeg\",\"articleSection\":[\"Noticias\"],\"inLanguage\":\"es\",\"potentialAction\":[{\"@type\":\"CommentAction\",\"name\":\"Comment\",\"target\":[\"https:\\\/\\\/quehacerpolitico.mx\\\/?p=91096#respond\"]}]},{\"@type\":\"WebPage\",\"@id\":\"https:\\\/\\\/quehacerpolitico.mx\\\/?p=91096\",\"url\":\"https:\\\/\\\/quehacerpolitico.mx\\\/?p=91096\",\"name\":\"Destapan a Lilly T\u00e9llez como candidata a la presidencia en 2024 por el PAN -\",\"isPartOf\":{\"@id\":\"https:\\\/\\\/quehacerpolitico.mx\\\/#website\"},\"primaryImageOfPage\":{\"@id\":\"https:\\\/\\\/quehacerpolitico.mx\\\/?p=91096#primaryimage\"},\"image\":{\"@id\":\"https:\\\/\\\/quehacerpolitico.mx\\\/?p=91096#primaryimage\"},\"thumbnailUrl\":\"https:\\\/\\\/quehacerpolitico.mx\\\/wp-content\\\/uploads\\\/2022\\\/03\\\/21FC63F7-9E64-4175-8897-1CA4D22372C1.jpeg\",\"datePublished\":\"2022-03-28T20:29:33+00:00\",\"dateModified\":\"2022-03-28T20:29:38+00:00\",\"author\":{\"@id\":\"https:\\\/\\\/quehacerpolitico.mx\\\/#\\\/schema\\\/person\\\/496d8ad2d1d3f8036101dca7ee39e585\"},\"breadcrumb\":{\"@id\":\"https:\\\/\\\/quehacerpolitico.mx\\\/?p=91096#breadcrumb\"},\"inLanguage\":\"es\",\"potentialAction\":[{\"@type\":\"ReadAction\",\"target\":[\"https:\\\/\\\/quehacerpolitico.mx\\\/?p=91096\"]}]},{\"@type\":\"ImageObject\",\"inLanguage\":\"es\",\"@id\":\"https:\\\/\\\/quehacerpolitico.mx\\\/?p=91096#primaryimage\",\"url\":\"https:\\\/\\\/quehacerpolitico.mx\\\/wp-content\\\/uploads\\\/2022\\\/03\\\/21FC63F7-9E64-4175-8897-1CA4D22372C1.jpeg\",\"contentUrl\":\"https:\\\/\\\/quehacerpolitico.mx\\\/wp-content\\\/uploads\\\/2022\\\/03\\\/21FC63F7-9E64-4175-8897-1CA4D22372C1.jpeg\",\"width\":1198,\"height\":853},{\"@type\":\"BreadcrumbList\",\"@id\":\"https:\\\/\\\/quehacerpolitico.mx\\\/?p=91096#breadcrumb\",\"itemListElement\":[{\"@type\":\"ListItem\",\"position\":1,\"name\":\"Inicio\",\"item\":\"https:\\\/\\\/quehacerpolitico.mx\\\/\"},{\"@type\":\"ListItem\",\"position\":2,\"name\":\"Destapan a Lilly T\u00e9llez como candidata a la presidencia en 2024 por el PAN\"}]},{\"@type\":\"WebSite\",\"@id\":\"https:\\\/\\\/quehacerpolitico.mx\\\/#website\",\"url\":\"https:\\\/\\\/quehacerpolitico.mx\\\/\",\"name\":\"\",\"description\":\"\",\"potentialAction\":[{\"@type\":\"SearchAction\",\"target\":{\"@type\":\"EntryPoint\",\"urlTemplate\":\"https:\\\/\\\/quehacerpolitico.mx\\\/?s={search_term_string}\"},\"query-input\":{\"@type\":\"PropertyValueSpecification\",\"valueRequired\":true,\"valueName\":\"search_term_string\"}}],\"inLanguage\":\"es\"},{\"@type\":\"Person\",\"@id\":\"https:\\\/\\\/quehacerpolitico.mx\\\/#\\\/schema\\\/person\\\/496d8ad2d1d3f8036101dca7ee39e585\",\"name\":\"Redacci\u00f3n QP\",\"image\":{\"@type\":\"ImageObject\",\"inLanguage\":\"es\",\"@id\":\"https:\\\/\\\/secure.gravatar.com\\\/avatar\\\/c7164ed6fdec453195284ad24a5ae5b6e1eed2b848477fa2a4787ba9adf39a41?s=96&d=mm&r=g\",\"url\":\"https:\\\/\\\/secure.gravatar.com\\\/avatar\\\/c7164ed6fdec453195284ad24a5ae5b6e1eed2b848477fa2a4787ba9adf39a41?s=96&d=mm&r=g\",\"contentUrl\":\"https:\\\/\\\/secure.gravatar.com\\\/avatar\\\/c7164ed6fdec453195284ad24a5ae5b6e1eed2b848477fa2a4787ba9adf39a41?s=96&d=mm&r=g\",\"caption\":\"Redacci\u00f3n QP\"},\"url\":\"https:\\\/\\\/quehacerpolitico.mx\\\/?author=2\"}]}<\/script>\n<!-- \/ Yoast SEO plugin. -->","yoast_head_json":{"title":"Destapan a Lilly T\u00e9llez como candidata a la presidencia en 2024 por el PAN -","robots":{"index":"index","follow":"follow","max-snippet":"max-snippet:-1","max-image-preview":"max-image-preview:large","max-video-preview":"max-video-preview:-1"},"canonical":"https:\/\/quehacerpolitico.mx\/?p=91096","og_locale":"es_MX","og_type":"article","og_title":"Destapan a Lilly T\u00e9llez como candidata a la presidencia en 2024 por el PAN -","og_description":"Por Redacci\u00f3n QP &#8220;Quiero sumarme a esta organizaci\u00f3n de hombres y mujeres que desde su...","og_url":"https:\/\/quehacerpolitico.mx\/?p=91096","article_published_time":"2022-03-28T20:29:33+00:00","article_modified_time":"2022-03-28T20:29:38+00:00","og_image":[{"width":1198,"height":853,"url":"https:\/\/quehacerpolitico.mx\/wp-content\/uploads\/2022\/03\/21FC63F7-9E64-4175-8897-1CA4D22372C1.jpeg","type":"image\/jpeg"}],"author":"Redacci\u00f3n QP","twitter_card":"summary_large_image","twitter_misc":{"Escrito por":"Redacci\u00f3n QP","Tiempo de lectura":"2 minutos"},"schema":{"@context":"https:\/\/schema.org","@graph":[{"@type":"Article","@id":"https:\/\/quehacerpolitico.mx\/?p=91096#article","isPartOf":{"@id":"https:\/\/quehacerpolitico.mx\/?p=91096"},"author":{"name":"Redacci\u00f3n QP","@id":"https:\/\/quehacerpolitico.mx\/#\/schema\/person\/496d8ad2d1d3f8036101dca7ee39e585"},"headline":"Destapan a Lilly T\u00e9llez como candidata a la presidencia en 2024 por el PAN","datePublished":"2022-03-28T20:29:33+00:00","dateModified":"2022-03-28T20:29:38+00:00","mainEntityOfPage":{"@id":"https:\/\/quehacerpolitico.mx\/?p=91096"},"wordCount":339,"commentCount":0,"image":{"@id":"https:\/\/quehacerpolitico.mx\/?p=91096#primaryimage"},"thumbnailUrl":"https:\/\/quehacerpolitico.mx\/wp-content\/uploads\/2022\/03\/21FC63F7-9E64-4175-8897-1CA4D22372C1.jpeg","articleSection":["Noticias"],"inLanguage":"es","potentialAction":[{"@type":"CommentAction","name":"Comment","target":["https:\/\/quehacerpolitico.mx\/?p=91096#respond"]}]},{"@type":"WebPage","@id":"https:\/\/quehacerpolitico.mx\/?p=91096","url":"https:\/\/quehacerpolitico.mx\/?p=91096","name":"Destapan a Lilly T\u00e9llez como candidata a la presidencia en 2024 por el PAN -","isPartOf":{"@id":"https:\/\/quehacerpolitico.mx\/#website"},"primaryImageOfPage":{"@id":"https:\/\/quehacerpolitico.mx\/?p=91096#primaryimage"},"image":{"@id":"https:\/\/quehacerpolitico.mx\/?p=91096#primaryimage"},"thumbnailUrl":"https:\/\/quehacerpolitico.mx\/wp-content\/uploads\/2022\/03\/21FC63F7-9E64-4175-8897-1CA4D22372C1.jpeg","datePublished":"2022-03-28T20:29:33+00:00","dateModified":"2022-03-28T20:29:38+00:00","author":{"@id":"https:\/\/quehacerpolitico.mx\/#\/schema\/person\/496d8ad2d1d3f8036101dca7ee39e585"},"breadcrumb":{"@id":"https:\/\/quehacerpolitico.mx\/?p=91096#breadcrumb"},"inLanguage":"es","potentialAction":[{"@type":"ReadAction","target":["https:\/\/quehacerpolitico.mx\/?p=91096"]}]},{"@type":"ImageObject","inLanguage":"es","@id":"https:\/\/quehacerpolitico.mx\/?p=91096#primaryimage","url":"https:\/\/quehacerpolitico.mx\/wp-content\/uploads\/2022\/03\/21FC63F7-9E64-4175-8897-1CA4D22372C1.jpeg","contentUrl":"https:\/\/quehacerpolitico.mx\/wp-content\/uploads\/2022\/03\/21FC63F7-9E64-4175-8897-1CA4D22372C1.jpeg","width":1198,"height":853},{"@type":"BreadcrumbList","@id":"https:\/\/quehacerpolitico.mx\/?p=91096#breadcrumb","itemListElement":[{"@type":"ListItem","position":1,"name":"Inicio","item":"https:\/\/quehacerpolitico.mx\/"},{"@type":"ListItem","position":2,"name":"Destapan a Lilly T\u00e9llez como candidata a la presidencia en 2024 por el PAN"}]},{"@type":"WebSite","@id":"https:\/\/quehacerpolitico.mx\/#website","url":"https:\/\/quehacerpolitico.mx\/","name":"","description":"","potentialAction":[{"@type":"SearchAction","target":{"@type":"EntryPoint","urlTemplate":"https:\/\/quehacerpolitico.mx\/?s={search_term_string}"},"query-input":{"@type":"PropertyValueSpecification","valueRequired":true,"valueName":"search_term_string"}}],"inLanguage":"es"},{"@type":"Person","@id":"https:\/\/quehacerpolitico.mx\/#\/schema\/person\/496d8ad2d1d3f8036101dca7ee39e585","name":"Redacci\u00f3n QP","image":{"@type":"ImageObject","inLanguage":"es","@id":"https:\/\/secure.gravatar.com\/avatar\/c7164ed6fdec453195284ad24a5ae5b6e1eed2b848477fa2a4787ba9adf39a41?s=96&d=mm&r=g","url":"https:\/\/secure.gravatar.com\/avatar\/c7164ed6fdec453195284ad24a5ae5b6e1eed2b848477fa2a4787ba9adf39a41?s=96&d=mm&r=g","contentUrl":"https:\/\/secure.gravatar.com\/avatar\/c7164ed6fdec453195284ad24a5ae5b6e1eed2b848477fa2a4787ba9adf39a41?s=96&d=mm&r=g","caption":"Redacci\u00f3n QP"},"url":"https:\/\/quehacerpolitico.mx\/?author=2"}]}},"featured_image_urls":{"full":["https:\/\/quehacerpolitico.mx\/wp-content\/uploads\/2022\/03\/21FC63F7-9E64-4175-8897-1CA4D22372C1.jpeg",1198,853,false],"thumbnail":["https:\/\/quehacerpolitico.mx\/wp-content\/uploads\/2022\/03\/21FC63F7-9E64-4175-8897-1CA4D22372C1-150x150.jpeg",150,150,true],"medium":["https:\/\/quehacerpolitico.mx\/wp-content\/uploads\/2022\/03\/21FC63F7-9E64-4175-8897-1CA4D22372C1-300x214.jpeg",300,214,true],"medium_large":["https:\/\/quehacerpolitico.mx\/wp-content\/uploads\/2022\/03\/21FC63F7-9E64-4175-8897-1CA4D22372C1-768x547.jpeg",640,456,true],"large":["https:\/\/quehacerpolitico.mx\/wp-content\/uploads\/2022\/03\/21FC63F7-9E64-4175-8897-1CA4D22372C1-1024x729.jpeg",640,456,true],"1536x1536":["https:\/\/quehacerpolitico.mx\/wp-content\/uploads\/2022\/03\/21FC63F7-9E64-4175-8897-1CA4D22372C1.jpeg",1198,853,false],"2048x2048":["https:\/\/quehacerpolitico.mx\/wp-content\/uploads\/2022\/03\/21FC63F7-9E64-4175-8897-1CA4D22372C1.jpeg",1198,853,false],"covernews-featured":["https:\/\/quehacerpolitico.mx\/wp-content\/uploads\/2022\/03\/21FC63F7-9E64-4175-8897-1CA4D22372C1.jpeg",1024,729,false],"covernews-medium":["https:\/\/quehacerpolitico.mx\/wp-content\/uploads\/2022\/03\/21FC63F7-9E64-4175-8897-1CA4D22372C1.jpeg",478,340,false]},"author_info":{"display_name":"Redacci\u00f3n QP","author_link":"https:\/\/quehacerpolitico.mx\/?author=2"},"category_info":"<a href=\"https:\/\/quehacerpolitico.mx\/?cat=2\" rel=\"category\">Noticias<\/a>","tag_info":"Noticias","comment_count":"0","_links":{"self":[{"href":"https:\/\/quehacerpolitico.mx\/index.php?rest_route=\/wp\/v2\/posts\/91096","targetHints":{"allow":["GET"]}}],"collection":[{"href":"https:\/\/quehacerpolitico.mx\/index.php?rest_route=\/wp\/v2\/posts"}],"about":[{"href":"https:\/\/quehacerpolitico.mx\/index.php?rest_route=\/wp\/v2\/types\/post"}],"author":[{"embeddable":true,"href":"https:\/\/quehacerpolitico.mx\/index.php?rest_route=\/wp\/v2\/users\/2"}],"replies":[{"embeddable":true,"href":"https:\/\/quehacerpolitico.mx\/index.php?rest_route=%2Fwp%2Fv2%2Fcomments&post=91096"}],"version-history":[{"count":1,"href":"https:\/\/quehacerpolitico.mx\/index.php?rest_route=\/wp\/v2\/posts\/91096\/revisions"}],"predecessor-version":[{"id":91098,"href":"https:\/\/quehacerpolitico.mx\/index.php?rest_route=\/wp\/v2\/posts\/91096\/revisions\/91098"}],"wp:featuredmedia":[{"embeddable":true,"href":"https:\/\/quehacerpolitico.mx\/index.php?rest_route=\/wp\/v2\/media\/91097"}],"wp:attachment":[{"href":"https:\/\/quehacerpolitico.mx\/index.php?rest_route=%2Fwp%2Fv2%2Fmedia&parent=91096"}],"wp:term":[{"taxonomy":"category","embeddable":true,"href":"https:\/\/quehacerpolitico.mx\/index.php?rest_route=%2Fwp%2Fv2%2Fcategories&post=91096"},{"taxonomy":"post_tag","embeddable":true,"href":"https:\/\/quehacerpolitico.mx\/index.php?rest_route=%2Fwp%2Fv2%2Ftags&post=91096"}],"curies":[{"name":"wp","href":"https:\/\/api.w.org\/{rel}","templated":true}]}}