{"id":91090,"date":"2022-03-28T20:08:21","date_gmt":"2022-03-28T20:08:21","guid":{"rendered":"https:\/\/quehacerpolitico.mx\/?p=91090"},"modified":"2022-03-28T20:08:26","modified_gmt":"2022-03-28T20:08:26","slug":"pedirle-a-los-ciudadanos-no-participar-en-la-revocacion-es-una-ofensa-comenta-amlo","status":"publish","type":"post","link":"https:\/\/quehacerpolitico.mx\/?p=91090","title":{"rendered":"&#8220;Pedirle a los ciudadanos no participar en la revocaci\u00f3n es una ofensa&#8221;, comenta AMLO"},"content":{"rendered":"\n<p>Por Redacci\u00f3n QP<\/p>\n\n\n\n<p>AMLO afirma que la mayor\u00eda de los adversarios desconocen al pueblo y ejemplifica\u00a0con el caso de una alcaldesa que difundi\u00f3 carteles insultando a la gente que votar\u00e1\u00a0<\/p>\n\n\n\n<p>El Presidente&nbsp;<strong>Andr\u00e9s Manuel L\u00f3pez Obrador<\/strong>(<strong>AMLO<\/strong>) se\u00f1al\u00f3 que pedirles&nbsp;a los ciudadanos no participar&nbsp;en la&nbsp;<strong>Revocaci\u00f3n de mandato<\/strong>&nbsp;es una ofensa.<\/p>\n\n\n\n<p>&#8220;<strong>La mayor\u00eda de los adversarios tienen un desconocimiento de la manera de pensar del pueblo, entonces van en contra de la corriente<\/strong>, porque el pueblo s\u00ed quiere participar, eso lo deber\u00edan de saber, es hasta un consejo que les doy a los l\u00edderes de oposici\u00f3n,<strong>\u00a0que no se olviden de eso, que es fundamental, el pueblo quiere participar, quieres ser tomado en cuenta, el decirles no part\u00edcipes es ofenderlo<\/strong>&#8220;, puntualiz\u00f3.<\/p>\n\n\n\n<p>Durante la &#8220;ma\u00f1anera&#8221;, AMLO\u00a0coment\u00f3\u00a0el caso de\u00a0una alcaldesa de la Ciudad de M\u00e9xico que\u00a0<strong>difundi\u00f3 carteles donde se insultaba a los que van\u00a0a votar<\/strong>.<\/p>\n\n\n\n<p>&#8220;O sea muy mal, descompuestos, pero todo eso tiene un efecto de boomerang, si se dedican a noble oficio de la pol\u00edtica, lo primero que saben hacer es conocer al pueblo, eso es lo primero,\u00a0<strong>porque sin pueblo no hay nada<\/strong>&#8220;, indic\u00f3.<\/p>\n\n\n\n<figure class=\"wp-block-embed is-type-video is-provider-youtube wp-block-embed-youtube wp-embed-aspect-16-9 wp-has-aspect-ratio\"><div class=\"wp-block-embed__wrapper\">\n<iframe loading=\"lazy\" title=\"AMLO pide no tenerle miedo al pueblo ante revocaci\u00f3n de mandato\" width=\"640\" height=\"360\" src=\"https:\/\/www.youtube.com\/embed\/OHQgZirh5h4?feature=oembed\" frameborder=\"0\" allow=\"accelerometer; autoplay; clipboard-write; encrypted-media; gyroscope; picture-in-picture; web-share\" referrerpolicy=\"strict-origin-when-cross-origin\" allowfullscreen><\/iframe>\n<\/div><\/figure>\n\n\n\n<p>Respecto de los ciudadanos que no podr\u00e1n votar en la revocaci\u00f3n por impedimento del INE, derivado de la renovaci\u00f3n de sus credenciales, les recomend\u00f3\u00a0<strong>apoyar invitando a otros<\/strong>.<\/p>\n\n\n\n<p>Tambi\u00e9n recomend\u00f3 a sus opositores<strong>\u00a0conocer al pueblo<\/strong>\u00a0para ejercer de mejor manera el noble oficio de la pol\u00edtica.<\/p>\n\n\n\n<p>&#8220;Para que no se sientan mal, que ayuden, como buenos ciudadanos que son, promoviendo a que los dem\u00e1s vayan a votar. Que digan &#8216;yo no puedo porque hab\u00eda normas y no me enter\u00e9 o se me hizo tarde o de plano no me dieron facilidades y ya no voy a poder participar&#8217;.\u00a0<strong>Pero es importante la democracia, es importante participar sin que orienten a nadie en un sentido o en otro, nada m\u00e1s que participemos<\/strong>&#8220;, concluy\u00f3.<\/p>\n\n\n\n<p>Con informaci\u00f3n de SUN<\/p>\n","protected":false},"excerpt":{"rendered":"<p>Por Redacci\u00f3n QP AMLO afirma que la mayor\u00eda de los adversarios desconocen al pueblo y&#8230;<\/p>\n","protected":false},"author":2,"featured_media":91091,"comment_status":"open","ping_status":"open","sticky":false,"template":"","format":"standard","meta":{"_monsterinsights_skip_tracking":false,"_monsterinsights_sitenote_active":false,"_monsterinsights_sitenote_note":"","_monsterinsights_sitenote_category":0,"footnotes":""},"categories":[2],"tags":[],"class_list":["post-91090","post","type-post","status-publish","format-standard","has-post-thumbnail","hentry","category-noticias"],"yoast_head":"<!-- This site is optimized with the Yoast SEO plugin v27.3 - https:\/\/yoast.com\/product\/yoast-seo-wordpress\/ -->\n<title>&quot;Pedirle a los ciudadanos no participar en la revocaci\u00f3n es una ofensa&quot;, comenta AMLO -<\/title>\n<meta name=\"robots\" content=\"index, follow, max-snippet:-1, max-image-preview:large, max-video-preview:-1\" \/>\n<link rel=\"canonical\" href=\"https:\/\/quehacerpolitico.mx\/?p=91090\" \/>\n<meta property=\"og:locale\" content=\"es_MX\" \/>\n<meta property=\"og:type\" content=\"article\" \/>\n<meta property=\"og:title\" content=\"&quot;Pedirle a los ciudadanos no participar en la revocaci\u00f3n es una ofensa&quot;, comenta AMLO -\" \/>\n<meta property=\"og:description\" content=\"Por Redacci\u00f3n QP AMLO afirma que la mayor\u00eda de los adversarios desconocen al pueblo y...\" \/>\n<meta property=\"og:url\" content=\"https:\/\/quehacerpolitico.mx\/?p=91090\" \/>\n<meta property=\"article:published_time\" content=\"2022-03-28T20:08:21+00:00\" \/>\n<meta property=\"article:modified_time\" content=\"2022-03-28T20:08:26+00:00\" \/>\n<meta property=\"og:image\" content=\"https:\/\/quehacerpolitico.mx\/wp-content\/uploads\/2022\/03\/2B0E4DC4-2512-4C43-BDC5-CB5FE62ACAF6.jpeg\" \/>\n\t<meta property=\"og:image:width\" content=\"941\" \/>\n\t<meta property=\"og:image:height\" content=\"690\" \/>\n\t<meta property=\"og:image:type\" content=\"image\/jpeg\" \/>\n<meta name=\"author\" content=\"Redacci\u00f3n QP\" \/>\n<meta name=\"twitter:card\" content=\"summary_large_image\" \/>\n<meta name=\"twitter:label1\" content=\"Escrito por\" \/>\n\t<meta name=\"twitter:data1\" content=\"Redacci\u00f3n QP\" \/>\n\t<meta name=\"twitter:label2\" content=\"Tiempo de lectura\" \/>\n\t<meta name=\"twitter:data2\" content=\"2 minutos\" \/>\n<script type=\"application\/ld+json\" class=\"yoast-schema-graph\">{\"@context\":\"https:\\\/\\\/schema.org\",\"@graph\":[{\"@type\":\"Article\",\"@id\":\"https:\\\/\\\/quehacerpolitico.mx\\\/?p=91090#article\",\"isPartOf\":{\"@id\":\"https:\\\/\\\/quehacerpolitico.mx\\\/?p=91090\"},\"author\":{\"name\":\"Redacci\u00f3n QP\",\"@id\":\"https:\\\/\\\/quehacerpolitico.mx\\\/#\\\/schema\\\/person\\\/496d8ad2d1d3f8036101dca7ee39e585\"},\"headline\":\"&#8220;Pedirle a los ciudadanos no participar en la revocaci\u00f3n es una ofensa&#8221;, comenta AMLO\",\"datePublished\":\"2022-03-28T20:08:21+00:00\",\"dateModified\":\"2022-03-28T20:08:26+00:00\",\"mainEntityOfPage\":{\"@id\":\"https:\\\/\\\/quehacerpolitico.mx\\\/?p=91090\"},\"wordCount\":368,\"commentCount\":0,\"image\":{\"@id\":\"https:\\\/\\\/quehacerpolitico.mx\\\/?p=91090#primaryimage\"},\"thumbnailUrl\":\"https:\\\/\\\/quehacerpolitico.mx\\\/wp-content\\\/uploads\\\/2022\\\/03\\\/2B0E4DC4-2512-4C43-BDC5-CB5FE62ACAF6.jpeg\",\"articleSection\":[\"Noticias\"],\"inLanguage\":\"es\",\"potentialAction\":[{\"@type\":\"CommentAction\",\"name\":\"Comment\",\"target\":[\"https:\\\/\\\/quehacerpolitico.mx\\\/?p=91090#respond\"]}]},{\"@type\":\"WebPage\",\"@id\":\"https:\\\/\\\/quehacerpolitico.mx\\\/?p=91090\",\"url\":\"https:\\\/\\\/quehacerpolitico.mx\\\/?p=91090\",\"name\":\"\\\"Pedirle a los ciudadanos no participar en la revocaci\u00f3n es una ofensa\\\", comenta AMLO -\",\"isPartOf\":{\"@id\":\"https:\\\/\\\/quehacerpolitico.mx\\\/#website\"},\"primaryImageOfPage\":{\"@id\":\"https:\\\/\\\/quehacerpolitico.mx\\\/?p=91090#primaryimage\"},\"image\":{\"@id\":\"https:\\\/\\\/quehacerpolitico.mx\\\/?p=91090#primaryimage\"},\"thumbnailUrl\":\"https:\\\/\\\/quehacerpolitico.mx\\\/wp-content\\\/uploads\\\/2022\\\/03\\\/2B0E4DC4-2512-4C43-BDC5-CB5FE62ACAF6.jpeg\",\"datePublished\":\"2022-03-28T20:08:21+00:00\",\"dateModified\":\"2022-03-28T20:08:26+00:00\",\"author\":{\"@id\":\"https:\\\/\\\/quehacerpolitico.mx\\\/#\\\/schema\\\/person\\\/496d8ad2d1d3f8036101dca7ee39e585\"},\"breadcrumb\":{\"@id\":\"https:\\\/\\\/quehacerpolitico.mx\\\/?p=91090#breadcrumb\"},\"inLanguage\":\"es\",\"potentialAction\":[{\"@type\":\"ReadAction\",\"target\":[\"https:\\\/\\\/quehacerpolitico.mx\\\/?p=91090\"]}]},{\"@type\":\"ImageObject\",\"inLanguage\":\"es\",\"@id\":\"https:\\\/\\\/quehacerpolitico.mx\\\/?p=91090#primaryimage\",\"url\":\"https:\\\/\\\/quehacerpolitico.mx\\\/wp-content\\\/uploads\\\/2022\\\/03\\\/2B0E4DC4-2512-4C43-BDC5-CB5FE62ACAF6.jpeg\",\"contentUrl\":\"https:\\\/\\\/quehacerpolitico.mx\\\/wp-content\\\/uploads\\\/2022\\\/03\\\/2B0E4DC4-2512-4C43-BDC5-CB5FE62ACAF6.jpeg\",\"width\":941,\"height\":690},{\"@type\":\"BreadcrumbList\",\"@id\":\"https:\\\/\\\/quehacerpolitico.mx\\\/?p=91090#breadcrumb\",\"itemListElement\":[{\"@type\":\"ListItem\",\"position\":1,\"name\":\"Inicio\",\"item\":\"https:\\\/\\\/quehacerpolitico.mx\\\/\"},{\"@type\":\"ListItem\",\"position\":2,\"name\":\"&#8220;Pedirle a los ciudadanos no participar en la revocaci\u00f3n es una ofensa&#8221;, comenta AMLO\"}]},{\"@type\":\"WebSite\",\"@id\":\"https:\\\/\\\/quehacerpolitico.mx\\\/#website\",\"url\":\"https:\\\/\\\/quehacerpolitico.mx\\\/\",\"name\":\"\",\"description\":\"\",\"potentialAction\":[{\"@type\":\"SearchAction\",\"target\":{\"@type\":\"EntryPoint\",\"urlTemplate\":\"https:\\\/\\\/quehacerpolitico.mx\\\/?s={search_term_string}\"},\"query-input\":{\"@type\":\"PropertyValueSpecification\",\"valueRequired\":true,\"valueName\":\"search_term_string\"}}],\"inLanguage\":\"es\"},{\"@type\":\"Person\",\"@id\":\"https:\\\/\\\/quehacerpolitico.mx\\\/#\\\/schema\\\/person\\\/496d8ad2d1d3f8036101dca7ee39e585\",\"name\":\"Redacci\u00f3n QP\",\"image\":{\"@type\":\"ImageObject\",\"inLanguage\":\"es\",\"@id\":\"https:\\\/\\\/secure.gravatar.com\\\/avatar\\\/c7164ed6fdec453195284ad24a5ae5b6e1eed2b848477fa2a4787ba9adf39a41?s=96&d=mm&r=g\",\"url\":\"https:\\\/\\\/secure.gravatar.com\\\/avatar\\\/c7164ed6fdec453195284ad24a5ae5b6e1eed2b848477fa2a4787ba9adf39a41?s=96&d=mm&r=g\",\"contentUrl\":\"https:\\\/\\\/secure.gravatar.com\\\/avatar\\\/c7164ed6fdec453195284ad24a5ae5b6e1eed2b848477fa2a4787ba9adf39a41?s=96&d=mm&r=g\",\"caption\":\"Redacci\u00f3n QP\"},\"url\":\"https:\\\/\\\/quehacerpolitico.mx\\\/?author=2\"}]}<\/script>\n<!-- \/ Yoast SEO plugin. -->","yoast_head_json":{"title":"\"Pedirle a los ciudadanos no participar en la revocaci\u00f3n es una ofensa\", comenta AMLO -","robots":{"index":"index","follow":"follow","max-snippet":"max-snippet:-1","max-image-preview":"max-image-preview:large","max-video-preview":"max-video-preview:-1"},"canonical":"https:\/\/quehacerpolitico.mx\/?p=91090","og_locale":"es_MX","og_type":"article","og_title":"\"Pedirle a los ciudadanos no participar en la revocaci\u00f3n es una ofensa\", comenta AMLO -","og_description":"Por Redacci\u00f3n QP AMLO afirma que la mayor\u00eda de los adversarios desconocen al pueblo y...","og_url":"https:\/\/quehacerpolitico.mx\/?p=91090","article_published_time":"2022-03-28T20:08:21+00:00","article_modified_time":"2022-03-28T20:08:26+00:00","og_image":[{"width":941,"height":690,"url":"https:\/\/quehacerpolitico.mx\/wp-content\/uploads\/2022\/03\/2B0E4DC4-2512-4C43-BDC5-CB5FE62ACAF6.jpeg","type":"image\/jpeg"}],"author":"Redacci\u00f3n QP","twitter_card":"summary_large_image","twitter_misc":{"Escrito por":"Redacci\u00f3n QP","Tiempo de lectura":"2 minutos"},"schema":{"@context":"https:\/\/schema.org","@graph":[{"@type":"Article","@id":"https:\/\/quehacerpolitico.mx\/?p=91090#article","isPartOf":{"@id":"https:\/\/quehacerpolitico.mx\/?p=91090"},"author":{"name":"Redacci\u00f3n QP","@id":"https:\/\/quehacerpolitico.mx\/#\/schema\/person\/496d8ad2d1d3f8036101dca7ee39e585"},"headline":"&#8220;Pedirle a los ciudadanos no participar en la revocaci\u00f3n es una ofensa&#8221;, comenta AMLO","datePublished":"2022-03-28T20:08:21+00:00","dateModified":"2022-03-28T20:08:26+00:00","mainEntityOfPage":{"@id":"https:\/\/quehacerpolitico.mx\/?p=91090"},"wordCount":368,"commentCount":0,"image":{"@id":"https:\/\/quehacerpolitico.mx\/?p=91090#primaryimage"},"thumbnailUrl":"https:\/\/quehacerpolitico.mx\/wp-content\/uploads\/2022\/03\/2B0E4DC4-2512-4C43-BDC5-CB5FE62ACAF6.jpeg","articleSection":["Noticias"],"inLanguage":"es","potentialAction":[{"@type":"CommentAction","name":"Comment","target":["https:\/\/quehacerpolitico.mx\/?p=91090#respond"]}]},{"@type":"WebPage","@id":"https:\/\/quehacerpolitico.mx\/?p=91090","url":"https:\/\/quehacerpolitico.mx\/?p=91090","name":"\"Pedirle a los ciudadanos no participar en la revocaci\u00f3n es una ofensa\", comenta AMLO -","isPartOf":{"@id":"https:\/\/quehacerpolitico.mx\/#website"},"primaryImageOfPage":{"@id":"https:\/\/quehacerpolitico.mx\/?p=91090#primaryimage"},"image":{"@id":"https:\/\/quehacerpolitico.mx\/?p=91090#primaryimage"},"thumbnailUrl":"https:\/\/quehacerpolitico.mx\/wp-content\/uploads\/2022\/03\/2B0E4DC4-2512-4C43-BDC5-CB5FE62ACAF6.jpeg","datePublished":"2022-03-28T20:08:21+00:00","dateModified":"2022-03-28T20:08:26+00:00","author":{"@id":"https:\/\/quehacerpolitico.mx\/#\/schema\/person\/496d8ad2d1d3f8036101dca7ee39e585"},"breadcrumb":{"@id":"https:\/\/quehacerpolitico.mx\/?p=91090#breadcrumb"},"inLanguage":"es","potentialAction":[{"@type":"ReadAction","target":["https:\/\/quehacerpolitico.mx\/?p=91090"]}]},{"@type":"ImageObject","inLanguage":"es","@id":"https:\/\/quehacerpolitico.mx\/?p=91090#primaryimage","url":"https:\/\/quehacerpolitico.mx\/wp-content\/uploads\/2022\/03\/2B0E4DC4-2512-4C43-BDC5-CB5FE62ACAF6.jpeg","contentUrl":"https:\/\/quehacerpolitico.mx\/wp-content\/uploads\/2022\/03\/2B0E4DC4-2512-4C43-BDC5-CB5FE62ACAF6.jpeg","width":941,"height":690},{"@type":"BreadcrumbList","@id":"https:\/\/quehacerpolitico.mx\/?p=91090#breadcrumb","itemListElement":[{"@type":"ListItem","position":1,"name":"Inicio","item":"https:\/\/quehacerpolitico.mx\/"},{"@type":"ListItem","position":2,"name":"&#8220;Pedirle a los ciudadanos no participar en la revocaci\u00f3n es una ofensa&#8221;, comenta AMLO"}]},{"@type":"WebSite","@id":"https:\/\/quehacerpolitico.mx\/#website","url":"https:\/\/quehacerpolitico.mx\/","name":"","description":"","potentialAction":[{"@type":"SearchAction","target":{"@type":"EntryPoint","urlTemplate":"https:\/\/quehacerpolitico.mx\/?s={search_term_string}"},"query-input":{"@type":"PropertyValueSpecification","valueRequired":true,"valueName":"search_term_string"}}],"inLanguage":"es"},{"@type":"Person","@id":"https:\/\/quehacerpolitico.mx\/#\/schema\/person\/496d8ad2d1d3f8036101dca7ee39e585","name":"Redacci\u00f3n QP","image":{"@type":"ImageObject","inLanguage":"es","@id":"https:\/\/secure.gravatar.com\/avatar\/c7164ed6fdec453195284ad24a5ae5b6e1eed2b848477fa2a4787ba9adf39a41?s=96&d=mm&r=g","url":"https:\/\/secure.gravatar.com\/avatar\/c7164ed6fdec453195284ad24a5ae5b6e1eed2b848477fa2a4787ba9adf39a41?s=96&d=mm&r=g","contentUrl":"https:\/\/secure.gravatar.com\/avatar\/c7164ed6fdec453195284ad24a5ae5b6e1eed2b848477fa2a4787ba9adf39a41?s=96&d=mm&r=g","caption":"Redacci\u00f3n QP"},"url":"https:\/\/quehacerpolitico.mx\/?author=2"}]}},"featured_image_urls":{"full":["https:\/\/quehacerpolitico.mx\/wp-content\/uploads\/2022\/03\/2B0E4DC4-2512-4C43-BDC5-CB5FE62ACAF6.jpeg",941,690,false],"thumbnail":["https:\/\/quehacerpolitico.mx\/wp-content\/uploads\/2022\/03\/2B0E4DC4-2512-4C43-BDC5-CB5FE62ACAF6-150x150.jpeg",150,150,true],"medium":["https:\/\/quehacerpolitico.mx\/wp-content\/uploads\/2022\/03\/2B0E4DC4-2512-4C43-BDC5-CB5FE62ACAF6-300x220.jpeg",300,220,true],"medium_large":["https:\/\/quehacerpolitico.mx\/wp-content\/uploads\/2022\/03\/2B0E4DC4-2512-4C43-BDC5-CB5FE62ACAF6-768x563.jpeg",640,469,true],"large":["https:\/\/quehacerpolitico.mx\/wp-content\/uploads\/2022\/03\/2B0E4DC4-2512-4C43-BDC5-CB5FE62ACAF6.jpeg",640,469,false],"1536x1536":["https:\/\/quehacerpolitico.mx\/wp-content\/uploads\/2022\/03\/2B0E4DC4-2512-4C43-BDC5-CB5FE62ACAF6.jpeg",941,690,false],"2048x2048":["https:\/\/quehacerpolitico.mx\/wp-content\/uploads\/2022\/03\/2B0E4DC4-2512-4C43-BDC5-CB5FE62ACAF6.jpeg",941,690,false],"covernews-featured":["https:\/\/quehacerpolitico.mx\/wp-content\/uploads\/2022\/03\/2B0E4DC4-2512-4C43-BDC5-CB5FE62ACAF6.jpeg",941,690,false],"covernews-medium":["https:\/\/quehacerpolitico.mx\/wp-content\/uploads\/2022\/03\/2B0E4DC4-2512-4C43-BDC5-CB5FE62ACAF6.jpeg",464,340,false]},"author_info":{"display_name":"Redacci\u00f3n QP","author_link":"https:\/\/quehacerpolitico.mx\/?author=2"},"category_info":"<a href=\"https:\/\/quehacerpolitico.mx\/?cat=2\" rel=\"category\">Noticias<\/a>","tag_info":"Noticias","comment_count":"0","_links":{"self":[{"href":"https:\/\/quehacerpolitico.mx\/index.php?rest_route=\/wp\/v2\/posts\/91090","targetHints":{"allow":["GET"]}}],"collection":[{"href":"https:\/\/quehacerpolitico.mx\/index.php?rest_route=\/wp\/v2\/posts"}],"about":[{"href":"https:\/\/quehacerpolitico.mx\/index.php?rest_route=\/wp\/v2\/types\/post"}],"author":[{"embeddable":true,"href":"https:\/\/quehacerpolitico.mx\/index.php?rest_route=\/wp\/v2\/users\/2"}],"replies":[{"embeddable":true,"href":"https:\/\/quehacerpolitico.mx\/index.php?rest_route=%2Fwp%2Fv2%2Fcomments&post=91090"}],"version-history":[{"count":1,"href":"https:\/\/quehacerpolitico.mx\/index.php?rest_route=\/wp\/v2\/posts\/91090\/revisions"}],"predecessor-version":[{"id":91092,"href":"https:\/\/quehacerpolitico.mx\/index.php?rest_route=\/wp\/v2\/posts\/91090\/revisions\/91092"}],"wp:featuredmedia":[{"embeddable":true,"href":"https:\/\/quehacerpolitico.mx\/index.php?rest_route=\/wp\/v2\/media\/91091"}],"wp:attachment":[{"href":"https:\/\/quehacerpolitico.mx\/index.php?rest_route=%2Fwp%2Fv2%2Fmedia&parent=91090"}],"wp:term":[{"taxonomy":"category","embeddable":true,"href":"https:\/\/quehacerpolitico.mx\/index.php?rest_route=%2Fwp%2Fv2%2Fcategories&post=91090"},{"taxonomy":"post_tag","embeddable":true,"href":"https:\/\/quehacerpolitico.mx\/index.php?rest_route=%2Fwp%2Fv2%2Ftags&post=91090"}],"curies":[{"name":"wp","href":"https:\/\/api.w.org\/{rel}","templated":true}]}}