{"id":91081,"date":"2022-03-28T19:20:38","date_gmt":"2022-03-28T19:20:38","guid":{"rendered":"https:\/\/quehacerpolitico.mx\/?p=91081"},"modified":"2022-03-28T19:20:48","modified_gmt":"2022-03-28T19:20:48","slug":"reportan-una-posible-balacera-en-el-aeropuerto-de-cancun","status":"publish","type":"post","link":"https:\/\/quehacerpolitico.mx\/?p=91081","title":{"rendered":"Reportan una posible balacera en el Aeropuerto de Canc\u00fan"},"content":{"rendered":"\n<p>Por Redacci\u00f3n QP<\/p>\n\n\n\n<p>Seg\u00fan inform\u00f3 el C5, las detonaciones con armas de fuego se registraron en la terminal 3 del Aeropuerto Internacional de Canc\u00fan<\/p>\n\n\n\n<p>Poco antes del medio d\u00eda se registr\u00f3 una balacera al interior del Aeropuerto Internacional de Canc\u00fan. Autoridades de los tres \u00f3rdenes de Gobierno se encuentran en la zona.<\/p>\n\n\n\n<p>Seg\u00fan inform\u00f3 el C5,\u00a0<strong>las detonaciones con armas de fuego se registraron en la terminal 3 del Aeropuerto Internacional de Canc\u00fan<\/strong>.<\/p>\n\n\n\n<p>En redes sociales ya circulan videos donde se ve a decenas de turistas corriendo para resguardarse de los balazos. Adem\u00e1s, reportan que algunos aviones no permiten el descenso de pasajeros.<\/p>\n\n\n\n<figure class=\"wp-block-embed is-type-rich is-provider-twitter wp-block-embed-twitter\"><div class=\"wp-block-embed__wrapper\">\n<blockquote class=\"twitter-tweet\" data-width=\"550\" data-dnt=\"true\"><p lang=\"es\" dir=\"ltr\">\ud83d\udea8<a href=\"https:\/\/twitter.com\/hashtag\/%C3%9ALTIMAHORA?src=hash&amp;ref_src=twsrc%5Etfw\">#\u00daLTIMAHORA<\/a> | Reportan disparos por arma de fuego en la terminal 3 del Aeropuerto Internacional de Canc\u00fan<br><br>Hasta el momento no se reportan heridos.<a href=\"https:\/\/t.co\/NNvOMHxapi\">pic.twitter.com\/NNvOMHxapi<\/a><\/p>&mdash; Ruido en la Red (@RuidoEnLaRed) <a href=\"https:\/\/twitter.com\/RuidoEnLaRed\/status\/1508500935542202375?ref_src=twsrc%5Etfw\">March 28, 2022<\/a><\/blockquote><script async src=\"https:\/\/platform.twitter.com\/widgets.js\" charset=\"utf-8\"><\/script>\n<\/div><\/figure>\n\n\n\n<p>Tambi\u00e9n se logra ver a elementos de la Guardia Nacional corriendo dentro de la terminal donde ocurri\u00f3 la balacera.<\/p>\n\n\n\n<p>Autoridades no han brindado mayor informaci\u00f3n, pero de manera preliminar,\u00a0<strong>se inform\u00f3 que hubo una posible amenaza de bomba<\/strong>.<\/p>\n\n\n\n<figure class=\"wp-block-embed is-type-rich is-provider-twitter wp-block-embed-twitter\"><div class=\"wp-block-embed__wrapper\">\n<blockquote class=\"twitter-tweet\" data-width=\"550\" data-dnt=\"true\"><p lang=\"es\" dir=\"ltr\">\ud83c\uddf2\ud83c\uddfd As\u00ed la situaci\u00f3n en el Aeropueto Internacional de Canc\u00fan. <br><br>\ud83d\udc49 Se inform\u00f3 qu\u00e9 hay una posible amenaza de bomba. <a href=\"https:\/\/twitter.com\/hashtag\/M%C3%A9xico?src=hash&amp;ref_src=twsrc%5Etfw\">#M\u00e9xico<\/a> <a href=\"https:\/\/twitter.com\/hashtag\/Cancun?src=hash&amp;ref_src=twsrc%5Etfw\">#Cancun<\/a> <a href=\"https:\/\/twitter.com\/hashtag\/28Mar?src=hash&amp;ref_src=twsrc%5Etfw\">#28Mar<\/a> <a href=\"https:\/\/t.co\/Nyuqfp31GK\">pic.twitter.com\/Nyuqfp31GK<\/a><\/p>&mdash; C\u00e9sar Rivas (@C_Rivas14) <a href=\"https:\/\/twitter.com\/C_Rivas14\/status\/1508507505533534224?ref_src=twsrc%5Etfw\">March 28, 2022<\/a><\/blockquote><script async src=\"https:\/\/platform.twitter.com\/widgets.js\" charset=\"utf-8\"><\/script>\n<\/div><\/figure>\n\n\n\n<figure class=\"wp-block-embed is-type-rich is-provider-twitter wp-block-embed-twitter\"><div class=\"wp-block-embed__wrapper\">\nhttps:\/\/twitter.com\/venceslav\/status\/1508507512907124743?s=21&#038;t=guDwfcFlw6gCygCBtcMD2g\n<\/div><\/figure>\n\n\n\n<p>Con informaci\u00f3n de SUN<\/p>\n","protected":false},"excerpt":{"rendered":"<p>Por Redacci\u00f3n QP Seg\u00fan inform\u00f3 el C5, las detonaciones con armas de fuego se registraron&#8230;<\/p>\n","protected":false},"author":2,"featured_media":91082,"comment_status":"open","ping_status":"open","sticky":false,"template":"","format":"standard","meta":{"_monsterinsights_skip_tracking":false,"_monsterinsights_sitenote_active":false,"_monsterinsights_sitenote_note":"","_monsterinsights_sitenote_category":0,"footnotes":""},"categories":[2],"tags":[],"class_list":["post-91081","post","type-post","status-publish","format-standard","has-post-thumbnail","hentry","category-noticias"],"yoast_head":"<!-- This site is optimized with the Yoast SEO plugin v27.3 - https:\/\/yoast.com\/product\/yoast-seo-wordpress\/ -->\n<title>Reportan una posible balacera en el Aeropuerto de Canc\u00fan -<\/title>\n<meta name=\"robots\" content=\"index, follow, max-snippet:-1, max-image-preview:large, max-video-preview:-1\" \/>\n<link rel=\"canonical\" href=\"https:\/\/quehacerpolitico.mx\/?p=91081\" \/>\n<meta property=\"og:locale\" content=\"es_MX\" \/>\n<meta property=\"og:type\" content=\"article\" \/>\n<meta property=\"og:title\" content=\"Reportan una posible balacera en el Aeropuerto de Canc\u00fan -\" \/>\n<meta property=\"og:description\" content=\"Por Redacci\u00f3n QP Seg\u00fan inform\u00f3 el C5, las detonaciones con armas de fuego se registraron...\" \/>\n<meta property=\"og:url\" content=\"https:\/\/quehacerpolitico.mx\/?p=91081\" \/>\n<meta property=\"article:published_time\" content=\"2022-03-28T19:20:38+00:00\" \/>\n<meta property=\"article:modified_time\" content=\"2022-03-28T19:20:48+00:00\" \/>\n<meta property=\"og:image\" content=\"https:\/\/quehacerpolitico.mx\/wp-content\/uploads\/2022\/03\/B05A88B1-1CDC-4443-8492-7A8E22C733A9.jpeg\" \/>\n\t<meta property=\"og:image:width\" content=\"1284\" \/>\n\t<meta property=\"og:image:height\" content=\"1780\" \/>\n\t<meta property=\"og:image:type\" content=\"image\/jpeg\" \/>\n<meta name=\"author\" content=\"Redacci\u00f3n QP\" \/>\n<meta name=\"twitter:card\" content=\"summary_large_image\" \/>\n<meta name=\"twitter:label1\" content=\"Escrito por\" \/>\n\t<meta name=\"twitter:data1\" content=\"Redacci\u00f3n QP\" \/>\n\t<meta name=\"twitter:label2\" content=\"Tiempo de lectura\" \/>\n\t<meta name=\"twitter:data2\" content=\"1 minuto\" \/>\n<script type=\"application\/ld+json\" class=\"yoast-schema-graph\">{\"@context\":\"https:\\\/\\\/schema.org\",\"@graph\":[{\"@type\":\"Article\",\"@id\":\"https:\\\/\\\/quehacerpolitico.mx\\\/?p=91081#article\",\"isPartOf\":{\"@id\":\"https:\\\/\\\/quehacerpolitico.mx\\\/?p=91081\"},\"author\":{\"name\":\"Redacci\u00f3n QP\",\"@id\":\"https:\\\/\\\/quehacerpolitico.mx\\\/#\\\/schema\\\/person\\\/496d8ad2d1d3f8036101dca7ee39e585\"},\"headline\":\"Reportan una posible balacera en el Aeropuerto de Canc\u00fan\",\"datePublished\":\"2022-03-28T19:20:38+00:00\",\"dateModified\":\"2022-03-28T19:20:48+00:00\",\"mainEntityOfPage\":{\"@id\":\"https:\\\/\\\/quehacerpolitico.mx\\\/?p=91081\"},\"wordCount\":198,\"commentCount\":0,\"image\":{\"@id\":\"https:\\\/\\\/quehacerpolitico.mx\\\/?p=91081#primaryimage\"},\"thumbnailUrl\":\"https:\\\/\\\/quehacerpolitico.mx\\\/wp-content\\\/uploads\\\/2022\\\/03\\\/B05A88B1-1CDC-4443-8492-7A8E22C733A9.jpeg\",\"articleSection\":[\"Noticias\"],\"inLanguage\":\"es\",\"potentialAction\":[{\"@type\":\"CommentAction\",\"name\":\"Comment\",\"target\":[\"https:\\\/\\\/quehacerpolitico.mx\\\/?p=91081#respond\"]}]},{\"@type\":\"WebPage\",\"@id\":\"https:\\\/\\\/quehacerpolitico.mx\\\/?p=91081\",\"url\":\"https:\\\/\\\/quehacerpolitico.mx\\\/?p=91081\",\"name\":\"Reportan una posible balacera en el Aeropuerto de Canc\u00fan -\",\"isPartOf\":{\"@id\":\"https:\\\/\\\/quehacerpolitico.mx\\\/#website\"},\"primaryImageOfPage\":{\"@id\":\"https:\\\/\\\/quehacerpolitico.mx\\\/?p=91081#primaryimage\"},\"image\":{\"@id\":\"https:\\\/\\\/quehacerpolitico.mx\\\/?p=91081#primaryimage\"},\"thumbnailUrl\":\"https:\\\/\\\/quehacerpolitico.mx\\\/wp-content\\\/uploads\\\/2022\\\/03\\\/B05A88B1-1CDC-4443-8492-7A8E22C733A9.jpeg\",\"datePublished\":\"2022-03-28T19:20:38+00:00\",\"dateModified\":\"2022-03-28T19:20:48+00:00\",\"author\":{\"@id\":\"https:\\\/\\\/quehacerpolitico.mx\\\/#\\\/schema\\\/person\\\/496d8ad2d1d3f8036101dca7ee39e585\"},\"breadcrumb\":{\"@id\":\"https:\\\/\\\/quehacerpolitico.mx\\\/?p=91081#breadcrumb\"},\"inLanguage\":\"es\",\"potentialAction\":[{\"@type\":\"ReadAction\",\"target\":[\"https:\\\/\\\/quehacerpolitico.mx\\\/?p=91081\"]}]},{\"@type\":\"ImageObject\",\"inLanguage\":\"es\",\"@id\":\"https:\\\/\\\/quehacerpolitico.mx\\\/?p=91081#primaryimage\",\"url\":\"https:\\\/\\\/quehacerpolitico.mx\\\/wp-content\\\/uploads\\\/2022\\\/03\\\/B05A88B1-1CDC-4443-8492-7A8E22C733A9.jpeg\",\"contentUrl\":\"https:\\\/\\\/quehacerpolitico.mx\\\/wp-content\\\/uploads\\\/2022\\\/03\\\/B05A88B1-1CDC-4443-8492-7A8E22C733A9.jpeg\",\"width\":1284,\"height\":1780},{\"@type\":\"BreadcrumbList\",\"@id\":\"https:\\\/\\\/quehacerpolitico.mx\\\/?p=91081#breadcrumb\",\"itemListElement\":[{\"@type\":\"ListItem\",\"position\":1,\"name\":\"Inicio\",\"item\":\"https:\\\/\\\/quehacerpolitico.mx\\\/\"},{\"@type\":\"ListItem\",\"position\":2,\"name\":\"Reportan una posible balacera en el Aeropuerto de Canc\u00fan\"}]},{\"@type\":\"WebSite\",\"@id\":\"https:\\\/\\\/quehacerpolitico.mx\\\/#website\",\"url\":\"https:\\\/\\\/quehacerpolitico.mx\\\/\",\"name\":\"\",\"description\":\"\",\"potentialAction\":[{\"@type\":\"SearchAction\",\"target\":{\"@type\":\"EntryPoint\",\"urlTemplate\":\"https:\\\/\\\/quehacerpolitico.mx\\\/?s={search_term_string}\"},\"query-input\":{\"@type\":\"PropertyValueSpecification\",\"valueRequired\":true,\"valueName\":\"search_term_string\"}}],\"inLanguage\":\"es\"},{\"@type\":\"Person\",\"@id\":\"https:\\\/\\\/quehacerpolitico.mx\\\/#\\\/schema\\\/person\\\/496d8ad2d1d3f8036101dca7ee39e585\",\"name\":\"Redacci\u00f3n QP\",\"image\":{\"@type\":\"ImageObject\",\"inLanguage\":\"es\",\"@id\":\"https:\\\/\\\/secure.gravatar.com\\\/avatar\\\/c7164ed6fdec453195284ad24a5ae5b6e1eed2b848477fa2a4787ba9adf39a41?s=96&d=mm&r=g\",\"url\":\"https:\\\/\\\/secure.gravatar.com\\\/avatar\\\/c7164ed6fdec453195284ad24a5ae5b6e1eed2b848477fa2a4787ba9adf39a41?s=96&d=mm&r=g\",\"contentUrl\":\"https:\\\/\\\/secure.gravatar.com\\\/avatar\\\/c7164ed6fdec453195284ad24a5ae5b6e1eed2b848477fa2a4787ba9adf39a41?s=96&d=mm&r=g\",\"caption\":\"Redacci\u00f3n QP\"},\"url\":\"https:\\\/\\\/quehacerpolitico.mx\\\/?author=2\"}]}<\/script>\n<!-- \/ Yoast SEO plugin. -->","yoast_head_json":{"title":"Reportan una posible balacera en el Aeropuerto de Canc\u00fan -","robots":{"index":"index","follow":"follow","max-snippet":"max-snippet:-1","max-image-preview":"max-image-preview:large","max-video-preview":"max-video-preview:-1"},"canonical":"https:\/\/quehacerpolitico.mx\/?p=91081","og_locale":"es_MX","og_type":"article","og_title":"Reportan una posible balacera en el Aeropuerto de Canc\u00fan -","og_description":"Por Redacci\u00f3n QP Seg\u00fan inform\u00f3 el C5, las detonaciones con armas de fuego se registraron...","og_url":"https:\/\/quehacerpolitico.mx\/?p=91081","article_published_time":"2022-03-28T19:20:38+00:00","article_modified_time":"2022-03-28T19:20:48+00:00","og_image":[{"width":1284,"height":1780,"url":"https:\/\/quehacerpolitico.mx\/wp-content\/uploads\/2022\/03\/B05A88B1-1CDC-4443-8492-7A8E22C733A9.jpeg","type":"image\/jpeg"}],"author":"Redacci\u00f3n QP","twitter_card":"summary_large_image","twitter_misc":{"Escrito por":"Redacci\u00f3n QP","Tiempo de lectura":"1 minuto"},"schema":{"@context":"https:\/\/schema.org","@graph":[{"@type":"Article","@id":"https:\/\/quehacerpolitico.mx\/?p=91081#article","isPartOf":{"@id":"https:\/\/quehacerpolitico.mx\/?p=91081"},"author":{"name":"Redacci\u00f3n QP","@id":"https:\/\/quehacerpolitico.mx\/#\/schema\/person\/496d8ad2d1d3f8036101dca7ee39e585"},"headline":"Reportan una posible balacera en el Aeropuerto de Canc\u00fan","datePublished":"2022-03-28T19:20:38+00:00","dateModified":"2022-03-28T19:20:48+00:00","mainEntityOfPage":{"@id":"https:\/\/quehacerpolitico.mx\/?p=91081"},"wordCount":198,"commentCount":0,"image":{"@id":"https:\/\/quehacerpolitico.mx\/?p=91081#primaryimage"},"thumbnailUrl":"https:\/\/quehacerpolitico.mx\/wp-content\/uploads\/2022\/03\/B05A88B1-1CDC-4443-8492-7A8E22C733A9.jpeg","articleSection":["Noticias"],"inLanguage":"es","potentialAction":[{"@type":"CommentAction","name":"Comment","target":["https:\/\/quehacerpolitico.mx\/?p=91081#respond"]}]},{"@type":"WebPage","@id":"https:\/\/quehacerpolitico.mx\/?p=91081","url":"https:\/\/quehacerpolitico.mx\/?p=91081","name":"Reportan una posible balacera en el Aeropuerto de Canc\u00fan -","isPartOf":{"@id":"https:\/\/quehacerpolitico.mx\/#website"},"primaryImageOfPage":{"@id":"https:\/\/quehacerpolitico.mx\/?p=91081#primaryimage"},"image":{"@id":"https:\/\/quehacerpolitico.mx\/?p=91081#primaryimage"},"thumbnailUrl":"https:\/\/quehacerpolitico.mx\/wp-content\/uploads\/2022\/03\/B05A88B1-1CDC-4443-8492-7A8E22C733A9.jpeg","datePublished":"2022-03-28T19:20:38+00:00","dateModified":"2022-03-28T19:20:48+00:00","author":{"@id":"https:\/\/quehacerpolitico.mx\/#\/schema\/person\/496d8ad2d1d3f8036101dca7ee39e585"},"breadcrumb":{"@id":"https:\/\/quehacerpolitico.mx\/?p=91081#breadcrumb"},"inLanguage":"es","potentialAction":[{"@type":"ReadAction","target":["https:\/\/quehacerpolitico.mx\/?p=91081"]}]},{"@type":"ImageObject","inLanguage":"es","@id":"https:\/\/quehacerpolitico.mx\/?p=91081#primaryimage","url":"https:\/\/quehacerpolitico.mx\/wp-content\/uploads\/2022\/03\/B05A88B1-1CDC-4443-8492-7A8E22C733A9.jpeg","contentUrl":"https:\/\/quehacerpolitico.mx\/wp-content\/uploads\/2022\/03\/B05A88B1-1CDC-4443-8492-7A8E22C733A9.jpeg","width":1284,"height":1780},{"@type":"BreadcrumbList","@id":"https:\/\/quehacerpolitico.mx\/?p=91081#breadcrumb","itemListElement":[{"@type":"ListItem","position":1,"name":"Inicio","item":"https:\/\/quehacerpolitico.mx\/"},{"@type":"ListItem","position":2,"name":"Reportan una posible balacera en el Aeropuerto de Canc\u00fan"}]},{"@type":"WebSite","@id":"https:\/\/quehacerpolitico.mx\/#website","url":"https:\/\/quehacerpolitico.mx\/","name":"","description":"","potentialAction":[{"@type":"SearchAction","target":{"@type":"EntryPoint","urlTemplate":"https:\/\/quehacerpolitico.mx\/?s={search_term_string}"},"query-input":{"@type":"PropertyValueSpecification","valueRequired":true,"valueName":"search_term_string"}}],"inLanguage":"es"},{"@type":"Person","@id":"https:\/\/quehacerpolitico.mx\/#\/schema\/person\/496d8ad2d1d3f8036101dca7ee39e585","name":"Redacci\u00f3n QP","image":{"@type":"ImageObject","inLanguage":"es","@id":"https:\/\/secure.gravatar.com\/avatar\/c7164ed6fdec453195284ad24a5ae5b6e1eed2b848477fa2a4787ba9adf39a41?s=96&d=mm&r=g","url":"https:\/\/secure.gravatar.com\/avatar\/c7164ed6fdec453195284ad24a5ae5b6e1eed2b848477fa2a4787ba9adf39a41?s=96&d=mm&r=g","contentUrl":"https:\/\/secure.gravatar.com\/avatar\/c7164ed6fdec453195284ad24a5ae5b6e1eed2b848477fa2a4787ba9adf39a41?s=96&d=mm&r=g","caption":"Redacci\u00f3n QP"},"url":"https:\/\/quehacerpolitico.mx\/?author=2"}]}},"featured_image_urls":{"full":["https:\/\/quehacerpolitico.mx\/wp-content\/uploads\/2022\/03\/B05A88B1-1CDC-4443-8492-7A8E22C733A9.jpeg",1284,1780,false],"thumbnail":["https:\/\/quehacerpolitico.mx\/wp-content\/uploads\/2022\/03\/B05A88B1-1CDC-4443-8492-7A8E22C733A9-150x150.jpeg",150,150,true],"medium":["https:\/\/quehacerpolitico.mx\/wp-content\/uploads\/2022\/03\/B05A88B1-1CDC-4443-8492-7A8E22C733A9-216x300.jpeg",216,300,true],"medium_large":["https:\/\/quehacerpolitico.mx\/wp-content\/uploads\/2022\/03\/B05A88B1-1CDC-4443-8492-7A8E22C733A9-768x1065.jpeg",640,888,true],"large":["https:\/\/quehacerpolitico.mx\/wp-content\/uploads\/2022\/03\/B05A88B1-1CDC-4443-8492-7A8E22C733A9-739x1024.jpeg",640,887,true],"1536x1536":["https:\/\/quehacerpolitico.mx\/wp-content\/uploads\/2022\/03\/B05A88B1-1CDC-4443-8492-7A8E22C733A9-1108x1536.jpeg",1108,1536,true],"2048x2048":["https:\/\/quehacerpolitico.mx\/wp-content\/uploads\/2022\/03\/B05A88B1-1CDC-4443-8492-7A8E22C733A9.jpeg",1284,1780,false],"covernews-featured":["https:\/\/quehacerpolitico.mx\/wp-content\/uploads\/2022\/03\/B05A88B1-1CDC-4443-8492-7A8E22C733A9.jpeg",1024,1420,false],"covernews-medium":["https:\/\/quehacerpolitico.mx\/wp-content\/uploads\/2022\/03\/B05A88B1-1CDC-4443-8492-7A8E22C733A9.jpeg",245,340,false]},"author_info":{"display_name":"Redacci\u00f3n QP","author_link":"https:\/\/quehacerpolitico.mx\/?author=2"},"category_info":"<a href=\"https:\/\/quehacerpolitico.mx\/?cat=2\" rel=\"category\">Noticias<\/a>","tag_info":"Noticias","comment_count":"0","_links":{"self":[{"href":"https:\/\/quehacerpolitico.mx\/index.php?rest_route=\/wp\/v2\/posts\/91081","targetHints":{"allow":["GET"]}}],"collection":[{"href":"https:\/\/quehacerpolitico.mx\/index.php?rest_route=\/wp\/v2\/posts"}],"about":[{"href":"https:\/\/quehacerpolitico.mx\/index.php?rest_route=\/wp\/v2\/types\/post"}],"author":[{"embeddable":true,"href":"https:\/\/quehacerpolitico.mx\/index.php?rest_route=\/wp\/v2\/users\/2"}],"replies":[{"embeddable":true,"href":"https:\/\/quehacerpolitico.mx\/index.php?rest_route=%2Fwp%2Fv2%2Fcomments&post=91081"}],"version-history":[{"count":1,"href":"https:\/\/quehacerpolitico.mx\/index.php?rest_route=\/wp\/v2\/posts\/91081\/revisions"}],"predecessor-version":[{"id":91083,"href":"https:\/\/quehacerpolitico.mx\/index.php?rest_route=\/wp\/v2\/posts\/91081\/revisions\/91083"}],"wp:featuredmedia":[{"embeddable":true,"href":"https:\/\/quehacerpolitico.mx\/index.php?rest_route=\/wp\/v2\/media\/91082"}],"wp:attachment":[{"href":"https:\/\/quehacerpolitico.mx\/index.php?rest_route=%2Fwp%2Fv2%2Fmedia&parent=91081"}],"wp:term":[{"taxonomy":"category","embeddable":true,"href":"https:\/\/quehacerpolitico.mx\/index.php?rest_route=%2Fwp%2Fv2%2Fcategories&post=91081"},{"taxonomy":"post_tag","embeddable":true,"href":"https:\/\/quehacerpolitico.mx\/index.php?rest_route=%2Fwp%2Fv2%2Ftags&post=91081"}],"curies":[{"name":"wp","href":"https:\/\/api.w.org\/{rel}","templated":true}]}}