{"id":91077,"date":"2022-03-25T21:11:36","date_gmt":"2022-03-25T21:11:36","guid":{"rendered":"https:\/\/quehacerpolitico.mx\/?p=91077"},"modified":"2022-03-25T21:11:39","modified_gmt":"2022-03-25T21:11:39","slug":"amlovers-proponen-celebrar-natalicio-de-amlo-como-dia-de-asueto","status":"publish","type":"post","link":"https:\/\/quehacerpolitico.mx\/?p=91077","title":{"rendered":"Amlovers proponen celebrar natalicio de AMLO como d\u00eda de asueto\u00a0"},"content":{"rendered":"\n<p>Por Redacci\u00f3n QP<\/p>\n\n\n\n<p>La iniciativa publicada en la plataforma change.org sugiere que &#8220;es una forma de rendir homenaje por su incansable lucha a favor de la justicia social&#8221;<\/p>\n\n\n\n<p>En redes sociales se ha viralizado\u00a0una iniciativa con  la que se pretende que se haga oficial que el\u00a0natalicio del presidente de Mexico Andr\u00e9s Manuel L\u00f3pez Obrador (AMLO) se establezca como un d\u00eda de asueto. La idea, promovida por una usuaria de nombre Marisol Ord\u00f3\u00f1ez en la plataforma change.org busca que la fecha sea d\u00eda de descanso obligatorio.<\/p>\n\n\n\n<figure class=\"wp-block-embed is-type-rich is-provider-twitter wp-block-embed-twitter\"><div class=\"wp-block-embed__wrapper\">\n<blockquote class=\"twitter-tweet\" data-width=\"550\" data-dnt=\"true\"><p lang=\"es\" dir=\"ltr\">Se propone decretar como d\u00eda oficial de descanso el 13 de noviembre para celebrar el natalicio del presidente <a href=\"https:\/\/twitter.com\/lopezobrador_?ref_src=twsrc%5Etfw\">@lopezobrador_<\/a><br>Es un homenaje por su lucha a favor de la justicia social y la igualdad de los seres humanos.\u00a0<br>A la fecha \u00fanicamente se conmemora el natalicio de Ju\u00e1rez. <a href=\"https:\/\/t.co\/s2BERyFMa5\">https:\/\/t.co\/s2BERyFMa5<\/a><\/p>&mdash; M\u00f3nica O. abogada\uea00 (@Monicao2712) <a href=\"https:\/\/twitter.com\/Monicao2712\/status\/1478081957133262853?ref_src=twsrc%5Etfw\">January 3, 2022<\/a><\/blockquote><script async src=\"https:\/\/platform.twitter.com\/widgets.js\" charset=\"utf-8\"><\/script>\n<\/div><\/figure>\n\n\n\n<p>El Presidente AMLO\u00a0<strong>naci\u00f3 un 13 de noviembre de 1953.<\/strong><\/p>\n\n\n\n<p>La iniciativa sugiere que &#8220;es una forma de rendir homenaje por su incansable lucha (de\u00a0AMLO) a favor de la justicia social y la igualdad de los seres humanos. Hasta la fecha \u00fanicamente se conmemora el natalicio de Benito Ju\u00e1rez&#8221;.<\/p>\n\n\n\n<p>Al cierre de esta nota,\u00a0<strong>la petici\u00f3n hab\u00eda recabado 380 firmas; para que sea tendencia se deben conseguir 500.<\/strong><\/p>\n\n\n\n<figure class=\"wp-block-embed is-type-rich is-provider-twitter wp-block-embed-twitter\"><div class=\"wp-block-embed__wrapper\">\n<blockquote class=\"twitter-tweet\" data-width=\"550\" data-dnt=\"true\"><p lang=\"es\" dir=\"ltr\">Ya lo public\u00f3 Forbes queridos.<br>Vamos a firmar la petici\u00f3n. \ud83d\udc47\ud83d\ude01<a href=\"https:\/\/t.co\/fd5K9Oxboa\">https:\/\/t.co\/fd5K9Oxboa<\/a><a href=\"https:\/\/t.co\/0bljLX36B1\">https:\/\/t.co\/0bljLX36B1<\/a><\/p>&mdash; M\u00f3nica O. abogada\uea00 (@Monicao2712) <a href=\"https:\/\/twitter.com\/Monicao2712\/status\/1507462323320995844?ref_src=twsrc%5Etfw\">March 25, 2022<\/a><\/blockquote><script async src=\"https:\/\/platform.twitter.com\/widgets.js\" charset=\"utf-8\"><\/script>\n<\/div><\/figure>\n\n\n\n<p>La idea se volvi\u00f3 viral en redes sociales, porque hay quienes defienden que se establecer\u00eda un nuevo &#8220;puente&#8221; o d\u00eda de descanso obligatorio, y en algunos empleos el d\u00eda se paga triple por trabajar.<\/p>\n\n\n\n<p>Por otro lado, hay quienes la critican al no compartir las ideas pol\u00edticas del Mandatario Federal.<\/p>\n","protected":false},"excerpt":{"rendered":"<p>Por Redacci\u00f3n QP La iniciativa publicada en la plataforma change.org sugiere que &#8220;es una forma&#8230;<\/p>\n","protected":false},"author":2,"featured_media":91078,"comment_status":"open","ping_status":"open","sticky":false,"template":"","format":"standard","meta":{"_monsterinsights_skip_tracking":false,"_monsterinsights_sitenote_active":false,"_monsterinsights_sitenote_note":"","_monsterinsights_sitenote_category":0,"footnotes":""},"categories":[2],"tags":[],"class_list":["post-91077","post","type-post","status-publish","format-standard","has-post-thumbnail","hentry","category-noticias"],"yoast_head":"<!-- This site is optimized with the Yoast SEO plugin v27.3 - https:\/\/yoast.com\/product\/yoast-seo-wordpress\/ -->\n<title>Amlovers proponen celebrar natalicio de AMLO como d\u00eda de asueto\u00a0 -<\/title>\n<meta name=\"robots\" content=\"index, follow, max-snippet:-1, max-image-preview:large, max-video-preview:-1\" \/>\n<link rel=\"canonical\" href=\"https:\/\/quehacerpolitico.mx\/?p=91077\" \/>\n<meta property=\"og:locale\" content=\"es_MX\" \/>\n<meta property=\"og:type\" content=\"article\" \/>\n<meta property=\"og:title\" content=\"Amlovers proponen celebrar natalicio de AMLO como d\u00eda de asueto\u00a0 -\" \/>\n<meta property=\"og:description\" content=\"Por Redacci\u00f3n QP La iniciativa publicada en la plataforma change.org sugiere que &#8220;es una forma...\" \/>\n<meta property=\"og:url\" content=\"https:\/\/quehacerpolitico.mx\/?p=91077\" \/>\n<meta property=\"article:published_time\" content=\"2022-03-25T21:11:36+00:00\" \/>\n<meta property=\"article:modified_time\" content=\"2022-03-25T21:11:39+00:00\" \/>\n<meta property=\"og:image\" content=\"https:\/\/quehacerpolitico.mx\/wp-content\/uploads\/2022\/03\/C0F7A619-C42F-44A3-B5BF-DD496613C2C1.jpeg\" \/>\n\t<meta property=\"og:image:width\" content=\"678\" \/>\n\t<meta property=\"og:image:height\" content=\"452\" \/>\n\t<meta property=\"og:image:type\" content=\"image\/jpeg\" \/>\n<meta name=\"author\" content=\"Redacci\u00f3n QP\" \/>\n<meta name=\"twitter:card\" content=\"summary_large_image\" \/>\n<meta name=\"twitter:label1\" content=\"Escrito por\" \/>\n\t<meta name=\"twitter:data1\" content=\"Redacci\u00f3n QP\" \/>\n\t<meta name=\"twitter:label2\" content=\"Tiempo de lectura\" \/>\n\t<meta name=\"twitter:data2\" content=\"1 minuto\" \/>\n<script type=\"application\/ld+json\" class=\"yoast-schema-graph\">{\"@context\":\"https:\\\/\\\/schema.org\",\"@graph\":[{\"@type\":\"Article\",\"@id\":\"https:\\\/\\\/quehacerpolitico.mx\\\/?p=91077#article\",\"isPartOf\":{\"@id\":\"https:\\\/\\\/quehacerpolitico.mx\\\/?p=91077\"},\"author\":{\"name\":\"Redacci\u00f3n QP\",\"@id\":\"https:\\\/\\\/quehacerpolitico.mx\\\/#\\\/schema\\\/person\\\/496d8ad2d1d3f8036101dca7ee39e585\"},\"headline\":\"Amlovers proponen celebrar natalicio de AMLO como d\u00eda de asueto\u00a0\",\"datePublished\":\"2022-03-25T21:11:36+00:00\",\"dateModified\":\"2022-03-25T21:11:39+00:00\",\"mainEntityOfPage\":{\"@id\":\"https:\\\/\\\/quehacerpolitico.mx\\\/?p=91077\"},\"wordCount\":251,\"commentCount\":0,\"image\":{\"@id\":\"https:\\\/\\\/quehacerpolitico.mx\\\/?p=91077#primaryimage\"},\"thumbnailUrl\":\"https:\\\/\\\/quehacerpolitico.mx\\\/wp-content\\\/uploads\\\/2022\\\/03\\\/C0F7A619-C42F-44A3-B5BF-DD496613C2C1.jpeg\",\"articleSection\":[\"Noticias\"],\"inLanguage\":\"es\",\"potentialAction\":[{\"@type\":\"CommentAction\",\"name\":\"Comment\",\"target\":[\"https:\\\/\\\/quehacerpolitico.mx\\\/?p=91077#respond\"]}]},{\"@type\":\"WebPage\",\"@id\":\"https:\\\/\\\/quehacerpolitico.mx\\\/?p=91077\",\"url\":\"https:\\\/\\\/quehacerpolitico.mx\\\/?p=91077\",\"name\":\"Amlovers proponen celebrar natalicio de AMLO como d\u00eda de asueto\u00a0 -\",\"isPartOf\":{\"@id\":\"https:\\\/\\\/quehacerpolitico.mx\\\/#website\"},\"primaryImageOfPage\":{\"@id\":\"https:\\\/\\\/quehacerpolitico.mx\\\/?p=91077#primaryimage\"},\"image\":{\"@id\":\"https:\\\/\\\/quehacerpolitico.mx\\\/?p=91077#primaryimage\"},\"thumbnailUrl\":\"https:\\\/\\\/quehacerpolitico.mx\\\/wp-content\\\/uploads\\\/2022\\\/03\\\/C0F7A619-C42F-44A3-B5BF-DD496613C2C1.jpeg\",\"datePublished\":\"2022-03-25T21:11:36+00:00\",\"dateModified\":\"2022-03-25T21:11:39+00:00\",\"author\":{\"@id\":\"https:\\\/\\\/quehacerpolitico.mx\\\/#\\\/schema\\\/person\\\/496d8ad2d1d3f8036101dca7ee39e585\"},\"breadcrumb\":{\"@id\":\"https:\\\/\\\/quehacerpolitico.mx\\\/?p=91077#breadcrumb\"},\"inLanguage\":\"es\",\"potentialAction\":[{\"@type\":\"ReadAction\",\"target\":[\"https:\\\/\\\/quehacerpolitico.mx\\\/?p=91077\"]}]},{\"@type\":\"ImageObject\",\"inLanguage\":\"es\",\"@id\":\"https:\\\/\\\/quehacerpolitico.mx\\\/?p=91077#primaryimage\",\"url\":\"https:\\\/\\\/quehacerpolitico.mx\\\/wp-content\\\/uploads\\\/2022\\\/03\\\/C0F7A619-C42F-44A3-B5BF-DD496613C2C1.jpeg\",\"contentUrl\":\"https:\\\/\\\/quehacerpolitico.mx\\\/wp-content\\\/uploads\\\/2022\\\/03\\\/C0F7A619-C42F-44A3-B5BF-DD496613C2C1.jpeg\",\"width\":678,\"height\":452},{\"@type\":\"BreadcrumbList\",\"@id\":\"https:\\\/\\\/quehacerpolitico.mx\\\/?p=91077#breadcrumb\",\"itemListElement\":[{\"@type\":\"ListItem\",\"position\":1,\"name\":\"Inicio\",\"item\":\"https:\\\/\\\/quehacerpolitico.mx\\\/\"},{\"@type\":\"ListItem\",\"position\":2,\"name\":\"Amlovers proponen celebrar natalicio de AMLO como d\u00eda de asueto\u00a0\"}]},{\"@type\":\"WebSite\",\"@id\":\"https:\\\/\\\/quehacerpolitico.mx\\\/#website\",\"url\":\"https:\\\/\\\/quehacerpolitico.mx\\\/\",\"name\":\"\",\"description\":\"\",\"potentialAction\":[{\"@type\":\"SearchAction\",\"target\":{\"@type\":\"EntryPoint\",\"urlTemplate\":\"https:\\\/\\\/quehacerpolitico.mx\\\/?s={search_term_string}\"},\"query-input\":{\"@type\":\"PropertyValueSpecification\",\"valueRequired\":true,\"valueName\":\"search_term_string\"}}],\"inLanguage\":\"es\"},{\"@type\":\"Person\",\"@id\":\"https:\\\/\\\/quehacerpolitico.mx\\\/#\\\/schema\\\/person\\\/496d8ad2d1d3f8036101dca7ee39e585\",\"name\":\"Redacci\u00f3n QP\",\"image\":{\"@type\":\"ImageObject\",\"inLanguage\":\"es\",\"@id\":\"https:\\\/\\\/secure.gravatar.com\\\/avatar\\\/c7164ed6fdec453195284ad24a5ae5b6e1eed2b848477fa2a4787ba9adf39a41?s=96&d=mm&r=g\",\"url\":\"https:\\\/\\\/secure.gravatar.com\\\/avatar\\\/c7164ed6fdec453195284ad24a5ae5b6e1eed2b848477fa2a4787ba9adf39a41?s=96&d=mm&r=g\",\"contentUrl\":\"https:\\\/\\\/secure.gravatar.com\\\/avatar\\\/c7164ed6fdec453195284ad24a5ae5b6e1eed2b848477fa2a4787ba9adf39a41?s=96&d=mm&r=g\",\"caption\":\"Redacci\u00f3n QP\"},\"url\":\"https:\\\/\\\/quehacerpolitico.mx\\\/?author=2\"}]}<\/script>\n<!-- \/ Yoast SEO plugin. -->","yoast_head_json":{"title":"Amlovers proponen celebrar natalicio de AMLO como d\u00eda de asueto\u00a0 -","robots":{"index":"index","follow":"follow","max-snippet":"max-snippet:-1","max-image-preview":"max-image-preview:large","max-video-preview":"max-video-preview:-1"},"canonical":"https:\/\/quehacerpolitico.mx\/?p=91077","og_locale":"es_MX","og_type":"article","og_title":"Amlovers proponen celebrar natalicio de AMLO como d\u00eda de asueto\u00a0 -","og_description":"Por Redacci\u00f3n QP La iniciativa publicada en la plataforma change.org sugiere que &#8220;es una forma...","og_url":"https:\/\/quehacerpolitico.mx\/?p=91077","article_published_time":"2022-03-25T21:11:36+00:00","article_modified_time":"2022-03-25T21:11:39+00:00","og_image":[{"width":678,"height":452,"url":"https:\/\/quehacerpolitico.mx\/wp-content\/uploads\/2022\/03\/C0F7A619-C42F-44A3-B5BF-DD496613C2C1.jpeg","type":"image\/jpeg"}],"author":"Redacci\u00f3n QP","twitter_card":"summary_large_image","twitter_misc":{"Escrito por":"Redacci\u00f3n QP","Tiempo de lectura":"1 minuto"},"schema":{"@context":"https:\/\/schema.org","@graph":[{"@type":"Article","@id":"https:\/\/quehacerpolitico.mx\/?p=91077#article","isPartOf":{"@id":"https:\/\/quehacerpolitico.mx\/?p=91077"},"author":{"name":"Redacci\u00f3n QP","@id":"https:\/\/quehacerpolitico.mx\/#\/schema\/person\/496d8ad2d1d3f8036101dca7ee39e585"},"headline":"Amlovers proponen celebrar natalicio de AMLO como d\u00eda de asueto\u00a0","datePublished":"2022-03-25T21:11:36+00:00","dateModified":"2022-03-25T21:11:39+00:00","mainEntityOfPage":{"@id":"https:\/\/quehacerpolitico.mx\/?p=91077"},"wordCount":251,"commentCount":0,"image":{"@id":"https:\/\/quehacerpolitico.mx\/?p=91077#primaryimage"},"thumbnailUrl":"https:\/\/quehacerpolitico.mx\/wp-content\/uploads\/2022\/03\/C0F7A619-C42F-44A3-B5BF-DD496613C2C1.jpeg","articleSection":["Noticias"],"inLanguage":"es","potentialAction":[{"@type":"CommentAction","name":"Comment","target":["https:\/\/quehacerpolitico.mx\/?p=91077#respond"]}]},{"@type":"WebPage","@id":"https:\/\/quehacerpolitico.mx\/?p=91077","url":"https:\/\/quehacerpolitico.mx\/?p=91077","name":"Amlovers proponen celebrar natalicio de AMLO como d\u00eda de asueto\u00a0 -","isPartOf":{"@id":"https:\/\/quehacerpolitico.mx\/#website"},"primaryImageOfPage":{"@id":"https:\/\/quehacerpolitico.mx\/?p=91077#primaryimage"},"image":{"@id":"https:\/\/quehacerpolitico.mx\/?p=91077#primaryimage"},"thumbnailUrl":"https:\/\/quehacerpolitico.mx\/wp-content\/uploads\/2022\/03\/C0F7A619-C42F-44A3-B5BF-DD496613C2C1.jpeg","datePublished":"2022-03-25T21:11:36+00:00","dateModified":"2022-03-25T21:11:39+00:00","author":{"@id":"https:\/\/quehacerpolitico.mx\/#\/schema\/person\/496d8ad2d1d3f8036101dca7ee39e585"},"breadcrumb":{"@id":"https:\/\/quehacerpolitico.mx\/?p=91077#breadcrumb"},"inLanguage":"es","potentialAction":[{"@type":"ReadAction","target":["https:\/\/quehacerpolitico.mx\/?p=91077"]}]},{"@type":"ImageObject","inLanguage":"es","@id":"https:\/\/quehacerpolitico.mx\/?p=91077#primaryimage","url":"https:\/\/quehacerpolitico.mx\/wp-content\/uploads\/2022\/03\/C0F7A619-C42F-44A3-B5BF-DD496613C2C1.jpeg","contentUrl":"https:\/\/quehacerpolitico.mx\/wp-content\/uploads\/2022\/03\/C0F7A619-C42F-44A3-B5BF-DD496613C2C1.jpeg","width":678,"height":452},{"@type":"BreadcrumbList","@id":"https:\/\/quehacerpolitico.mx\/?p=91077#breadcrumb","itemListElement":[{"@type":"ListItem","position":1,"name":"Inicio","item":"https:\/\/quehacerpolitico.mx\/"},{"@type":"ListItem","position":2,"name":"Amlovers proponen celebrar natalicio de AMLO como d\u00eda de asueto\u00a0"}]},{"@type":"WebSite","@id":"https:\/\/quehacerpolitico.mx\/#website","url":"https:\/\/quehacerpolitico.mx\/","name":"","description":"","potentialAction":[{"@type":"SearchAction","target":{"@type":"EntryPoint","urlTemplate":"https:\/\/quehacerpolitico.mx\/?s={search_term_string}"},"query-input":{"@type":"PropertyValueSpecification","valueRequired":true,"valueName":"search_term_string"}}],"inLanguage":"es"},{"@type":"Person","@id":"https:\/\/quehacerpolitico.mx\/#\/schema\/person\/496d8ad2d1d3f8036101dca7ee39e585","name":"Redacci\u00f3n QP","image":{"@type":"ImageObject","inLanguage":"es","@id":"https:\/\/secure.gravatar.com\/avatar\/c7164ed6fdec453195284ad24a5ae5b6e1eed2b848477fa2a4787ba9adf39a41?s=96&d=mm&r=g","url":"https:\/\/secure.gravatar.com\/avatar\/c7164ed6fdec453195284ad24a5ae5b6e1eed2b848477fa2a4787ba9adf39a41?s=96&d=mm&r=g","contentUrl":"https:\/\/secure.gravatar.com\/avatar\/c7164ed6fdec453195284ad24a5ae5b6e1eed2b848477fa2a4787ba9adf39a41?s=96&d=mm&r=g","caption":"Redacci\u00f3n QP"},"url":"https:\/\/quehacerpolitico.mx\/?author=2"}]}},"featured_image_urls":{"full":["https:\/\/quehacerpolitico.mx\/wp-content\/uploads\/2022\/03\/C0F7A619-C42F-44A3-B5BF-DD496613C2C1.jpeg",678,452,false],"thumbnail":["https:\/\/quehacerpolitico.mx\/wp-content\/uploads\/2022\/03\/C0F7A619-C42F-44A3-B5BF-DD496613C2C1-150x150.jpeg",150,150,true],"medium":["https:\/\/quehacerpolitico.mx\/wp-content\/uploads\/2022\/03\/C0F7A619-C42F-44A3-B5BF-DD496613C2C1-300x200.jpeg",300,200,true],"medium_large":["https:\/\/quehacerpolitico.mx\/wp-content\/uploads\/2022\/03\/C0F7A619-C42F-44A3-B5BF-DD496613C2C1.jpeg",640,427,false],"large":["https:\/\/quehacerpolitico.mx\/wp-content\/uploads\/2022\/03\/C0F7A619-C42F-44A3-B5BF-DD496613C2C1.jpeg",640,427,false],"1536x1536":["https:\/\/quehacerpolitico.mx\/wp-content\/uploads\/2022\/03\/C0F7A619-C42F-44A3-B5BF-DD496613C2C1.jpeg",678,452,false],"2048x2048":["https:\/\/quehacerpolitico.mx\/wp-content\/uploads\/2022\/03\/C0F7A619-C42F-44A3-B5BF-DD496613C2C1.jpeg",678,452,false],"covernews-featured":["https:\/\/quehacerpolitico.mx\/wp-content\/uploads\/2022\/03\/C0F7A619-C42F-44A3-B5BF-DD496613C2C1.jpeg",678,452,false],"covernews-medium":["https:\/\/quehacerpolitico.mx\/wp-content\/uploads\/2022\/03\/C0F7A619-C42F-44A3-B5BF-DD496613C2C1.jpeg",510,340,false]},"author_info":{"display_name":"Redacci\u00f3n QP","author_link":"https:\/\/quehacerpolitico.mx\/?author=2"},"category_info":"<a href=\"https:\/\/quehacerpolitico.mx\/?cat=2\" rel=\"category\">Noticias<\/a>","tag_info":"Noticias","comment_count":"0","_links":{"self":[{"href":"https:\/\/quehacerpolitico.mx\/index.php?rest_route=\/wp\/v2\/posts\/91077","targetHints":{"allow":["GET"]}}],"collection":[{"href":"https:\/\/quehacerpolitico.mx\/index.php?rest_route=\/wp\/v2\/posts"}],"about":[{"href":"https:\/\/quehacerpolitico.mx\/index.php?rest_route=\/wp\/v2\/types\/post"}],"author":[{"embeddable":true,"href":"https:\/\/quehacerpolitico.mx\/index.php?rest_route=\/wp\/v2\/users\/2"}],"replies":[{"embeddable":true,"href":"https:\/\/quehacerpolitico.mx\/index.php?rest_route=%2Fwp%2Fv2%2Fcomments&post=91077"}],"version-history":[{"count":1,"href":"https:\/\/quehacerpolitico.mx\/index.php?rest_route=\/wp\/v2\/posts\/91077\/revisions"}],"predecessor-version":[{"id":91079,"href":"https:\/\/quehacerpolitico.mx\/index.php?rest_route=\/wp\/v2\/posts\/91077\/revisions\/91079"}],"wp:featuredmedia":[{"embeddable":true,"href":"https:\/\/quehacerpolitico.mx\/index.php?rest_route=\/wp\/v2\/media\/91078"}],"wp:attachment":[{"href":"https:\/\/quehacerpolitico.mx\/index.php?rest_route=%2Fwp%2Fv2%2Fmedia&parent=91077"}],"wp:term":[{"taxonomy":"category","embeddable":true,"href":"https:\/\/quehacerpolitico.mx\/index.php?rest_route=%2Fwp%2Fv2%2Fcategories&post=91077"},{"taxonomy":"post_tag","embeddable":true,"href":"https:\/\/quehacerpolitico.mx\/index.php?rest_route=%2Fwp%2Fv2%2Ftags&post=91077"}],"curies":[{"name":"wp","href":"https:\/\/api.w.org\/{rel}","templated":true}]}}