{"id":91023,"date":"2022-03-24T18:37:15","date_gmt":"2022-03-24T18:37:15","guid":{"rendered":"https:\/\/quehacerpolitico.mx\/?p=91023"},"modified":"2022-03-24T18:37:24","modified_gmt":"2022-03-24T18:37:24","slug":"internacionales-carolina-alonso-romei-joe-biden-advirtio-que-su-gobierno-respondera-si-rusia-usa-armas-quimicas-en-ucrania","status":"publish","type":"post","link":"https:\/\/quehacerpolitico.mx\/?p=91023","title":{"rendered":"Internacionales\/\/\/Carolina Alonso Romei\/\/\/Joe Biden advirti\u00f3 que su Gobierno \u201cresponder\u00e1\u201d si Rusia usa armas qu\u00edmicas en Ucrania"},"content":{"rendered":"\n<p>Por Carolina Alonso Romei<\/p>\n\n\n\n<p>Internacionalista <\/p>\n\n\n\n<p>Joe Biden advirti\u00f3 que su Gobierno \u201cresponder\u00e1\u201d si Rusia usa armas qu\u00edmicas en Ucrania; asegur\u00f3 que represalias depender\u00e1n del uso\u201d del armamento<\/p>\n\n\n\n<p>El presidente de&nbsp;<strong>Estados<\/strong>&nbsp;<strong>Unidos<\/strong>,&nbsp;<strong>Joe Biden<\/strong>, advirti\u00f3 que su&nbsp;<strong>Gobierno<\/strong>&nbsp;\u201cresponder\u00e1\u201d si<strong>&nbsp;Rusia<\/strong>&nbsp;usa armas qu\u00edmicas en<strong>Ucrania<\/strong>, y asegur\u00f3 que esas represalias depender\u00e1n de \u201cla naturaleza del uso\u201d de ese tipo de armamento por parte de Mosc\u00fa.<\/p>\n\n\n\n<p>En una rueda de prensa en\u00a0<strong>Bruselas<\/strong>, despu\u00e9s de participar en sendas cumbres de la OTAN y el G7, Biden asegur\u00f3 tambi\u00e9n que la Alianza Atl\u00e1ntica \u201cnunca ha estado tan unida como hoy\u201d.<\/p>\n\n\n\n<figure class=\"wp-block-embed is-type-video is-provider-youtube wp-block-embed-youtube wp-embed-aspect-16-9 wp-has-aspect-ratio\"><div class=\"wp-block-embed__wrapper\">\n<iframe loading=\"lazy\" title=\"Biden habla despu\u00e9s de la cumbre de emergencia de la OTAN en Bruselas\" width=\"640\" height=\"360\" src=\"https:\/\/www.youtube.com\/embed\/Vr4v8mVEWbE?feature=oembed\" frameborder=\"0\" allow=\"accelerometer; autoplay; clipboard-write; encrypted-media; gyroscope; picture-in-picture; web-share\" referrerpolicy=\"strict-origin-when-cross-origin\" allowfullscreen><\/iframe>\n<\/div><\/figure>\n\n\n\n<p>Opin\u00f3, adem\u00e1s, que Rusia deber\u00eda ser expulsada del\u00a0<strong>G20<\/strong>debido a su invasi\u00f3n de Ucrania. A\u00f1adi\u00f3 que si el resto de miembros de ese grupo no est\u00e1n de acuerdo con expulsar a Rusia, deber\u00edan al menos permitir que Ucrania participe tambi\u00e9n en las reuniones de ese mecanismo multilateral.<\/p>\n\n\n\n<p>Y dijo a su hom\u00f3logo chino,\u00a0<strong>Xi Jinping<\/strong>, que pondr\u00e1 en \u201cpeligro\u201d sus lazos con\u00a0<strong>Occidente<\/strong>, especialmente con EE.UU. y con la Uni\u00f3n Europea (<strong>UE<\/strong>), si ayuda a\u00a0<strong>Rusia<\/strong>\u00a0en\u00a0<strong>Ucrania<\/strong>.<\/p>\n\n\n\n<p>\u201cLe he indicado que se estar\u00eda poniendo en un peligro significativo si se mueve adelante para ayudar a Rusia\u201d, dijo Biden este jueves en Bruselas, a donde se ha trasladado para mantener conversaciones con sus aliados para reforzar la postura com\u00fan frente a la invasi\u00f3n rusa de Ucrania.<\/p>\n\n\n\n<p>Con informaci\u00f3n de EFE<\/p>\n","protected":false},"excerpt":{"rendered":"<p>Por Carolina Alonso Romei Internacionalista Joe Biden advirti\u00f3 que su Gobierno \u201cresponder\u00e1\u201d si Rusia usa&#8230;<\/p>\n","protected":false},"author":2,"featured_media":91024,"comment_status":"open","ping_status":"open","sticky":false,"template":"","format":"standard","meta":{"_monsterinsights_skip_tracking":false,"_monsterinsights_sitenote_active":false,"_monsterinsights_sitenote_note":"","_monsterinsights_sitenote_category":0,"footnotes":""},"categories":[1],"tags":[],"class_list":["post-91023","post","type-post","status-publish","format-standard","has-post-thumbnail","hentry","category-sin-categoria"],"yoast_head":"<!-- This site is optimized with the Yoast SEO plugin v27.3 - https:\/\/yoast.com\/product\/yoast-seo-wordpress\/ -->\n<title>Internacionales\/\/\/Carolina Alonso Romei\/\/\/Joe Biden advirti\u00f3 que su Gobierno \u201cresponder\u00e1\u201d si Rusia usa armas qu\u00edmicas en Ucrania -<\/title>\n<meta name=\"robots\" content=\"index, follow, max-snippet:-1, max-image-preview:large, max-video-preview:-1\" \/>\n<link rel=\"canonical\" href=\"https:\/\/quehacerpolitico.mx\/?p=91023\" \/>\n<meta property=\"og:locale\" content=\"es_MX\" \/>\n<meta property=\"og:type\" content=\"article\" \/>\n<meta property=\"og:title\" content=\"Internacionales\/\/\/Carolina Alonso Romei\/\/\/Joe Biden advirti\u00f3 que su Gobierno \u201cresponder\u00e1\u201d si Rusia usa armas qu\u00edmicas en Ucrania -\" \/>\n<meta property=\"og:description\" content=\"Por Carolina Alonso Romei Internacionalista Joe Biden advirti\u00f3 que su Gobierno \u201cresponder\u00e1\u201d si Rusia usa...\" \/>\n<meta property=\"og:url\" content=\"https:\/\/quehacerpolitico.mx\/?p=91023\" \/>\n<meta property=\"article:published_time\" content=\"2022-03-24T18:37:15+00:00\" \/>\n<meta property=\"article:modified_time\" content=\"2022-03-24T18:37:24+00:00\" \/>\n<meta property=\"og:image\" content=\"https:\/\/quehacerpolitico.mx\/wp-content\/uploads\/2022\/03\/CEFF9CAB-A91F-420E-AD56-6B9D7BD7AD55.jpeg\" \/>\n\t<meta property=\"og:image:width\" content=\"2048\" \/>\n\t<meta property=\"og:image:height\" content=\"1365\" \/>\n\t<meta property=\"og:image:type\" content=\"image\/jpeg\" \/>\n<meta name=\"author\" content=\"Redacci\u00f3n QP\" \/>\n<meta name=\"twitter:card\" content=\"summary_large_image\" \/>\n<meta name=\"twitter:label1\" content=\"Escrito por\" \/>\n\t<meta name=\"twitter:data1\" content=\"Redacci\u00f3n QP\" \/>\n\t<meta name=\"twitter:label2\" content=\"Tiempo de lectura\" \/>\n\t<meta name=\"twitter:data2\" content=\"1 minuto\" \/>\n<script type=\"application\/ld+json\" class=\"yoast-schema-graph\">{\"@context\":\"https:\\\/\\\/schema.org\",\"@graph\":[{\"@type\":\"Article\",\"@id\":\"https:\\\/\\\/quehacerpolitico.mx\\\/?p=91023#article\",\"isPartOf\":{\"@id\":\"https:\\\/\\\/quehacerpolitico.mx\\\/?p=91023\"},\"author\":{\"name\":\"Redacci\u00f3n QP\",\"@id\":\"https:\\\/\\\/quehacerpolitico.mx\\\/#\\\/schema\\\/person\\\/496d8ad2d1d3f8036101dca7ee39e585\"},\"headline\":\"Internacionales\\\/\\\/\\\/Carolina Alonso Romei\\\/\\\/\\\/Joe Biden advirti\u00f3 que su Gobierno \u201cresponder\u00e1\u201d si Rusia usa armas qu\u00edmicas en Ucrania\",\"datePublished\":\"2022-03-24T18:37:15+00:00\",\"dateModified\":\"2022-03-24T18:37:24+00:00\",\"mainEntityOfPage\":{\"@id\":\"https:\\\/\\\/quehacerpolitico.mx\\\/?p=91023\"},\"wordCount\":282,\"commentCount\":0,\"image\":{\"@id\":\"https:\\\/\\\/quehacerpolitico.mx\\\/?p=91023#primaryimage\"},\"thumbnailUrl\":\"https:\\\/\\\/quehacerpolitico.mx\\\/wp-content\\\/uploads\\\/2022\\\/03\\\/CEFF9CAB-A91F-420E-AD56-6B9D7BD7AD55.jpeg\",\"articleSection\":[\"Internacionales\"],\"inLanguage\":\"es\",\"potentialAction\":[{\"@type\":\"CommentAction\",\"name\":\"Comment\",\"target\":[\"https:\\\/\\\/quehacerpolitico.mx\\\/?p=91023#respond\"]}]},{\"@type\":\"WebPage\",\"@id\":\"https:\\\/\\\/quehacerpolitico.mx\\\/?p=91023\",\"url\":\"https:\\\/\\\/quehacerpolitico.mx\\\/?p=91023\",\"name\":\"Internacionales\\\/\\\/\\\/Carolina Alonso Romei\\\/\\\/\\\/Joe Biden advirti\u00f3 que su Gobierno \u201cresponder\u00e1\u201d si Rusia usa armas qu\u00edmicas en Ucrania -\",\"isPartOf\":{\"@id\":\"https:\\\/\\\/quehacerpolitico.mx\\\/#website\"},\"primaryImageOfPage\":{\"@id\":\"https:\\\/\\\/quehacerpolitico.mx\\\/?p=91023#primaryimage\"},\"image\":{\"@id\":\"https:\\\/\\\/quehacerpolitico.mx\\\/?p=91023#primaryimage\"},\"thumbnailUrl\":\"https:\\\/\\\/quehacerpolitico.mx\\\/wp-content\\\/uploads\\\/2022\\\/03\\\/CEFF9CAB-A91F-420E-AD56-6B9D7BD7AD55.jpeg\",\"datePublished\":\"2022-03-24T18:37:15+00:00\",\"dateModified\":\"2022-03-24T18:37:24+00:00\",\"author\":{\"@id\":\"https:\\\/\\\/quehacerpolitico.mx\\\/#\\\/schema\\\/person\\\/496d8ad2d1d3f8036101dca7ee39e585\"},\"breadcrumb\":{\"@id\":\"https:\\\/\\\/quehacerpolitico.mx\\\/?p=91023#breadcrumb\"},\"inLanguage\":\"es\",\"potentialAction\":[{\"@type\":\"ReadAction\",\"target\":[\"https:\\\/\\\/quehacerpolitico.mx\\\/?p=91023\"]}]},{\"@type\":\"ImageObject\",\"inLanguage\":\"es\",\"@id\":\"https:\\\/\\\/quehacerpolitico.mx\\\/?p=91023#primaryimage\",\"url\":\"https:\\\/\\\/quehacerpolitico.mx\\\/wp-content\\\/uploads\\\/2022\\\/03\\\/CEFF9CAB-A91F-420E-AD56-6B9D7BD7AD55.jpeg\",\"contentUrl\":\"https:\\\/\\\/quehacerpolitico.mx\\\/wp-content\\\/uploads\\\/2022\\\/03\\\/CEFF9CAB-A91F-420E-AD56-6B9D7BD7AD55.jpeg\",\"width\":2048,\"height\":1365},{\"@type\":\"BreadcrumbList\",\"@id\":\"https:\\\/\\\/quehacerpolitico.mx\\\/?p=91023#breadcrumb\",\"itemListElement\":[{\"@type\":\"ListItem\",\"position\":1,\"name\":\"Inicio\",\"item\":\"https:\\\/\\\/quehacerpolitico.mx\\\/\"},{\"@type\":\"ListItem\",\"position\":2,\"name\":\"Internacionales\\\/\\\/\\\/Carolina Alonso Romei\\\/\\\/\\\/Joe Biden advirti\u00f3 que su Gobierno \u201cresponder\u00e1\u201d si Rusia usa armas qu\u00edmicas en Ucrania\"}]},{\"@type\":\"WebSite\",\"@id\":\"https:\\\/\\\/quehacerpolitico.mx\\\/#website\",\"url\":\"https:\\\/\\\/quehacerpolitico.mx\\\/\",\"name\":\"\",\"description\":\"\",\"potentialAction\":[{\"@type\":\"SearchAction\",\"target\":{\"@type\":\"EntryPoint\",\"urlTemplate\":\"https:\\\/\\\/quehacerpolitico.mx\\\/?s={search_term_string}\"},\"query-input\":{\"@type\":\"PropertyValueSpecification\",\"valueRequired\":true,\"valueName\":\"search_term_string\"}}],\"inLanguage\":\"es\"},{\"@type\":\"Person\",\"@id\":\"https:\\\/\\\/quehacerpolitico.mx\\\/#\\\/schema\\\/person\\\/496d8ad2d1d3f8036101dca7ee39e585\",\"name\":\"Redacci\u00f3n QP\",\"image\":{\"@type\":\"ImageObject\",\"inLanguage\":\"es\",\"@id\":\"https:\\\/\\\/secure.gravatar.com\\\/avatar\\\/c7164ed6fdec453195284ad24a5ae5b6e1eed2b848477fa2a4787ba9adf39a41?s=96&d=mm&r=g\",\"url\":\"https:\\\/\\\/secure.gravatar.com\\\/avatar\\\/c7164ed6fdec453195284ad24a5ae5b6e1eed2b848477fa2a4787ba9adf39a41?s=96&d=mm&r=g\",\"contentUrl\":\"https:\\\/\\\/secure.gravatar.com\\\/avatar\\\/c7164ed6fdec453195284ad24a5ae5b6e1eed2b848477fa2a4787ba9adf39a41?s=96&d=mm&r=g\",\"caption\":\"Redacci\u00f3n QP\"},\"url\":\"https:\\\/\\\/quehacerpolitico.mx\\\/?author=2\"}]}<\/script>\n<!-- \/ Yoast SEO plugin. -->","yoast_head_json":{"title":"Internacionales\/\/\/Carolina Alonso Romei\/\/\/Joe Biden advirti\u00f3 que su Gobierno \u201cresponder\u00e1\u201d si Rusia usa armas qu\u00edmicas en Ucrania -","robots":{"index":"index","follow":"follow","max-snippet":"max-snippet:-1","max-image-preview":"max-image-preview:large","max-video-preview":"max-video-preview:-1"},"canonical":"https:\/\/quehacerpolitico.mx\/?p=91023","og_locale":"es_MX","og_type":"article","og_title":"Internacionales\/\/\/Carolina Alonso Romei\/\/\/Joe Biden advirti\u00f3 que su Gobierno \u201cresponder\u00e1\u201d si Rusia usa armas qu\u00edmicas en Ucrania -","og_description":"Por Carolina Alonso Romei Internacionalista Joe Biden advirti\u00f3 que su Gobierno \u201cresponder\u00e1\u201d si Rusia usa...","og_url":"https:\/\/quehacerpolitico.mx\/?p=91023","article_published_time":"2022-03-24T18:37:15+00:00","article_modified_time":"2022-03-24T18:37:24+00:00","og_image":[{"width":2048,"height":1365,"url":"https:\/\/quehacerpolitico.mx\/wp-content\/uploads\/2022\/03\/CEFF9CAB-A91F-420E-AD56-6B9D7BD7AD55.jpeg","type":"image\/jpeg"}],"author":"Redacci\u00f3n QP","twitter_card":"summary_large_image","twitter_misc":{"Escrito por":"Redacci\u00f3n QP","Tiempo de lectura":"1 minuto"},"schema":{"@context":"https:\/\/schema.org","@graph":[{"@type":"Article","@id":"https:\/\/quehacerpolitico.mx\/?p=91023#article","isPartOf":{"@id":"https:\/\/quehacerpolitico.mx\/?p=91023"},"author":{"name":"Redacci\u00f3n QP","@id":"https:\/\/quehacerpolitico.mx\/#\/schema\/person\/496d8ad2d1d3f8036101dca7ee39e585"},"headline":"Internacionales\/\/\/Carolina Alonso Romei\/\/\/Joe Biden advirti\u00f3 que su Gobierno \u201cresponder\u00e1\u201d si Rusia usa armas qu\u00edmicas en Ucrania","datePublished":"2022-03-24T18:37:15+00:00","dateModified":"2022-03-24T18:37:24+00:00","mainEntityOfPage":{"@id":"https:\/\/quehacerpolitico.mx\/?p=91023"},"wordCount":282,"commentCount":0,"image":{"@id":"https:\/\/quehacerpolitico.mx\/?p=91023#primaryimage"},"thumbnailUrl":"https:\/\/quehacerpolitico.mx\/wp-content\/uploads\/2022\/03\/CEFF9CAB-A91F-420E-AD56-6B9D7BD7AD55.jpeg","articleSection":["Internacionales"],"inLanguage":"es","potentialAction":[{"@type":"CommentAction","name":"Comment","target":["https:\/\/quehacerpolitico.mx\/?p=91023#respond"]}]},{"@type":"WebPage","@id":"https:\/\/quehacerpolitico.mx\/?p=91023","url":"https:\/\/quehacerpolitico.mx\/?p=91023","name":"Internacionales\/\/\/Carolina Alonso Romei\/\/\/Joe Biden advirti\u00f3 que su Gobierno \u201cresponder\u00e1\u201d si Rusia usa armas qu\u00edmicas en Ucrania -","isPartOf":{"@id":"https:\/\/quehacerpolitico.mx\/#website"},"primaryImageOfPage":{"@id":"https:\/\/quehacerpolitico.mx\/?p=91023#primaryimage"},"image":{"@id":"https:\/\/quehacerpolitico.mx\/?p=91023#primaryimage"},"thumbnailUrl":"https:\/\/quehacerpolitico.mx\/wp-content\/uploads\/2022\/03\/CEFF9CAB-A91F-420E-AD56-6B9D7BD7AD55.jpeg","datePublished":"2022-03-24T18:37:15+00:00","dateModified":"2022-03-24T18:37:24+00:00","author":{"@id":"https:\/\/quehacerpolitico.mx\/#\/schema\/person\/496d8ad2d1d3f8036101dca7ee39e585"},"breadcrumb":{"@id":"https:\/\/quehacerpolitico.mx\/?p=91023#breadcrumb"},"inLanguage":"es","potentialAction":[{"@type":"ReadAction","target":["https:\/\/quehacerpolitico.mx\/?p=91023"]}]},{"@type":"ImageObject","inLanguage":"es","@id":"https:\/\/quehacerpolitico.mx\/?p=91023#primaryimage","url":"https:\/\/quehacerpolitico.mx\/wp-content\/uploads\/2022\/03\/CEFF9CAB-A91F-420E-AD56-6B9D7BD7AD55.jpeg","contentUrl":"https:\/\/quehacerpolitico.mx\/wp-content\/uploads\/2022\/03\/CEFF9CAB-A91F-420E-AD56-6B9D7BD7AD55.jpeg","width":2048,"height":1365},{"@type":"BreadcrumbList","@id":"https:\/\/quehacerpolitico.mx\/?p=91023#breadcrumb","itemListElement":[{"@type":"ListItem","position":1,"name":"Inicio","item":"https:\/\/quehacerpolitico.mx\/"},{"@type":"ListItem","position":2,"name":"Internacionales\/\/\/Carolina Alonso Romei\/\/\/Joe Biden advirti\u00f3 que su Gobierno \u201cresponder\u00e1\u201d si Rusia usa armas qu\u00edmicas en Ucrania"}]},{"@type":"WebSite","@id":"https:\/\/quehacerpolitico.mx\/#website","url":"https:\/\/quehacerpolitico.mx\/","name":"","description":"","potentialAction":[{"@type":"SearchAction","target":{"@type":"EntryPoint","urlTemplate":"https:\/\/quehacerpolitico.mx\/?s={search_term_string}"},"query-input":{"@type":"PropertyValueSpecification","valueRequired":true,"valueName":"search_term_string"}}],"inLanguage":"es"},{"@type":"Person","@id":"https:\/\/quehacerpolitico.mx\/#\/schema\/person\/496d8ad2d1d3f8036101dca7ee39e585","name":"Redacci\u00f3n QP","image":{"@type":"ImageObject","inLanguage":"es","@id":"https:\/\/secure.gravatar.com\/avatar\/c7164ed6fdec453195284ad24a5ae5b6e1eed2b848477fa2a4787ba9adf39a41?s=96&d=mm&r=g","url":"https:\/\/secure.gravatar.com\/avatar\/c7164ed6fdec453195284ad24a5ae5b6e1eed2b848477fa2a4787ba9adf39a41?s=96&d=mm&r=g","contentUrl":"https:\/\/secure.gravatar.com\/avatar\/c7164ed6fdec453195284ad24a5ae5b6e1eed2b848477fa2a4787ba9adf39a41?s=96&d=mm&r=g","caption":"Redacci\u00f3n QP"},"url":"https:\/\/quehacerpolitico.mx\/?author=2"}]}},"featured_image_urls":{"full":["https:\/\/quehacerpolitico.mx\/wp-content\/uploads\/2022\/03\/CEFF9CAB-A91F-420E-AD56-6B9D7BD7AD55.jpeg",2048,1365,false],"thumbnail":["https:\/\/quehacerpolitico.mx\/wp-content\/uploads\/2022\/03\/CEFF9CAB-A91F-420E-AD56-6B9D7BD7AD55-150x150.jpeg",150,150,true],"medium":["https:\/\/quehacerpolitico.mx\/wp-content\/uploads\/2022\/03\/CEFF9CAB-A91F-420E-AD56-6B9D7BD7AD55-300x200.jpeg",300,200,true],"medium_large":["https:\/\/quehacerpolitico.mx\/wp-content\/uploads\/2022\/03\/CEFF9CAB-A91F-420E-AD56-6B9D7BD7AD55-768x512.jpeg",640,427,true],"large":["https:\/\/quehacerpolitico.mx\/wp-content\/uploads\/2022\/03\/CEFF9CAB-A91F-420E-AD56-6B9D7BD7AD55-1024x683.jpeg",640,427,true],"1536x1536":["https:\/\/quehacerpolitico.mx\/wp-content\/uploads\/2022\/03\/CEFF9CAB-A91F-420E-AD56-6B9D7BD7AD55-1536x1024.jpeg",1536,1024,true],"2048x2048":["https:\/\/quehacerpolitico.mx\/wp-content\/uploads\/2022\/03\/CEFF9CAB-A91F-420E-AD56-6B9D7BD7AD55.jpeg",2048,1365,false],"covernews-featured":["https:\/\/quehacerpolitico.mx\/wp-content\/uploads\/2022\/03\/CEFF9CAB-A91F-420E-AD56-6B9D7BD7AD55.jpeg",1024,683,false],"covernews-medium":["https:\/\/quehacerpolitico.mx\/wp-content\/uploads\/2022\/03\/CEFF9CAB-A91F-420E-AD56-6B9D7BD7AD55.jpeg",510,340,false]},"author_info":{"display_name":"Redacci\u00f3n QP","author_link":"https:\/\/quehacerpolitico.mx\/?author=2"},"category_info":"<a href=\"https:\/\/quehacerpolitico.mx\/?cat=1\" rel=\"category\">Internacionales<\/a>","tag_info":"Internacionales","comment_count":"0","_links":{"self":[{"href":"https:\/\/quehacerpolitico.mx\/index.php?rest_route=\/wp\/v2\/posts\/91023","targetHints":{"allow":["GET"]}}],"collection":[{"href":"https:\/\/quehacerpolitico.mx\/index.php?rest_route=\/wp\/v2\/posts"}],"about":[{"href":"https:\/\/quehacerpolitico.mx\/index.php?rest_route=\/wp\/v2\/types\/post"}],"author":[{"embeddable":true,"href":"https:\/\/quehacerpolitico.mx\/index.php?rest_route=\/wp\/v2\/users\/2"}],"replies":[{"embeddable":true,"href":"https:\/\/quehacerpolitico.mx\/index.php?rest_route=%2Fwp%2Fv2%2Fcomments&post=91023"}],"version-history":[{"count":1,"href":"https:\/\/quehacerpolitico.mx\/index.php?rest_route=\/wp\/v2\/posts\/91023\/revisions"}],"predecessor-version":[{"id":91025,"href":"https:\/\/quehacerpolitico.mx\/index.php?rest_route=\/wp\/v2\/posts\/91023\/revisions\/91025"}],"wp:featuredmedia":[{"embeddable":true,"href":"https:\/\/quehacerpolitico.mx\/index.php?rest_route=\/wp\/v2\/media\/91024"}],"wp:attachment":[{"href":"https:\/\/quehacerpolitico.mx\/index.php?rest_route=%2Fwp%2Fv2%2Fmedia&parent=91023"}],"wp:term":[{"taxonomy":"category","embeddable":true,"href":"https:\/\/quehacerpolitico.mx\/index.php?rest_route=%2Fwp%2Fv2%2Fcategories&post=91023"},{"taxonomy":"post_tag","embeddable":true,"href":"https:\/\/quehacerpolitico.mx\/index.php?rest_route=%2Fwp%2Fv2%2Ftags&post=91023"}],"curies":[{"name":"wp","href":"https:\/\/api.w.org\/{rel}","templated":true}]}}