{"id":91020,"date":"2022-03-24T18:15:43","date_gmt":"2022-03-24T18:15:43","guid":{"rendered":"https:\/\/quehacerpolitico.mx\/?p=91020"},"modified":"2022-03-24T18:15:51","modified_gmt":"2022-03-24T18:15:51","slug":"donovan-carrillo-abandona-mundial-de-patinaje-artistico-porque-sus-patines-no-llegaron","status":"publish","type":"post","link":"https:\/\/quehacerpolitico.mx\/?p=91020","title":{"rendered":"Donovan Carrillo abandona Mundial de Patinaje Art\u00edstico porque sus patines no llegaron\u00a0"},"content":{"rendered":"\n<p>Por Redacci\u00f3n QP<\/p>\n\n\n\n<p>La participaci\u00f3n del joven patinador mexicano en Montpellier, Francia, estaba programada para la madrugada de este jueves, tiempo del centro de M\u00e9xico<\/p>\n\n\n\n<ul class=\"wp-block-list\"><li>Ayer mi\u00e9rcoles, el Comit\u00e9 Ol\u00edmpico Mexicano inform\u00f3 en Twitter que los patines de Carrillo ya se encontraban en Francia, pero este jueves desminti\u00f3 la informaci\u00f3n y asegur\u00f3 que se trat\u00f3 de un error<\/li><\/ul>\n\n\n\n<p>El patinador art\u00edstico mexicano\u00a0<strong>Donovan Carrillo<\/strong>\u00a0abandon\u00f3 el\u00a0<strong>Mundial de Patinaje Art\u00edstico<\/strong>\u00a0en Montpellier, Francia, debido a que sus\u00a0<strong>patines<\/strong>\u00a0no llegaron a tiempo para la competencia.<\/p>\n\n\n\n<p>La participaci\u00f3n del joven patinador mexicano estaba programada para la madrugada de este jueves, tiempo del centro de M\u00e9xico.<\/p>\n\n\n\n<p>Ayer mi\u00e9rcoles, el\u00a0<strong>Comit\u00e9 Ol\u00edmpico Mexicano<\/strong> informo en Twitter que los patines de Carrillo ya se encontraban en Francia, pero este jueves desminti\u00f3 la informaci\u00f3n y asegur\u00f3 que se trat\u00f3 de un error.<\/p>\n\n\n\n<figure class=\"wp-block-embed is-type-rich is-provider-twitter wp-block-embed-twitter\"><div class=\"wp-block-embed__wrapper\">\n<blockquote class=\"twitter-tweet\" data-width=\"550\" data-dnt=\"true\"><p lang=\"es\" dir=\"ltr\">Ofrecemos una disculpa por el tuit donde se inform\u00f3 que el equipaje de <a href=\"https:\/\/twitter.com\/DonovanDCarr?ref_src=twsrc%5Etfw\">@DonovanDCarr<\/a> hab\u00eda llegado y participar\u00eda en el Mundial de Patinaje Art\u00edstico. Retomamos la informaci\u00f3n de una fuente no confirmada, situaci\u00f3n que no volver\u00e1 a suceder.<\/p>&mdash; Comit\u00e9 Ol\u00edmpico Mexicano (@COM_Mexico) <a href=\"https:\/\/twitter.com\/COM_Mexico\/status\/1506992466334994434?ref_src=twsrc%5Etfw\">March 24, 2022<\/a><\/blockquote><script async src=\"https:\/\/platform.twitter.com\/widgets.js\" charset=\"utf-8\"><\/script>\n<\/div><\/figure>\n\n\n\n<blockquote class=\"wp-block-quote is-layout-flow wp-block-quote-is-layout-flow\"><p>\u201cOfrecemos una disculpa por el tuit donde se inform\u00f3 que el equipaje de @DonovanDCarr hab\u00eda llegado y participar\u00eda en el Mundial de Patinaje Art\u00edstico. Retomamos la informaci\u00f3n de una fuente no confirmada, situaci\u00f3n que no volver\u00e1 a suceder\u201d, tuite\u00f3 el Comit\u00e9 Ol\u00edmpico Mexicano.<\/p><p><br>La noche del mi\u00e9rcoles 9 de febrero de 2022,\u00a0Donovan Carrillo tuvo una actuaci\u00f3n destacada en la final de su disciplina dentro de los Juegos Ol\u00edmpicos de Invierno de Beijing<\/p><\/blockquote>\n\n\n\n<p>Carrillo se convirti\u00f3 en el primer mexicano en la historia en disputar una final en el patinaje art\u00edstico en unos Juegos Ol\u00edmpicos de Invierno. Concluy\u00f3 en el lugar 22.<\/p>\n\n\n\n<figure class=\"wp-block-embed is-type-rich is-provider-twitter wp-block-embed-twitter\"><div class=\"wp-block-embed__wrapper\">\n<blockquote class=\"twitter-tweet\" data-width=\"550\" data-dnt=\"true\"><p lang=\"es\" dir=\"ltr\">\u00bfQu\u00e9 le deparar\u00e1 el destino a Donovan?<br><br>Mientras lo sabemos, le mandamos mucha fuerza para pasar por este mal paso en su carrera.<br><br>Te queremos <a href=\"https:\/\/twitter.com\/DonovanDCarr?ref_src=twsrc%5Etfw\">@DonovanDCarr<\/a> <a href=\"https:\/\/t.co\/nWBVjKfWqe\">pic.twitter.com\/nWBVjKfWqe<\/a><\/p>&mdash; Ruido en la Red (@RuidoEnLaRed) <a href=\"https:\/\/twitter.com\/RuidoEnLaRed\/status\/1507039297920241666?ref_src=twsrc%5Etfw\">March 24, 2022<\/a><\/blockquote><script async src=\"https:\/\/platform.twitter.com\/widgets.js\" charset=\"utf-8\"><\/script>\n<\/div><\/figure>\n","protected":false},"excerpt":{"rendered":"<p>Por Redacci\u00f3n QP La participaci\u00f3n del joven patinador mexicano en Montpellier, Francia, estaba programada para&#8230;<\/p>\n","protected":false},"author":2,"featured_media":91021,"comment_status":"open","ping_status":"open","sticky":false,"template":"","format":"standard","meta":{"_monsterinsights_skip_tracking":false,"_monsterinsights_sitenote_active":false,"_monsterinsights_sitenote_note":"","_monsterinsights_sitenote_category":0,"footnotes":""},"categories":[54],"tags":[],"class_list":["post-91020","post","type-post","status-publish","format-standard","has-post-thumbnail","hentry","category-deportes"],"yoast_head":"<!-- This site is optimized with the Yoast SEO plugin v27.3 - https:\/\/yoast.com\/product\/yoast-seo-wordpress\/ -->\n<title>Donovan Carrillo abandona Mundial de Patinaje Art\u00edstico porque sus patines no llegaron\u00a0 -<\/title>\n<meta name=\"robots\" content=\"index, follow, max-snippet:-1, max-image-preview:large, max-video-preview:-1\" \/>\n<link rel=\"canonical\" href=\"https:\/\/quehacerpolitico.mx\/?p=91020\" \/>\n<meta property=\"og:locale\" content=\"es_MX\" \/>\n<meta property=\"og:type\" content=\"article\" \/>\n<meta property=\"og:title\" content=\"Donovan Carrillo abandona Mundial de Patinaje Art\u00edstico porque sus patines no llegaron\u00a0 -\" \/>\n<meta property=\"og:description\" content=\"Por Redacci\u00f3n QP La participaci\u00f3n del joven patinador mexicano en Montpellier, Francia, estaba programada para...\" \/>\n<meta property=\"og:url\" content=\"https:\/\/quehacerpolitico.mx\/?p=91020\" \/>\n<meta property=\"article:published_time\" content=\"2022-03-24T18:15:43+00:00\" \/>\n<meta property=\"article:modified_time\" content=\"2022-03-24T18:15:51+00:00\" \/>\n<meta property=\"og:image\" content=\"https:\/\/quehacerpolitico.mx\/wp-content\/uploads\/2022\/03\/F4E6F1D4-3DDB-4043-BD4A-9FBD99789F83.jpeg\" \/>\n\t<meta property=\"og:image:width\" content=\"905\" \/>\n\t<meta property=\"og:image:height\" content=\"522\" \/>\n\t<meta property=\"og:image:type\" content=\"image\/jpeg\" \/>\n<meta name=\"author\" content=\"Redacci\u00f3n QP\" \/>\n<meta name=\"twitter:card\" content=\"summary_large_image\" \/>\n<meta name=\"twitter:label1\" content=\"Escrito por\" \/>\n\t<meta name=\"twitter:data1\" content=\"Redacci\u00f3n QP\" \/>\n\t<meta name=\"twitter:label2\" content=\"Tiempo de lectura\" \/>\n\t<meta name=\"twitter:data2\" content=\"1 minuto\" \/>\n<script type=\"application\/ld+json\" class=\"yoast-schema-graph\">{\"@context\":\"https:\\\/\\\/schema.org\",\"@graph\":[{\"@type\":\"Article\",\"@id\":\"https:\\\/\\\/quehacerpolitico.mx\\\/?p=91020#article\",\"isPartOf\":{\"@id\":\"https:\\\/\\\/quehacerpolitico.mx\\\/?p=91020\"},\"author\":{\"name\":\"Redacci\u00f3n QP\",\"@id\":\"https:\\\/\\\/quehacerpolitico.mx\\\/#\\\/schema\\\/person\\\/496d8ad2d1d3f8036101dca7ee39e585\"},\"headline\":\"Donovan Carrillo abandona Mundial de Patinaje Art\u00edstico porque sus patines no llegaron\u00a0\",\"datePublished\":\"2022-03-24T18:15:43+00:00\",\"dateModified\":\"2022-03-24T18:15:51+00:00\",\"mainEntityOfPage\":{\"@id\":\"https:\\\/\\\/quehacerpolitico.mx\\\/?p=91020\"},\"wordCount\":286,\"commentCount\":0,\"image\":{\"@id\":\"https:\\\/\\\/quehacerpolitico.mx\\\/?p=91020#primaryimage\"},\"thumbnailUrl\":\"https:\\\/\\\/quehacerpolitico.mx\\\/wp-content\\\/uploads\\\/2022\\\/03\\\/F4E6F1D4-3DDB-4043-BD4A-9FBD99789F83.jpeg\",\"articleSection\":[\"Deportes\"],\"inLanguage\":\"es\",\"potentialAction\":[{\"@type\":\"CommentAction\",\"name\":\"Comment\",\"target\":[\"https:\\\/\\\/quehacerpolitico.mx\\\/?p=91020#respond\"]}]},{\"@type\":\"WebPage\",\"@id\":\"https:\\\/\\\/quehacerpolitico.mx\\\/?p=91020\",\"url\":\"https:\\\/\\\/quehacerpolitico.mx\\\/?p=91020\",\"name\":\"Donovan Carrillo abandona Mundial de Patinaje Art\u00edstico porque sus patines no llegaron\u00a0 -\",\"isPartOf\":{\"@id\":\"https:\\\/\\\/quehacerpolitico.mx\\\/#website\"},\"primaryImageOfPage\":{\"@id\":\"https:\\\/\\\/quehacerpolitico.mx\\\/?p=91020#primaryimage\"},\"image\":{\"@id\":\"https:\\\/\\\/quehacerpolitico.mx\\\/?p=91020#primaryimage\"},\"thumbnailUrl\":\"https:\\\/\\\/quehacerpolitico.mx\\\/wp-content\\\/uploads\\\/2022\\\/03\\\/F4E6F1D4-3DDB-4043-BD4A-9FBD99789F83.jpeg\",\"datePublished\":\"2022-03-24T18:15:43+00:00\",\"dateModified\":\"2022-03-24T18:15:51+00:00\",\"author\":{\"@id\":\"https:\\\/\\\/quehacerpolitico.mx\\\/#\\\/schema\\\/person\\\/496d8ad2d1d3f8036101dca7ee39e585\"},\"breadcrumb\":{\"@id\":\"https:\\\/\\\/quehacerpolitico.mx\\\/?p=91020#breadcrumb\"},\"inLanguage\":\"es\",\"potentialAction\":[{\"@type\":\"ReadAction\",\"target\":[\"https:\\\/\\\/quehacerpolitico.mx\\\/?p=91020\"]}]},{\"@type\":\"ImageObject\",\"inLanguage\":\"es\",\"@id\":\"https:\\\/\\\/quehacerpolitico.mx\\\/?p=91020#primaryimage\",\"url\":\"https:\\\/\\\/quehacerpolitico.mx\\\/wp-content\\\/uploads\\\/2022\\\/03\\\/F4E6F1D4-3DDB-4043-BD4A-9FBD99789F83.jpeg\",\"contentUrl\":\"https:\\\/\\\/quehacerpolitico.mx\\\/wp-content\\\/uploads\\\/2022\\\/03\\\/F4E6F1D4-3DDB-4043-BD4A-9FBD99789F83.jpeg\",\"width\":905,\"height\":522},{\"@type\":\"BreadcrumbList\",\"@id\":\"https:\\\/\\\/quehacerpolitico.mx\\\/?p=91020#breadcrumb\",\"itemListElement\":[{\"@type\":\"ListItem\",\"position\":1,\"name\":\"Inicio\",\"item\":\"https:\\\/\\\/quehacerpolitico.mx\\\/\"},{\"@type\":\"ListItem\",\"position\":2,\"name\":\"Donovan Carrillo abandona Mundial de Patinaje Art\u00edstico porque sus patines no llegaron\u00a0\"}]},{\"@type\":\"WebSite\",\"@id\":\"https:\\\/\\\/quehacerpolitico.mx\\\/#website\",\"url\":\"https:\\\/\\\/quehacerpolitico.mx\\\/\",\"name\":\"\",\"description\":\"\",\"potentialAction\":[{\"@type\":\"SearchAction\",\"target\":{\"@type\":\"EntryPoint\",\"urlTemplate\":\"https:\\\/\\\/quehacerpolitico.mx\\\/?s={search_term_string}\"},\"query-input\":{\"@type\":\"PropertyValueSpecification\",\"valueRequired\":true,\"valueName\":\"search_term_string\"}}],\"inLanguage\":\"es\"},{\"@type\":\"Person\",\"@id\":\"https:\\\/\\\/quehacerpolitico.mx\\\/#\\\/schema\\\/person\\\/496d8ad2d1d3f8036101dca7ee39e585\",\"name\":\"Redacci\u00f3n QP\",\"image\":{\"@type\":\"ImageObject\",\"inLanguage\":\"es\",\"@id\":\"https:\\\/\\\/secure.gravatar.com\\\/avatar\\\/c7164ed6fdec453195284ad24a5ae5b6e1eed2b848477fa2a4787ba9adf39a41?s=96&d=mm&r=g\",\"url\":\"https:\\\/\\\/secure.gravatar.com\\\/avatar\\\/c7164ed6fdec453195284ad24a5ae5b6e1eed2b848477fa2a4787ba9adf39a41?s=96&d=mm&r=g\",\"contentUrl\":\"https:\\\/\\\/secure.gravatar.com\\\/avatar\\\/c7164ed6fdec453195284ad24a5ae5b6e1eed2b848477fa2a4787ba9adf39a41?s=96&d=mm&r=g\",\"caption\":\"Redacci\u00f3n QP\"},\"url\":\"https:\\\/\\\/quehacerpolitico.mx\\\/?author=2\"}]}<\/script>\n<!-- \/ Yoast SEO plugin. -->","yoast_head_json":{"title":"Donovan Carrillo abandona Mundial de Patinaje Art\u00edstico porque sus patines no llegaron\u00a0 -","robots":{"index":"index","follow":"follow","max-snippet":"max-snippet:-1","max-image-preview":"max-image-preview:large","max-video-preview":"max-video-preview:-1"},"canonical":"https:\/\/quehacerpolitico.mx\/?p=91020","og_locale":"es_MX","og_type":"article","og_title":"Donovan Carrillo abandona Mundial de Patinaje Art\u00edstico porque sus patines no llegaron\u00a0 -","og_description":"Por Redacci\u00f3n QP La participaci\u00f3n del joven patinador mexicano en Montpellier, Francia, estaba programada para...","og_url":"https:\/\/quehacerpolitico.mx\/?p=91020","article_published_time":"2022-03-24T18:15:43+00:00","article_modified_time":"2022-03-24T18:15:51+00:00","og_image":[{"width":905,"height":522,"url":"https:\/\/quehacerpolitico.mx\/wp-content\/uploads\/2022\/03\/F4E6F1D4-3DDB-4043-BD4A-9FBD99789F83.jpeg","type":"image\/jpeg"}],"author":"Redacci\u00f3n QP","twitter_card":"summary_large_image","twitter_misc":{"Escrito por":"Redacci\u00f3n QP","Tiempo de lectura":"1 minuto"},"schema":{"@context":"https:\/\/schema.org","@graph":[{"@type":"Article","@id":"https:\/\/quehacerpolitico.mx\/?p=91020#article","isPartOf":{"@id":"https:\/\/quehacerpolitico.mx\/?p=91020"},"author":{"name":"Redacci\u00f3n QP","@id":"https:\/\/quehacerpolitico.mx\/#\/schema\/person\/496d8ad2d1d3f8036101dca7ee39e585"},"headline":"Donovan Carrillo abandona Mundial de Patinaje Art\u00edstico porque sus patines no llegaron\u00a0","datePublished":"2022-03-24T18:15:43+00:00","dateModified":"2022-03-24T18:15:51+00:00","mainEntityOfPage":{"@id":"https:\/\/quehacerpolitico.mx\/?p=91020"},"wordCount":286,"commentCount":0,"image":{"@id":"https:\/\/quehacerpolitico.mx\/?p=91020#primaryimage"},"thumbnailUrl":"https:\/\/quehacerpolitico.mx\/wp-content\/uploads\/2022\/03\/F4E6F1D4-3DDB-4043-BD4A-9FBD99789F83.jpeg","articleSection":["Deportes"],"inLanguage":"es","potentialAction":[{"@type":"CommentAction","name":"Comment","target":["https:\/\/quehacerpolitico.mx\/?p=91020#respond"]}]},{"@type":"WebPage","@id":"https:\/\/quehacerpolitico.mx\/?p=91020","url":"https:\/\/quehacerpolitico.mx\/?p=91020","name":"Donovan Carrillo abandona Mundial de Patinaje Art\u00edstico porque sus patines no llegaron\u00a0 -","isPartOf":{"@id":"https:\/\/quehacerpolitico.mx\/#website"},"primaryImageOfPage":{"@id":"https:\/\/quehacerpolitico.mx\/?p=91020#primaryimage"},"image":{"@id":"https:\/\/quehacerpolitico.mx\/?p=91020#primaryimage"},"thumbnailUrl":"https:\/\/quehacerpolitico.mx\/wp-content\/uploads\/2022\/03\/F4E6F1D4-3DDB-4043-BD4A-9FBD99789F83.jpeg","datePublished":"2022-03-24T18:15:43+00:00","dateModified":"2022-03-24T18:15:51+00:00","author":{"@id":"https:\/\/quehacerpolitico.mx\/#\/schema\/person\/496d8ad2d1d3f8036101dca7ee39e585"},"breadcrumb":{"@id":"https:\/\/quehacerpolitico.mx\/?p=91020#breadcrumb"},"inLanguage":"es","potentialAction":[{"@type":"ReadAction","target":["https:\/\/quehacerpolitico.mx\/?p=91020"]}]},{"@type":"ImageObject","inLanguage":"es","@id":"https:\/\/quehacerpolitico.mx\/?p=91020#primaryimage","url":"https:\/\/quehacerpolitico.mx\/wp-content\/uploads\/2022\/03\/F4E6F1D4-3DDB-4043-BD4A-9FBD99789F83.jpeg","contentUrl":"https:\/\/quehacerpolitico.mx\/wp-content\/uploads\/2022\/03\/F4E6F1D4-3DDB-4043-BD4A-9FBD99789F83.jpeg","width":905,"height":522},{"@type":"BreadcrumbList","@id":"https:\/\/quehacerpolitico.mx\/?p=91020#breadcrumb","itemListElement":[{"@type":"ListItem","position":1,"name":"Inicio","item":"https:\/\/quehacerpolitico.mx\/"},{"@type":"ListItem","position":2,"name":"Donovan Carrillo abandona Mundial de Patinaje Art\u00edstico porque sus patines no llegaron\u00a0"}]},{"@type":"WebSite","@id":"https:\/\/quehacerpolitico.mx\/#website","url":"https:\/\/quehacerpolitico.mx\/","name":"","description":"","potentialAction":[{"@type":"SearchAction","target":{"@type":"EntryPoint","urlTemplate":"https:\/\/quehacerpolitico.mx\/?s={search_term_string}"},"query-input":{"@type":"PropertyValueSpecification","valueRequired":true,"valueName":"search_term_string"}}],"inLanguage":"es"},{"@type":"Person","@id":"https:\/\/quehacerpolitico.mx\/#\/schema\/person\/496d8ad2d1d3f8036101dca7ee39e585","name":"Redacci\u00f3n QP","image":{"@type":"ImageObject","inLanguage":"es","@id":"https:\/\/secure.gravatar.com\/avatar\/c7164ed6fdec453195284ad24a5ae5b6e1eed2b848477fa2a4787ba9adf39a41?s=96&d=mm&r=g","url":"https:\/\/secure.gravatar.com\/avatar\/c7164ed6fdec453195284ad24a5ae5b6e1eed2b848477fa2a4787ba9adf39a41?s=96&d=mm&r=g","contentUrl":"https:\/\/secure.gravatar.com\/avatar\/c7164ed6fdec453195284ad24a5ae5b6e1eed2b848477fa2a4787ba9adf39a41?s=96&d=mm&r=g","caption":"Redacci\u00f3n QP"},"url":"https:\/\/quehacerpolitico.mx\/?author=2"}]}},"featured_image_urls":{"full":["https:\/\/quehacerpolitico.mx\/wp-content\/uploads\/2022\/03\/F4E6F1D4-3DDB-4043-BD4A-9FBD99789F83.jpeg",905,522,false],"thumbnail":["https:\/\/quehacerpolitico.mx\/wp-content\/uploads\/2022\/03\/F4E6F1D4-3DDB-4043-BD4A-9FBD99789F83-150x150.jpeg",150,150,true],"medium":["https:\/\/quehacerpolitico.mx\/wp-content\/uploads\/2022\/03\/F4E6F1D4-3DDB-4043-BD4A-9FBD99789F83-300x173.jpeg",300,173,true],"medium_large":["https:\/\/quehacerpolitico.mx\/wp-content\/uploads\/2022\/03\/F4E6F1D4-3DDB-4043-BD4A-9FBD99789F83-768x443.jpeg",640,369,true],"large":["https:\/\/quehacerpolitico.mx\/wp-content\/uploads\/2022\/03\/F4E6F1D4-3DDB-4043-BD4A-9FBD99789F83.jpeg",640,369,false],"1536x1536":["https:\/\/quehacerpolitico.mx\/wp-content\/uploads\/2022\/03\/F4E6F1D4-3DDB-4043-BD4A-9FBD99789F83.jpeg",905,522,false],"2048x2048":["https:\/\/quehacerpolitico.mx\/wp-content\/uploads\/2022\/03\/F4E6F1D4-3DDB-4043-BD4A-9FBD99789F83.jpeg",905,522,false],"covernews-featured":["https:\/\/quehacerpolitico.mx\/wp-content\/uploads\/2022\/03\/F4E6F1D4-3DDB-4043-BD4A-9FBD99789F83.jpeg",905,522,false],"covernews-medium":["https:\/\/quehacerpolitico.mx\/wp-content\/uploads\/2022\/03\/F4E6F1D4-3DDB-4043-BD4A-9FBD99789F83.jpeg",540,311,false]},"author_info":{"display_name":"Redacci\u00f3n QP","author_link":"https:\/\/quehacerpolitico.mx\/?author=2"},"category_info":"<a href=\"https:\/\/quehacerpolitico.mx\/?cat=54\" rel=\"category\">Deportes<\/a>","tag_info":"Deportes","comment_count":"0","_links":{"self":[{"href":"https:\/\/quehacerpolitico.mx\/index.php?rest_route=\/wp\/v2\/posts\/91020","targetHints":{"allow":["GET"]}}],"collection":[{"href":"https:\/\/quehacerpolitico.mx\/index.php?rest_route=\/wp\/v2\/posts"}],"about":[{"href":"https:\/\/quehacerpolitico.mx\/index.php?rest_route=\/wp\/v2\/types\/post"}],"author":[{"embeddable":true,"href":"https:\/\/quehacerpolitico.mx\/index.php?rest_route=\/wp\/v2\/users\/2"}],"replies":[{"embeddable":true,"href":"https:\/\/quehacerpolitico.mx\/index.php?rest_route=%2Fwp%2Fv2%2Fcomments&post=91020"}],"version-history":[{"count":1,"href":"https:\/\/quehacerpolitico.mx\/index.php?rest_route=\/wp\/v2\/posts\/91020\/revisions"}],"predecessor-version":[{"id":91022,"href":"https:\/\/quehacerpolitico.mx\/index.php?rest_route=\/wp\/v2\/posts\/91020\/revisions\/91022"}],"wp:featuredmedia":[{"embeddable":true,"href":"https:\/\/quehacerpolitico.mx\/index.php?rest_route=\/wp\/v2\/media\/91021"}],"wp:attachment":[{"href":"https:\/\/quehacerpolitico.mx\/index.php?rest_route=%2Fwp%2Fv2%2Fmedia&parent=91020"}],"wp:term":[{"taxonomy":"category","embeddable":true,"href":"https:\/\/quehacerpolitico.mx\/index.php?rest_route=%2Fwp%2Fv2%2Fcategories&post=91020"},{"taxonomy":"post_tag","embeddable":true,"href":"https:\/\/quehacerpolitico.mx\/index.php?rest_route=%2Fwp%2Fv2%2Ftags&post=91020"}],"curies":[{"name":"wp","href":"https:\/\/api.w.org\/{rel}","templated":true}]}}