{"id":91017,"date":"2022-03-24T17:56:38","date_gmt":"2022-03-24T17:56:38","guid":{"rendered":"https:\/\/quehacerpolitico.mx\/?p=91017"},"modified":"2022-03-24T17:56:41","modified_gmt":"2022-03-24T17:56:41","slug":"por-las-nubes-precios-de-aguacate-y-limon-hasta-en-100-pesos-por-kilo","status":"publish","type":"post","link":"https:\/\/quehacerpolitico.mx\/?p=91017","title":{"rendered":"\u00a1Por las nubes! Precios de aguacate y lim\u00f3n hasta en 100 pesos por kilo\u00a0"},"content":{"rendered":"\n<p>Por Redacci\u00f3n QP<\/p>\n\n\n\n<p>En Guadalajara el lim\u00f3n sin semilla tuvo precios m\u00e1ximos de cerca de 107 pesos, de 94 pesos en promedio y un precio m\u00ednimo de 60 pesos<\/p>\n\n\n\n<p>Los incrementos que se registraron a principios del a\u00f1o en algunos frutos&nbsp;<strong>se mantienen hasta la fecha<\/strong>, como es el caso del lim\u00f3n y el aguacate que se siguen en algunas tiendas y entidades por&nbsp;<strong>arriba de los 100 pesos el kilo<\/strong>.<\/p>\n\n\n\n<p>La Procuradur\u00eda Federal del Consumidor (Profeco) inform\u00f3 que del 16 al 22 de marzo, en la Ciudad de M\u00e9xico y \u00e1rea conurbada del Estado de M\u00e9xico,\u00a0<strong>los precios del lim\u00f3n sin semilla o persa registraron precios m\u00e1ximos de 110 pesos el kilo<\/strong>, aunque hubo un precio m\u00ednimo de casi 36 pesos y un precio promedio de 91 pesos.<\/p>\n\n\n\n<p>En la mayor\u00eda de las tiendas de autoservicio que registr\u00f3 Profeco\u00a0<strong>los precios que m\u00e1s se observaron fueron 76 pesos, 89 pesos, 99 pesos y 104 pesos el kilo<\/strong>, mientras que en los mercados los precios, en su mayor\u00eda, oscilaron en los 50 pesos el kilo.<\/p>\n\n\n\n<h2 class=\"wp-block-heading\">Kilo del lim\u00f3n casi en 100 pesos<\/h2>\n\n\n\n<p><strong>El lim\u00f3n sin semilla en Monterrey, Nuevo Le\u00f3n, tuvo un precio promedio de casi 95 pesos<\/strong>, un precio m\u00e1ximo de 104 pesos y un m\u00ednimo de cerca de 80 pesos; el lim\u00f3n de Colima con semilla tuvo un promedio de aproximadamente 64 pesos, un precio m\u00e1ximo de 80 pesos y m\u00ednimo de 40 pesos.<\/p>\n\n\n\n<p><strong>En Guadalajara el lim\u00f3n sin semilla tuvo precios m\u00e1ximos de cerca de 107 pesos, de 94 pesos en promedio y un precio m\u00ednimo de 60 pesos<\/strong>. El lim\u00f3n con semilla tuvo un promedio de 68 pesos.<\/p>\n\n\n\n<p>El Sistema Nacional de Informaci\u00f3n e Integraci\u00f3n de Mercados (SNIIM) inform\u00f3 que el precio promedio del lim\u00f3n en la Centra de Abastos de Iztapalapa en la CDMX, en la semana del 14 al 18 de marzo, fue de 19 pesos para el lim\u00f3n con semilla n\u00famero 3, de 38 pesos para el n\u00famero 4 y de 47 para el n\u00famero 5, mientras que el lim\u00f3n sin semilla lleg\u00f3 a los 61 pesos.<\/p>\n\n\n\n<p><strong>Se observa que la semana del 7 al 11 de marzo de 2022 los precios del lim\u00f3n estuvieron entre 1 y 5 pesos m\u00e1s altos<\/strong>\u00a0<strong>que la semana del 14 al 18 de marzo<\/strong>.<\/p>\n\n\n\n<p>La Profeco dio a conocer que del 16 al 22 de marzo los precios promedio en la Ciudad de M\u00e9xico y Zona Metropolitana, fueron de 86 pesos el kilo con un precio m\u00ednimo de 58 pesos y un m\u00e1ximo de 106 pesos el kilo.<\/p>\n\n\n\n<p><strong>En Guadalajara, Jalisco el precio promedio fue de casi 90 pesos, con un m\u00ednimo de 79 pesos y un precio m\u00e1ximo de casi 100 pesos<\/strong>. En Monterrey, Nuevo Le\u00f3n, el precio promedio fue de 90 pesos, un m\u00ednimo de casi 80 pesos y un precio m\u00e1ximo de casi 100 pesos.<\/p>\n\n\n\n<p>El SNIIM expuso que el precio promedio del aguacate de Michoac\u00e1n en la Central de Abastos de Iztapalapa en la CDMX fue de casi 74 pesos en la semana del 14 al 18 de marzo, lo que implic\u00f3 un incremento con respecto a los 61 pesos de la semana anterior.<\/p>\n\n\n\n<p>Con informaci\u00f3n de SUN<\/p>\n","protected":false},"excerpt":{"rendered":"<p>Por Redacci\u00f3n QP En Guadalajara el lim\u00f3n sin semilla tuvo precios m\u00e1ximos de cerca de&#8230;<\/p>\n","protected":false},"author":2,"featured_media":91018,"comment_status":"open","ping_status":"open","sticky":false,"template":"","format":"standard","meta":{"_monsterinsights_skip_tracking":false,"_monsterinsights_sitenote_active":false,"_monsterinsights_sitenote_note":"","_monsterinsights_sitenote_category":0,"footnotes":""},"categories":[56],"tags":[],"class_list":["post-91017","post","type-post","status-publish","format-standard","has-post-thumbnail","hentry","category-economia"],"yoast_head":"<!-- This site is optimized with the Yoast SEO plugin v27.3 - https:\/\/yoast.com\/product\/yoast-seo-wordpress\/ -->\n<title>\u00a1Por las nubes! Precios de aguacate y lim\u00f3n hasta en 100 pesos por kilo\u00a0 -<\/title>\n<meta name=\"robots\" content=\"index, follow, max-snippet:-1, max-image-preview:large, max-video-preview:-1\" \/>\n<link rel=\"canonical\" href=\"https:\/\/quehacerpolitico.mx\/?p=91017\" \/>\n<meta property=\"og:locale\" content=\"es_MX\" \/>\n<meta property=\"og:type\" content=\"article\" \/>\n<meta property=\"og:title\" content=\"\u00a1Por las nubes! Precios de aguacate y lim\u00f3n hasta en 100 pesos por kilo\u00a0 -\" \/>\n<meta property=\"og:description\" content=\"Por Redacci\u00f3n QP En Guadalajara el lim\u00f3n sin semilla tuvo precios m\u00e1ximos de cerca de...\" \/>\n<meta property=\"og:url\" content=\"https:\/\/quehacerpolitico.mx\/?p=91017\" \/>\n<meta property=\"article:published_time\" content=\"2022-03-24T17:56:38+00:00\" \/>\n<meta property=\"article:modified_time\" content=\"2022-03-24T17:56:41+00:00\" \/>\n<meta property=\"og:image\" content=\"https:\/\/quehacerpolitico.mx\/wp-content\/uploads\/2022\/03\/7368F777-DC42-41B7-8E14-50916AA8FE22.jpeg\" \/>\n\t<meta property=\"og:image:width\" content=\"685\" \/>\n\t<meta property=\"og:image:height\" content=\"340\" \/>\n\t<meta property=\"og:image:type\" content=\"image\/jpeg\" \/>\n<meta name=\"author\" content=\"Redacci\u00f3n QP\" \/>\n<meta name=\"twitter:card\" content=\"summary_large_image\" \/>\n<meta name=\"twitter:label1\" content=\"Escrito por\" \/>\n\t<meta name=\"twitter:data1\" content=\"Redacci\u00f3n QP\" \/>\n\t<meta name=\"twitter:label2\" content=\"Tiempo de lectura\" \/>\n\t<meta name=\"twitter:data2\" content=\"3 minutos\" \/>\n<script type=\"application\/ld+json\" class=\"yoast-schema-graph\">{\"@context\":\"https:\\\/\\\/schema.org\",\"@graph\":[{\"@type\":\"Article\",\"@id\":\"https:\\\/\\\/quehacerpolitico.mx\\\/?p=91017#article\",\"isPartOf\":{\"@id\":\"https:\\\/\\\/quehacerpolitico.mx\\\/?p=91017\"},\"author\":{\"name\":\"Redacci\u00f3n QP\",\"@id\":\"https:\\\/\\\/quehacerpolitico.mx\\\/#\\\/schema\\\/person\\\/496d8ad2d1d3f8036101dca7ee39e585\"},\"headline\":\"\u00a1Por las nubes! Precios de aguacate y lim\u00f3n hasta en 100 pesos por kilo\u00a0\",\"datePublished\":\"2022-03-24T17:56:38+00:00\",\"dateModified\":\"2022-03-24T17:56:41+00:00\",\"mainEntityOfPage\":{\"@id\":\"https:\\\/\\\/quehacerpolitico.mx\\\/?p=91017\"},\"wordCount\":533,\"commentCount\":0,\"image\":{\"@id\":\"https:\\\/\\\/quehacerpolitico.mx\\\/?p=91017#primaryimage\"},\"thumbnailUrl\":\"https:\\\/\\\/quehacerpolitico.mx\\\/wp-content\\\/uploads\\\/2022\\\/03\\\/7368F777-DC42-41B7-8E14-50916AA8FE22.jpeg\",\"articleSection\":[\"Econom\u00eda\"],\"inLanguage\":\"es\",\"potentialAction\":[{\"@type\":\"CommentAction\",\"name\":\"Comment\",\"target\":[\"https:\\\/\\\/quehacerpolitico.mx\\\/?p=91017#respond\"]}]},{\"@type\":\"WebPage\",\"@id\":\"https:\\\/\\\/quehacerpolitico.mx\\\/?p=91017\",\"url\":\"https:\\\/\\\/quehacerpolitico.mx\\\/?p=91017\",\"name\":\"\u00a1Por las nubes! Precios de aguacate y lim\u00f3n hasta en 100 pesos por kilo\u00a0 -\",\"isPartOf\":{\"@id\":\"https:\\\/\\\/quehacerpolitico.mx\\\/#website\"},\"primaryImageOfPage\":{\"@id\":\"https:\\\/\\\/quehacerpolitico.mx\\\/?p=91017#primaryimage\"},\"image\":{\"@id\":\"https:\\\/\\\/quehacerpolitico.mx\\\/?p=91017#primaryimage\"},\"thumbnailUrl\":\"https:\\\/\\\/quehacerpolitico.mx\\\/wp-content\\\/uploads\\\/2022\\\/03\\\/7368F777-DC42-41B7-8E14-50916AA8FE22.jpeg\",\"datePublished\":\"2022-03-24T17:56:38+00:00\",\"dateModified\":\"2022-03-24T17:56:41+00:00\",\"author\":{\"@id\":\"https:\\\/\\\/quehacerpolitico.mx\\\/#\\\/schema\\\/person\\\/496d8ad2d1d3f8036101dca7ee39e585\"},\"breadcrumb\":{\"@id\":\"https:\\\/\\\/quehacerpolitico.mx\\\/?p=91017#breadcrumb\"},\"inLanguage\":\"es\",\"potentialAction\":[{\"@type\":\"ReadAction\",\"target\":[\"https:\\\/\\\/quehacerpolitico.mx\\\/?p=91017\"]}]},{\"@type\":\"ImageObject\",\"inLanguage\":\"es\",\"@id\":\"https:\\\/\\\/quehacerpolitico.mx\\\/?p=91017#primaryimage\",\"url\":\"https:\\\/\\\/quehacerpolitico.mx\\\/wp-content\\\/uploads\\\/2022\\\/03\\\/7368F777-DC42-41B7-8E14-50916AA8FE22.jpeg\",\"contentUrl\":\"https:\\\/\\\/quehacerpolitico.mx\\\/wp-content\\\/uploads\\\/2022\\\/03\\\/7368F777-DC42-41B7-8E14-50916AA8FE22.jpeg\",\"width\":685,\"height\":340},{\"@type\":\"BreadcrumbList\",\"@id\":\"https:\\\/\\\/quehacerpolitico.mx\\\/?p=91017#breadcrumb\",\"itemListElement\":[{\"@type\":\"ListItem\",\"position\":1,\"name\":\"Inicio\",\"item\":\"https:\\\/\\\/quehacerpolitico.mx\\\/\"},{\"@type\":\"ListItem\",\"position\":2,\"name\":\"\u00a1Por las nubes! Precios de aguacate y lim\u00f3n hasta en 100 pesos por kilo\u00a0\"}]},{\"@type\":\"WebSite\",\"@id\":\"https:\\\/\\\/quehacerpolitico.mx\\\/#website\",\"url\":\"https:\\\/\\\/quehacerpolitico.mx\\\/\",\"name\":\"\",\"description\":\"\",\"potentialAction\":[{\"@type\":\"SearchAction\",\"target\":{\"@type\":\"EntryPoint\",\"urlTemplate\":\"https:\\\/\\\/quehacerpolitico.mx\\\/?s={search_term_string}\"},\"query-input\":{\"@type\":\"PropertyValueSpecification\",\"valueRequired\":true,\"valueName\":\"search_term_string\"}}],\"inLanguage\":\"es\"},{\"@type\":\"Person\",\"@id\":\"https:\\\/\\\/quehacerpolitico.mx\\\/#\\\/schema\\\/person\\\/496d8ad2d1d3f8036101dca7ee39e585\",\"name\":\"Redacci\u00f3n QP\",\"image\":{\"@type\":\"ImageObject\",\"inLanguage\":\"es\",\"@id\":\"https:\\\/\\\/secure.gravatar.com\\\/avatar\\\/c7164ed6fdec453195284ad24a5ae5b6e1eed2b848477fa2a4787ba9adf39a41?s=96&d=mm&r=g\",\"url\":\"https:\\\/\\\/secure.gravatar.com\\\/avatar\\\/c7164ed6fdec453195284ad24a5ae5b6e1eed2b848477fa2a4787ba9adf39a41?s=96&d=mm&r=g\",\"contentUrl\":\"https:\\\/\\\/secure.gravatar.com\\\/avatar\\\/c7164ed6fdec453195284ad24a5ae5b6e1eed2b848477fa2a4787ba9adf39a41?s=96&d=mm&r=g\",\"caption\":\"Redacci\u00f3n QP\"},\"url\":\"https:\\\/\\\/quehacerpolitico.mx\\\/?author=2\"}]}<\/script>\n<!-- \/ Yoast SEO plugin. -->","yoast_head_json":{"title":"\u00a1Por las nubes! Precios de aguacate y lim\u00f3n hasta en 100 pesos por kilo\u00a0 -","robots":{"index":"index","follow":"follow","max-snippet":"max-snippet:-1","max-image-preview":"max-image-preview:large","max-video-preview":"max-video-preview:-1"},"canonical":"https:\/\/quehacerpolitico.mx\/?p=91017","og_locale":"es_MX","og_type":"article","og_title":"\u00a1Por las nubes! Precios de aguacate y lim\u00f3n hasta en 100 pesos por kilo\u00a0 -","og_description":"Por Redacci\u00f3n QP En Guadalajara el lim\u00f3n sin semilla tuvo precios m\u00e1ximos de cerca de...","og_url":"https:\/\/quehacerpolitico.mx\/?p=91017","article_published_time":"2022-03-24T17:56:38+00:00","article_modified_time":"2022-03-24T17:56:41+00:00","og_image":[{"width":685,"height":340,"url":"https:\/\/quehacerpolitico.mx\/wp-content\/uploads\/2022\/03\/7368F777-DC42-41B7-8E14-50916AA8FE22.jpeg","type":"image\/jpeg"}],"author":"Redacci\u00f3n QP","twitter_card":"summary_large_image","twitter_misc":{"Escrito por":"Redacci\u00f3n QP","Tiempo de lectura":"3 minutos"},"schema":{"@context":"https:\/\/schema.org","@graph":[{"@type":"Article","@id":"https:\/\/quehacerpolitico.mx\/?p=91017#article","isPartOf":{"@id":"https:\/\/quehacerpolitico.mx\/?p=91017"},"author":{"name":"Redacci\u00f3n QP","@id":"https:\/\/quehacerpolitico.mx\/#\/schema\/person\/496d8ad2d1d3f8036101dca7ee39e585"},"headline":"\u00a1Por las nubes! Precios de aguacate y lim\u00f3n hasta en 100 pesos por kilo\u00a0","datePublished":"2022-03-24T17:56:38+00:00","dateModified":"2022-03-24T17:56:41+00:00","mainEntityOfPage":{"@id":"https:\/\/quehacerpolitico.mx\/?p=91017"},"wordCount":533,"commentCount":0,"image":{"@id":"https:\/\/quehacerpolitico.mx\/?p=91017#primaryimage"},"thumbnailUrl":"https:\/\/quehacerpolitico.mx\/wp-content\/uploads\/2022\/03\/7368F777-DC42-41B7-8E14-50916AA8FE22.jpeg","articleSection":["Econom\u00eda"],"inLanguage":"es","potentialAction":[{"@type":"CommentAction","name":"Comment","target":["https:\/\/quehacerpolitico.mx\/?p=91017#respond"]}]},{"@type":"WebPage","@id":"https:\/\/quehacerpolitico.mx\/?p=91017","url":"https:\/\/quehacerpolitico.mx\/?p=91017","name":"\u00a1Por las nubes! Precios de aguacate y lim\u00f3n hasta en 100 pesos por kilo\u00a0 -","isPartOf":{"@id":"https:\/\/quehacerpolitico.mx\/#website"},"primaryImageOfPage":{"@id":"https:\/\/quehacerpolitico.mx\/?p=91017#primaryimage"},"image":{"@id":"https:\/\/quehacerpolitico.mx\/?p=91017#primaryimage"},"thumbnailUrl":"https:\/\/quehacerpolitico.mx\/wp-content\/uploads\/2022\/03\/7368F777-DC42-41B7-8E14-50916AA8FE22.jpeg","datePublished":"2022-03-24T17:56:38+00:00","dateModified":"2022-03-24T17:56:41+00:00","author":{"@id":"https:\/\/quehacerpolitico.mx\/#\/schema\/person\/496d8ad2d1d3f8036101dca7ee39e585"},"breadcrumb":{"@id":"https:\/\/quehacerpolitico.mx\/?p=91017#breadcrumb"},"inLanguage":"es","potentialAction":[{"@type":"ReadAction","target":["https:\/\/quehacerpolitico.mx\/?p=91017"]}]},{"@type":"ImageObject","inLanguage":"es","@id":"https:\/\/quehacerpolitico.mx\/?p=91017#primaryimage","url":"https:\/\/quehacerpolitico.mx\/wp-content\/uploads\/2022\/03\/7368F777-DC42-41B7-8E14-50916AA8FE22.jpeg","contentUrl":"https:\/\/quehacerpolitico.mx\/wp-content\/uploads\/2022\/03\/7368F777-DC42-41B7-8E14-50916AA8FE22.jpeg","width":685,"height":340},{"@type":"BreadcrumbList","@id":"https:\/\/quehacerpolitico.mx\/?p=91017#breadcrumb","itemListElement":[{"@type":"ListItem","position":1,"name":"Inicio","item":"https:\/\/quehacerpolitico.mx\/"},{"@type":"ListItem","position":2,"name":"\u00a1Por las nubes! Precios de aguacate y lim\u00f3n hasta en 100 pesos por kilo\u00a0"}]},{"@type":"WebSite","@id":"https:\/\/quehacerpolitico.mx\/#website","url":"https:\/\/quehacerpolitico.mx\/","name":"","description":"","potentialAction":[{"@type":"SearchAction","target":{"@type":"EntryPoint","urlTemplate":"https:\/\/quehacerpolitico.mx\/?s={search_term_string}"},"query-input":{"@type":"PropertyValueSpecification","valueRequired":true,"valueName":"search_term_string"}}],"inLanguage":"es"},{"@type":"Person","@id":"https:\/\/quehacerpolitico.mx\/#\/schema\/person\/496d8ad2d1d3f8036101dca7ee39e585","name":"Redacci\u00f3n QP","image":{"@type":"ImageObject","inLanguage":"es","@id":"https:\/\/secure.gravatar.com\/avatar\/c7164ed6fdec453195284ad24a5ae5b6e1eed2b848477fa2a4787ba9adf39a41?s=96&d=mm&r=g","url":"https:\/\/secure.gravatar.com\/avatar\/c7164ed6fdec453195284ad24a5ae5b6e1eed2b848477fa2a4787ba9adf39a41?s=96&d=mm&r=g","contentUrl":"https:\/\/secure.gravatar.com\/avatar\/c7164ed6fdec453195284ad24a5ae5b6e1eed2b848477fa2a4787ba9adf39a41?s=96&d=mm&r=g","caption":"Redacci\u00f3n QP"},"url":"https:\/\/quehacerpolitico.mx\/?author=2"}]}},"featured_image_urls":{"full":["https:\/\/quehacerpolitico.mx\/wp-content\/uploads\/2022\/03\/7368F777-DC42-41B7-8E14-50916AA8FE22.jpeg",685,340,false],"thumbnail":["https:\/\/quehacerpolitico.mx\/wp-content\/uploads\/2022\/03\/7368F777-DC42-41B7-8E14-50916AA8FE22-150x150.jpeg",150,150,true],"medium":["https:\/\/quehacerpolitico.mx\/wp-content\/uploads\/2022\/03\/7368F777-DC42-41B7-8E14-50916AA8FE22-300x149.jpeg",300,149,true],"medium_large":["https:\/\/quehacerpolitico.mx\/wp-content\/uploads\/2022\/03\/7368F777-DC42-41B7-8E14-50916AA8FE22.jpeg",640,318,false],"large":["https:\/\/quehacerpolitico.mx\/wp-content\/uploads\/2022\/03\/7368F777-DC42-41B7-8E14-50916AA8FE22.jpeg",640,318,false],"1536x1536":["https:\/\/quehacerpolitico.mx\/wp-content\/uploads\/2022\/03\/7368F777-DC42-41B7-8E14-50916AA8FE22.jpeg",685,340,false],"2048x2048":["https:\/\/quehacerpolitico.mx\/wp-content\/uploads\/2022\/03\/7368F777-DC42-41B7-8E14-50916AA8FE22.jpeg",685,340,false],"covernews-featured":["https:\/\/quehacerpolitico.mx\/wp-content\/uploads\/2022\/03\/7368F777-DC42-41B7-8E14-50916AA8FE22.jpeg",685,340,false],"covernews-medium":["https:\/\/quehacerpolitico.mx\/wp-content\/uploads\/2022\/03\/7368F777-DC42-41B7-8E14-50916AA8FE22.jpeg",540,268,false]},"author_info":{"display_name":"Redacci\u00f3n QP","author_link":"https:\/\/quehacerpolitico.mx\/?author=2"},"category_info":"<a href=\"https:\/\/quehacerpolitico.mx\/?cat=56\" rel=\"category\">Econom\u00eda<\/a>","tag_info":"Econom\u00eda","comment_count":"0","_links":{"self":[{"href":"https:\/\/quehacerpolitico.mx\/index.php?rest_route=\/wp\/v2\/posts\/91017","targetHints":{"allow":["GET"]}}],"collection":[{"href":"https:\/\/quehacerpolitico.mx\/index.php?rest_route=\/wp\/v2\/posts"}],"about":[{"href":"https:\/\/quehacerpolitico.mx\/index.php?rest_route=\/wp\/v2\/types\/post"}],"author":[{"embeddable":true,"href":"https:\/\/quehacerpolitico.mx\/index.php?rest_route=\/wp\/v2\/users\/2"}],"replies":[{"embeddable":true,"href":"https:\/\/quehacerpolitico.mx\/index.php?rest_route=%2Fwp%2Fv2%2Fcomments&post=91017"}],"version-history":[{"count":1,"href":"https:\/\/quehacerpolitico.mx\/index.php?rest_route=\/wp\/v2\/posts\/91017\/revisions"}],"predecessor-version":[{"id":91019,"href":"https:\/\/quehacerpolitico.mx\/index.php?rest_route=\/wp\/v2\/posts\/91017\/revisions\/91019"}],"wp:featuredmedia":[{"embeddable":true,"href":"https:\/\/quehacerpolitico.mx\/index.php?rest_route=\/wp\/v2\/media\/91018"}],"wp:attachment":[{"href":"https:\/\/quehacerpolitico.mx\/index.php?rest_route=%2Fwp%2Fv2%2Fmedia&parent=91017"}],"wp:term":[{"taxonomy":"category","embeddable":true,"href":"https:\/\/quehacerpolitico.mx\/index.php?rest_route=%2Fwp%2Fv2%2Fcategories&post=91017"},{"taxonomy":"post_tag","embeddable":true,"href":"https:\/\/quehacerpolitico.mx\/index.php?rest_route=%2Fwp%2Fv2%2Ftags&post=91017"}],"curies":[{"name":"wp","href":"https:\/\/api.w.org\/{rel}","templated":true}]}}