{"id":91013,"date":"2022-03-24T17:43:42","date_gmt":"2022-03-24T17:43:42","guid":{"rendered":"https:\/\/quehacerpolitico.mx\/?p=91013"},"modified":"2022-03-24T17:43:51","modified_gmt":"2022-03-24T17:43:51","slug":"amlo-se-adelanta-a-banxico-se-tendra-tasa-de-interes-de-6-5-dice","status":"publish","type":"post","link":"https:\/\/quehacerpolitico.mx\/?p=91013","title":{"rendered":"AMLO se adelanta a Banxico; &#8220;se tendr\u00e1 tasa de inter\u00e9s de 6.5%&#8221;, dice\u00a0"},"content":{"rendered":"\n<p>Por Redacci\u00f3n QP<\/p>\n\n\n\n<p>&#8220;Ayer aqu\u00ed en M\u00e9xico, el Banco de M\u00e9xico aument\u00f3 la tasa de inter\u00e9s .50, vamos a tener una tasa de inter\u00e9s de 6.5&#8221;, indica L\u00f3pez Obrador<\/p>\n\n\n\n<p>El Presidente Andres Manuel Lopez Obrador AMLO) se adelant\u00f3 al Banco de M\u00e9xico (Banxico) e inform\u00f3 que s<strong>e tendr\u00e1 una tasa de inter\u00e9s de 6.5%, un aumento de 50 puntos base<\/strong>.<\/p>\n\n\n\n<p>&#8220;Ayer aqu\u00ed en M\u00e9xico, el Banco de M\u00e9xico aument\u00f3 la tasa de inter\u00e9s .50, vamos a tener una tasa de inter\u00e9s de 6.5&#8221;, indic\u00f3 L\u00f3pez Obrador en su conferencia &#8220;ma\u00f1anera&#8221; de este jueves, al destacar la autonom\u00eda de Banxico.<\/p>\n\n\n\n<figure class=\"wp-block-embed is-type-rich is-provider-twitter wp-block-embed-twitter\"><div class=\"wp-block-embed__wrapper\">\n<blockquote class=\"twitter-tweet\" data-width=\"550\" data-dnt=\"true\"><p lang=\"es\" dir=\"ltr\">\u201cAyer, aqu\u00ed en M\u00e9xico, el Banco de M\u00e9xico aument\u00f3 la tasa de inter\u00e9s .50. Vamos a tener una tasa de inter\u00e9s de 6.5%&quot;, dijo el presidente L\u00f3pez Obrador. <br><br>El Banco Central mexicano revelar\u00e1, a las 13:00 h, su decisi\u00f3n de pol\u00edtica monetaria.<br><br>M\u00e1s, en: <a href=\"https:\/\/t.co\/s4OHs0v0bb\">https:\/\/t.co\/s4OHs0v0bb<\/a> <a href=\"https:\/\/t.co\/trz8kyK35v\">pic.twitter.com\/trz8kyK35v<\/a><\/p>&mdash; Joaqu\u00edn L\u00f3pez-D\u00f3riga (@lopezdoriga) <a href=\"https:\/\/twitter.com\/lopezdoriga\/status\/1507017034885783558?ref_src=twsrc%5Etfw\">March 24, 2022<\/a><\/blockquote><script async src=\"https:\/\/platform.twitter.com\/widgets.js\" charset=\"utf-8\"><\/script>\n<\/div><\/figure>\n\n\n\n<h2 class=\"wp-block-heading\">La gasolina se subsidia en M\u00e9xico para evitar inflaci\u00f3n: AMLO<\/h2>\n\n\n\n<p>AMLO\u00a0afirm\u00f3 que\u00a0la gasolina en Mexico es mas barata que en cualquier otro lado del mundo y que se subsidia para evitar inflaci\u00f3n.<\/p>\n\n\n\n<p>Durante la\u00a0conferencia \u201dma\u00f1anera\u201d de este jueves, AMLO\u00a0acus\u00f3 que los gobiernos anteriores quer\u00edan desaparecer la industria petrolera\u00a0y que lograron acabar con la petroqu\u00edmica.<\/p>\n\n\n\n<p>&#8220;No dejaron nada, ten\u00edamos una industria petroqu\u00edmica muy consolidada, era de las mejores industrias petroqu\u00edmicas del mundo y en el periodo neoliberal se acab\u00f3&#8221;, dijo.<\/p>\n\n\n\n<p>Con informaci\u00f3n de SUN<\/p>\n","protected":false},"excerpt":{"rendered":"<p>Por Redacci\u00f3n QP &#8220;Ayer aqu\u00ed en M\u00e9xico, el Banco de M\u00e9xico aument\u00f3 la tasa de&#8230;<\/p>\n","protected":false},"author":2,"featured_media":91015,"comment_status":"open","ping_status":"open","sticky":false,"template":"","format":"standard","meta":{"_monsterinsights_skip_tracking":false,"_monsterinsights_sitenote_active":false,"_monsterinsights_sitenote_note":"","_monsterinsights_sitenote_category":0,"footnotes":""},"categories":[56],"tags":[],"class_list":["post-91013","post","type-post","status-publish","format-standard","has-post-thumbnail","hentry","category-economia"],"yoast_head":"<!-- This site is optimized with the Yoast SEO plugin v27.3 - https:\/\/yoast.com\/product\/yoast-seo-wordpress\/ -->\n<title>AMLO se adelanta a Banxico; &quot;se tendr\u00e1 tasa de inter\u00e9s de 6.5%&quot;, dice\u00a0 -<\/title>\n<meta name=\"robots\" content=\"index, follow, max-snippet:-1, max-image-preview:large, max-video-preview:-1\" \/>\n<link rel=\"canonical\" href=\"https:\/\/quehacerpolitico.mx\/?p=91013\" \/>\n<meta property=\"og:locale\" content=\"es_MX\" \/>\n<meta property=\"og:type\" content=\"article\" \/>\n<meta property=\"og:title\" content=\"AMLO se adelanta a Banxico; &quot;se tendr\u00e1 tasa de inter\u00e9s de 6.5%&quot;, dice\u00a0 -\" \/>\n<meta property=\"og:description\" content=\"Por Redacci\u00f3n QP &#8220;Ayer aqu\u00ed en M\u00e9xico, el Banco de M\u00e9xico aument\u00f3 la tasa de...\" \/>\n<meta property=\"og:url\" content=\"https:\/\/quehacerpolitico.mx\/?p=91013\" \/>\n<meta property=\"article:published_time\" content=\"2022-03-24T17:43:42+00:00\" \/>\n<meta property=\"article:modified_time\" content=\"2022-03-24T17:43:51+00:00\" \/>\n<meta property=\"og:image\" content=\"https:\/\/quehacerpolitico.mx\/wp-content\/uploads\/2022\/03\/2D0ED789-9346-4426-912F-036D247C4E1D.jpeg\" \/>\n\t<meta property=\"og:image:width\" content=\"1284\" \/>\n\t<meta property=\"og:image:height\" content=\"716\" \/>\n\t<meta property=\"og:image:type\" content=\"image\/jpeg\" \/>\n<meta name=\"author\" content=\"Redacci\u00f3n QP\" \/>\n<meta name=\"twitter:card\" content=\"summary_large_image\" \/>\n<meta name=\"twitter:label1\" content=\"Escrito por\" \/>\n\t<meta name=\"twitter:data1\" content=\"Redacci\u00f3n QP\" \/>\n\t<meta name=\"twitter:label2\" content=\"Tiempo de lectura\" \/>\n\t<meta name=\"twitter:data2\" content=\"1 minuto\" \/>\n<script type=\"application\/ld+json\" class=\"yoast-schema-graph\">{\"@context\":\"https:\\\/\\\/schema.org\",\"@graph\":[{\"@type\":\"Article\",\"@id\":\"https:\\\/\\\/quehacerpolitico.mx\\\/?p=91013#article\",\"isPartOf\":{\"@id\":\"https:\\\/\\\/quehacerpolitico.mx\\\/?p=91013\"},\"author\":{\"name\":\"Redacci\u00f3n QP\",\"@id\":\"https:\\\/\\\/quehacerpolitico.mx\\\/#\\\/schema\\\/person\\\/496d8ad2d1d3f8036101dca7ee39e585\"},\"headline\":\"AMLO se adelanta a Banxico; &#8220;se tendr\u00e1 tasa de inter\u00e9s de 6.5%&#8221;, dice\u00a0\",\"datePublished\":\"2022-03-24T17:43:42+00:00\",\"dateModified\":\"2022-03-24T17:43:51+00:00\",\"mainEntityOfPage\":{\"@id\":\"https:\\\/\\\/quehacerpolitico.mx\\\/?p=91013\"},\"wordCount\":225,\"commentCount\":0,\"image\":{\"@id\":\"https:\\\/\\\/quehacerpolitico.mx\\\/?p=91013#primaryimage\"},\"thumbnailUrl\":\"https:\\\/\\\/quehacerpolitico.mx\\\/wp-content\\\/uploads\\\/2022\\\/03\\\/2D0ED789-9346-4426-912F-036D247C4E1D.jpeg\",\"articleSection\":[\"Econom\u00eda\"],\"inLanguage\":\"es\",\"potentialAction\":[{\"@type\":\"CommentAction\",\"name\":\"Comment\",\"target\":[\"https:\\\/\\\/quehacerpolitico.mx\\\/?p=91013#respond\"]}]},{\"@type\":\"WebPage\",\"@id\":\"https:\\\/\\\/quehacerpolitico.mx\\\/?p=91013\",\"url\":\"https:\\\/\\\/quehacerpolitico.mx\\\/?p=91013\",\"name\":\"AMLO se adelanta a Banxico; \\\"se tendr\u00e1 tasa de inter\u00e9s de 6.5%\\\", dice\u00a0 -\",\"isPartOf\":{\"@id\":\"https:\\\/\\\/quehacerpolitico.mx\\\/#website\"},\"primaryImageOfPage\":{\"@id\":\"https:\\\/\\\/quehacerpolitico.mx\\\/?p=91013#primaryimage\"},\"image\":{\"@id\":\"https:\\\/\\\/quehacerpolitico.mx\\\/?p=91013#primaryimage\"},\"thumbnailUrl\":\"https:\\\/\\\/quehacerpolitico.mx\\\/wp-content\\\/uploads\\\/2022\\\/03\\\/2D0ED789-9346-4426-912F-036D247C4E1D.jpeg\",\"datePublished\":\"2022-03-24T17:43:42+00:00\",\"dateModified\":\"2022-03-24T17:43:51+00:00\",\"author\":{\"@id\":\"https:\\\/\\\/quehacerpolitico.mx\\\/#\\\/schema\\\/person\\\/496d8ad2d1d3f8036101dca7ee39e585\"},\"breadcrumb\":{\"@id\":\"https:\\\/\\\/quehacerpolitico.mx\\\/?p=91013#breadcrumb\"},\"inLanguage\":\"es\",\"potentialAction\":[{\"@type\":\"ReadAction\",\"target\":[\"https:\\\/\\\/quehacerpolitico.mx\\\/?p=91013\"]}]},{\"@type\":\"ImageObject\",\"inLanguage\":\"es\",\"@id\":\"https:\\\/\\\/quehacerpolitico.mx\\\/?p=91013#primaryimage\",\"url\":\"https:\\\/\\\/quehacerpolitico.mx\\\/wp-content\\\/uploads\\\/2022\\\/03\\\/2D0ED789-9346-4426-912F-036D247C4E1D.jpeg\",\"contentUrl\":\"https:\\\/\\\/quehacerpolitico.mx\\\/wp-content\\\/uploads\\\/2022\\\/03\\\/2D0ED789-9346-4426-912F-036D247C4E1D.jpeg\",\"width\":1284,\"height\":716},{\"@type\":\"BreadcrumbList\",\"@id\":\"https:\\\/\\\/quehacerpolitico.mx\\\/?p=91013#breadcrumb\",\"itemListElement\":[{\"@type\":\"ListItem\",\"position\":1,\"name\":\"Inicio\",\"item\":\"https:\\\/\\\/quehacerpolitico.mx\\\/\"},{\"@type\":\"ListItem\",\"position\":2,\"name\":\"AMLO se adelanta a Banxico; &#8220;se tendr\u00e1 tasa de inter\u00e9s de 6.5%&#8221;, dice\u00a0\"}]},{\"@type\":\"WebSite\",\"@id\":\"https:\\\/\\\/quehacerpolitico.mx\\\/#website\",\"url\":\"https:\\\/\\\/quehacerpolitico.mx\\\/\",\"name\":\"\",\"description\":\"\",\"potentialAction\":[{\"@type\":\"SearchAction\",\"target\":{\"@type\":\"EntryPoint\",\"urlTemplate\":\"https:\\\/\\\/quehacerpolitico.mx\\\/?s={search_term_string}\"},\"query-input\":{\"@type\":\"PropertyValueSpecification\",\"valueRequired\":true,\"valueName\":\"search_term_string\"}}],\"inLanguage\":\"es\"},{\"@type\":\"Person\",\"@id\":\"https:\\\/\\\/quehacerpolitico.mx\\\/#\\\/schema\\\/person\\\/496d8ad2d1d3f8036101dca7ee39e585\",\"name\":\"Redacci\u00f3n QP\",\"image\":{\"@type\":\"ImageObject\",\"inLanguage\":\"es\",\"@id\":\"https:\\\/\\\/secure.gravatar.com\\\/avatar\\\/c7164ed6fdec453195284ad24a5ae5b6e1eed2b848477fa2a4787ba9adf39a41?s=96&d=mm&r=g\",\"url\":\"https:\\\/\\\/secure.gravatar.com\\\/avatar\\\/c7164ed6fdec453195284ad24a5ae5b6e1eed2b848477fa2a4787ba9adf39a41?s=96&d=mm&r=g\",\"contentUrl\":\"https:\\\/\\\/secure.gravatar.com\\\/avatar\\\/c7164ed6fdec453195284ad24a5ae5b6e1eed2b848477fa2a4787ba9adf39a41?s=96&d=mm&r=g\",\"caption\":\"Redacci\u00f3n QP\"},\"url\":\"https:\\\/\\\/quehacerpolitico.mx\\\/?author=2\"}]}<\/script>\n<!-- \/ Yoast SEO plugin. -->","yoast_head_json":{"title":"AMLO se adelanta a Banxico; \"se tendr\u00e1 tasa de inter\u00e9s de 6.5%\", dice\u00a0 -","robots":{"index":"index","follow":"follow","max-snippet":"max-snippet:-1","max-image-preview":"max-image-preview:large","max-video-preview":"max-video-preview:-1"},"canonical":"https:\/\/quehacerpolitico.mx\/?p=91013","og_locale":"es_MX","og_type":"article","og_title":"AMLO se adelanta a Banxico; \"se tendr\u00e1 tasa de inter\u00e9s de 6.5%\", dice\u00a0 -","og_description":"Por Redacci\u00f3n QP &#8220;Ayer aqu\u00ed en M\u00e9xico, el Banco de M\u00e9xico aument\u00f3 la tasa de...","og_url":"https:\/\/quehacerpolitico.mx\/?p=91013","article_published_time":"2022-03-24T17:43:42+00:00","article_modified_time":"2022-03-24T17:43:51+00:00","og_image":[{"width":1284,"height":716,"url":"https:\/\/quehacerpolitico.mx\/wp-content\/uploads\/2022\/03\/2D0ED789-9346-4426-912F-036D247C4E1D.jpeg","type":"image\/jpeg"}],"author":"Redacci\u00f3n QP","twitter_card":"summary_large_image","twitter_misc":{"Escrito por":"Redacci\u00f3n QP","Tiempo de lectura":"1 minuto"},"schema":{"@context":"https:\/\/schema.org","@graph":[{"@type":"Article","@id":"https:\/\/quehacerpolitico.mx\/?p=91013#article","isPartOf":{"@id":"https:\/\/quehacerpolitico.mx\/?p=91013"},"author":{"name":"Redacci\u00f3n QP","@id":"https:\/\/quehacerpolitico.mx\/#\/schema\/person\/496d8ad2d1d3f8036101dca7ee39e585"},"headline":"AMLO se adelanta a Banxico; &#8220;se tendr\u00e1 tasa de inter\u00e9s de 6.5%&#8221;, dice\u00a0","datePublished":"2022-03-24T17:43:42+00:00","dateModified":"2022-03-24T17:43:51+00:00","mainEntityOfPage":{"@id":"https:\/\/quehacerpolitico.mx\/?p=91013"},"wordCount":225,"commentCount":0,"image":{"@id":"https:\/\/quehacerpolitico.mx\/?p=91013#primaryimage"},"thumbnailUrl":"https:\/\/quehacerpolitico.mx\/wp-content\/uploads\/2022\/03\/2D0ED789-9346-4426-912F-036D247C4E1D.jpeg","articleSection":["Econom\u00eda"],"inLanguage":"es","potentialAction":[{"@type":"CommentAction","name":"Comment","target":["https:\/\/quehacerpolitico.mx\/?p=91013#respond"]}]},{"@type":"WebPage","@id":"https:\/\/quehacerpolitico.mx\/?p=91013","url":"https:\/\/quehacerpolitico.mx\/?p=91013","name":"AMLO se adelanta a Banxico; \"se tendr\u00e1 tasa de inter\u00e9s de 6.5%\", dice\u00a0 -","isPartOf":{"@id":"https:\/\/quehacerpolitico.mx\/#website"},"primaryImageOfPage":{"@id":"https:\/\/quehacerpolitico.mx\/?p=91013#primaryimage"},"image":{"@id":"https:\/\/quehacerpolitico.mx\/?p=91013#primaryimage"},"thumbnailUrl":"https:\/\/quehacerpolitico.mx\/wp-content\/uploads\/2022\/03\/2D0ED789-9346-4426-912F-036D247C4E1D.jpeg","datePublished":"2022-03-24T17:43:42+00:00","dateModified":"2022-03-24T17:43:51+00:00","author":{"@id":"https:\/\/quehacerpolitico.mx\/#\/schema\/person\/496d8ad2d1d3f8036101dca7ee39e585"},"breadcrumb":{"@id":"https:\/\/quehacerpolitico.mx\/?p=91013#breadcrumb"},"inLanguage":"es","potentialAction":[{"@type":"ReadAction","target":["https:\/\/quehacerpolitico.mx\/?p=91013"]}]},{"@type":"ImageObject","inLanguage":"es","@id":"https:\/\/quehacerpolitico.mx\/?p=91013#primaryimage","url":"https:\/\/quehacerpolitico.mx\/wp-content\/uploads\/2022\/03\/2D0ED789-9346-4426-912F-036D247C4E1D.jpeg","contentUrl":"https:\/\/quehacerpolitico.mx\/wp-content\/uploads\/2022\/03\/2D0ED789-9346-4426-912F-036D247C4E1D.jpeg","width":1284,"height":716},{"@type":"BreadcrumbList","@id":"https:\/\/quehacerpolitico.mx\/?p=91013#breadcrumb","itemListElement":[{"@type":"ListItem","position":1,"name":"Inicio","item":"https:\/\/quehacerpolitico.mx\/"},{"@type":"ListItem","position":2,"name":"AMLO se adelanta a Banxico; &#8220;se tendr\u00e1 tasa de inter\u00e9s de 6.5%&#8221;, dice\u00a0"}]},{"@type":"WebSite","@id":"https:\/\/quehacerpolitico.mx\/#website","url":"https:\/\/quehacerpolitico.mx\/","name":"","description":"","potentialAction":[{"@type":"SearchAction","target":{"@type":"EntryPoint","urlTemplate":"https:\/\/quehacerpolitico.mx\/?s={search_term_string}"},"query-input":{"@type":"PropertyValueSpecification","valueRequired":true,"valueName":"search_term_string"}}],"inLanguage":"es"},{"@type":"Person","@id":"https:\/\/quehacerpolitico.mx\/#\/schema\/person\/496d8ad2d1d3f8036101dca7ee39e585","name":"Redacci\u00f3n QP","image":{"@type":"ImageObject","inLanguage":"es","@id":"https:\/\/secure.gravatar.com\/avatar\/c7164ed6fdec453195284ad24a5ae5b6e1eed2b848477fa2a4787ba9adf39a41?s=96&d=mm&r=g","url":"https:\/\/secure.gravatar.com\/avatar\/c7164ed6fdec453195284ad24a5ae5b6e1eed2b848477fa2a4787ba9adf39a41?s=96&d=mm&r=g","contentUrl":"https:\/\/secure.gravatar.com\/avatar\/c7164ed6fdec453195284ad24a5ae5b6e1eed2b848477fa2a4787ba9adf39a41?s=96&d=mm&r=g","caption":"Redacci\u00f3n QP"},"url":"https:\/\/quehacerpolitico.mx\/?author=2"}]}},"featured_image_urls":{"full":["https:\/\/quehacerpolitico.mx\/wp-content\/uploads\/2022\/03\/2D0ED789-9346-4426-912F-036D247C4E1D.jpeg",1284,716,false],"thumbnail":["https:\/\/quehacerpolitico.mx\/wp-content\/uploads\/2022\/03\/2D0ED789-9346-4426-912F-036D247C4E1D-150x150.jpeg",150,150,true],"medium":["https:\/\/quehacerpolitico.mx\/wp-content\/uploads\/2022\/03\/2D0ED789-9346-4426-912F-036D247C4E1D-300x167.jpeg",300,167,true],"medium_large":["https:\/\/quehacerpolitico.mx\/wp-content\/uploads\/2022\/03\/2D0ED789-9346-4426-912F-036D247C4E1D-768x428.jpeg",640,357,true],"large":["https:\/\/quehacerpolitico.mx\/wp-content\/uploads\/2022\/03\/2D0ED789-9346-4426-912F-036D247C4E1D-1024x571.jpeg",640,357,true],"1536x1536":["https:\/\/quehacerpolitico.mx\/wp-content\/uploads\/2022\/03\/2D0ED789-9346-4426-912F-036D247C4E1D.jpeg",1284,716,false],"2048x2048":["https:\/\/quehacerpolitico.mx\/wp-content\/uploads\/2022\/03\/2D0ED789-9346-4426-912F-036D247C4E1D.jpeg",1284,716,false],"covernews-featured":["https:\/\/quehacerpolitico.mx\/wp-content\/uploads\/2022\/03\/2D0ED789-9346-4426-912F-036D247C4E1D.jpeg",1024,571,false],"covernews-medium":["https:\/\/quehacerpolitico.mx\/wp-content\/uploads\/2022\/03\/2D0ED789-9346-4426-912F-036D247C4E1D.jpeg",540,301,false]},"author_info":{"display_name":"Redacci\u00f3n QP","author_link":"https:\/\/quehacerpolitico.mx\/?author=2"},"category_info":"<a href=\"https:\/\/quehacerpolitico.mx\/?cat=56\" rel=\"category\">Econom\u00eda<\/a>","tag_info":"Econom\u00eda","comment_count":"0","_links":{"self":[{"href":"https:\/\/quehacerpolitico.mx\/index.php?rest_route=\/wp\/v2\/posts\/91013","targetHints":{"allow":["GET"]}}],"collection":[{"href":"https:\/\/quehacerpolitico.mx\/index.php?rest_route=\/wp\/v2\/posts"}],"about":[{"href":"https:\/\/quehacerpolitico.mx\/index.php?rest_route=\/wp\/v2\/types\/post"}],"author":[{"embeddable":true,"href":"https:\/\/quehacerpolitico.mx\/index.php?rest_route=\/wp\/v2\/users\/2"}],"replies":[{"embeddable":true,"href":"https:\/\/quehacerpolitico.mx\/index.php?rest_route=%2Fwp%2Fv2%2Fcomments&post=91013"}],"version-history":[{"count":1,"href":"https:\/\/quehacerpolitico.mx\/index.php?rest_route=\/wp\/v2\/posts\/91013\/revisions"}],"predecessor-version":[{"id":91016,"href":"https:\/\/quehacerpolitico.mx\/index.php?rest_route=\/wp\/v2\/posts\/91013\/revisions\/91016"}],"wp:featuredmedia":[{"embeddable":true,"href":"https:\/\/quehacerpolitico.mx\/index.php?rest_route=\/wp\/v2\/media\/91015"}],"wp:attachment":[{"href":"https:\/\/quehacerpolitico.mx\/index.php?rest_route=%2Fwp%2Fv2%2Fmedia&parent=91013"}],"wp:term":[{"taxonomy":"category","embeddable":true,"href":"https:\/\/quehacerpolitico.mx\/index.php?rest_route=%2Fwp%2Fv2%2Fcategories&post=91013"},{"taxonomy":"post_tag","embeddable":true,"href":"https:\/\/quehacerpolitico.mx\/index.php?rest_route=%2Fwp%2Fv2%2Ftags&post=91013"}],"curies":[{"name":"wp","href":"https:\/\/api.w.org\/{rel}","templated":true}]}}