{"id":90906,"date":"2022-03-23T04:51:13","date_gmt":"2022-03-23T04:51:13","guid":{"rendered":"https:\/\/quehacerpolitico.mx\/?p=90906"},"modified":"2022-03-23T04:51:15","modified_gmt":"2022-03-23T04:51:15","slug":"en-nuevo-proyecto-la-suprema-corte-propone-liberar-a-alejandra-cuevas-caso-gertz-manero","status":"publish","type":"post","link":"https:\/\/quehacerpolitico.mx\/?p=90906","title":{"rendered":"En nuevo proyecto, la Suprema Corte propone liberar a Alejandra Cuevas caso\u00a0Gertz Manero"},"content":{"rendered":"\n<p>Por Redacci\u00f3n QP<\/p>\n\n\n\n<p>La tarde de este martes, la Suprema Corte de Justicia de la Naci\u00f3n public\u00f3 el proyecto del caso del titular de la Fiscal\u00eda General de la Rep\u00fablica<\/p>\n\n\n\n<p>Los proyectos del ministro Alfredo Guti\u00e9rrez Ortiz Mena sobre el caso Gertz Manero publicados la tarde de este martes consideraron que,<strong>&nbsp;en el caso de Alejandra Cuevas, no existe el delito por el que permanece presa<\/strong>, pues se le asign\u00f3 el deber de salvaguardar la vida de Federico Gertz en su car\u00e1cter de garante accesoria, y el ministro se\u00f1ala que conforme a la Constituci\u00f3n &#8220;no hay delito sin ley&#8221;.<\/p>\n\n\n\n<p>Esta inexistencia basta para eliminar la responsabilidad contra Alejandra. En el caso de Laura, expareja de Federico,\u00a0<strong>el ministro consider\u00f3 que se le asign\u00f3 un deber de cuidado &#8220;que excede el l\u00edmite de lo razonable&#8221;.<\/strong><\/p>\n\n\n\n<p>&#8220;No es posible esperar que una mujer sin conocimientos especializados y en franca situaci\u00f3n de vulnerabilidad &#8211; pues ten\u00eda 88 a\u00f1os- se condujera como si tuviese habilidades excepcionales para evitar la muerte de una persona gravemente enferma. Es l\u00f3gico, por tanto, que\u00a0<strong>no puede ser responsabilizada por un resultado -la muerte de su pareja sentimental de 50 a\u00f1os- que razonablemente no pod\u00eda evitar<\/strong>&#8220;, dice uno de los proyectos.<\/p>\n\n\n\n<figure class=\"wp-block-image size-large\"><img loading=\"lazy\" decoding=\"async\" width=\"971\" height=\"1024\" src=\"https:\/\/quehacerpolitico.mx\/wp-content\/uploads\/2022\/03\/image-126-971x1024.jpeg\" alt=\"\" class=\"wp-image-90907\" srcset=\"https:\/\/quehacerpolitico.mx\/wp-content\/uploads\/2022\/03\/image-126-971x1024.jpeg 971w, https:\/\/quehacerpolitico.mx\/wp-content\/uploads\/2022\/03\/image-126-284x300.jpeg 284w, https:\/\/quehacerpolitico.mx\/wp-content\/uploads\/2022\/03\/image-126-768x810.jpeg 768w, https:\/\/quehacerpolitico.mx\/wp-content\/uploads\/2022\/03\/image-126-138x146.jpeg 138w, https:\/\/quehacerpolitico.mx\/wp-content\/uploads\/2022\/03\/image-126-47x50.jpeg 47w, https:\/\/quehacerpolitico.mx\/wp-content\/uploads\/2022\/03\/image-126-71x75.jpeg 71w, https:\/\/quehacerpolitico.mx\/wp-content\/uploads\/2022\/03\/image-126.jpeg 1168w\" sizes=\"auto, (max-width: 971px) 100vw, 971px\" \/><\/figure>\n\n\n\n<p>En d\u00edas pasados, la SCJN envi\u00f3 los expedientes de Alejandra Cuevas Mor\u00e1n y Laura Mor\u00e1n, acusadas de provocar la muerte de Federico Gertz Manero, hermano del fiscal, a la ponencia del ministro Alfredo Gutierrez Ortiz Mena<\/p>\n\n\n\n<p>El anuncio de que ser\u00e1 Guti\u00e9rrez Ortiz Mena quien realice los nuevos proyectos de resoluci\u00f3n de los amparos tramitados por Alejandra y Laura fue emitido por el ministro presidente de la Suprema Corte, Arturo Zald\u00edvar.<\/p>\n\n\n\n<p>En su mensaje, el ministro Zald\u00edvar afirm\u00f3 que Guti\u00e9rrez Ortiz Mena se comprometi\u00f3 a presentar \u201ca la mayor brevedad\u201d las propuestas en las que la Corte analizar\u00e1 si fue legal emitir la orden de aprehensi\u00f3n contra Laura Mor\u00e1n, expareja de Federico Gertz, y el auto de formal prisi\u00f3n contra su hija Alejandra Cuevas, quien permanece en el penal de Santa Martha Acatitla desde octubre de 2020.<\/p>\n\n\n\n<p>Con informaci\u00f3n de SUN<\/p>\n","protected":false},"excerpt":{"rendered":"<p>Por Redacci\u00f3n QP La tarde de este martes, la Suprema Corte de Justicia de la&#8230;<\/p>\n","protected":false},"author":2,"featured_media":90908,"comment_status":"open","ping_status":"open","sticky":false,"template":"","format":"standard","meta":{"_monsterinsights_skip_tracking":false,"_monsterinsights_sitenote_active":false,"_monsterinsights_sitenote_note":"","_monsterinsights_sitenote_category":0,"footnotes":""},"categories":[2],"tags":[],"class_list":["post-90906","post","type-post","status-publish","format-standard","has-post-thumbnail","hentry","category-noticias"],"yoast_head":"<!-- This site is optimized with the Yoast SEO plugin v27.3 - https:\/\/yoast.com\/product\/yoast-seo-wordpress\/ -->\n<title>En nuevo proyecto, la Suprema Corte propone liberar a Alejandra Cuevas caso\u00a0Gertz Manero -<\/title>\n<meta name=\"robots\" content=\"index, follow, max-snippet:-1, max-image-preview:large, max-video-preview:-1\" \/>\n<link rel=\"canonical\" href=\"https:\/\/quehacerpolitico.mx\/?p=90906\" \/>\n<meta property=\"og:locale\" content=\"es_MX\" \/>\n<meta property=\"og:type\" content=\"article\" \/>\n<meta property=\"og:title\" content=\"En nuevo proyecto, la Suprema Corte propone liberar a Alejandra Cuevas caso\u00a0Gertz Manero -\" \/>\n<meta property=\"og:description\" content=\"Por Redacci\u00f3n QP La tarde de este martes, la Suprema Corte de Justicia de la...\" \/>\n<meta property=\"og:url\" content=\"https:\/\/quehacerpolitico.mx\/?p=90906\" \/>\n<meta property=\"article:published_time\" content=\"2022-03-23T04:51:13+00:00\" \/>\n<meta property=\"article:modified_time\" content=\"2022-03-23T04:51:15+00:00\" \/>\n<meta property=\"og:image\" content=\"https:\/\/quehacerpolitico.mx\/wp-content\/uploads\/2022\/03\/CF4D9FC6-7427-40C9-93DB-6755472B163E.jpeg\" \/>\n\t<meta property=\"og:image:width\" content=\"1128\" \/>\n\t<meta property=\"og:image:height\" content=\"639\" \/>\n\t<meta property=\"og:image:type\" content=\"image\/jpeg\" \/>\n<meta name=\"author\" content=\"Redacci\u00f3n QP\" \/>\n<meta name=\"twitter:card\" content=\"summary_large_image\" \/>\n<meta name=\"twitter:label1\" content=\"Escrito por\" \/>\n\t<meta name=\"twitter:data1\" content=\"Redacci\u00f3n QP\" \/>\n\t<meta name=\"twitter:label2\" content=\"Tiempo de lectura\" \/>\n\t<meta name=\"twitter:data2\" content=\"2 minutos\" \/>\n<script type=\"application\/ld+json\" class=\"yoast-schema-graph\">{\"@context\":\"https:\\\/\\\/schema.org\",\"@graph\":[{\"@type\":\"Article\",\"@id\":\"https:\\\/\\\/quehacerpolitico.mx\\\/?p=90906#article\",\"isPartOf\":{\"@id\":\"https:\\\/\\\/quehacerpolitico.mx\\\/?p=90906\"},\"author\":{\"name\":\"Redacci\u00f3n QP\",\"@id\":\"https:\\\/\\\/quehacerpolitico.mx\\\/#\\\/schema\\\/person\\\/496d8ad2d1d3f8036101dca7ee39e585\"},\"headline\":\"En nuevo proyecto, la Suprema Corte propone liberar a Alejandra Cuevas caso\u00a0Gertz Manero\",\"datePublished\":\"2022-03-23T04:51:13+00:00\",\"dateModified\":\"2022-03-23T04:51:15+00:00\",\"mainEntityOfPage\":{\"@id\":\"https:\\\/\\\/quehacerpolitico.mx\\\/?p=90906\"},\"wordCount\":382,\"commentCount\":0,\"image\":{\"@id\":\"https:\\\/\\\/quehacerpolitico.mx\\\/?p=90906#primaryimage\"},\"thumbnailUrl\":\"https:\\\/\\\/quehacerpolitico.mx\\\/wp-content\\\/uploads\\\/2022\\\/03\\\/CF4D9FC6-7427-40C9-93DB-6755472B163E.jpeg\",\"articleSection\":[\"Noticias\"],\"inLanguage\":\"es\",\"potentialAction\":[{\"@type\":\"CommentAction\",\"name\":\"Comment\",\"target\":[\"https:\\\/\\\/quehacerpolitico.mx\\\/?p=90906#respond\"]}]},{\"@type\":\"WebPage\",\"@id\":\"https:\\\/\\\/quehacerpolitico.mx\\\/?p=90906\",\"url\":\"https:\\\/\\\/quehacerpolitico.mx\\\/?p=90906\",\"name\":\"En nuevo proyecto, la Suprema Corte propone liberar a Alejandra Cuevas caso\u00a0Gertz Manero -\",\"isPartOf\":{\"@id\":\"https:\\\/\\\/quehacerpolitico.mx\\\/#website\"},\"primaryImageOfPage\":{\"@id\":\"https:\\\/\\\/quehacerpolitico.mx\\\/?p=90906#primaryimage\"},\"image\":{\"@id\":\"https:\\\/\\\/quehacerpolitico.mx\\\/?p=90906#primaryimage\"},\"thumbnailUrl\":\"https:\\\/\\\/quehacerpolitico.mx\\\/wp-content\\\/uploads\\\/2022\\\/03\\\/CF4D9FC6-7427-40C9-93DB-6755472B163E.jpeg\",\"datePublished\":\"2022-03-23T04:51:13+00:00\",\"dateModified\":\"2022-03-23T04:51:15+00:00\",\"author\":{\"@id\":\"https:\\\/\\\/quehacerpolitico.mx\\\/#\\\/schema\\\/person\\\/496d8ad2d1d3f8036101dca7ee39e585\"},\"breadcrumb\":{\"@id\":\"https:\\\/\\\/quehacerpolitico.mx\\\/?p=90906#breadcrumb\"},\"inLanguage\":\"es\",\"potentialAction\":[{\"@type\":\"ReadAction\",\"target\":[\"https:\\\/\\\/quehacerpolitico.mx\\\/?p=90906\"]}]},{\"@type\":\"ImageObject\",\"inLanguage\":\"es\",\"@id\":\"https:\\\/\\\/quehacerpolitico.mx\\\/?p=90906#primaryimage\",\"url\":\"https:\\\/\\\/quehacerpolitico.mx\\\/wp-content\\\/uploads\\\/2022\\\/03\\\/CF4D9FC6-7427-40C9-93DB-6755472B163E.jpeg\",\"contentUrl\":\"https:\\\/\\\/quehacerpolitico.mx\\\/wp-content\\\/uploads\\\/2022\\\/03\\\/CF4D9FC6-7427-40C9-93DB-6755472B163E.jpeg\",\"width\":1128,\"height\":639},{\"@type\":\"BreadcrumbList\",\"@id\":\"https:\\\/\\\/quehacerpolitico.mx\\\/?p=90906#breadcrumb\",\"itemListElement\":[{\"@type\":\"ListItem\",\"position\":1,\"name\":\"Inicio\",\"item\":\"https:\\\/\\\/quehacerpolitico.mx\\\/\"},{\"@type\":\"ListItem\",\"position\":2,\"name\":\"En nuevo proyecto, la Suprema Corte propone liberar a Alejandra Cuevas caso\u00a0Gertz Manero\"}]},{\"@type\":\"WebSite\",\"@id\":\"https:\\\/\\\/quehacerpolitico.mx\\\/#website\",\"url\":\"https:\\\/\\\/quehacerpolitico.mx\\\/\",\"name\":\"\",\"description\":\"\",\"potentialAction\":[{\"@type\":\"SearchAction\",\"target\":{\"@type\":\"EntryPoint\",\"urlTemplate\":\"https:\\\/\\\/quehacerpolitico.mx\\\/?s={search_term_string}\"},\"query-input\":{\"@type\":\"PropertyValueSpecification\",\"valueRequired\":true,\"valueName\":\"search_term_string\"}}],\"inLanguage\":\"es\"},{\"@type\":\"Person\",\"@id\":\"https:\\\/\\\/quehacerpolitico.mx\\\/#\\\/schema\\\/person\\\/496d8ad2d1d3f8036101dca7ee39e585\",\"name\":\"Redacci\u00f3n QP\",\"image\":{\"@type\":\"ImageObject\",\"inLanguage\":\"es\",\"@id\":\"https:\\\/\\\/secure.gravatar.com\\\/avatar\\\/c7164ed6fdec453195284ad24a5ae5b6e1eed2b848477fa2a4787ba9adf39a41?s=96&d=mm&r=g\",\"url\":\"https:\\\/\\\/secure.gravatar.com\\\/avatar\\\/c7164ed6fdec453195284ad24a5ae5b6e1eed2b848477fa2a4787ba9adf39a41?s=96&d=mm&r=g\",\"contentUrl\":\"https:\\\/\\\/secure.gravatar.com\\\/avatar\\\/c7164ed6fdec453195284ad24a5ae5b6e1eed2b848477fa2a4787ba9adf39a41?s=96&d=mm&r=g\",\"caption\":\"Redacci\u00f3n QP\"},\"url\":\"https:\\\/\\\/quehacerpolitico.mx\\\/?author=2\"}]}<\/script>\n<!-- \/ Yoast SEO plugin. -->","yoast_head_json":{"title":"En nuevo proyecto, la Suprema Corte propone liberar a Alejandra Cuevas caso\u00a0Gertz Manero -","robots":{"index":"index","follow":"follow","max-snippet":"max-snippet:-1","max-image-preview":"max-image-preview:large","max-video-preview":"max-video-preview:-1"},"canonical":"https:\/\/quehacerpolitico.mx\/?p=90906","og_locale":"es_MX","og_type":"article","og_title":"En nuevo proyecto, la Suprema Corte propone liberar a Alejandra Cuevas caso\u00a0Gertz Manero -","og_description":"Por Redacci\u00f3n QP La tarde de este martes, la Suprema Corte de Justicia de la...","og_url":"https:\/\/quehacerpolitico.mx\/?p=90906","article_published_time":"2022-03-23T04:51:13+00:00","article_modified_time":"2022-03-23T04:51:15+00:00","og_image":[{"width":1128,"height":639,"url":"https:\/\/quehacerpolitico.mx\/wp-content\/uploads\/2022\/03\/CF4D9FC6-7427-40C9-93DB-6755472B163E.jpeg","type":"image\/jpeg"}],"author":"Redacci\u00f3n QP","twitter_card":"summary_large_image","twitter_misc":{"Escrito por":"Redacci\u00f3n QP","Tiempo de lectura":"2 minutos"},"schema":{"@context":"https:\/\/schema.org","@graph":[{"@type":"Article","@id":"https:\/\/quehacerpolitico.mx\/?p=90906#article","isPartOf":{"@id":"https:\/\/quehacerpolitico.mx\/?p=90906"},"author":{"name":"Redacci\u00f3n QP","@id":"https:\/\/quehacerpolitico.mx\/#\/schema\/person\/496d8ad2d1d3f8036101dca7ee39e585"},"headline":"En nuevo proyecto, la Suprema Corte propone liberar a Alejandra Cuevas caso\u00a0Gertz Manero","datePublished":"2022-03-23T04:51:13+00:00","dateModified":"2022-03-23T04:51:15+00:00","mainEntityOfPage":{"@id":"https:\/\/quehacerpolitico.mx\/?p=90906"},"wordCount":382,"commentCount":0,"image":{"@id":"https:\/\/quehacerpolitico.mx\/?p=90906#primaryimage"},"thumbnailUrl":"https:\/\/quehacerpolitico.mx\/wp-content\/uploads\/2022\/03\/CF4D9FC6-7427-40C9-93DB-6755472B163E.jpeg","articleSection":["Noticias"],"inLanguage":"es","potentialAction":[{"@type":"CommentAction","name":"Comment","target":["https:\/\/quehacerpolitico.mx\/?p=90906#respond"]}]},{"@type":"WebPage","@id":"https:\/\/quehacerpolitico.mx\/?p=90906","url":"https:\/\/quehacerpolitico.mx\/?p=90906","name":"En nuevo proyecto, la Suprema Corte propone liberar a Alejandra Cuevas caso\u00a0Gertz Manero -","isPartOf":{"@id":"https:\/\/quehacerpolitico.mx\/#website"},"primaryImageOfPage":{"@id":"https:\/\/quehacerpolitico.mx\/?p=90906#primaryimage"},"image":{"@id":"https:\/\/quehacerpolitico.mx\/?p=90906#primaryimage"},"thumbnailUrl":"https:\/\/quehacerpolitico.mx\/wp-content\/uploads\/2022\/03\/CF4D9FC6-7427-40C9-93DB-6755472B163E.jpeg","datePublished":"2022-03-23T04:51:13+00:00","dateModified":"2022-03-23T04:51:15+00:00","author":{"@id":"https:\/\/quehacerpolitico.mx\/#\/schema\/person\/496d8ad2d1d3f8036101dca7ee39e585"},"breadcrumb":{"@id":"https:\/\/quehacerpolitico.mx\/?p=90906#breadcrumb"},"inLanguage":"es","potentialAction":[{"@type":"ReadAction","target":["https:\/\/quehacerpolitico.mx\/?p=90906"]}]},{"@type":"ImageObject","inLanguage":"es","@id":"https:\/\/quehacerpolitico.mx\/?p=90906#primaryimage","url":"https:\/\/quehacerpolitico.mx\/wp-content\/uploads\/2022\/03\/CF4D9FC6-7427-40C9-93DB-6755472B163E.jpeg","contentUrl":"https:\/\/quehacerpolitico.mx\/wp-content\/uploads\/2022\/03\/CF4D9FC6-7427-40C9-93DB-6755472B163E.jpeg","width":1128,"height":639},{"@type":"BreadcrumbList","@id":"https:\/\/quehacerpolitico.mx\/?p=90906#breadcrumb","itemListElement":[{"@type":"ListItem","position":1,"name":"Inicio","item":"https:\/\/quehacerpolitico.mx\/"},{"@type":"ListItem","position":2,"name":"En nuevo proyecto, la Suprema Corte propone liberar a Alejandra Cuevas caso\u00a0Gertz Manero"}]},{"@type":"WebSite","@id":"https:\/\/quehacerpolitico.mx\/#website","url":"https:\/\/quehacerpolitico.mx\/","name":"","description":"","potentialAction":[{"@type":"SearchAction","target":{"@type":"EntryPoint","urlTemplate":"https:\/\/quehacerpolitico.mx\/?s={search_term_string}"},"query-input":{"@type":"PropertyValueSpecification","valueRequired":true,"valueName":"search_term_string"}}],"inLanguage":"es"},{"@type":"Person","@id":"https:\/\/quehacerpolitico.mx\/#\/schema\/person\/496d8ad2d1d3f8036101dca7ee39e585","name":"Redacci\u00f3n QP","image":{"@type":"ImageObject","inLanguage":"es","@id":"https:\/\/secure.gravatar.com\/avatar\/c7164ed6fdec453195284ad24a5ae5b6e1eed2b848477fa2a4787ba9adf39a41?s=96&d=mm&r=g","url":"https:\/\/secure.gravatar.com\/avatar\/c7164ed6fdec453195284ad24a5ae5b6e1eed2b848477fa2a4787ba9adf39a41?s=96&d=mm&r=g","contentUrl":"https:\/\/secure.gravatar.com\/avatar\/c7164ed6fdec453195284ad24a5ae5b6e1eed2b848477fa2a4787ba9adf39a41?s=96&d=mm&r=g","caption":"Redacci\u00f3n QP"},"url":"https:\/\/quehacerpolitico.mx\/?author=2"}]}},"featured_image_urls":{"full":["https:\/\/quehacerpolitico.mx\/wp-content\/uploads\/2022\/03\/CF4D9FC6-7427-40C9-93DB-6755472B163E.jpeg",1128,639,false],"thumbnail":["https:\/\/quehacerpolitico.mx\/wp-content\/uploads\/2022\/03\/CF4D9FC6-7427-40C9-93DB-6755472B163E-150x150.jpeg",150,150,true],"medium":["https:\/\/quehacerpolitico.mx\/wp-content\/uploads\/2022\/03\/CF4D9FC6-7427-40C9-93DB-6755472B163E-300x170.jpeg",300,170,true],"medium_large":["https:\/\/quehacerpolitico.mx\/wp-content\/uploads\/2022\/03\/CF4D9FC6-7427-40C9-93DB-6755472B163E-768x435.jpeg",640,363,true],"large":["https:\/\/quehacerpolitico.mx\/wp-content\/uploads\/2022\/03\/CF4D9FC6-7427-40C9-93DB-6755472B163E-1024x580.jpeg",640,363,true],"1536x1536":["https:\/\/quehacerpolitico.mx\/wp-content\/uploads\/2022\/03\/CF4D9FC6-7427-40C9-93DB-6755472B163E.jpeg",1128,639,false],"2048x2048":["https:\/\/quehacerpolitico.mx\/wp-content\/uploads\/2022\/03\/CF4D9FC6-7427-40C9-93DB-6755472B163E.jpeg",1128,639,false],"covernews-featured":["https:\/\/quehacerpolitico.mx\/wp-content\/uploads\/2022\/03\/CF4D9FC6-7427-40C9-93DB-6755472B163E.jpeg",1024,580,false],"covernews-medium":["https:\/\/quehacerpolitico.mx\/wp-content\/uploads\/2022\/03\/CF4D9FC6-7427-40C9-93DB-6755472B163E.jpeg",540,306,false]},"author_info":{"display_name":"Redacci\u00f3n QP","author_link":"https:\/\/quehacerpolitico.mx\/?author=2"},"category_info":"<a href=\"https:\/\/quehacerpolitico.mx\/?cat=2\" rel=\"category\">Noticias<\/a>","tag_info":"Noticias","comment_count":"0","_links":{"self":[{"href":"https:\/\/quehacerpolitico.mx\/index.php?rest_route=\/wp\/v2\/posts\/90906","targetHints":{"allow":["GET"]}}],"collection":[{"href":"https:\/\/quehacerpolitico.mx\/index.php?rest_route=\/wp\/v2\/posts"}],"about":[{"href":"https:\/\/quehacerpolitico.mx\/index.php?rest_route=\/wp\/v2\/types\/post"}],"author":[{"embeddable":true,"href":"https:\/\/quehacerpolitico.mx\/index.php?rest_route=\/wp\/v2\/users\/2"}],"replies":[{"embeddable":true,"href":"https:\/\/quehacerpolitico.mx\/index.php?rest_route=%2Fwp%2Fv2%2Fcomments&post=90906"}],"version-history":[{"count":1,"href":"https:\/\/quehacerpolitico.mx\/index.php?rest_route=\/wp\/v2\/posts\/90906\/revisions"}],"predecessor-version":[{"id":90909,"href":"https:\/\/quehacerpolitico.mx\/index.php?rest_route=\/wp\/v2\/posts\/90906\/revisions\/90909"}],"wp:featuredmedia":[{"embeddable":true,"href":"https:\/\/quehacerpolitico.mx\/index.php?rest_route=\/wp\/v2\/media\/90908"}],"wp:attachment":[{"href":"https:\/\/quehacerpolitico.mx\/index.php?rest_route=%2Fwp%2Fv2%2Fmedia&parent=90906"}],"wp:term":[{"taxonomy":"category","embeddable":true,"href":"https:\/\/quehacerpolitico.mx\/index.php?rest_route=%2Fwp%2Fv2%2Fcategories&post=90906"},{"taxonomy":"post_tag","embeddable":true,"href":"https:\/\/quehacerpolitico.mx\/index.php?rest_route=%2Fwp%2Fv2%2Ftags&post=90906"}],"curies":[{"name":"wp","href":"https:\/\/api.w.org\/{rel}","templated":true}]}}