{"id":90899,"date":"2022-03-23T04:22:48","date_gmt":"2022-03-23T04:22:48","guid":{"rendered":"https:\/\/quehacerpolitico.mx\/?p=90899"},"modified":"2022-03-23T04:22:51","modified_gmt":"2022-03-23T04:22:51","slug":"hoy-mexico-registra-12-muertes-y-554-nuevos-casos-de-covid","status":"publish","type":"post","link":"https:\/\/quehacerpolitico.mx\/?p=90899","title":{"rendered":"Hoy M\u00e9xico registra 12 muertes y 554 nuevos casos de COVID"},"content":{"rendered":"\n<p>Por Redacci\u00f3n QP<\/p>\n\n\n\n<p>Actualmente\u00a0hay 10 mil 847 casos COVID activos, seg\u00fan datos de la Secretar\u00eda de Salud<\/p>\n\n\n\n<p>M\u00e9xico report\u00f3 este martes\u00a0<strong>12 nuevas muertes y 554 contagios por el COVID-19<\/strong>, con lo que totaliza\u00a0<strong>cinco millones 636 mil 054 casos<\/strong>\u00a0y acumula<strong>\u00a0322 mil 119 decesos en total<\/strong>, inform\u00f3 la Secretar\u00eda de Salud.<\/p>\n\n\n\n<figure class=\"wp-block-image size-full\"><img loading=\"lazy\" decoding=\"async\" width=\"976\" height=\"937\" src=\"https:\/\/quehacerpolitico.mx\/wp-content\/uploads\/2022\/03\/image-122.jpeg\" alt=\"\" class=\"wp-image-90900\" srcset=\"https:\/\/quehacerpolitico.mx\/wp-content\/uploads\/2022\/03\/image-122.jpeg 976w, https:\/\/quehacerpolitico.mx\/wp-content\/uploads\/2022\/03\/image-122-300x288.jpeg 300w, https:\/\/quehacerpolitico.mx\/wp-content\/uploads\/2022\/03\/image-122-768x737.jpeg 768w, https:\/\/quehacerpolitico.mx\/wp-content\/uploads\/2022\/03\/image-122-152x146.jpeg 152w, https:\/\/quehacerpolitico.mx\/wp-content\/uploads\/2022\/03\/image-122-50x48.jpeg 50w, https:\/\/quehacerpolitico.mx\/wp-content\/uploads\/2022\/03\/image-122-78x75.jpeg 78w\" sizes=\"auto, (max-width: 976px) 100vw, 976px\" \/><\/figure>\n\n\n\n<p>Despu\u00e9s del fin de semana o d\u00edas festivos las cifras en M\u00e9xico suelen ser m\u00e1s bajas debido al rezago de los datos recopilados.<\/p>\n\n\n\n<p>El pasado 10 de febrero, el pa\u00eds report\u00f3\u00a0<strong>927 decesos<\/strong>, la cifra m\u00e1s alta durante la actual cuarta ola, impulsada por la variante \u00f3micron desde diciembre.<\/p>\n\n\n\n<figure class=\"wp-block-image size-full\"><img loading=\"lazy\" decoding=\"async\" width=\"678\" height=\"549\" src=\"https:\/\/quehacerpolitico.mx\/wp-content\/uploads\/2022\/03\/image-125.jpeg\" alt=\"\" class=\"wp-image-90903\" srcset=\"https:\/\/quehacerpolitico.mx\/wp-content\/uploads\/2022\/03\/image-125.jpeg 678w, https:\/\/quehacerpolitico.mx\/wp-content\/uploads\/2022\/03\/image-125-300x243.jpeg 300w, https:\/\/quehacerpolitico.mx\/wp-content\/uploads\/2022\/03\/image-125-180x146.jpeg 180w, https:\/\/quehacerpolitico.mx\/wp-content\/uploads\/2022\/03\/image-125-50x40.jpeg 50w, https:\/\/quehacerpolitico.mx\/wp-content\/uploads\/2022\/03\/image-125-93x75.jpeg 93w\" sizes=\"auto, (max-width: 678px) 100vw, 678px\" \/><\/figure>\n\n\n\n<figure class=\"wp-block-image size-full\"><img loading=\"lazy\" decoding=\"async\" width=\"482\" height=\"860\" src=\"https:\/\/quehacerpolitico.mx\/wp-content\/uploads\/2022\/03\/image-124.jpeg\" alt=\"\" class=\"wp-image-90902\" srcset=\"https:\/\/quehacerpolitico.mx\/wp-content\/uploads\/2022\/03\/image-124.jpeg 482w, https:\/\/quehacerpolitico.mx\/wp-content\/uploads\/2022\/03\/image-124-168x300.jpeg 168w, https:\/\/quehacerpolitico.mx\/wp-content\/uploads\/2022\/03\/image-124-82x146.jpeg 82w, https:\/\/quehacerpolitico.mx\/wp-content\/uploads\/2022\/03\/image-124-28x50.jpeg 28w, https:\/\/quehacerpolitico.mx\/wp-content\/uploads\/2022\/03\/image-124-42x75.jpeg 42w\" sizes=\"auto, (max-width: 482px) 100vw, 482px\" \/><\/figure>\n\n\n\n<p>Con estos datos, M\u00e9xico es el decimosexto pa\u00eds en el mundo en n\u00famero de contagios confirmados y es el quinto con m\u00e1s decesos por esta causa, por detr\u00e1s de Estados Unidos, Brasil, India y Rusia, seg\u00fan el recuento de la Universidad Johns Hopkins.<\/p>\n\n\n\n<p>De los contagios confirmados,\u00a0<strong>hay 10 mil 847 casos activos<\/strong>, que han presentado s\u00edntomas durante los \u00faltimos 14 d\u00edas y suponen el 0.2% del total.<\/p>\n\n\n\n<figure class=\"wp-block-image size-large\"><img loading=\"lazy\" decoding=\"async\" width=\"826\" height=\"1024\" src=\"https:\/\/quehacerpolitico.mx\/wp-content\/uploads\/2022\/03\/image-123-826x1024.jpeg\" alt=\"\" class=\"wp-image-90901\" srcset=\"https:\/\/quehacerpolitico.mx\/wp-content\/uploads\/2022\/03\/image-123-826x1024.jpeg 826w, https:\/\/quehacerpolitico.mx\/wp-content\/uploads\/2022\/03\/image-123-242x300.jpeg 242w, https:\/\/quehacerpolitico.mx\/wp-content\/uploads\/2022\/03\/image-123-768x952.jpeg 768w, https:\/\/quehacerpolitico.mx\/wp-content\/uploads\/2022\/03\/image-123-118x146.jpeg 118w, https:\/\/quehacerpolitico.mx\/wp-content\/uploads\/2022\/03\/image-123-40x50.jpeg 40w, https:\/\/quehacerpolitico.mx\/wp-content\/uploads\/2022\/03\/image-123-60x75.jpeg 60w, https:\/\/quehacerpolitico.mx\/wp-content\/uploads\/2022\/03\/image-123.jpeg 975w\" sizes=\"auto, (max-width: 826px) 100vw, 826px\" \/><\/figure>\n\n\n\n<p>Adem\u00e1s, desde el inicio de la pandemia se han recuperado<strong>&nbsp;cuatro millones 933 mil 754 personas.<\/strong><\/p>\n\n\n\n<p>La ocupaci\u00f3n media de camas generales se sit\u00faa en un 7% y la de terapia intensiva en un 5% con tendencia a la baja.<\/p>\n\n\n\n<p>Este martes, Hugo L\u00f3pez Gatell, subsecretario de Prevenci\u00f3n y Promoci\u00f3n de la Salud, asegur\u00f3 que la pandemia de&nbsp;<strong>COVID-19&nbsp;<\/strong>en M\u00e9xico se encuentra en los niveles m\u00e1s bajos desde el comienzo de la emergencia sanitaria hace dos a\u00f1os.<\/p>\n\n\n\n<p>&#8220;Todos los indicadores est\u00e1n en los niveles m\u00e1s bajos desde el comienzo de la pandemia&#8221;, dijo el funcionario durante la conferencia de prensa matutina desde Palacio Nacional. El subsecretario inform\u00f3 que ya suman ocho semanas consecutivas de reducci\u00f3n de la pandemia de COVID-19.<\/p>\n\n\n\n<h2 class=\"wp-block-heading\">Plan de vacunaci\u00f3n<\/h2>\n\n\n\n<p>Las autoridades tambi\u00e9n indicaron que dentro del programa de vacunaci\u00f3n se han administrado m\u00e1s de 188.89 millones de dosis, al sumar&nbsp;<strong>33 mil 562 durante la \u00faltima jornada<\/strong>.<\/p>\n\n\n\n<p>De los 126 millones de habitantes,&nbsp;<strong>85.53 millones de mexicanos<\/strong>&nbsp;han recibido al menos una dosis de la vacuna, con lo que el 90% de la poblaci\u00f3n de 18 a\u00f1os y m\u00e1s ha recibido al menos una aplicaci\u00f3n.<\/p>\n\n\n\n<p>En tanto,<strong>\u00a079.55 millones\u00a0<\/strong>de personas han completado su pauta de vacunaci\u00f3n.<\/p>\n\n\n\n<p>Con informaci\u00f3n de EFE<\/p>\n","protected":false},"excerpt":{"rendered":"<p>Por Redacci\u00f3n QP Actualmente\u00a0hay 10 mil 847 casos COVID activos, seg\u00fan datos de la Secretar\u00eda&#8230;<\/p>\n","protected":false},"author":2,"featured_media":90904,"comment_status":"open","ping_status":"open","sticky":false,"template":"","format":"standard","meta":{"_monsterinsights_skip_tracking":false,"_monsterinsights_sitenote_active":false,"_monsterinsights_sitenote_note":"","_monsterinsights_sitenote_category":0,"footnotes":""},"categories":[2],"tags":[],"class_list":["post-90899","post","type-post","status-publish","format-standard","has-post-thumbnail","hentry","category-noticias"],"yoast_head":"<!-- This site is optimized with the Yoast SEO plugin v27.3 - https:\/\/yoast.com\/product\/yoast-seo-wordpress\/ -->\n<title>Hoy M\u00e9xico registra 12 muertes y 554 nuevos casos de COVID -<\/title>\n<meta name=\"robots\" content=\"index, follow, max-snippet:-1, max-image-preview:large, max-video-preview:-1\" \/>\n<link rel=\"canonical\" href=\"https:\/\/quehacerpolitico.mx\/?p=90899\" \/>\n<meta property=\"og:locale\" content=\"es_MX\" \/>\n<meta property=\"og:type\" content=\"article\" \/>\n<meta property=\"og:title\" content=\"Hoy M\u00e9xico registra 12 muertes y 554 nuevos casos de COVID -\" \/>\n<meta property=\"og:description\" content=\"Por Redacci\u00f3n QP Actualmente\u00a0hay 10 mil 847 casos COVID activos, seg\u00fan datos de la Secretar\u00eda...\" \/>\n<meta property=\"og:url\" content=\"https:\/\/quehacerpolitico.mx\/?p=90899\" \/>\n<meta property=\"article:published_time\" content=\"2022-03-23T04:22:48+00:00\" \/>\n<meta property=\"article:modified_time\" content=\"2022-03-23T04:22:51+00:00\" \/>\n<meta property=\"og:image\" content=\"https:\/\/quehacerpolitico.mx\/wp-content\/uploads\/2022\/03\/DE89D029-F5DA-4E57-B3A1-1DF3AEB1805C.jpeg\" \/>\n\t<meta property=\"og:image:width\" content=\"739\" \/>\n\t<meta property=\"og:image:height\" content=\"415\" \/>\n\t<meta property=\"og:image:type\" content=\"image\/jpeg\" \/>\n<meta name=\"author\" content=\"Redacci\u00f3n QP\" \/>\n<meta name=\"twitter:card\" content=\"summary_large_image\" \/>\n<meta name=\"twitter:label1\" content=\"Escrito por\" \/>\n\t<meta name=\"twitter:data1\" content=\"Redacci\u00f3n QP\" \/>\n\t<meta name=\"twitter:label2\" content=\"Tiempo de lectura\" \/>\n\t<meta name=\"twitter:data2\" content=\"2 minutos\" \/>\n<script type=\"application\/ld+json\" class=\"yoast-schema-graph\">{\"@context\":\"https:\\\/\\\/schema.org\",\"@graph\":[{\"@type\":\"Article\",\"@id\":\"https:\\\/\\\/quehacerpolitico.mx\\\/?p=90899#article\",\"isPartOf\":{\"@id\":\"https:\\\/\\\/quehacerpolitico.mx\\\/?p=90899\"},\"author\":{\"name\":\"Redacci\u00f3n QP\",\"@id\":\"https:\\\/\\\/quehacerpolitico.mx\\\/#\\\/schema\\\/person\\\/496d8ad2d1d3f8036101dca7ee39e585\"},\"headline\":\"Hoy M\u00e9xico registra 12 muertes y 554 nuevos casos de COVID\",\"datePublished\":\"2022-03-23T04:22:48+00:00\",\"dateModified\":\"2022-03-23T04:22:51+00:00\",\"mainEntityOfPage\":{\"@id\":\"https:\\\/\\\/quehacerpolitico.mx\\\/?p=90899\"},\"wordCount\":408,\"commentCount\":0,\"image\":{\"@id\":\"https:\\\/\\\/quehacerpolitico.mx\\\/?p=90899#primaryimage\"},\"thumbnailUrl\":\"https:\\\/\\\/quehacerpolitico.mx\\\/wp-content\\\/uploads\\\/2022\\\/03\\\/DE89D029-F5DA-4E57-B3A1-1DF3AEB1805C.jpeg\",\"articleSection\":[\"Noticias\"],\"inLanguage\":\"es\",\"potentialAction\":[{\"@type\":\"CommentAction\",\"name\":\"Comment\",\"target\":[\"https:\\\/\\\/quehacerpolitico.mx\\\/?p=90899#respond\"]}]},{\"@type\":\"WebPage\",\"@id\":\"https:\\\/\\\/quehacerpolitico.mx\\\/?p=90899\",\"url\":\"https:\\\/\\\/quehacerpolitico.mx\\\/?p=90899\",\"name\":\"Hoy M\u00e9xico registra 12 muertes y 554 nuevos casos de COVID -\",\"isPartOf\":{\"@id\":\"https:\\\/\\\/quehacerpolitico.mx\\\/#website\"},\"primaryImageOfPage\":{\"@id\":\"https:\\\/\\\/quehacerpolitico.mx\\\/?p=90899#primaryimage\"},\"image\":{\"@id\":\"https:\\\/\\\/quehacerpolitico.mx\\\/?p=90899#primaryimage\"},\"thumbnailUrl\":\"https:\\\/\\\/quehacerpolitico.mx\\\/wp-content\\\/uploads\\\/2022\\\/03\\\/DE89D029-F5DA-4E57-B3A1-1DF3AEB1805C.jpeg\",\"datePublished\":\"2022-03-23T04:22:48+00:00\",\"dateModified\":\"2022-03-23T04:22:51+00:00\",\"author\":{\"@id\":\"https:\\\/\\\/quehacerpolitico.mx\\\/#\\\/schema\\\/person\\\/496d8ad2d1d3f8036101dca7ee39e585\"},\"breadcrumb\":{\"@id\":\"https:\\\/\\\/quehacerpolitico.mx\\\/?p=90899#breadcrumb\"},\"inLanguage\":\"es\",\"potentialAction\":[{\"@type\":\"ReadAction\",\"target\":[\"https:\\\/\\\/quehacerpolitico.mx\\\/?p=90899\"]}]},{\"@type\":\"ImageObject\",\"inLanguage\":\"es\",\"@id\":\"https:\\\/\\\/quehacerpolitico.mx\\\/?p=90899#primaryimage\",\"url\":\"https:\\\/\\\/quehacerpolitico.mx\\\/wp-content\\\/uploads\\\/2022\\\/03\\\/DE89D029-F5DA-4E57-B3A1-1DF3AEB1805C.jpeg\",\"contentUrl\":\"https:\\\/\\\/quehacerpolitico.mx\\\/wp-content\\\/uploads\\\/2022\\\/03\\\/DE89D029-F5DA-4E57-B3A1-1DF3AEB1805C.jpeg\",\"width\":739,\"height\":415},{\"@type\":\"BreadcrumbList\",\"@id\":\"https:\\\/\\\/quehacerpolitico.mx\\\/?p=90899#breadcrumb\",\"itemListElement\":[{\"@type\":\"ListItem\",\"position\":1,\"name\":\"Inicio\",\"item\":\"https:\\\/\\\/quehacerpolitico.mx\\\/\"},{\"@type\":\"ListItem\",\"position\":2,\"name\":\"Hoy M\u00e9xico registra 12 muertes y 554 nuevos casos de COVID\"}]},{\"@type\":\"WebSite\",\"@id\":\"https:\\\/\\\/quehacerpolitico.mx\\\/#website\",\"url\":\"https:\\\/\\\/quehacerpolitico.mx\\\/\",\"name\":\"\",\"description\":\"\",\"potentialAction\":[{\"@type\":\"SearchAction\",\"target\":{\"@type\":\"EntryPoint\",\"urlTemplate\":\"https:\\\/\\\/quehacerpolitico.mx\\\/?s={search_term_string}\"},\"query-input\":{\"@type\":\"PropertyValueSpecification\",\"valueRequired\":true,\"valueName\":\"search_term_string\"}}],\"inLanguage\":\"es\"},{\"@type\":\"Person\",\"@id\":\"https:\\\/\\\/quehacerpolitico.mx\\\/#\\\/schema\\\/person\\\/496d8ad2d1d3f8036101dca7ee39e585\",\"name\":\"Redacci\u00f3n QP\",\"image\":{\"@type\":\"ImageObject\",\"inLanguage\":\"es\",\"@id\":\"https:\\\/\\\/secure.gravatar.com\\\/avatar\\\/c7164ed6fdec453195284ad24a5ae5b6e1eed2b848477fa2a4787ba9adf39a41?s=96&d=mm&r=g\",\"url\":\"https:\\\/\\\/secure.gravatar.com\\\/avatar\\\/c7164ed6fdec453195284ad24a5ae5b6e1eed2b848477fa2a4787ba9adf39a41?s=96&d=mm&r=g\",\"contentUrl\":\"https:\\\/\\\/secure.gravatar.com\\\/avatar\\\/c7164ed6fdec453195284ad24a5ae5b6e1eed2b848477fa2a4787ba9adf39a41?s=96&d=mm&r=g\",\"caption\":\"Redacci\u00f3n QP\"},\"url\":\"https:\\\/\\\/quehacerpolitico.mx\\\/?author=2\"}]}<\/script>\n<!-- \/ Yoast SEO plugin. -->","yoast_head_json":{"title":"Hoy M\u00e9xico registra 12 muertes y 554 nuevos casos de COVID -","robots":{"index":"index","follow":"follow","max-snippet":"max-snippet:-1","max-image-preview":"max-image-preview:large","max-video-preview":"max-video-preview:-1"},"canonical":"https:\/\/quehacerpolitico.mx\/?p=90899","og_locale":"es_MX","og_type":"article","og_title":"Hoy M\u00e9xico registra 12 muertes y 554 nuevos casos de COVID -","og_description":"Por Redacci\u00f3n QP Actualmente\u00a0hay 10 mil 847 casos COVID activos, seg\u00fan datos de la Secretar\u00eda...","og_url":"https:\/\/quehacerpolitico.mx\/?p=90899","article_published_time":"2022-03-23T04:22:48+00:00","article_modified_time":"2022-03-23T04:22:51+00:00","og_image":[{"width":739,"height":415,"url":"https:\/\/quehacerpolitico.mx\/wp-content\/uploads\/2022\/03\/DE89D029-F5DA-4E57-B3A1-1DF3AEB1805C.jpeg","type":"image\/jpeg"}],"author":"Redacci\u00f3n QP","twitter_card":"summary_large_image","twitter_misc":{"Escrito por":"Redacci\u00f3n QP","Tiempo de lectura":"2 minutos"},"schema":{"@context":"https:\/\/schema.org","@graph":[{"@type":"Article","@id":"https:\/\/quehacerpolitico.mx\/?p=90899#article","isPartOf":{"@id":"https:\/\/quehacerpolitico.mx\/?p=90899"},"author":{"name":"Redacci\u00f3n QP","@id":"https:\/\/quehacerpolitico.mx\/#\/schema\/person\/496d8ad2d1d3f8036101dca7ee39e585"},"headline":"Hoy M\u00e9xico registra 12 muertes y 554 nuevos casos de COVID","datePublished":"2022-03-23T04:22:48+00:00","dateModified":"2022-03-23T04:22:51+00:00","mainEntityOfPage":{"@id":"https:\/\/quehacerpolitico.mx\/?p=90899"},"wordCount":408,"commentCount":0,"image":{"@id":"https:\/\/quehacerpolitico.mx\/?p=90899#primaryimage"},"thumbnailUrl":"https:\/\/quehacerpolitico.mx\/wp-content\/uploads\/2022\/03\/DE89D029-F5DA-4E57-B3A1-1DF3AEB1805C.jpeg","articleSection":["Noticias"],"inLanguage":"es","potentialAction":[{"@type":"CommentAction","name":"Comment","target":["https:\/\/quehacerpolitico.mx\/?p=90899#respond"]}]},{"@type":"WebPage","@id":"https:\/\/quehacerpolitico.mx\/?p=90899","url":"https:\/\/quehacerpolitico.mx\/?p=90899","name":"Hoy M\u00e9xico registra 12 muertes y 554 nuevos casos de COVID -","isPartOf":{"@id":"https:\/\/quehacerpolitico.mx\/#website"},"primaryImageOfPage":{"@id":"https:\/\/quehacerpolitico.mx\/?p=90899#primaryimage"},"image":{"@id":"https:\/\/quehacerpolitico.mx\/?p=90899#primaryimage"},"thumbnailUrl":"https:\/\/quehacerpolitico.mx\/wp-content\/uploads\/2022\/03\/DE89D029-F5DA-4E57-B3A1-1DF3AEB1805C.jpeg","datePublished":"2022-03-23T04:22:48+00:00","dateModified":"2022-03-23T04:22:51+00:00","author":{"@id":"https:\/\/quehacerpolitico.mx\/#\/schema\/person\/496d8ad2d1d3f8036101dca7ee39e585"},"breadcrumb":{"@id":"https:\/\/quehacerpolitico.mx\/?p=90899#breadcrumb"},"inLanguage":"es","potentialAction":[{"@type":"ReadAction","target":["https:\/\/quehacerpolitico.mx\/?p=90899"]}]},{"@type":"ImageObject","inLanguage":"es","@id":"https:\/\/quehacerpolitico.mx\/?p=90899#primaryimage","url":"https:\/\/quehacerpolitico.mx\/wp-content\/uploads\/2022\/03\/DE89D029-F5DA-4E57-B3A1-1DF3AEB1805C.jpeg","contentUrl":"https:\/\/quehacerpolitico.mx\/wp-content\/uploads\/2022\/03\/DE89D029-F5DA-4E57-B3A1-1DF3AEB1805C.jpeg","width":739,"height":415},{"@type":"BreadcrumbList","@id":"https:\/\/quehacerpolitico.mx\/?p=90899#breadcrumb","itemListElement":[{"@type":"ListItem","position":1,"name":"Inicio","item":"https:\/\/quehacerpolitico.mx\/"},{"@type":"ListItem","position":2,"name":"Hoy M\u00e9xico registra 12 muertes y 554 nuevos casos de COVID"}]},{"@type":"WebSite","@id":"https:\/\/quehacerpolitico.mx\/#website","url":"https:\/\/quehacerpolitico.mx\/","name":"","description":"","potentialAction":[{"@type":"SearchAction","target":{"@type":"EntryPoint","urlTemplate":"https:\/\/quehacerpolitico.mx\/?s={search_term_string}"},"query-input":{"@type":"PropertyValueSpecification","valueRequired":true,"valueName":"search_term_string"}}],"inLanguage":"es"},{"@type":"Person","@id":"https:\/\/quehacerpolitico.mx\/#\/schema\/person\/496d8ad2d1d3f8036101dca7ee39e585","name":"Redacci\u00f3n QP","image":{"@type":"ImageObject","inLanguage":"es","@id":"https:\/\/secure.gravatar.com\/avatar\/c7164ed6fdec453195284ad24a5ae5b6e1eed2b848477fa2a4787ba9adf39a41?s=96&d=mm&r=g","url":"https:\/\/secure.gravatar.com\/avatar\/c7164ed6fdec453195284ad24a5ae5b6e1eed2b848477fa2a4787ba9adf39a41?s=96&d=mm&r=g","contentUrl":"https:\/\/secure.gravatar.com\/avatar\/c7164ed6fdec453195284ad24a5ae5b6e1eed2b848477fa2a4787ba9adf39a41?s=96&d=mm&r=g","caption":"Redacci\u00f3n QP"},"url":"https:\/\/quehacerpolitico.mx\/?author=2"}]}},"featured_image_urls":{"full":["https:\/\/quehacerpolitico.mx\/wp-content\/uploads\/2022\/03\/DE89D029-F5DA-4E57-B3A1-1DF3AEB1805C.jpeg",739,415,false],"thumbnail":["https:\/\/quehacerpolitico.mx\/wp-content\/uploads\/2022\/03\/DE89D029-F5DA-4E57-B3A1-1DF3AEB1805C-150x150.jpeg",150,150,true],"medium":["https:\/\/quehacerpolitico.mx\/wp-content\/uploads\/2022\/03\/DE89D029-F5DA-4E57-B3A1-1DF3AEB1805C-300x168.jpeg",300,168,true],"medium_large":["https:\/\/quehacerpolitico.mx\/wp-content\/uploads\/2022\/03\/DE89D029-F5DA-4E57-B3A1-1DF3AEB1805C.jpeg",640,359,false],"large":["https:\/\/quehacerpolitico.mx\/wp-content\/uploads\/2022\/03\/DE89D029-F5DA-4E57-B3A1-1DF3AEB1805C.jpeg",640,359,false],"1536x1536":["https:\/\/quehacerpolitico.mx\/wp-content\/uploads\/2022\/03\/DE89D029-F5DA-4E57-B3A1-1DF3AEB1805C.jpeg",739,415,false],"2048x2048":["https:\/\/quehacerpolitico.mx\/wp-content\/uploads\/2022\/03\/DE89D029-F5DA-4E57-B3A1-1DF3AEB1805C.jpeg",739,415,false],"covernews-featured":["https:\/\/quehacerpolitico.mx\/wp-content\/uploads\/2022\/03\/DE89D029-F5DA-4E57-B3A1-1DF3AEB1805C.jpeg",739,415,false],"covernews-medium":["https:\/\/quehacerpolitico.mx\/wp-content\/uploads\/2022\/03\/DE89D029-F5DA-4E57-B3A1-1DF3AEB1805C.jpeg",540,303,false]},"author_info":{"display_name":"Redacci\u00f3n QP","author_link":"https:\/\/quehacerpolitico.mx\/?author=2"},"category_info":"<a href=\"https:\/\/quehacerpolitico.mx\/?cat=2\" rel=\"category\">Noticias<\/a>","tag_info":"Noticias","comment_count":"0","_links":{"self":[{"href":"https:\/\/quehacerpolitico.mx\/index.php?rest_route=\/wp\/v2\/posts\/90899","targetHints":{"allow":["GET"]}}],"collection":[{"href":"https:\/\/quehacerpolitico.mx\/index.php?rest_route=\/wp\/v2\/posts"}],"about":[{"href":"https:\/\/quehacerpolitico.mx\/index.php?rest_route=\/wp\/v2\/types\/post"}],"author":[{"embeddable":true,"href":"https:\/\/quehacerpolitico.mx\/index.php?rest_route=\/wp\/v2\/users\/2"}],"replies":[{"embeddable":true,"href":"https:\/\/quehacerpolitico.mx\/index.php?rest_route=%2Fwp%2Fv2%2Fcomments&post=90899"}],"version-history":[{"count":1,"href":"https:\/\/quehacerpolitico.mx\/index.php?rest_route=\/wp\/v2\/posts\/90899\/revisions"}],"predecessor-version":[{"id":90905,"href":"https:\/\/quehacerpolitico.mx\/index.php?rest_route=\/wp\/v2\/posts\/90899\/revisions\/90905"}],"wp:featuredmedia":[{"embeddable":true,"href":"https:\/\/quehacerpolitico.mx\/index.php?rest_route=\/wp\/v2\/media\/90904"}],"wp:attachment":[{"href":"https:\/\/quehacerpolitico.mx\/index.php?rest_route=%2Fwp%2Fv2%2Fmedia&parent=90899"}],"wp:term":[{"taxonomy":"category","embeddable":true,"href":"https:\/\/quehacerpolitico.mx\/index.php?rest_route=%2Fwp%2Fv2%2Fcategories&post=90899"},{"taxonomy":"post_tag","embeddable":true,"href":"https:\/\/quehacerpolitico.mx\/index.php?rest_route=%2Fwp%2Fv2%2Ftags&post=90899"}],"curies":[{"name":"wp","href":"https:\/\/api.w.org\/{rel}","templated":true}]}}