{"id":90896,"date":"2022-03-22T21:21:08","date_gmt":"2022-03-22T21:21:08","guid":{"rendered":"https:\/\/quehacerpolitico.mx\/?p=90896"},"modified":"2022-03-22T21:21:10","modified_gmt":"2022-03-22T21:21:10","slug":"la-literatura-llegara-al-aifa-a-traves-de-la-mano-del-fondo-de-cultura-economica-fce","status":"publish","type":"post","link":"https:\/\/quehacerpolitico.mx\/?p=90896","title":{"rendered":"La literatura llegara al AIFA a traves de la mano del Fondo de Cultura Economica (FCE)"},"content":{"rendered":"\n<p>Por Redacci\u00f3n QP<\/p>\n\n\n\n<p>La literatura ser\u00e1 parte del reci\u00e9n inaugurado aeropuerto con una amplia oferta editorial<\/p>\n\n\n\n<p>La literatura ser\u00e1 parte del reci\u00e9n inaugurado Aeropuerto Internacional Felipe \u00c1ngeles en la Base A\u00e9rea de Santa Luc\u00eda, en Zumpango, Estado de M\u00e9xico,\u00a0<strong>pues contar\u00e1 con una librer\u00eda del Fondo de Cultura Econ\u00f3mica (FCE) y Educal.<\/strong><\/p>\n\n\n\n<figure class=\"wp-block-embed is-type-rich is-provider-twitter wp-block-embed-twitter\"><div class=\"wp-block-embed__wrapper\">\nhttps:\/\/twitter.com\/taibo2\/status\/1506085528499892225?s=21\n<\/div><\/figure>\n\n\n\n<p>El local\u00a0<strong>est\u00e1 ubicado en el m\u00f3dulo D, Send 05 y tiene una extensi\u00f3n de 95 metros cuadrados de exhibici\u00f3n con capacidad para 16 mil ejemplares.<\/strong>Adem\u00e1s, cuenta con espacio para revistas y otros productos culturales.<\/p>\n\n\n\n<p>La librer\u00eda contar\u00e1 con una extensa oferta editorial que, por supuesto, incluye las colecciones emblem\u00e1ticas del Fondo de Cultura Econ\u00f3mica, como la Popular, Vientos del Pueblo, Breviarios, Cenzontle, Historia, Sociolog\u00eda, Tezontle, Poes\u00eda, Lecturas Mexicanas, A la Orilla del Viento, Los Especiales de la Orilla del Viento, Tierra Firme y A Trav\u00e9s del Espejo, por mencionar s\u00f3lo algunas.<\/p>\n\n\n\n<p>La librer\u00eda tendr\u00e1 a disposici\u00f3n de los lectores vol\u00famenes editados por instituciones gubernamentales y una muy amplia variedad de t\u00edtulos de editoriales privadas, como, por ejemplo, Planeta, Akal, Colof\u00f3n, Artes de M\u00e9xico, UNAM, Ra\u00edces, Advanced Marketing y otras m\u00e1s.<\/p>\n","protected":false},"excerpt":{"rendered":"<p>Por Redacci\u00f3n QP La literatura ser\u00e1 parte del reci\u00e9n inaugurado aeropuerto con una amplia oferta&#8230;<\/p>\n","protected":false},"author":2,"featured_media":90897,"comment_status":"open","ping_status":"open","sticky":false,"template":"","format":"standard","meta":{"_monsterinsights_skip_tracking":false,"_monsterinsights_sitenote_active":false,"_monsterinsights_sitenote_note":"","_monsterinsights_sitenote_category":0,"footnotes":""},"categories":[58],"tags":[],"class_list":["post-90896","post","type-post","status-publish","format-standard","has-post-thumbnail","hentry","category-cultura"],"yoast_head":"<!-- This site is optimized with the Yoast SEO plugin v27.3 - https:\/\/yoast.com\/product\/yoast-seo-wordpress\/ -->\n<title>La literatura llegara al AIFA a traves de la mano del Fondo de Cultura Economica (FCE) -<\/title>\n<meta name=\"robots\" content=\"index, follow, max-snippet:-1, max-image-preview:large, max-video-preview:-1\" \/>\n<link rel=\"canonical\" href=\"https:\/\/quehacerpolitico.mx\/?p=90896\" \/>\n<meta property=\"og:locale\" content=\"es_MX\" \/>\n<meta property=\"og:type\" content=\"article\" \/>\n<meta property=\"og:title\" content=\"La literatura llegara al AIFA a traves de la mano del Fondo de Cultura Economica (FCE) -\" \/>\n<meta property=\"og:description\" content=\"Por Redacci\u00f3n QP La literatura ser\u00e1 parte del reci\u00e9n inaugurado aeropuerto con una amplia oferta...\" \/>\n<meta property=\"og:url\" content=\"https:\/\/quehacerpolitico.mx\/?p=90896\" \/>\n<meta property=\"article:published_time\" content=\"2022-03-22T21:21:08+00:00\" \/>\n<meta property=\"article:modified_time\" content=\"2022-03-22T21:21:10+00:00\" \/>\n<meta property=\"og:image\" content=\"https:\/\/quehacerpolitico.mx\/wp-content\/uploads\/2022\/03\/0D9CAEB5-7BB7-4B99-BAE6-4CBC565C96C7.jpeg\" \/>\n\t<meta property=\"og:image:width\" content=\"1024\" \/>\n\t<meta property=\"og:image:height\" content=\"768\" \/>\n\t<meta property=\"og:image:type\" content=\"image\/jpeg\" \/>\n<meta name=\"author\" content=\"Redacci\u00f3n QP\" \/>\n<meta name=\"twitter:card\" content=\"summary_large_image\" \/>\n<meta name=\"twitter:label1\" content=\"Escrito por\" \/>\n\t<meta name=\"twitter:data1\" content=\"Redacci\u00f3n QP\" \/>\n\t<meta name=\"twitter:label2\" content=\"Tiempo de lectura\" \/>\n\t<meta name=\"twitter:data2\" content=\"1 minuto\" \/>\n<script type=\"application\/ld+json\" class=\"yoast-schema-graph\">{\"@context\":\"https:\\\/\\\/schema.org\",\"@graph\":[{\"@type\":\"Article\",\"@id\":\"https:\\\/\\\/quehacerpolitico.mx\\\/?p=90896#article\",\"isPartOf\":{\"@id\":\"https:\\\/\\\/quehacerpolitico.mx\\\/?p=90896\"},\"author\":{\"name\":\"Redacci\u00f3n QP\",\"@id\":\"https:\\\/\\\/quehacerpolitico.mx\\\/#\\\/schema\\\/person\\\/496d8ad2d1d3f8036101dca7ee39e585\"},\"headline\":\"La literatura llegara al AIFA a traves de la mano del Fondo de Cultura Economica (FCE)\",\"datePublished\":\"2022-03-22T21:21:08+00:00\",\"dateModified\":\"2022-03-22T21:21:10+00:00\",\"mainEntityOfPage\":{\"@id\":\"https:\\\/\\\/quehacerpolitico.mx\\\/?p=90896\"},\"wordCount\":230,\"commentCount\":0,\"image\":{\"@id\":\"https:\\\/\\\/quehacerpolitico.mx\\\/?p=90896#primaryimage\"},\"thumbnailUrl\":\"https:\\\/\\\/quehacerpolitico.mx\\\/wp-content\\\/uploads\\\/2022\\\/03\\\/0D9CAEB5-7BB7-4B99-BAE6-4CBC565C96C7.jpeg\",\"articleSection\":[\"Cultura y Entretenimiento\"],\"inLanguage\":\"es\",\"potentialAction\":[{\"@type\":\"CommentAction\",\"name\":\"Comment\",\"target\":[\"https:\\\/\\\/quehacerpolitico.mx\\\/?p=90896#respond\"]}]},{\"@type\":\"WebPage\",\"@id\":\"https:\\\/\\\/quehacerpolitico.mx\\\/?p=90896\",\"url\":\"https:\\\/\\\/quehacerpolitico.mx\\\/?p=90896\",\"name\":\"La literatura llegara al AIFA a traves de la mano del Fondo de Cultura Economica (FCE) -\",\"isPartOf\":{\"@id\":\"https:\\\/\\\/quehacerpolitico.mx\\\/#website\"},\"primaryImageOfPage\":{\"@id\":\"https:\\\/\\\/quehacerpolitico.mx\\\/?p=90896#primaryimage\"},\"image\":{\"@id\":\"https:\\\/\\\/quehacerpolitico.mx\\\/?p=90896#primaryimage\"},\"thumbnailUrl\":\"https:\\\/\\\/quehacerpolitico.mx\\\/wp-content\\\/uploads\\\/2022\\\/03\\\/0D9CAEB5-7BB7-4B99-BAE6-4CBC565C96C7.jpeg\",\"datePublished\":\"2022-03-22T21:21:08+00:00\",\"dateModified\":\"2022-03-22T21:21:10+00:00\",\"author\":{\"@id\":\"https:\\\/\\\/quehacerpolitico.mx\\\/#\\\/schema\\\/person\\\/496d8ad2d1d3f8036101dca7ee39e585\"},\"breadcrumb\":{\"@id\":\"https:\\\/\\\/quehacerpolitico.mx\\\/?p=90896#breadcrumb\"},\"inLanguage\":\"es\",\"potentialAction\":[{\"@type\":\"ReadAction\",\"target\":[\"https:\\\/\\\/quehacerpolitico.mx\\\/?p=90896\"]}]},{\"@type\":\"ImageObject\",\"inLanguage\":\"es\",\"@id\":\"https:\\\/\\\/quehacerpolitico.mx\\\/?p=90896#primaryimage\",\"url\":\"https:\\\/\\\/quehacerpolitico.mx\\\/wp-content\\\/uploads\\\/2022\\\/03\\\/0D9CAEB5-7BB7-4B99-BAE6-4CBC565C96C7.jpeg\",\"contentUrl\":\"https:\\\/\\\/quehacerpolitico.mx\\\/wp-content\\\/uploads\\\/2022\\\/03\\\/0D9CAEB5-7BB7-4B99-BAE6-4CBC565C96C7.jpeg\",\"width\":1024,\"height\":768},{\"@type\":\"BreadcrumbList\",\"@id\":\"https:\\\/\\\/quehacerpolitico.mx\\\/?p=90896#breadcrumb\",\"itemListElement\":[{\"@type\":\"ListItem\",\"position\":1,\"name\":\"Inicio\",\"item\":\"https:\\\/\\\/quehacerpolitico.mx\\\/\"},{\"@type\":\"ListItem\",\"position\":2,\"name\":\"La literatura llegara al AIFA a traves de la mano del Fondo de Cultura Economica (FCE)\"}]},{\"@type\":\"WebSite\",\"@id\":\"https:\\\/\\\/quehacerpolitico.mx\\\/#website\",\"url\":\"https:\\\/\\\/quehacerpolitico.mx\\\/\",\"name\":\"\",\"description\":\"\",\"potentialAction\":[{\"@type\":\"SearchAction\",\"target\":{\"@type\":\"EntryPoint\",\"urlTemplate\":\"https:\\\/\\\/quehacerpolitico.mx\\\/?s={search_term_string}\"},\"query-input\":{\"@type\":\"PropertyValueSpecification\",\"valueRequired\":true,\"valueName\":\"search_term_string\"}}],\"inLanguage\":\"es\"},{\"@type\":\"Person\",\"@id\":\"https:\\\/\\\/quehacerpolitico.mx\\\/#\\\/schema\\\/person\\\/496d8ad2d1d3f8036101dca7ee39e585\",\"name\":\"Redacci\u00f3n QP\",\"image\":{\"@type\":\"ImageObject\",\"inLanguage\":\"es\",\"@id\":\"https:\\\/\\\/secure.gravatar.com\\\/avatar\\\/c7164ed6fdec453195284ad24a5ae5b6e1eed2b848477fa2a4787ba9adf39a41?s=96&d=mm&r=g\",\"url\":\"https:\\\/\\\/secure.gravatar.com\\\/avatar\\\/c7164ed6fdec453195284ad24a5ae5b6e1eed2b848477fa2a4787ba9adf39a41?s=96&d=mm&r=g\",\"contentUrl\":\"https:\\\/\\\/secure.gravatar.com\\\/avatar\\\/c7164ed6fdec453195284ad24a5ae5b6e1eed2b848477fa2a4787ba9adf39a41?s=96&d=mm&r=g\",\"caption\":\"Redacci\u00f3n QP\"},\"url\":\"https:\\\/\\\/quehacerpolitico.mx\\\/?author=2\"}]}<\/script>\n<!-- \/ Yoast SEO plugin. -->","yoast_head_json":{"title":"La literatura llegara al AIFA a traves de la mano del Fondo de Cultura Economica (FCE) -","robots":{"index":"index","follow":"follow","max-snippet":"max-snippet:-1","max-image-preview":"max-image-preview:large","max-video-preview":"max-video-preview:-1"},"canonical":"https:\/\/quehacerpolitico.mx\/?p=90896","og_locale":"es_MX","og_type":"article","og_title":"La literatura llegara al AIFA a traves de la mano del Fondo de Cultura Economica (FCE) -","og_description":"Por Redacci\u00f3n QP La literatura ser\u00e1 parte del reci\u00e9n inaugurado aeropuerto con una amplia oferta...","og_url":"https:\/\/quehacerpolitico.mx\/?p=90896","article_published_time":"2022-03-22T21:21:08+00:00","article_modified_time":"2022-03-22T21:21:10+00:00","og_image":[{"width":1024,"height":768,"url":"https:\/\/quehacerpolitico.mx\/wp-content\/uploads\/2022\/03\/0D9CAEB5-7BB7-4B99-BAE6-4CBC565C96C7.jpeg","type":"image\/jpeg"}],"author":"Redacci\u00f3n QP","twitter_card":"summary_large_image","twitter_misc":{"Escrito por":"Redacci\u00f3n QP","Tiempo de lectura":"1 minuto"},"schema":{"@context":"https:\/\/schema.org","@graph":[{"@type":"Article","@id":"https:\/\/quehacerpolitico.mx\/?p=90896#article","isPartOf":{"@id":"https:\/\/quehacerpolitico.mx\/?p=90896"},"author":{"name":"Redacci\u00f3n QP","@id":"https:\/\/quehacerpolitico.mx\/#\/schema\/person\/496d8ad2d1d3f8036101dca7ee39e585"},"headline":"La literatura llegara al AIFA a traves de la mano del Fondo de Cultura Economica (FCE)","datePublished":"2022-03-22T21:21:08+00:00","dateModified":"2022-03-22T21:21:10+00:00","mainEntityOfPage":{"@id":"https:\/\/quehacerpolitico.mx\/?p=90896"},"wordCount":230,"commentCount":0,"image":{"@id":"https:\/\/quehacerpolitico.mx\/?p=90896#primaryimage"},"thumbnailUrl":"https:\/\/quehacerpolitico.mx\/wp-content\/uploads\/2022\/03\/0D9CAEB5-7BB7-4B99-BAE6-4CBC565C96C7.jpeg","articleSection":["Cultura y Entretenimiento"],"inLanguage":"es","potentialAction":[{"@type":"CommentAction","name":"Comment","target":["https:\/\/quehacerpolitico.mx\/?p=90896#respond"]}]},{"@type":"WebPage","@id":"https:\/\/quehacerpolitico.mx\/?p=90896","url":"https:\/\/quehacerpolitico.mx\/?p=90896","name":"La literatura llegara al AIFA a traves de la mano del Fondo de Cultura Economica (FCE) -","isPartOf":{"@id":"https:\/\/quehacerpolitico.mx\/#website"},"primaryImageOfPage":{"@id":"https:\/\/quehacerpolitico.mx\/?p=90896#primaryimage"},"image":{"@id":"https:\/\/quehacerpolitico.mx\/?p=90896#primaryimage"},"thumbnailUrl":"https:\/\/quehacerpolitico.mx\/wp-content\/uploads\/2022\/03\/0D9CAEB5-7BB7-4B99-BAE6-4CBC565C96C7.jpeg","datePublished":"2022-03-22T21:21:08+00:00","dateModified":"2022-03-22T21:21:10+00:00","author":{"@id":"https:\/\/quehacerpolitico.mx\/#\/schema\/person\/496d8ad2d1d3f8036101dca7ee39e585"},"breadcrumb":{"@id":"https:\/\/quehacerpolitico.mx\/?p=90896#breadcrumb"},"inLanguage":"es","potentialAction":[{"@type":"ReadAction","target":["https:\/\/quehacerpolitico.mx\/?p=90896"]}]},{"@type":"ImageObject","inLanguage":"es","@id":"https:\/\/quehacerpolitico.mx\/?p=90896#primaryimage","url":"https:\/\/quehacerpolitico.mx\/wp-content\/uploads\/2022\/03\/0D9CAEB5-7BB7-4B99-BAE6-4CBC565C96C7.jpeg","contentUrl":"https:\/\/quehacerpolitico.mx\/wp-content\/uploads\/2022\/03\/0D9CAEB5-7BB7-4B99-BAE6-4CBC565C96C7.jpeg","width":1024,"height":768},{"@type":"BreadcrumbList","@id":"https:\/\/quehacerpolitico.mx\/?p=90896#breadcrumb","itemListElement":[{"@type":"ListItem","position":1,"name":"Inicio","item":"https:\/\/quehacerpolitico.mx\/"},{"@type":"ListItem","position":2,"name":"La literatura llegara al AIFA a traves de la mano del Fondo de Cultura Economica (FCE)"}]},{"@type":"WebSite","@id":"https:\/\/quehacerpolitico.mx\/#website","url":"https:\/\/quehacerpolitico.mx\/","name":"","description":"","potentialAction":[{"@type":"SearchAction","target":{"@type":"EntryPoint","urlTemplate":"https:\/\/quehacerpolitico.mx\/?s={search_term_string}"},"query-input":{"@type":"PropertyValueSpecification","valueRequired":true,"valueName":"search_term_string"}}],"inLanguage":"es"},{"@type":"Person","@id":"https:\/\/quehacerpolitico.mx\/#\/schema\/person\/496d8ad2d1d3f8036101dca7ee39e585","name":"Redacci\u00f3n QP","image":{"@type":"ImageObject","inLanguage":"es","@id":"https:\/\/secure.gravatar.com\/avatar\/c7164ed6fdec453195284ad24a5ae5b6e1eed2b848477fa2a4787ba9adf39a41?s=96&d=mm&r=g","url":"https:\/\/secure.gravatar.com\/avatar\/c7164ed6fdec453195284ad24a5ae5b6e1eed2b848477fa2a4787ba9adf39a41?s=96&d=mm&r=g","contentUrl":"https:\/\/secure.gravatar.com\/avatar\/c7164ed6fdec453195284ad24a5ae5b6e1eed2b848477fa2a4787ba9adf39a41?s=96&d=mm&r=g","caption":"Redacci\u00f3n QP"},"url":"https:\/\/quehacerpolitico.mx\/?author=2"}]}},"featured_image_urls":{"full":["https:\/\/quehacerpolitico.mx\/wp-content\/uploads\/2022\/03\/0D9CAEB5-7BB7-4B99-BAE6-4CBC565C96C7.jpeg",1024,768,false],"thumbnail":["https:\/\/quehacerpolitico.mx\/wp-content\/uploads\/2022\/03\/0D9CAEB5-7BB7-4B99-BAE6-4CBC565C96C7-150x150.jpeg",150,150,true],"medium":["https:\/\/quehacerpolitico.mx\/wp-content\/uploads\/2022\/03\/0D9CAEB5-7BB7-4B99-BAE6-4CBC565C96C7-300x225.jpeg",300,225,true],"medium_large":["https:\/\/quehacerpolitico.mx\/wp-content\/uploads\/2022\/03\/0D9CAEB5-7BB7-4B99-BAE6-4CBC565C96C7-768x576.jpeg",640,480,true],"large":["https:\/\/quehacerpolitico.mx\/wp-content\/uploads\/2022\/03\/0D9CAEB5-7BB7-4B99-BAE6-4CBC565C96C7.jpeg",640,480,false],"1536x1536":["https:\/\/quehacerpolitico.mx\/wp-content\/uploads\/2022\/03\/0D9CAEB5-7BB7-4B99-BAE6-4CBC565C96C7.jpeg",1024,768,false],"2048x2048":["https:\/\/quehacerpolitico.mx\/wp-content\/uploads\/2022\/03\/0D9CAEB5-7BB7-4B99-BAE6-4CBC565C96C7.jpeg",1024,768,false],"covernews-featured":["https:\/\/quehacerpolitico.mx\/wp-content\/uploads\/2022\/03\/0D9CAEB5-7BB7-4B99-BAE6-4CBC565C96C7.jpeg",1024,768,false],"covernews-medium":["https:\/\/quehacerpolitico.mx\/wp-content\/uploads\/2022\/03\/0D9CAEB5-7BB7-4B99-BAE6-4CBC565C96C7.jpeg",453,340,false]},"author_info":{"display_name":"Redacci\u00f3n QP","author_link":"https:\/\/quehacerpolitico.mx\/?author=2"},"category_info":"<a href=\"https:\/\/quehacerpolitico.mx\/?cat=58\" rel=\"category\">Cultura y Entretenimiento<\/a>","tag_info":"Cultura y Entretenimiento","comment_count":"0","_links":{"self":[{"href":"https:\/\/quehacerpolitico.mx\/index.php?rest_route=\/wp\/v2\/posts\/90896","targetHints":{"allow":["GET"]}}],"collection":[{"href":"https:\/\/quehacerpolitico.mx\/index.php?rest_route=\/wp\/v2\/posts"}],"about":[{"href":"https:\/\/quehacerpolitico.mx\/index.php?rest_route=\/wp\/v2\/types\/post"}],"author":[{"embeddable":true,"href":"https:\/\/quehacerpolitico.mx\/index.php?rest_route=\/wp\/v2\/users\/2"}],"replies":[{"embeddable":true,"href":"https:\/\/quehacerpolitico.mx\/index.php?rest_route=%2Fwp%2Fv2%2Fcomments&post=90896"}],"version-history":[{"count":1,"href":"https:\/\/quehacerpolitico.mx\/index.php?rest_route=\/wp\/v2\/posts\/90896\/revisions"}],"predecessor-version":[{"id":90898,"href":"https:\/\/quehacerpolitico.mx\/index.php?rest_route=\/wp\/v2\/posts\/90896\/revisions\/90898"}],"wp:featuredmedia":[{"embeddable":true,"href":"https:\/\/quehacerpolitico.mx\/index.php?rest_route=\/wp\/v2\/media\/90897"}],"wp:attachment":[{"href":"https:\/\/quehacerpolitico.mx\/index.php?rest_route=%2Fwp%2Fv2%2Fmedia&parent=90896"}],"wp:term":[{"taxonomy":"category","embeddable":true,"href":"https:\/\/quehacerpolitico.mx\/index.php?rest_route=%2Fwp%2Fv2%2Fcategories&post=90896"},{"taxonomy":"post_tag","embeddable":true,"href":"https:\/\/quehacerpolitico.mx\/index.php?rest_route=%2Fwp%2Fv2%2Ftags&post=90896"}],"curies":[{"name":"wp","href":"https:\/\/api.w.org\/{rel}","templated":true}]}}