{"id":90835,"date":"2022-03-22T14:24:13","date_gmt":"2022-03-22T14:24:13","guid":{"rendered":"https:\/\/quehacerpolitico.mx\/?p=90835"},"modified":"2022-03-22T14:24:16","modified_gmt":"2022-03-22T14:24:16","slug":"las-marchas-bloqueos-o-manifestaciones-hoy-en-cdmx-2","status":"publish","type":"post","link":"https:\/\/quehacerpolitico.mx\/?p=90835","title":{"rendered":"Las marchas, bloqueos o manifestaciones hoy en CDMX\u00a0"},"content":{"rendered":"\n<p>Por Redacci\u00f3n QP<\/p>\n\n\n\n<p>Autoridades de la\u00a0<strong>Ciudad de M\u00e9xico (CDMX)<\/strong>informaron que hoy, 22 de marzo de 2022, habr\u00e1 11\u00a0marchas en la capital del pa\u00eds; aqu\u00ed te damos todos los detalles donde se realizar\u00e1n las manifestaciones.<\/p>\n\n\n\n<figure class=\"wp-block-embed is-type-rich is-provider-twitter wp-block-embed-twitter\"><div class=\"wp-block-embed__wrapper\">\n<blockquote class=\"twitter-tweet\" data-width=\"550\" data-dnt=\"true\"><p lang=\"es\" dir=\"ltr\">\u26a0\ufe0f \ud83d\udce2Te compartimos las movilizaciones sociales previstas para este d\u00eda en la CDMX. <a href=\"https:\/\/twitter.com\/hashtag\/MovilidadCDMX?src=hash&amp;ref_src=twsrc%5Etfw\">#MovilidadCDMX<\/a> <a href=\"https:\/\/twitter.com\/hashtag\/C5?src=hash&amp;ref_src=twsrc%5Etfw\">#C5<\/a> <a href=\"https:\/\/t.co\/HuZUK4Xtcw\">pic.twitter.com\/HuZUK4Xtcw<\/a><\/p>&mdash; C5 CDMX (@C5_CDMX) <a href=\"https:\/\/twitter.com\/C5_CDMX\/status\/1506248365872455684?ref_src=twsrc%5Etfw\">March 22, 2022<\/a><\/blockquote><script async src=\"https:\/\/platform.twitter.com\/widgets.js\" charset=\"utf-8\"><\/script>\n<\/div><\/figure>\n\n\n\n<h2 class=\"wp-block-heading\">Ciclistas retiran bloqueo en Terminal 2 del AICM<\/h2>\n\n\n\n<p>Ciclistas retiraron el bloqueo que manten\u00edan frente a la Terminal 2 del Aeropuerto Internacional de la Ciudad de M\u00e9xico (AICM); acordaron realizar mesas de trabajo con autoridades capitalina.<\/p>\n\n\n\n<h2 class=\"wp-block-heading\">Bloqueo de transportistas<\/h2>\n\n\n\n<h2 class=\"wp-block-heading\"><\/h2>\n\n\n\n<p>A las&nbsp;<strong>7:00 horas,&nbsp;<\/strong>transportistas se concentraron en la autopista M\u00e9xico-Cuernavaca y Camino Real a Xochimilco, colonia Dolores Tlali, alcald\u00eda Tlalpan; autopista M\u00e9xico-Toluca, colonia La Venta, alcald\u00eda Cuajimalpa; autopista M\u00e9xico-Puebla km 3, colonia San Marcos Huixtoco, Estado de M\u00e9xico; autopista M\u00e9xico-Pachuca, colonia H\u00e9roes de Ecatepec; autopista M\u00e9xico-Quer\u00e9taro, colonia El Tr\u00e9bol. Tepotzotl\u00e1n, para realizar una caravana rumbo a H. Congreso de la Uni\u00f3n, alcald\u00eda Venustiano Carranza; Calzada de las Bombas, alcald\u00eda Coyoac\u00e1n; Liverpool, alcald\u00eda Cuauht\u00e9moc y Anillo Perif\u00e9rico, alcald\u00eda \u00c1lvaro Obreg\u00f3n, con ruta por definir.<\/p>\n\n\n\n<h2 class=\"wp-block-heading\">Alcald\u00eda Cuauht\u00e9moc<\/h2>\n\n\n\n<p>A las&nbsp;<strong>7:00 horas<\/strong>&nbsp;habr\u00e1 una marcha en Circuito Interior Mtro. Jos\u00e9 Vasconcelos #204, colonia Hip\u00f3dromo Condesa; adem\u00e1s en Carlos B. Zetina 12-A, colonia Hip\u00f3dromo Condesa; tambi\u00e9n habr\u00e1 en Monte Alt\u00e1i #540, colonia Lomas de Chapultepec, adem\u00e1s se prev\u00e9 una concentraci\u00f3n en Corregidores #226, colonia Lomas de Chapultepec; en Antonio de Mendoza #110, colonia Lomas de Chapultepec para realizar una marcha con rumbo y ruta por definir.<\/p>\n\n\n\n<p>A las&nbsp;<strong>10:00 horas<\/strong>&nbsp;habr\u00e1 una concentraci\u00f3n en:<\/p>\n\n\n\n<ul class=\"wp-block-list\"><li>Jos\u00e9 Mar\u00eda Pino Su\u00e1rez 2, colonia Centro Hist\u00f3rico<\/li><\/ul>\n\n\n\n<p>A las&nbsp;<strong>11:00 horas<\/strong>&nbsp;habr\u00e1 una concentraci\u00f3n en:<\/p>\n\n\n\n<ul class=\"wp-block-list\"><li>Plaza de la Constituci\u00f3n sin n\u00famero, colonia Centro Hist\u00f3rico<\/li><\/ul>\n\n\n\n<p>A las&nbsp;<strong>11:00 horas<\/strong>&nbsp;habr\u00e1 una concentraci\u00f3n en:<\/p>\n\n\n\n<ul class=\"wp-block-list\"><li>Avenida Fray Servando Teresa de Mier 77, colonia Centro<\/li><\/ul>\n\n\n\n<p>A las<strong>&nbsp;11:00 horas<\/strong>&nbsp;habr\u00e1 una concentraci\u00f3n en:<\/p>\n\n\n\n<ul class=\"wp-block-list\"><li>Avenida Fray Servando Teresa de Mier 92 y 99, colonia Obrera<\/li><\/ul>\n\n\n\n<p>A las&nbsp;<strong>18:00 horas<\/strong>&nbsp;habr\u00e1 una concentraci\u00f3n en:<\/p>\n\n\n\n<ul class=\"wp-block-list\"><li>Toledo 22, colonia Ju\u00e1rez<\/li><\/ul>\n\n\n\n<p>A las&nbsp;<strong>18:00 horas<\/strong>&nbsp;habr\u00e1 una concentraci\u00f3n en:<\/p>\n\n\n\n<ul class=\"wp-block-list\"><li>Izazaga sin n\u00famero y Jos\u00e9 Mar\u00eda Pino Su\u00e1rez, colonia Centro<\/li><\/ul>\n\n\n\n<h2 class=\"wp-block-heading\">Alcald\u00eda Coyoac\u00e1n<\/h2>\n\n\n\n<p>A las&nbsp;<strong>11:00 horas<\/strong>&nbsp;habr\u00e1 una concentraci\u00f3n en:<\/p>\n\n\n\n<ul class=\"wp-block-list\"><li>Avenida insurgentes Sur 2416, colonia Copilco el Bajo<\/li><\/ul>\n\n\n\n<p>A las&nbsp;<strong>16:00 horas<\/strong>&nbsp;habr\u00e1 una concentraci\u00f3n en:<\/p>\n\n\n\n<ul class=\"wp-block-list\"><li>Circuito Escolar 62, colonia Ciudad Universitaria<\/li><\/ul>\n\n\n\n<h2 class=\"wp-block-heading\">Alcald\u00eda Iztapalapa<\/h2>\n\n\n\n<p>A las<strong>&nbsp;12:00 horas<\/strong>&nbsp;habr\u00e1 una concentraci\u00f3n en.<\/p>\n\n\n\n<ul class=\"wp-block-list\"><li>Avenida Reforma 100, colonia Lomas de San Lorenzo<\/li><\/ul>\n\n\n\n<p><em>Con informaci\u00f3n del Centro de Comando, Control, C\u00f3mputo, Comunicaciones y Contacto Ciudadano<\/em><\/p>\n","protected":false},"excerpt":{"rendered":"<p>Por Redacci\u00f3n QP Autoridades de la\u00a0Ciudad de M\u00e9xico (CDMX)informaron que hoy, 22 de marzo de&#8230;<\/p>\n","protected":false},"author":2,"featured_media":90836,"comment_status":"open","ping_status":"open","sticky":false,"template":"","format":"standard","meta":{"_monsterinsights_skip_tracking":false,"_monsterinsights_sitenote_active":false,"_monsterinsights_sitenote_note":"","_monsterinsights_sitenote_category":0,"footnotes":""},"categories":[55],"tags":[],"class_list":["post-90835","post","type-post","status-publish","format-standard","has-post-thumbnail","hentry","category-cdmx"],"yoast_head":"<!-- This site is optimized with the Yoast SEO plugin v27.3 - https:\/\/yoast.com\/product\/yoast-seo-wordpress\/ -->\n<title>Las marchas, bloqueos o manifestaciones hoy en CDMX\u00a0 -<\/title>\n<meta name=\"robots\" content=\"index, follow, max-snippet:-1, max-image-preview:large, max-video-preview:-1\" \/>\n<link rel=\"canonical\" href=\"https:\/\/quehacerpolitico.mx\/?p=90835\" \/>\n<meta property=\"og:locale\" content=\"es_MX\" \/>\n<meta property=\"og:type\" content=\"article\" \/>\n<meta property=\"og:title\" content=\"Las marchas, bloqueos o manifestaciones hoy en CDMX\u00a0 -\" \/>\n<meta property=\"og:description\" content=\"Por Redacci\u00f3n QP Autoridades de la\u00a0Ciudad de M\u00e9xico (CDMX)informaron que hoy, 22 de marzo de...\" \/>\n<meta property=\"og:url\" content=\"https:\/\/quehacerpolitico.mx\/?p=90835\" \/>\n<meta property=\"article:published_time\" content=\"2022-03-22T14:24:13+00:00\" \/>\n<meta property=\"article:modified_time\" content=\"2022-03-22T14:24:16+00:00\" \/>\n<meta property=\"og:image\" content=\"https:\/\/quehacerpolitico.mx\/wp-content\/uploads\/2022\/03\/3B6D42B3-047F-43DB-BE36-67C11F229BF5.jpeg\" \/>\n\t<meta property=\"og:image:width\" content=\"795\" \/>\n\t<meta property=\"og:image:height\" content=\"386\" \/>\n\t<meta property=\"og:image:type\" content=\"image\/jpeg\" \/>\n<meta name=\"author\" content=\"Redacci\u00f3n QP\" \/>\n<meta name=\"twitter:card\" content=\"summary_large_image\" \/>\n<meta name=\"twitter:label1\" content=\"Escrito por\" \/>\n\t<meta name=\"twitter:data1\" content=\"Redacci\u00f3n QP\" \/>\n\t<meta name=\"twitter:label2\" content=\"Tiempo de lectura\" \/>\n\t<meta name=\"twitter:data2\" content=\"2 minutos\" \/>\n<script type=\"application\/ld+json\" class=\"yoast-schema-graph\">{\"@context\":\"https:\\\/\\\/schema.org\",\"@graph\":[{\"@type\":\"Article\",\"@id\":\"https:\\\/\\\/quehacerpolitico.mx\\\/?p=90835#article\",\"isPartOf\":{\"@id\":\"https:\\\/\\\/quehacerpolitico.mx\\\/?p=90835\"},\"author\":{\"name\":\"Redacci\u00f3n QP\",\"@id\":\"https:\\\/\\\/quehacerpolitico.mx\\\/#\\\/schema\\\/person\\\/496d8ad2d1d3f8036101dca7ee39e585\"},\"headline\":\"Las marchas, bloqueos o manifestaciones hoy en CDMX\u00a0\",\"datePublished\":\"2022-03-22T14:24:13+00:00\",\"dateModified\":\"2022-03-22T14:24:16+00:00\",\"mainEntityOfPage\":{\"@id\":\"https:\\\/\\\/quehacerpolitico.mx\\\/?p=90835\"},\"wordCount\":458,\"commentCount\":0,\"image\":{\"@id\":\"https:\\\/\\\/quehacerpolitico.mx\\\/?p=90835#primaryimage\"},\"thumbnailUrl\":\"https:\\\/\\\/quehacerpolitico.mx\\\/wp-content\\\/uploads\\\/2022\\\/03\\\/3B6D42B3-047F-43DB-BE36-67C11F229BF5.jpeg\",\"articleSection\":[\"CDMX\"],\"inLanguage\":\"es\",\"potentialAction\":[{\"@type\":\"CommentAction\",\"name\":\"Comment\",\"target\":[\"https:\\\/\\\/quehacerpolitico.mx\\\/?p=90835#respond\"]}]},{\"@type\":\"WebPage\",\"@id\":\"https:\\\/\\\/quehacerpolitico.mx\\\/?p=90835\",\"url\":\"https:\\\/\\\/quehacerpolitico.mx\\\/?p=90835\",\"name\":\"Las marchas, bloqueos o manifestaciones hoy en CDMX\u00a0 -\",\"isPartOf\":{\"@id\":\"https:\\\/\\\/quehacerpolitico.mx\\\/#website\"},\"primaryImageOfPage\":{\"@id\":\"https:\\\/\\\/quehacerpolitico.mx\\\/?p=90835#primaryimage\"},\"image\":{\"@id\":\"https:\\\/\\\/quehacerpolitico.mx\\\/?p=90835#primaryimage\"},\"thumbnailUrl\":\"https:\\\/\\\/quehacerpolitico.mx\\\/wp-content\\\/uploads\\\/2022\\\/03\\\/3B6D42B3-047F-43DB-BE36-67C11F229BF5.jpeg\",\"datePublished\":\"2022-03-22T14:24:13+00:00\",\"dateModified\":\"2022-03-22T14:24:16+00:00\",\"author\":{\"@id\":\"https:\\\/\\\/quehacerpolitico.mx\\\/#\\\/schema\\\/person\\\/496d8ad2d1d3f8036101dca7ee39e585\"},\"breadcrumb\":{\"@id\":\"https:\\\/\\\/quehacerpolitico.mx\\\/?p=90835#breadcrumb\"},\"inLanguage\":\"es\",\"potentialAction\":[{\"@type\":\"ReadAction\",\"target\":[\"https:\\\/\\\/quehacerpolitico.mx\\\/?p=90835\"]}]},{\"@type\":\"ImageObject\",\"inLanguage\":\"es\",\"@id\":\"https:\\\/\\\/quehacerpolitico.mx\\\/?p=90835#primaryimage\",\"url\":\"https:\\\/\\\/quehacerpolitico.mx\\\/wp-content\\\/uploads\\\/2022\\\/03\\\/3B6D42B3-047F-43DB-BE36-67C11F229BF5.jpeg\",\"contentUrl\":\"https:\\\/\\\/quehacerpolitico.mx\\\/wp-content\\\/uploads\\\/2022\\\/03\\\/3B6D42B3-047F-43DB-BE36-67C11F229BF5.jpeg\",\"width\":795,\"height\":386},{\"@type\":\"BreadcrumbList\",\"@id\":\"https:\\\/\\\/quehacerpolitico.mx\\\/?p=90835#breadcrumb\",\"itemListElement\":[{\"@type\":\"ListItem\",\"position\":1,\"name\":\"Inicio\",\"item\":\"https:\\\/\\\/quehacerpolitico.mx\\\/\"},{\"@type\":\"ListItem\",\"position\":2,\"name\":\"Las marchas, bloqueos o manifestaciones hoy en CDMX\u00a0\"}]},{\"@type\":\"WebSite\",\"@id\":\"https:\\\/\\\/quehacerpolitico.mx\\\/#website\",\"url\":\"https:\\\/\\\/quehacerpolitico.mx\\\/\",\"name\":\"\",\"description\":\"\",\"potentialAction\":[{\"@type\":\"SearchAction\",\"target\":{\"@type\":\"EntryPoint\",\"urlTemplate\":\"https:\\\/\\\/quehacerpolitico.mx\\\/?s={search_term_string}\"},\"query-input\":{\"@type\":\"PropertyValueSpecification\",\"valueRequired\":true,\"valueName\":\"search_term_string\"}}],\"inLanguage\":\"es\"},{\"@type\":\"Person\",\"@id\":\"https:\\\/\\\/quehacerpolitico.mx\\\/#\\\/schema\\\/person\\\/496d8ad2d1d3f8036101dca7ee39e585\",\"name\":\"Redacci\u00f3n QP\",\"image\":{\"@type\":\"ImageObject\",\"inLanguage\":\"es\",\"@id\":\"https:\\\/\\\/secure.gravatar.com\\\/avatar\\\/c7164ed6fdec453195284ad24a5ae5b6e1eed2b848477fa2a4787ba9adf39a41?s=96&d=mm&r=g\",\"url\":\"https:\\\/\\\/secure.gravatar.com\\\/avatar\\\/c7164ed6fdec453195284ad24a5ae5b6e1eed2b848477fa2a4787ba9adf39a41?s=96&d=mm&r=g\",\"contentUrl\":\"https:\\\/\\\/secure.gravatar.com\\\/avatar\\\/c7164ed6fdec453195284ad24a5ae5b6e1eed2b848477fa2a4787ba9adf39a41?s=96&d=mm&r=g\",\"caption\":\"Redacci\u00f3n QP\"},\"url\":\"https:\\\/\\\/quehacerpolitico.mx\\\/?author=2\"}]}<\/script>\n<!-- \/ Yoast SEO plugin. -->","yoast_head_json":{"title":"Las marchas, bloqueos o manifestaciones hoy en CDMX\u00a0 -","robots":{"index":"index","follow":"follow","max-snippet":"max-snippet:-1","max-image-preview":"max-image-preview:large","max-video-preview":"max-video-preview:-1"},"canonical":"https:\/\/quehacerpolitico.mx\/?p=90835","og_locale":"es_MX","og_type":"article","og_title":"Las marchas, bloqueos o manifestaciones hoy en CDMX\u00a0 -","og_description":"Por Redacci\u00f3n QP Autoridades de la\u00a0Ciudad de M\u00e9xico (CDMX)informaron que hoy, 22 de marzo de...","og_url":"https:\/\/quehacerpolitico.mx\/?p=90835","article_published_time":"2022-03-22T14:24:13+00:00","article_modified_time":"2022-03-22T14:24:16+00:00","og_image":[{"width":795,"height":386,"url":"https:\/\/quehacerpolitico.mx\/wp-content\/uploads\/2022\/03\/3B6D42B3-047F-43DB-BE36-67C11F229BF5.jpeg","type":"image\/jpeg"}],"author":"Redacci\u00f3n QP","twitter_card":"summary_large_image","twitter_misc":{"Escrito por":"Redacci\u00f3n QP","Tiempo de lectura":"2 minutos"},"schema":{"@context":"https:\/\/schema.org","@graph":[{"@type":"Article","@id":"https:\/\/quehacerpolitico.mx\/?p=90835#article","isPartOf":{"@id":"https:\/\/quehacerpolitico.mx\/?p=90835"},"author":{"name":"Redacci\u00f3n QP","@id":"https:\/\/quehacerpolitico.mx\/#\/schema\/person\/496d8ad2d1d3f8036101dca7ee39e585"},"headline":"Las marchas, bloqueos o manifestaciones hoy en CDMX\u00a0","datePublished":"2022-03-22T14:24:13+00:00","dateModified":"2022-03-22T14:24:16+00:00","mainEntityOfPage":{"@id":"https:\/\/quehacerpolitico.mx\/?p=90835"},"wordCount":458,"commentCount":0,"image":{"@id":"https:\/\/quehacerpolitico.mx\/?p=90835#primaryimage"},"thumbnailUrl":"https:\/\/quehacerpolitico.mx\/wp-content\/uploads\/2022\/03\/3B6D42B3-047F-43DB-BE36-67C11F229BF5.jpeg","articleSection":["CDMX"],"inLanguage":"es","potentialAction":[{"@type":"CommentAction","name":"Comment","target":["https:\/\/quehacerpolitico.mx\/?p=90835#respond"]}]},{"@type":"WebPage","@id":"https:\/\/quehacerpolitico.mx\/?p=90835","url":"https:\/\/quehacerpolitico.mx\/?p=90835","name":"Las marchas, bloqueos o manifestaciones hoy en CDMX\u00a0 -","isPartOf":{"@id":"https:\/\/quehacerpolitico.mx\/#website"},"primaryImageOfPage":{"@id":"https:\/\/quehacerpolitico.mx\/?p=90835#primaryimage"},"image":{"@id":"https:\/\/quehacerpolitico.mx\/?p=90835#primaryimage"},"thumbnailUrl":"https:\/\/quehacerpolitico.mx\/wp-content\/uploads\/2022\/03\/3B6D42B3-047F-43DB-BE36-67C11F229BF5.jpeg","datePublished":"2022-03-22T14:24:13+00:00","dateModified":"2022-03-22T14:24:16+00:00","author":{"@id":"https:\/\/quehacerpolitico.mx\/#\/schema\/person\/496d8ad2d1d3f8036101dca7ee39e585"},"breadcrumb":{"@id":"https:\/\/quehacerpolitico.mx\/?p=90835#breadcrumb"},"inLanguage":"es","potentialAction":[{"@type":"ReadAction","target":["https:\/\/quehacerpolitico.mx\/?p=90835"]}]},{"@type":"ImageObject","inLanguage":"es","@id":"https:\/\/quehacerpolitico.mx\/?p=90835#primaryimage","url":"https:\/\/quehacerpolitico.mx\/wp-content\/uploads\/2022\/03\/3B6D42B3-047F-43DB-BE36-67C11F229BF5.jpeg","contentUrl":"https:\/\/quehacerpolitico.mx\/wp-content\/uploads\/2022\/03\/3B6D42B3-047F-43DB-BE36-67C11F229BF5.jpeg","width":795,"height":386},{"@type":"BreadcrumbList","@id":"https:\/\/quehacerpolitico.mx\/?p=90835#breadcrumb","itemListElement":[{"@type":"ListItem","position":1,"name":"Inicio","item":"https:\/\/quehacerpolitico.mx\/"},{"@type":"ListItem","position":2,"name":"Las marchas, bloqueos o manifestaciones hoy en CDMX\u00a0"}]},{"@type":"WebSite","@id":"https:\/\/quehacerpolitico.mx\/#website","url":"https:\/\/quehacerpolitico.mx\/","name":"","description":"","potentialAction":[{"@type":"SearchAction","target":{"@type":"EntryPoint","urlTemplate":"https:\/\/quehacerpolitico.mx\/?s={search_term_string}"},"query-input":{"@type":"PropertyValueSpecification","valueRequired":true,"valueName":"search_term_string"}}],"inLanguage":"es"},{"@type":"Person","@id":"https:\/\/quehacerpolitico.mx\/#\/schema\/person\/496d8ad2d1d3f8036101dca7ee39e585","name":"Redacci\u00f3n QP","image":{"@type":"ImageObject","inLanguage":"es","@id":"https:\/\/secure.gravatar.com\/avatar\/c7164ed6fdec453195284ad24a5ae5b6e1eed2b848477fa2a4787ba9adf39a41?s=96&d=mm&r=g","url":"https:\/\/secure.gravatar.com\/avatar\/c7164ed6fdec453195284ad24a5ae5b6e1eed2b848477fa2a4787ba9adf39a41?s=96&d=mm&r=g","contentUrl":"https:\/\/secure.gravatar.com\/avatar\/c7164ed6fdec453195284ad24a5ae5b6e1eed2b848477fa2a4787ba9adf39a41?s=96&d=mm&r=g","caption":"Redacci\u00f3n QP"},"url":"https:\/\/quehacerpolitico.mx\/?author=2"}]}},"featured_image_urls":{"full":["https:\/\/quehacerpolitico.mx\/wp-content\/uploads\/2022\/03\/3B6D42B3-047F-43DB-BE36-67C11F229BF5.jpeg",795,386,false],"thumbnail":["https:\/\/quehacerpolitico.mx\/wp-content\/uploads\/2022\/03\/3B6D42B3-047F-43DB-BE36-67C11F229BF5-150x150.jpeg",150,150,true],"medium":["https:\/\/quehacerpolitico.mx\/wp-content\/uploads\/2022\/03\/3B6D42B3-047F-43DB-BE36-67C11F229BF5-300x146.jpeg",300,146,true],"medium_large":["https:\/\/quehacerpolitico.mx\/wp-content\/uploads\/2022\/03\/3B6D42B3-047F-43DB-BE36-67C11F229BF5-768x373.jpeg",640,311,true],"large":["https:\/\/quehacerpolitico.mx\/wp-content\/uploads\/2022\/03\/3B6D42B3-047F-43DB-BE36-67C11F229BF5.jpeg",640,311,false],"1536x1536":["https:\/\/quehacerpolitico.mx\/wp-content\/uploads\/2022\/03\/3B6D42B3-047F-43DB-BE36-67C11F229BF5.jpeg",795,386,false],"2048x2048":["https:\/\/quehacerpolitico.mx\/wp-content\/uploads\/2022\/03\/3B6D42B3-047F-43DB-BE36-67C11F229BF5.jpeg",795,386,false],"covernews-featured":["https:\/\/quehacerpolitico.mx\/wp-content\/uploads\/2022\/03\/3B6D42B3-047F-43DB-BE36-67C11F229BF5.jpeg",795,386,false],"covernews-medium":["https:\/\/quehacerpolitico.mx\/wp-content\/uploads\/2022\/03\/3B6D42B3-047F-43DB-BE36-67C11F229BF5.jpeg",540,262,false]},"author_info":{"display_name":"Redacci\u00f3n QP","author_link":"https:\/\/quehacerpolitico.mx\/?author=2"},"category_info":"<a href=\"https:\/\/quehacerpolitico.mx\/?cat=55\" rel=\"category\">CDMX<\/a>","tag_info":"CDMX","comment_count":"0","_links":{"self":[{"href":"https:\/\/quehacerpolitico.mx\/index.php?rest_route=\/wp\/v2\/posts\/90835","targetHints":{"allow":["GET"]}}],"collection":[{"href":"https:\/\/quehacerpolitico.mx\/index.php?rest_route=\/wp\/v2\/posts"}],"about":[{"href":"https:\/\/quehacerpolitico.mx\/index.php?rest_route=\/wp\/v2\/types\/post"}],"author":[{"embeddable":true,"href":"https:\/\/quehacerpolitico.mx\/index.php?rest_route=\/wp\/v2\/users\/2"}],"replies":[{"embeddable":true,"href":"https:\/\/quehacerpolitico.mx\/index.php?rest_route=%2Fwp%2Fv2%2Fcomments&post=90835"}],"version-history":[{"count":1,"href":"https:\/\/quehacerpolitico.mx\/index.php?rest_route=\/wp\/v2\/posts\/90835\/revisions"}],"predecessor-version":[{"id":90837,"href":"https:\/\/quehacerpolitico.mx\/index.php?rest_route=\/wp\/v2\/posts\/90835\/revisions\/90837"}],"wp:featuredmedia":[{"embeddable":true,"href":"https:\/\/quehacerpolitico.mx\/index.php?rest_route=\/wp\/v2\/media\/90836"}],"wp:attachment":[{"href":"https:\/\/quehacerpolitico.mx\/index.php?rest_route=%2Fwp%2Fv2%2Fmedia&parent=90835"}],"wp:term":[{"taxonomy":"category","embeddable":true,"href":"https:\/\/quehacerpolitico.mx\/index.php?rest_route=%2Fwp%2Fv2%2Fcategories&post=90835"},{"taxonomy":"post_tag","embeddable":true,"href":"https:\/\/quehacerpolitico.mx\/index.php?rest_route=%2Fwp%2Fv2%2Ftags&post=90835"}],"curies":[{"name":"wp","href":"https:\/\/api.w.org\/{rel}","templated":true}]}}