{"id":90792,"date":"2022-03-19T20:18:17","date_gmt":"2022-03-19T20:18:17","guid":{"rendered":"https:\/\/quehacerpolitico.mx\/?p=90792"},"modified":"2022-03-19T20:18:20","modified_gmt":"2022-03-19T20:18:20","slug":"policias-de-zacatecas-protestan-para-exigir-remocion-de-mandos","status":"publish","type":"post","link":"https:\/\/quehacerpolitico.mx\/?p=90792","title":{"rendered":"Polic\u00edas de Zacatecas protestan para exigir remoci\u00f3n de mandos\u00a0"},"content":{"rendered":"\n<p>Por Redacci\u00f3n QP<\/p>\n\n\n\n<p>Polic\u00edas se manifiestan para exigir la remoci\u00f3n de tres mandos, adem\u00e1s de entregar un pliego petitorio<\/p>\n\n\n\n<p>Un grupo de polic\u00edas estatales se manifestaron afuera de la Secretar\u00eda de Seguridad P\u00fablica de\u00a0Zacatecas <strong>para exigir la remoci\u00f3n de tres mandos, adem\u00e1s de entregar un pliego petitorio<\/strong>, donde tambi\u00e9n solicitan que se establezcan pol\u00edticas de apoyo a las familias y beneficiarios de los elementos ca\u00eddos en cumplimiento de su deber y piden\u00a0<strong>establecer a la brevedad una mesa de di\u00e1logo con el secretario de Seguridad<\/strong>, Adolfo Mar\u00edn Mar\u00edn.<\/p>\n\n\n\n<p>Los manifestantes, que<strong>\u00a0en su mayor\u00eda tra\u00edan cubierto sus rostros<\/strong>, se apostaron afuera de las instalaciones de la corporaci\u00f3n en exigencia de no iniciar sus turnos de trabajo hasta que se entablara comunicaci\u00f3n directa con el titular de la SSP, quienes\u00a0<strong>no quisieron dar declaraciones a la prensa &#8220;para no ser identificados&#8221;<\/strong>, solo compartieron copia del pliego petitorio.<\/p>\n\n\n\n<p>En el documento, el personal operativo de la corporaci\u00f3n estatal solicita la destituci\u00f3n de Jos\u00e9 Aciano Medrano, subsecretario de Seguridad P\u00fablica e Inteligencia Policial; Israel Reyes Garc\u00eda, encargado del despacho de la Direcci\u00f3n de la Polic\u00eda Estatal Preventiva; as\u00ed como de Lizbeth Takahashi Casta\u00f1eda, jefa de la Divisi\u00f3n de las Fuerzas Estatales, a quienes se les se\u00f1ala de &#8220;actuar de manera prepotente y altanera en contra del personal&#8221; y que &#8220;amenazan y hostigan a quien no es a fin s sus intereses&#8221;.<\/p>\n\n\n\n<p>Se menciona que el personal operativo&nbsp;<strong>est\u00e1 inconforme con dichos mandos<\/strong>, tras considerar que &#8220;en lugar de estar combatiendo la delincuencia&#8221;&nbsp;<strong>est\u00e1n oblig\u00e1ndolos a renunciar<\/strong>, adem\u00e1s de acusarlos de que son exagentes federales que en algunos operativos&nbsp;<strong>han incurrido en &#8220;actos ilegales&#8221;<\/strong>, incluso, relatan que en unos eventos se ponen en riesgo al dem\u00e1s personal de que \u00e9stos sean puestos a disposici\u00f3n del Ministerio P\u00fablico o sean vinculados a proceso.<\/p>\n\n\n\n<p>Por tal raz\u00f3n, al secretario de Seguridad le exigen que esos espacios ser\u00e1n ocupados por polic\u00edas zacatecanos, al se\u00f1alar que a los ex polic\u00edas federales se les da mayores beneficios y se advierte que quieren &#8220;evitar que pase lo que en otros estados y tener que sacar a estas personas por la fuerza&#8221;.<\/p>\n\n\n\n<p>De igual manera, en el pliego petitorio, los polic\u00edas operativos\u00a0<strong>piden que se garantice los beneficios para sus familias<\/strong>\u00a0<strong>en caso de perder la vida<\/strong>, al argumentar que desconocen los alcances del seguro de vida y se establezcan las pol\u00edticas de apoyo para los beneficiarios de los elementos ca\u00eddos en cumplimiento de su deber.<\/p>\n\n\n\n<p>Tambi\u00e9n se pide &#8220;reacci\u00f3n, estrategia y acciones contundentes para evitar que el personal operativo de la Polic\u00eda Estatal sea v\u00edctima de atentados por parte de la delincuencia organizada&#8221;.<\/p>\n\n\n\n<p>De igual manera,\u00a0<strong>se solicita que se les administre de uniformes y equipo t\u00e1ctico dos veces al a\u00f1o<\/strong>, renovaci\u00f3n del equipo de chalecos antibalas, al asegurar que la mayor\u00eda\u00a0<strong>se encuentran caducos<\/strong>; mejor presupuesto para los alimentos en donde se encuentre destacamentada la Polic\u00eda Estatal; as\u00ed como reorganizaci\u00f3n de la distribuci\u00f3n de las unidades y mejores condiciones en estos lugares.<\/p>\n\n\n\n<p>Con informaci\u00f3n de SUN<\/p>\n","protected":false},"excerpt":{"rendered":"<p>Por Redacci\u00f3n QP Polic\u00edas se manifiestan para exigir la remoci\u00f3n de tres mandos, adem\u00e1s de&#8230;<\/p>\n","protected":false},"author":2,"featured_media":90793,"comment_status":"open","ping_status":"open","sticky":false,"template":"","format":"standard","meta":{"_monsterinsights_skip_tracking":false,"_monsterinsights_sitenote_active":false,"_monsterinsights_sitenote_note":"","_monsterinsights_sitenote_category":0,"footnotes":""},"categories":[2],"tags":[],"class_list":["post-90792","post","type-post","status-publish","format-standard","has-post-thumbnail","hentry","category-noticias"],"yoast_head":"<!-- This site is optimized with the Yoast SEO plugin v27.3 - https:\/\/yoast.com\/product\/yoast-seo-wordpress\/ -->\n<title>Polic\u00edas de Zacatecas protestan para exigir remoci\u00f3n de mandos\u00a0 -<\/title>\n<meta name=\"robots\" content=\"index, follow, max-snippet:-1, max-image-preview:large, max-video-preview:-1\" \/>\n<link rel=\"canonical\" href=\"https:\/\/quehacerpolitico.mx\/?p=90792\" \/>\n<meta property=\"og:locale\" content=\"es_MX\" \/>\n<meta property=\"og:type\" content=\"article\" \/>\n<meta property=\"og:title\" content=\"Polic\u00edas de Zacatecas protestan para exigir remoci\u00f3n de mandos\u00a0 -\" \/>\n<meta property=\"og:description\" content=\"Por Redacci\u00f3n QP Polic\u00edas se manifiestan para exigir la remoci\u00f3n de tres mandos, adem\u00e1s de...\" \/>\n<meta property=\"og:url\" content=\"https:\/\/quehacerpolitico.mx\/?p=90792\" \/>\n<meta property=\"article:published_time\" content=\"2022-03-19T20:18:17+00:00\" \/>\n<meta property=\"article:modified_time\" content=\"2022-03-19T20:18:20+00:00\" \/>\n<meta property=\"og:image\" content=\"https:\/\/quehacerpolitico.mx\/wp-content\/uploads\/2022\/03\/FCD8FA54-54EE-4783-AA5D-1A793FD640F1.jpeg\" \/>\n\t<meta property=\"og:image:width\" content=\"768\" \/>\n\t<meta property=\"og:image:height\" content=\"479\" \/>\n\t<meta property=\"og:image:type\" content=\"image\/jpeg\" \/>\n<meta name=\"author\" content=\"Redacci\u00f3n QP\" \/>\n<meta name=\"twitter:card\" content=\"summary_large_image\" \/>\n<meta name=\"twitter:label1\" content=\"Escrito por\" \/>\n\t<meta name=\"twitter:data1\" content=\"Redacci\u00f3n QP\" \/>\n\t<meta name=\"twitter:label2\" content=\"Tiempo de lectura\" \/>\n\t<meta name=\"twitter:data2\" content=\"3 minutos\" \/>\n<script type=\"application\/ld+json\" class=\"yoast-schema-graph\">{\"@context\":\"https:\\\/\\\/schema.org\",\"@graph\":[{\"@type\":\"Article\",\"@id\":\"https:\\\/\\\/quehacerpolitico.mx\\\/?p=90792#article\",\"isPartOf\":{\"@id\":\"https:\\\/\\\/quehacerpolitico.mx\\\/?p=90792\"},\"author\":{\"name\":\"Redacci\u00f3n QP\",\"@id\":\"https:\\\/\\\/quehacerpolitico.mx\\\/#\\\/schema\\\/person\\\/496d8ad2d1d3f8036101dca7ee39e585\"},\"headline\":\"Polic\u00edas de Zacatecas protestan para exigir remoci\u00f3n de mandos\u00a0\",\"datePublished\":\"2022-03-19T20:18:17+00:00\",\"dateModified\":\"2022-03-19T20:18:20+00:00\",\"mainEntityOfPage\":{\"@id\":\"https:\\\/\\\/quehacerpolitico.mx\\\/?p=90792\"},\"wordCount\":566,\"commentCount\":0,\"image\":{\"@id\":\"https:\\\/\\\/quehacerpolitico.mx\\\/?p=90792#primaryimage\"},\"thumbnailUrl\":\"https:\\\/\\\/quehacerpolitico.mx\\\/wp-content\\\/uploads\\\/2022\\\/03\\\/FCD8FA54-54EE-4783-AA5D-1A793FD640F1.jpeg\",\"articleSection\":[\"Noticias\"],\"inLanguage\":\"es\",\"potentialAction\":[{\"@type\":\"CommentAction\",\"name\":\"Comment\",\"target\":[\"https:\\\/\\\/quehacerpolitico.mx\\\/?p=90792#respond\"]}]},{\"@type\":\"WebPage\",\"@id\":\"https:\\\/\\\/quehacerpolitico.mx\\\/?p=90792\",\"url\":\"https:\\\/\\\/quehacerpolitico.mx\\\/?p=90792\",\"name\":\"Polic\u00edas de Zacatecas protestan para exigir remoci\u00f3n de mandos\u00a0 -\",\"isPartOf\":{\"@id\":\"https:\\\/\\\/quehacerpolitico.mx\\\/#website\"},\"primaryImageOfPage\":{\"@id\":\"https:\\\/\\\/quehacerpolitico.mx\\\/?p=90792#primaryimage\"},\"image\":{\"@id\":\"https:\\\/\\\/quehacerpolitico.mx\\\/?p=90792#primaryimage\"},\"thumbnailUrl\":\"https:\\\/\\\/quehacerpolitico.mx\\\/wp-content\\\/uploads\\\/2022\\\/03\\\/FCD8FA54-54EE-4783-AA5D-1A793FD640F1.jpeg\",\"datePublished\":\"2022-03-19T20:18:17+00:00\",\"dateModified\":\"2022-03-19T20:18:20+00:00\",\"author\":{\"@id\":\"https:\\\/\\\/quehacerpolitico.mx\\\/#\\\/schema\\\/person\\\/496d8ad2d1d3f8036101dca7ee39e585\"},\"breadcrumb\":{\"@id\":\"https:\\\/\\\/quehacerpolitico.mx\\\/?p=90792#breadcrumb\"},\"inLanguage\":\"es\",\"potentialAction\":[{\"@type\":\"ReadAction\",\"target\":[\"https:\\\/\\\/quehacerpolitico.mx\\\/?p=90792\"]}]},{\"@type\":\"ImageObject\",\"inLanguage\":\"es\",\"@id\":\"https:\\\/\\\/quehacerpolitico.mx\\\/?p=90792#primaryimage\",\"url\":\"https:\\\/\\\/quehacerpolitico.mx\\\/wp-content\\\/uploads\\\/2022\\\/03\\\/FCD8FA54-54EE-4783-AA5D-1A793FD640F1.jpeg\",\"contentUrl\":\"https:\\\/\\\/quehacerpolitico.mx\\\/wp-content\\\/uploads\\\/2022\\\/03\\\/FCD8FA54-54EE-4783-AA5D-1A793FD640F1.jpeg\",\"width\":768,\"height\":479},{\"@type\":\"BreadcrumbList\",\"@id\":\"https:\\\/\\\/quehacerpolitico.mx\\\/?p=90792#breadcrumb\",\"itemListElement\":[{\"@type\":\"ListItem\",\"position\":1,\"name\":\"Inicio\",\"item\":\"https:\\\/\\\/quehacerpolitico.mx\\\/\"},{\"@type\":\"ListItem\",\"position\":2,\"name\":\"Polic\u00edas de Zacatecas protestan para exigir remoci\u00f3n de mandos\u00a0\"}]},{\"@type\":\"WebSite\",\"@id\":\"https:\\\/\\\/quehacerpolitico.mx\\\/#website\",\"url\":\"https:\\\/\\\/quehacerpolitico.mx\\\/\",\"name\":\"\",\"description\":\"\",\"potentialAction\":[{\"@type\":\"SearchAction\",\"target\":{\"@type\":\"EntryPoint\",\"urlTemplate\":\"https:\\\/\\\/quehacerpolitico.mx\\\/?s={search_term_string}\"},\"query-input\":{\"@type\":\"PropertyValueSpecification\",\"valueRequired\":true,\"valueName\":\"search_term_string\"}}],\"inLanguage\":\"es\"},{\"@type\":\"Person\",\"@id\":\"https:\\\/\\\/quehacerpolitico.mx\\\/#\\\/schema\\\/person\\\/496d8ad2d1d3f8036101dca7ee39e585\",\"name\":\"Redacci\u00f3n QP\",\"image\":{\"@type\":\"ImageObject\",\"inLanguage\":\"es\",\"@id\":\"https:\\\/\\\/secure.gravatar.com\\\/avatar\\\/c7164ed6fdec453195284ad24a5ae5b6e1eed2b848477fa2a4787ba9adf39a41?s=96&d=mm&r=g\",\"url\":\"https:\\\/\\\/secure.gravatar.com\\\/avatar\\\/c7164ed6fdec453195284ad24a5ae5b6e1eed2b848477fa2a4787ba9adf39a41?s=96&d=mm&r=g\",\"contentUrl\":\"https:\\\/\\\/secure.gravatar.com\\\/avatar\\\/c7164ed6fdec453195284ad24a5ae5b6e1eed2b848477fa2a4787ba9adf39a41?s=96&d=mm&r=g\",\"caption\":\"Redacci\u00f3n QP\"},\"url\":\"https:\\\/\\\/quehacerpolitico.mx\\\/?author=2\"}]}<\/script>\n<!-- \/ Yoast SEO plugin. -->","yoast_head_json":{"title":"Polic\u00edas de Zacatecas protestan para exigir remoci\u00f3n de mandos\u00a0 -","robots":{"index":"index","follow":"follow","max-snippet":"max-snippet:-1","max-image-preview":"max-image-preview:large","max-video-preview":"max-video-preview:-1"},"canonical":"https:\/\/quehacerpolitico.mx\/?p=90792","og_locale":"es_MX","og_type":"article","og_title":"Polic\u00edas de Zacatecas protestan para exigir remoci\u00f3n de mandos\u00a0 -","og_description":"Por Redacci\u00f3n QP Polic\u00edas se manifiestan para exigir la remoci\u00f3n de tres mandos, adem\u00e1s de...","og_url":"https:\/\/quehacerpolitico.mx\/?p=90792","article_published_time":"2022-03-19T20:18:17+00:00","article_modified_time":"2022-03-19T20:18:20+00:00","og_image":[{"width":768,"height":479,"url":"https:\/\/quehacerpolitico.mx\/wp-content\/uploads\/2022\/03\/FCD8FA54-54EE-4783-AA5D-1A793FD640F1.jpeg","type":"image\/jpeg"}],"author":"Redacci\u00f3n QP","twitter_card":"summary_large_image","twitter_misc":{"Escrito por":"Redacci\u00f3n QP","Tiempo de lectura":"3 minutos"},"schema":{"@context":"https:\/\/schema.org","@graph":[{"@type":"Article","@id":"https:\/\/quehacerpolitico.mx\/?p=90792#article","isPartOf":{"@id":"https:\/\/quehacerpolitico.mx\/?p=90792"},"author":{"name":"Redacci\u00f3n QP","@id":"https:\/\/quehacerpolitico.mx\/#\/schema\/person\/496d8ad2d1d3f8036101dca7ee39e585"},"headline":"Polic\u00edas de Zacatecas protestan para exigir remoci\u00f3n de mandos\u00a0","datePublished":"2022-03-19T20:18:17+00:00","dateModified":"2022-03-19T20:18:20+00:00","mainEntityOfPage":{"@id":"https:\/\/quehacerpolitico.mx\/?p=90792"},"wordCount":566,"commentCount":0,"image":{"@id":"https:\/\/quehacerpolitico.mx\/?p=90792#primaryimage"},"thumbnailUrl":"https:\/\/quehacerpolitico.mx\/wp-content\/uploads\/2022\/03\/FCD8FA54-54EE-4783-AA5D-1A793FD640F1.jpeg","articleSection":["Noticias"],"inLanguage":"es","potentialAction":[{"@type":"CommentAction","name":"Comment","target":["https:\/\/quehacerpolitico.mx\/?p=90792#respond"]}]},{"@type":"WebPage","@id":"https:\/\/quehacerpolitico.mx\/?p=90792","url":"https:\/\/quehacerpolitico.mx\/?p=90792","name":"Polic\u00edas de Zacatecas protestan para exigir remoci\u00f3n de mandos\u00a0 -","isPartOf":{"@id":"https:\/\/quehacerpolitico.mx\/#website"},"primaryImageOfPage":{"@id":"https:\/\/quehacerpolitico.mx\/?p=90792#primaryimage"},"image":{"@id":"https:\/\/quehacerpolitico.mx\/?p=90792#primaryimage"},"thumbnailUrl":"https:\/\/quehacerpolitico.mx\/wp-content\/uploads\/2022\/03\/FCD8FA54-54EE-4783-AA5D-1A793FD640F1.jpeg","datePublished":"2022-03-19T20:18:17+00:00","dateModified":"2022-03-19T20:18:20+00:00","author":{"@id":"https:\/\/quehacerpolitico.mx\/#\/schema\/person\/496d8ad2d1d3f8036101dca7ee39e585"},"breadcrumb":{"@id":"https:\/\/quehacerpolitico.mx\/?p=90792#breadcrumb"},"inLanguage":"es","potentialAction":[{"@type":"ReadAction","target":["https:\/\/quehacerpolitico.mx\/?p=90792"]}]},{"@type":"ImageObject","inLanguage":"es","@id":"https:\/\/quehacerpolitico.mx\/?p=90792#primaryimage","url":"https:\/\/quehacerpolitico.mx\/wp-content\/uploads\/2022\/03\/FCD8FA54-54EE-4783-AA5D-1A793FD640F1.jpeg","contentUrl":"https:\/\/quehacerpolitico.mx\/wp-content\/uploads\/2022\/03\/FCD8FA54-54EE-4783-AA5D-1A793FD640F1.jpeg","width":768,"height":479},{"@type":"BreadcrumbList","@id":"https:\/\/quehacerpolitico.mx\/?p=90792#breadcrumb","itemListElement":[{"@type":"ListItem","position":1,"name":"Inicio","item":"https:\/\/quehacerpolitico.mx\/"},{"@type":"ListItem","position":2,"name":"Polic\u00edas de Zacatecas protestan para exigir remoci\u00f3n de mandos\u00a0"}]},{"@type":"WebSite","@id":"https:\/\/quehacerpolitico.mx\/#website","url":"https:\/\/quehacerpolitico.mx\/","name":"","description":"","potentialAction":[{"@type":"SearchAction","target":{"@type":"EntryPoint","urlTemplate":"https:\/\/quehacerpolitico.mx\/?s={search_term_string}"},"query-input":{"@type":"PropertyValueSpecification","valueRequired":true,"valueName":"search_term_string"}}],"inLanguage":"es"},{"@type":"Person","@id":"https:\/\/quehacerpolitico.mx\/#\/schema\/person\/496d8ad2d1d3f8036101dca7ee39e585","name":"Redacci\u00f3n QP","image":{"@type":"ImageObject","inLanguage":"es","@id":"https:\/\/secure.gravatar.com\/avatar\/c7164ed6fdec453195284ad24a5ae5b6e1eed2b848477fa2a4787ba9adf39a41?s=96&d=mm&r=g","url":"https:\/\/secure.gravatar.com\/avatar\/c7164ed6fdec453195284ad24a5ae5b6e1eed2b848477fa2a4787ba9adf39a41?s=96&d=mm&r=g","contentUrl":"https:\/\/secure.gravatar.com\/avatar\/c7164ed6fdec453195284ad24a5ae5b6e1eed2b848477fa2a4787ba9adf39a41?s=96&d=mm&r=g","caption":"Redacci\u00f3n QP"},"url":"https:\/\/quehacerpolitico.mx\/?author=2"}]}},"featured_image_urls":{"full":["https:\/\/quehacerpolitico.mx\/wp-content\/uploads\/2022\/03\/FCD8FA54-54EE-4783-AA5D-1A793FD640F1.jpeg",768,479,false],"thumbnail":["https:\/\/quehacerpolitico.mx\/wp-content\/uploads\/2022\/03\/FCD8FA54-54EE-4783-AA5D-1A793FD640F1-150x150.jpeg",150,150,true],"medium":["https:\/\/quehacerpolitico.mx\/wp-content\/uploads\/2022\/03\/FCD8FA54-54EE-4783-AA5D-1A793FD640F1-300x187.jpeg",300,187,true],"medium_large":["https:\/\/quehacerpolitico.mx\/wp-content\/uploads\/2022\/03\/FCD8FA54-54EE-4783-AA5D-1A793FD640F1.jpeg",640,399,false],"large":["https:\/\/quehacerpolitico.mx\/wp-content\/uploads\/2022\/03\/FCD8FA54-54EE-4783-AA5D-1A793FD640F1.jpeg",640,399,false],"1536x1536":["https:\/\/quehacerpolitico.mx\/wp-content\/uploads\/2022\/03\/FCD8FA54-54EE-4783-AA5D-1A793FD640F1.jpeg",768,479,false],"2048x2048":["https:\/\/quehacerpolitico.mx\/wp-content\/uploads\/2022\/03\/FCD8FA54-54EE-4783-AA5D-1A793FD640F1.jpeg",768,479,false],"covernews-featured":["https:\/\/quehacerpolitico.mx\/wp-content\/uploads\/2022\/03\/FCD8FA54-54EE-4783-AA5D-1A793FD640F1.jpeg",768,479,false],"covernews-medium":["https:\/\/quehacerpolitico.mx\/wp-content\/uploads\/2022\/03\/FCD8FA54-54EE-4783-AA5D-1A793FD640F1.jpeg",540,337,false]},"author_info":{"display_name":"Redacci\u00f3n QP","author_link":"https:\/\/quehacerpolitico.mx\/?author=2"},"category_info":"<a href=\"https:\/\/quehacerpolitico.mx\/?cat=2\" rel=\"category\">Noticias<\/a>","tag_info":"Noticias","comment_count":"0","_links":{"self":[{"href":"https:\/\/quehacerpolitico.mx\/index.php?rest_route=\/wp\/v2\/posts\/90792","targetHints":{"allow":["GET"]}}],"collection":[{"href":"https:\/\/quehacerpolitico.mx\/index.php?rest_route=\/wp\/v2\/posts"}],"about":[{"href":"https:\/\/quehacerpolitico.mx\/index.php?rest_route=\/wp\/v2\/types\/post"}],"author":[{"embeddable":true,"href":"https:\/\/quehacerpolitico.mx\/index.php?rest_route=\/wp\/v2\/users\/2"}],"replies":[{"embeddable":true,"href":"https:\/\/quehacerpolitico.mx\/index.php?rest_route=%2Fwp%2Fv2%2Fcomments&post=90792"}],"version-history":[{"count":1,"href":"https:\/\/quehacerpolitico.mx\/index.php?rest_route=\/wp\/v2\/posts\/90792\/revisions"}],"predecessor-version":[{"id":90794,"href":"https:\/\/quehacerpolitico.mx\/index.php?rest_route=\/wp\/v2\/posts\/90792\/revisions\/90794"}],"wp:featuredmedia":[{"embeddable":true,"href":"https:\/\/quehacerpolitico.mx\/index.php?rest_route=\/wp\/v2\/media\/90793"}],"wp:attachment":[{"href":"https:\/\/quehacerpolitico.mx\/index.php?rest_route=%2Fwp%2Fv2%2Fmedia&parent=90792"}],"wp:term":[{"taxonomy":"category","embeddable":true,"href":"https:\/\/quehacerpolitico.mx\/index.php?rest_route=%2Fwp%2Fv2%2Fcategories&post=90792"},{"taxonomy":"post_tag","embeddable":true,"href":"https:\/\/quehacerpolitico.mx\/index.php?rest_route=%2Fwp%2Fv2%2Ftags&post=90792"}],"curies":[{"name":"wp","href":"https:\/\/api.w.org\/{rel}","templated":true}]}}