{"id":90605,"date":"2022-03-14T16:33:42","date_gmt":"2022-03-14T16:33:42","guid":{"rendered":"https:\/\/quehacerpolitico.mx\/?p=90605"},"modified":"2022-03-14T16:33:46","modified_gmt":"2022-03-14T16:33:46","slug":"ricardo-anaya-exige-regreso-de-escuelas-de-tiempo-completo","status":"publish","type":"post","link":"https:\/\/quehacerpolitico.mx\/?p=90605","title":{"rendered":"Ricardo Anaya exige regreso de escuelas de tiempo completo\u00a0"},"content":{"rendered":"\n<p>Por Redacci\u00f3n QP<\/p>\n\n\n\n<p>&#8220;\u00bfPor qu\u00e9 ese empe\u00f1o en destruir lo que s\u00ed funciona?&#8221;, cuestiona el excandidato presidencial, Ricardo Anaya<\/p>\n\n\n\n<p>El excandidato presidencial, Ricardo Anaya,\u00a0<strong>lament\u00f3 a la cancelaci\u00f3n del programa de escuelas de tiempo completo, y exigi\u00f3 su regreso<\/strong>.<\/p>\n\n\n\n<figure class=\"wp-block-embed is-type-video is-provider-youtube wp-block-embed-youtube wp-embed-aspect-16-9 wp-has-aspect-ratio\"><div class=\"wp-block-embed__wrapper\">\n<iframe loading=\"lazy\" title=\"\u00bfPor qu\u00e9 destruye lo que s\u00ed funciona?\" width=\"640\" height=\"360\" src=\"https:\/\/www.youtube.com\/embed\/W_7dUPAiYCU?feature=oembed\" frameborder=\"0\" allow=\"accelerometer; autoplay; clipboard-write; encrypted-media; gyroscope; picture-in-picture; web-share\" referrerpolicy=\"strict-origin-when-cross-origin\" allowfullscreen><\/iframe>\n<\/div><\/figure>\n\n\n\n<p><strong>&#8220;Reconsideren, mantengan lo que s\u00ed funciona<\/strong>, no desaparezcan de un plumazo un buen programa como el de las escuelas de tiempo completo. Apuesten todo por la educaci\u00f3n de los ni\u00f1os y j\u00f3venes.<strong>\u00a0No hay futuro sin educaci\u00f3n de calidad&#8221;<\/strong>, declar\u00f3 en un nuevo video que comparti\u00f3 en sus redes sociales.<\/p>\n\n\n\n<p>El panista cuestion\u00f3: &#8220;\u00bfCuarta transformaci\u00f3n o destrucci\u00f3n de cuarta?,\u00a0<strong>Porque presumen que transforman, pero lo que hacen es destruir&#8221;<\/strong>,<br>Record\u00f3 que el programa naci\u00f3 en 2007, y se hab\u00eda logrado incorporar a 27 mil escuelas en beneficio de casi 4 millones de ni\u00f1os y padres, especialmente a madres solteras.<\/p>\n\n\n\n<p>&#8220;Porque los ni\u00f1os se quedaban m\u00e1s tiempo en la escuela, pod\u00edan hacer sus tareas o aprender un idioma, hacer deporte, tocar un instrumento musical. Y sus pap\u00e1s pod\u00edan terminar su jornada en el trabajo, con la tranquilidad de que los ni\u00f1os estaban seguros y bien cuidados&#8221;, expuso.<\/p>\n\n\n\n<p>Adem\u00e1s, continu\u00f3, en las escuelas de tiempo completo\u00a0<strong>se daba a los ni\u00f1os &#8220;una comida nutritiva<\/strong>, y ya sabemos que esto es clave para el desarrollo f\u00edsico y mental de los ni\u00f1os. O sea, por donde lo vean el programa era bueno. Lo que hab\u00eda que hacer era ampliarlo y mejorarlo&#8221;.<\/p>\n\n\n\n<p><strong>&#8220;\u00bfPor qu\u00e9 ese empe\u00f1o en destruir lo que s\u00ed funciona?&#8221;<\/strong>, cuestion\u00f3.<\/p>\n\n\n\n<p>Ricardo Anaya enumer\u00f3 algunas de las instituciones y programas que se han cancelado en estos tres a\u00f1os de gobierno de L\u00f3pez Obrador: las estancias infantiles; los refugios para mujeres v\u00edctimas de violencia; el Seguro Popular; el INEE y los fideicomisos &#8220;para atender enfermedades especiales o para apoyar a deportistas o para atender desastres naturales&#8221;, entre otros.<\/p>\n\n\n\n<p>Lo peor de la cancelaci\u00f3n del programa de escuelas de tiempo completo, asever\u00f3, es &#8220;el pretexto: seg\u00fan ellos, para ahorrarse 5 mil millones de pesos&#8221;, cuando, por ejemplo, &#8220;la in\u00fatil consulta de revocaci\u00f3n de mandato costar\u00e1 4 mil millones&#8221;; 45 mil millones este a\u00f1o para &#8220;la absurda refiner\u00eda de Dos Bocas&#8221;; y 224 mil millones de p\u00e9rdidas de Pemex, solo en 2021.<\/p>\n\n\n\n<p><strong>&#8220;Cancelar los sue\u00f1os y el futuro de 4 millones de ni\u00f1os, por el capricho de un solo hombre<\/strong>. No piensan, no eval\u00faan, no les importan las causas ni las consecuencias. Sus dos br\u00fajulas son la ocurrencia y la venganza. Ya lo hemos dicho: no son iguales, resultaron peores&#8221;, concluy\u00f3.<\/p>\n\n\n\n<p>Con informaci\u00f3n de SUN<\/p>\n","protected":false},"excerpt":{"rendered":"<p>Por Redacci\u00f3n QP &#8220;\u00bfPor qu\u00e9 ese empe\u00f1o en destruir lo que s\u00ed funciona?&#8221;, cuestiona el&#8230;<\/p>\n","protected":false},"author":2,"featured_media":90606,"comment_status":"open","ping_status":"open","sticky":false,"template":"","format":"standard","meta":{"_monsterinsights_skip_tracking":false,"_monsterinsights_sitenote_active":false,"_monsterinsights_sitenote_note":"","_monsterinsights_sitenote_category":0,"footnotes":""},"categories":[2],"tags":[],"class_list":["post-90605","post","type-post","status-publish","format-standard","has-post-thumbnail","hentry","category-noticias"],"yoast_head":"<!-- This site is optimized with the Yoast SEO plugin v27.3 - https:\/\/yoast.com\/product\/yoast-seo-wordpress\/ -->\n<title>Ricardo Anaya exige regreso de escuelas de tiempo completo\u00a0 -<\/title>\n<meta name=\"robots\" content=\"index, follow, max-snippet:-1, max-image-preview:large, max-video-preview:-1\" \/>\n<link rel=\"canonical\" href=\"https:\/\/quehacerpolitico.mx\/?p=90605\" \/>\n<meta property=\"og:locale\" content=\"es_MX\" \/>\n<meta property=\"og:type\" content=\"article\" \/>\n<meta property=\"og:title\" content=\"Ricardo Anaya exige regreso de escuelas de tiempo completo\u00a0 -\" \/>\n<meta property=\"og:description\" content=\"Por Redacci\u00f3n QP &#8220;\u00bfPor qu\u00e9 ese empe\u00f1o en destruir lo que s\u00ed funciona?&#8221;, cuestiona el...\" \/>\n<meta property=\"og:url\" content=\"https:\/\/quehacerpolitico.mx\/?p=90605\" \/>\n<meta property=\"article:published_time\" content=\"2022-03-14T16:33:42+00:00\" \/>\n<meta property=\"article:modified_time\" content=\"2022-03-14T16:33:46+00:00\" \/>\n<meta property=\"og:image\" content=\"https:\/\/quehacerpolitico.mx\/wp-content\/uploads\/2022\/03\/4013B4F5-8EEE-4C7D-B5B9-22A5CB02B656.jpeg\" \/>\n\t<meta property=\"og:image:width\" content=\"1284\" \/>\n\t<meta property=\"og:image:height\" content=\"704\" \/>\n\t<meta property=\"og:image:type\" content=\"image\/jpeg\" \/>\n<meta name=\"author\" content=\"Redacci\u00f3n QP\" \/>\n<meta name=\"twitter:card\" content=\"summary_large_image\" \/>\n<meta name=\"twitter:label1\" content=\"Escrito por\" \/>\n\t<meta name=\"twitter:data1\" content=\"Redacci\u00f3n QP\" \/>\n\t<meta name=\"twitter:label2\" content=\"Tiempo de lectura\" \/>\n\t<meta name=\"twitter:data2\" content=\"2 minutos\" \/>\n<script type=\"application\/ld+json\" class=\"yoast-schema-graph\">{\"@context\":\"https:\\\/\\\/schema.org\",\"@graph\":[{\"@type\":\"Article\",\"@id\":\"https:\\\/\\\/quehacerpolitico.mx\\\/?p=90605#article\",\"isPartOf\":{\"@id\":\"https:\\\/\\\/quehacerpolitico.mx\\\/?p=90605\"},\"author\":{\"name\":\"Redacci\u00f3n QP\",\"@id\":\"https:\\\/\\\/quehacerpolitico.mx\\\/#\\\/schema\\\/person\\\/496d8ad2d1d3f8036101dca7ee39e585\"},\"headline\":\"Ricardo Anaya exige regreso de escuelas de tiempo completo\u00a0\",\"datePublished\":\"2022-03-14T16:33:42+00:00\",\"dateModified\":\"2022-03-14T16:33:46+00:00\",\"mainEntityOfPage\":{\"@id\":\"https:\\\/\\\/quehacerpolitico.mx\\\/?p=90605\"},\"wordCount\":461,\"commentCount\":0,\"image\":{\"@id\":\"https:\\\/\\\/quehacerpolitico.mx\\\/?p=90605#primaryimage\"},\"thumbnailUrl\":\"https:\\\/\\\/quehacerpolitico.mx\\\/wp-content\\\/uploads\\\/2022\\\/03\\\/4013B4F5-8EEE-4C7D-B5B9-22A5CB02B656.jpeg\",\"articleSection\":[\"Noticias\"],\"inLanguage\":\"es\",\"potentialAction\":[{\"@type\":\"CommentAction\",\"name\":\"Comment\",\"target\":[\"https:\\\/\\\/quehacerpolitico.mx\\\/?p=90605#respond\"]}]},{\"@type\":\"WebPage\",\"@id\":\"https:\\\/\\\/quehacerpolitico.mx\\\/?p=90605\",\"url\":\"https:\\\/\\\/quehacerpolitico.mx\\\/?p=90605\",\"name\":\"Ricardo Anaya exige regreso de escuelas de tiempo completo\u00a0 -\",\"isPartOf\":{\"@id\":\"https:\\\/\\\/quehacerpolitico.mx\\\/#website\"},\"primaryImageOfPage\":{\"@id\":\"https:\\\/\\\/quehacerpolitico.mx\\\/?p=90605#primaryimage\"},\"image\":{\"@id\":\"https:\\\/\\\/quehacerpolitico.mx\\\/?p=90605#primaryimage\"},\"thumbnailUrl\":\"https:\\\/\\\/quehacerpolitico.mx\\\/wp-content\\\/uploads\\\/2022\\\/03\\\/4013B4F5-8EEE-4C7D-B5B9-22A5CB02B656.jpeg\",\"datePublished\":\"2022-03-14T16:33:42+00:00\",\"dateModified\":\"2022-03-14T16:33:46+00:00\",\"author\":{\"@id\":\"https:\\\/\\\/quehacerpolitico.mx\\\/#\\\/schema\\\/person\\\/496d8ad2d1d3f8036101dca7ee39e585\"},\"breadcrumb\":{\"@id\":\"https:\\\/\\\/quehacerpolitico.mx\\\/?p=90605#breadcrumb\"},\"inLanguage\":\"es\",\"potentialAction\":[{\"@type\":\"ReadAction\",\"target\":[\"https:\\\/\\\/quehacerpolitico.mx\\\/?p=90605\"]}]},{\"@type\":\"ImageObject\",\"inLanguage\":\"es\",\"@id\":\"https:\\\/\\\/quehacerpolitico.mx\\\/?p=90605#primaryimage\",\"url\":\"https:\\\/\\\/quehacerpolitico.mx\\\/wp-content\\\/uploads\\\/2022\\\/03\\\/4013B4F5-8EEE-4C7D-B5B9-22A5CB02B656.jpeg\",\"contentUrl\":\"https:\\\/\\\/quehacerpolitico.mx\\\/wp-content\\\/uploads\\\/2022\\\/03\\\/4013B4F5-8EEE-4C7D-B5B9-22A5CB02B656.jpeg\",\"width\":1284,\"height\":704},{\"@type\":\"BreadcrumbList\",\"@id\":\"https:\\\/\\\/quehacerpolitico.mx\\\/?p=90605#breadcrumb\",\"itemListElement\":[{\"@type\":\"ListItem\",\"position\":1,\"name\":\"Inicio\",\"item\":\"https:\\\/\\\/quehacerpolitico.mx\\\/\"},{\"@type\":\"ListItem\",\"position\":2,\"name\":\"Ricardo Anaya exige regreso de escuelas de tiempo completo\u00a0\"}]},{\"@type\":\"WebSite\",\"@id\":\"https:\\\/\\\/quehacerpolitico.mx\\\/#website\",\"url\":\"https:\\\/\\\/quehacerpolitico.mx\\\/\",\"name\":\"\",\"description\":\"\",\"potentialAction\":[{\"@type\":\"SearchAction\",\"target\":{\"@type\":\"EntryPoint\",\"urlTemplate\":\"https:\\\/\\\/quehacerpolitico.mx\\\/?s={search_term_string}\"},\"query-input\":{\"@type\":\"PropertyValueSpecification\",\"valueRequired\":true,\"valueName\":\"search_term_string\"}}],\"inLanguage\":\"es\"},{\"@type\":\"Person\",\"@id\":\"https:\\\/\\\/quehacerpolitico.mx\\\/#\\\/schema\\\/person\\\/496d8ad2d1d3f8036101dca7ee39e585\",\"name\":\"Redacci\u00f3n QP\",\"image\":{\"@type\":\"ImageObject\",\"inLanguage\":\"es\",\"@id\":\"https:\\\/\\\/secure.gravatar.com\\\/avatar\\\/c7164ed6fdec453195284ad24a5ae5b6e1eed2b848477fa2a4787ba9adf39a41?s=96&d=mm&r=g\",\"url\":\"https:\\\/\\\/secure.gravatar.com\\\/avatar\\\/c7164ed6fdec453195284ad24a5ae5b6e1eed2b848477fa2a4787ba9adf39a41?s=96&d=mm&r=g\",\"contentUrl\":\"https:\\\/\\\/secure.gravatar.com\\\/avatar\\\/c7164ed6fdec453195284ad24a5ae5b6e1eed2b848477fa2a4787ba9adf39a41?s=96&d=mm&r=g\",\"caption\":\"Redacci\u00f3n QP\"},\"url\":\"https:\\\/\\\/quehacerpolitico.mx\\\/?author=2\"}]}<\/script>\n<!-- \/ Yoast SEO plugin. -->","yoast_head_json":{"title":"Ricardo Anaya exige regreso de escuelas de tiempo completo\u00a0 -","robots":{"index":"index","follow":"follow","max-snippet":"max-snippet:-1","max-image-preview":"max-image-preview:large","max-video-preview":"max-video-preview:-1"},"canonical":"https:\/\/quehacerpolitico.mx\/?p=90605","og_locale":"es_MX","og_type":"article","og_title":"Ricardo Anaya exige regreso de escuelas de tiempo completo\u00a0 -","og_description":"Por Redacci\u00f3n QP &#8220;\u00bfPor qu\u00e9 ese empe\u00f1o en destruir lo que s\u00ed funciona?&#8221;, cuestiona el...","og_url":"https:\/\/quehacerpolitico.mx\/?p=90605","article_published_time":"2022-03-14T16:33:42+00:00","article_modified_time":"2022-03-14T16:33:46+00:00","og_image":[{"width":1284,"height":704,"url":"https:\/\/quehacerpolitico.mx\/wp-content\/uploads\/2022\/03\/4013B4F5-8EEE-4C7D-B5B9-22A5CB02B656.jpeg","type":"image\/jpeg"}],"author":"Redacci\u00f3n QP","twitter_card":"summary_large_image","twitter_misc":{"Escrito por":"Redacci\u00f3n QP","Tiempo de lectura":"2 minutos"},"schema":{"@context":"https:\/\/schema.org","@graph":[{"@type":"Article","@id":"https:\/\/quehacerpolitico.mx\/?p=90605#article","isPartOf":{"@id":"https:\/\/quehacerpolitico.mx\/?p=90605"},"author":{"name":"Redacci\u00f3n QP","@id":"https:\/\/quehacerpolitico.mx\/#\/schema\/person\/496d8ad2d1d3f8036101dca7ee39e585"},"headline":"Ricardo Anaya exige regreso de escuelas de tiempo completo\u00a0","datePublished":"2022-03-14T16:33:42+00:00","dateModified":"2022-03-14T16:33:46+00:00","mainEntityOfPage":{"@id":"https:\/\/quehacerpolitico.mx\/?p=90605"},"wordCount":461,"commentCount":0,"image":{"@id":"https:\/\/quehacerpolitico.mx\/?p=90605#primaryimage"},"thumbnailUrl":"https:\/\/quehacerpolitico.mx\/wp-content\/uploads\/2022\/03\/4013B4F5-8EEE-4C7D-B5B9-22A5CB02B656.jpeg","articleSection":["Noticias"],"inLanguage":"es","potentialAction":[{"@type":"CommentAction","name":"Comment","target":["https:\/\/quehacerpolitico.mx\/?p=90605#respond"]}]},{"@type":"WebPage","@id":"https:\/\/quehacerpolitico.mx\/?p=90605","url":"https:\/\/quehacerpolitico.mx\/?p=90605","name":"Ricardo Anaya exige regreso de escuelas de tiempo completo\u00a0 -","isPartOf":{"@id":"https:\/\/quehacerpolitico.mx\/#website"},"primaryImageOfPage":{"@id":"https:\/\/quehacerpolitico.mx\/?p=90605#primaryimage"},"image":{"@id":"https:\/\/quehacerpolitico.mx\/?p=90605#primaryimage"},"thumbnailUrl":"https:\/\/quehacerpolitico.mx\/wp-content\/uploads\/2022\/03\/4013B4F5-8EEE-4C7D-B5B9-22A5CB02B656.jpeg","datePublished":"2022-03-14T16:33:42+00:00","dateModified":"2022-03-14T16:33:46+00:00","author":{"@id":"https:\/\/quehacerpolitico.mx\/#\/schema\/person\/496d8ad2d1d3f8036101dca7ee39e585"},"breadcrumb":{"@id":"https:\/\/quehacerpolitico.mx\/?p=90605#breadcrumb"},"inLanguage":"es","potentialAction":[{"@type":"ReadAction","target":["https:\/\/quehacerpolitico.mx\/?p=90605"]}]},{"@type":"ImageObject","inLanguage":"es","@id":"https:\/\/quehacerpolitico.mx\/?p=90605#primaryimage","url":"https:\/\/quehacerpolitico.mx\/wp-content\/uploads\/2022\/03\/4013B4F5-8EEE-4C7D-B5B9-22A5CB02B656.jpeg","contentUrl":"https:\/\/quehacerpolitico.mx\/wp-content\/uploads\/2022\/03\/4013B4F5-8EEE-4C7D-B5B9-22A5CB02B656.jpeg","width":1284,"height":704},{"@type":"BreadcrumbList","@id":"https:\/\/quehacerpolitico.mx\/?p=90605#breadcrumb","itemListElement":[{"@type":"ListItem","position":1,"name":"Inicio","item":"https:\/\/quehacerpolitico.mx\/"},{"@type":"ListItem","position":2,"name":"Ricardo Anaya exige regreso de escuelas de tiempo completo\u00a0"}]},{"@type":"WebSite","@id":"https:\/\/quehacerpolitico.mx\/#website","url":"https:\/\/quehacerpolitico.mx\/","name":"","description":"","potentialAction":[{"@type":"SearchAction","target":{"@type":"EntryPoint","urlTemplate":"https:\/\/quehacerpolitico.mx\/?s={search_term_string}"},"query-input":{"@type":"PropertyValueSpecification","valueRequired":true,"valueName":"search_term_string"}}],"inLanguage":"es"},{"@type":"Person","@id":"https:\/\/quehacerpolitico.mx\/#\/schema\/person\/496d8ad2d1d3f8036101dca7ee39e585","name":"Redacci\u00f3n QP","image":{"@type":"ImageObject","inLanguage":"es","@id":"https:\/\/secure.gravatar.com\/avatar\/c7164ed6fdec453195284ad24a5ae5b6e1eed2b848477fa2a4787ba9adf39a41?s=96&d=mm&r=g","url":"https:\/\/secure.gravatar.com\/avatar\/c7164ed6fdec453195284ad24a5ae5b6e1eed2b848477fa2a4787ba9adf39a41?s=96&d=mm&r=g","contentUrl":"https:\/\/secure.gravatar.com\/avatar\/c7164ed6fdec453195284ad24a5ae5b6e1eed2b848477fa2a4787ba9adf39a41?s=96&d=mm&r=g","caption":"Redacci\u00f3n QP"},"url":"https:\/\/quehacerpolitico.mx\/?author=2"}]}},"featured_image_urls":{"full":["https:\/\/quehacerpolitico.mx\/wp-content\/uploads\/2022\/03\/4013B4F5-8EEE-4C7D-B5B9-22A5CB02B656.jpeg",1284,704,false],"thumbnail":["https:\/\/quehacerpolitico.mx\/wp-content\/uploads\/2022\/03\/4013B4F5-8EEE-4C7D-B5B9-22A5CB02B656-150x150.jpeg",150,150,true],"medium":["https:\/\/quehacerpolitico.mx\/wp-content\/uploads\/2022\/03\/4013B4F5-8EEE-4C7D-B5B9-22A5CB02B656-300x164.jpeg",300,164,true],"medium_large":["https:\/\/quehacerpolitico.mx\/wp-content\/uploads\/2022\/03\/4013B4F5-8EEE-4C7D-B5B9-22A5CB02B656-768x421.jpeg",640,351,true],"large":["https:\/\/quehacerpolitico.mx\/wp-content\/uploads\/2022\/03\/4013B4F5-8EEE-4C7D-B5B9-22A5CB02B656-1024x561.jpeg",640,351,true],"1536x1536":["https:\/\/quehacerpolitico.mx\/wp-content\/uploads\/2022\/03\/4013B4F5-8EEE-4C7D-B5B9-22A5CB02B656.jpeg",1284,704,false],"2048x2048":["https:\/\/quehacerpolitico.mx\/wp-content\/uploads\/2022\/03\/4013B4F5-8EEE-4C7D-B5B9-22A5CB02B656.jpeg",1284,704,false],"covernews-featured":["https:\/\/quehacerpolitico.mx\/wp-content\/uploads\/2022\/03\/4013B4F5-8EEE-4C7D-B5B9-22A5CB02B656.jpeg",1024,561,false],"covernews-medium":["https:\/\/quehacerpolitico.mx\/wp-content\/uploads\/2022\/03\/4013B4F5-8EEE-4C7D-B5B9-22A5CB02B656.jpeg",540,296,false]},"author_info":{"display_name":"Redacci\u00f3n QP","author_link":"https:\/\/quehacerpolitico.mx\/?author=2"},"category_info":"<a href=\"https:\/\/quehacerpolitico.mx\/?cat=2\" rel=\"category\">Noticias<\/a>","tag_info":"Noticias","comment_count":"0","_links":{"self":[{"href":"https:\/\/quehacerpolitico.mx\/index.php?rest_route=\/wp\/v2\/posts\/90605","targetHints":{"allow":["GET"]}}],"collection":[{"href":"https:\/\/quehacerpolitico.mx\/index.php?rest_route=\/wp\/v2\/posts"}],"about":[{"href":"https:\/\/quehacerpolitico.mx\/index.php?rest_route=\/wp\/v2\/types\/post"}],"author":[{"embeddable":true,"href":"https:\/\/quehacerpolitico.mx\/index.php?rest_route=\/wp\/v2\/users\/2"}],"replies":[{"embeddable":true,"href":"https:\/\/quehacerpolitico.mx\/index.php?rest_route=%2Fwp%2Fv2%2Fcomments&post=90605"}],"version-history":[{"count":1,"href":"https:\/\/quehacerpolitico.mx\/index.php?rest_route=\/wp\/v2\/posts\/90605\/revisions"}],"predecessor-version":[{"id":90607,"href":"https:\/\/quehacerpolitico.mx\/index.php?rest_route=\/wp\/v2\/posts\/90605\/revisions\/90607"}],"wp:featuredmedia":[{"embeddable":true,"href":"https:\/\/quehacerpolitico.mx\/index.php?rest_route=\/wp\/v2\/media\/90606"}],"wp:attachment":[{"href":"https:\/\/quehacerpolitico.mx\/index.php?rest_route=%2Fwp%2Fv2%2Fmedia&parent=90605"}],"wp:term":[{"taxonomy":"category","embeddable":true,"href":"https:\/\/quehacerpolitico.mx\/index.php?rest_route=%2Fwp%2Fv2%2Fcategories&post=90605"},{"taxonomy":"post_tag","embeddable":true,"href":"https:\/\/quehacerpolitico.mx\/index.php?rest_route=%2Fwp%2Fv2%2Ftags&post=90605"}],"curies":[{"name":"wp","href":"https:\/\/api.w.org\/{rel}","templated":true}]}}