{"id":90601,"date":"2022-03-12T05:50:44","date_gmt":"2022-03-12T05:50:44","guid":{"rendered":"https:\/\/quehacerpolitico.mx\/?p=90601"},"modified":"2022-03-12T06:01:18","modified_gmt":"2022-03-12T06:01:18","slug":"el-ine-ordena-retirar-propaganda-sobre-consulta-de-revocacion-de-mandato-de-amlo","status":"publish","type":"post","link":"https:\/\/quehacerpolitico.mx\/?p=90601","title":{"rendered":"El INE ordena retirar propaganda sobre consulta de Revocaci\u00f3n de Mandato de AMLO\u00a0"},"content":{"rendered":"\n<p>Por Redacci\u00f3n QP<\/p>\n\n\n\n<p>La Comisi\u00f3n de Quejas y Denuncias del organismo declar\u00f3 procedentes las medidas cautelares solicitadas por el PRI, PAN y PRD<\/p>\n\n\n\n<p>La Comisi\u00f3n de Quejas y Denuncias del Instituto Nacional Electoral (INE) orden\u00f3 quitar todos los espectaculares que promueven la revocaci\u00f3n de mandato y para lo cual se utiliza la imagen del Presidente Andr\u00e9s Manuel L\u00f3pez Obrador (AMLO).<\/p>\n\n\n\n<p>Adem\u00e1s de los espectaculares,<strong>&nbsp;se deben remover las lonas que tienen la misma intenci\u00f3n de difundir la consulta de AMLO, as\u00ed como las pintas en bardas.<\/strong><\/p>\n\n\n\n<p>El PRI, PAN, PRD y la ciudadan\u00eda en general&nbsp;<strong>presentaron sendas quejas en contra de Morena y la organizaci\u00f3n &#8220;Que Siga la Democracia&#8221;<\/strong>, a quienes acusan de promover la colocaci\u00f3n de espectaculares, lonas y pinta de bardas para promover la revocaci\u00f3n de mandato.<\/p>\n\n\n\n<p>En su investigaci\u00f3n, el INE detect\u00f3&nbsp;<strong>278 anuncios espectaculares, 36 bardas pintadas, 11 lonas y 21 casos de propaganda adherida en 15 entidades federativas<\/strong>.<\/p>\n\n\n\n<p>Sin embargo, al investigar, nadie se responsabiliza de pagos de espectaculares, por ejemplo, ni de pinta de bardas.<\/p>\n\n\n\n<p>Ciro Murayama calific\u00f3 esto como una estrategia de campa\u00f1a orquestada que afecta el desarrollo del ejercicio de revocaci\u00f3n de mandato.<\/p>\n\n\n\n<p>Con informaci\u00f3n de SUN<\/p>\n","protected":false},"excerpt":{"rendered":"<p>Por Redacci\u00f3n QP La Comisi\u00f3n de Quejas y Denuncias del organismo declar\u00f3 procedentes las medidas&#8230;<\/p>\n","protected":false},"author":2,"featured_media":90602,"comment_status":"open","ping_status":"open","sticky":false,"template":"","format":"standard","meta":{"_monsterinsights_skip_tracking":false,"_monsterinsights_sitenote_active":false,"_monsterinsights_sitenote_note":"","_monsterinsights_sitenote_category":0,"footnotes":""},"categories":[2],"tags":[],"class_list":["post-90601","post","type-post","status-publish","format-standard","has-post-thumbnail","hentry","category-noticias"],"yoast_head":"<!-- This site is optimized with the Yoast SEO plugin v27.3 - https:\/\/yoast.com\/product\/yoast-seo-wordpress\/ -->\n<title>El INE ordena retirar propaganda sobre consulta de Revocaci\u00f3n de Mandato de AMLO\u00a0 -<\/title>\n<meta name=\"robots\" content=\"index, follow, max-snippet:-1, max-image-preview:large, max-video-preview:-1\" \/>\n<link rel=\"canonical\" href=\"https:\/\/quehacerpolitico.mx\/?p=90601\" \/>\n<meta property=\"og:locale\" content=\"es_MX\" \/>\n<meta property=\"og:type\" content=\"article\" \/>\n<meta property=\"og:title\" content=\"El INE ordena retirar propaganda sobre consulta de Revocaci\u00f3n de Mandato de AMLO\u00a0 -\" \/>\n<meta property=\"og:description\" content=\"Por Redacci\u00f3n QP La Comisi\u00f3n de Quejas y Denuncias del organismo declar\u00f3 procedentes las medidas...\" \/>\n<meta property=\"og:url\" content=\"https:\/\/quehacerpolitico.mx\/?p=90601\" \/>\n<meta property=\"article:published_time\" content=\"2022-03-12T05:50:44+00:00\" \/>\n<meta property=\"article:modified_time\" content=\"2022-03-12T06:01:18+00:00\" \/>\n<meta property=\"og:image\" content=\"https:\/\/quehacerpolitico.mx\/wp-content\/uploads\/2022\/03\/6E1E1E55-8EB0-4F5E-A2AA-C2A28B64D73B.jpeg\" \/>\n\t<meta property=\"og:image:width\" content=\"1067\" \/>\n\t<meta property=\"og:image:height\" content=\"683\" \/>\n\t<meta property=\"og:image:type\" content=\"image\/jpeg\" \/>\n<meta name=\"author\" content=\"Redacci\u00f3n QP\" \/>\n<meta name=\"twitter:card\" content=\"summary_large_image\" \/>\n<meta name=\"twitter:label1\" content=\"Escrito por\" \/>\n\t<meta name=\"twitter:data1\" content=\"Redacci\u00f3n QP\" \/>\n\t<meta name=\"twitter:label2\" content=\"Tiempo de lectura\" \/>\n\t<meta name=\"twitter:data2\" content=\"1 minuto\" \/>\n<script type=\"application\/ld+json\" class=\"yoast-schema-graph\">{\"@context\":\"https:\\\/\\\/schema.org\",\"@graph\":[{\"@type\":\"Article\",\"@id\":\"https:\\\/\\\/quehacerpolitico.mx\\\/?p=90601#article\",\"isPartOf\":{\"@id\":\"https:\\\/\\\/quehacerpolitico.mx\\\/?p=90601\"},\"author\":{\"name\":\"Redacci\u00f3n QP\",\"@id\":\"https:\\\/\\\/quehacerpolitico.mx\\\/#\\\/schema\\\/person\\\/496d8ad2d1d3f8036101dca7ee39e585\"},\"headline\":\"El INE ordena retirar propaganda sobre consulta de Revocaci\u00f3n de Mandato de AMLO\u00a0\",\"datePublished\":\"2022-03-12T05:50:44+00:00\",\"dateModified\":\"2022-03-12T06:01:18+00:00\",\"mainEntityOfPage\":{\"@id\":\"https:\\\/\\\/quehacerpolitico.mx\\\/?p=90601\"},\"wordCount\":223,\"commentCount\":0,\"image\":{\"@id\":\"https:\\\/\\\/quehacerpolitico.mx\\\/?p=90601#primaryimage\"},\"thumbnailUrl\":\"https:\\\/\\\/quehacerpolitico.mx\\\/wp-content\\\/uploads\\\/2022\\\/03\\\/6E1E1E55-8EB0-4F5E-A2AA-C2A28B64D73B.jpeg\",\"articleSection\":[\"Noticias\"],\"inLanguage\":\"es\",\"potentialAction\":[{\"@type\":\"CommentAction\",\"name\":\"Comment\",\"target\":[\"https:\\\/\\\/quehacerpolitico.mx\\\/?p=90601#respond\"]}]},{\"@type\":\"WebPage\",\"@id\":\"https:\\\/\\\/quehacerpolitico.mx\\\/?p=90601\",\"url\":\"https:\\\/\\\/quehacerpolitico.mx\\\/?p=90601\",\"name\":\"El INE ordena retirar propaganda sobre consulta de Revocaci\u00f3n de Mandato de AMLO\u00a0 -\",\"isPartOf\":{\"@id\":\"https:\\\/\\\/quehacerpolitico.mx\\\/#website\"},\"primaryImageOfPage\":{\"@id\":\"https:\\\/\\\/quehacerpolitico.mx\\\/?p=90601#primaryimage\"},\"image\":{\"@id\":\"https:\\\/\\\/quehacerpolitico.mx\\\/?p=90601#primaryimage\"},\"thumbnailUrl\":\"https:\\\/\\\/quehacerpolitico.mx\\\/wp-content\\\/uploads\\\/2022\\\/03\\\/6E1E1E55-8EB0-4F5E-A2AA-C2A28B64D73B.jpeg\",\"datePublished\":\"2022-03-12T05:50:44+00:00\",\"dateModified\":\"2022-03-12T06:01:18+00:00\",\"author\":{\"@id\":\"https:\\\/\\\/quehacerpolitico.mx\\\/#\\\/schema\\\/person\\\/496d8ad2d1d3f8036101dca7ee39e585\"},\"breadcrumb\":{\"@id\":\"https:\\\/\\\/quehacerpolitico.mx\\\/?p=90601#breadcrumb\"},\"inLanguage\":\"es\",\"potentialAction\":[{\"@type\":\"ReadAction\",\"target\":[\"https:\\\/\\\/quehacerpolitico.mx\\\/?p=90601\"]}]},{\"@type\":\"ImageObject\",\"inLanguage\":\"es\",\"@id\":\"https:\\\/\\\/quehacerpolitico.mx\\\/?p=90601#primaryimage\",\"url\":\"https:\\\/\\\/quehacerpolitico.mx\\\/wp-content\\\/uploads\\\/2022\\\/03\\\/6E1E1E55-8EB0-4F5E-A2AA-C2A28B64D73B.jpeg\",\"contentUrl\":\"https:\\\/\\\/quehacerpolitico.mx\\\/wp-content\\\/uploads\\\/2022\\\/03\\\/6E1E1E55-8EB0-4F5E-A2AA-C2A28B64D73B.jpeg\",\"width\":1067,\"height\":683},{\"@type\":\"BreadcrumbList\",\"@id\":\"https:\\\/\\\/quehacerpolitico.mx\\\/?p=90601#breadcrumb\",\"itemListElement\":[{\"@type\":\"ListItem\",\"position\":1,\"name\":\"Inicio\",\"item\":\"https:\\\/\\\/quehacerpolitico.mx\\\/\"},{\"@type\":\"ListItem\",\"position\":2,\"name\":\"El INE ordena retirar propaganda sobre consulta de Revocaci\u00f3n de Mandato de AMLO\u00a0\"}]},{\"@type\":\"WebSite\",\"@id\":\"https:\\\/\\\/quehacerpolitico.mx\\\/#website\",\"url\":\"https:\\\/\\\/quehacerpolitico.mx\\\/\",\"name\":\"\",\"description\":\"\",\"potentialAction\":[{\"@type\":\"SearchAction\",\"target\":{\"@type\":\"EntryPoint\",\"urlTemplate\":\"https:\\\/\\\/quehacerpolitico.mx\\\/?s={search_term_string}\"},\"query-input\":{\"@type\":\"PropertyValueSpecification\",\"valueRequired\":true,\"valueName\":\"search_term_string\"}}],\"inLanguage\":\"es\"},{\"@type\":\"Person\",\"@id\":\"https:\\\/\\\/quehacerpolitico.mx\\\/#\\\/schema\\\/person\\\/496d8ad2d1d3f8036101dca7ee39e585\",\"name\":\"Redacci\u00f3n QP\",\"image\":{\"@type\":\"ImageObject\",\"inLanguage\":\"es\",\"@id\":\"https:\\\/\\\/secure.gravatar.com\\\/avatar\\\/c7164ed6fdec453195284ad24a5ae5b6e1eed2b848477fa2a4787ba9adf39a41?s=96&d=mm&r=g\",\"url\":\"https:\\\/\\\/secure.gravatar.com\\\/avatar\\\/c7164ed6fdec453195284ad24a5ae5b6e1eed2b848477fa2a4787ba9adf39a41?s=96&d=mm&r=g\",\"contentUrl\":\"https:\\\/\\\/secure.gravatar.com\\\/avatar\\\/c7164ed6fdec453195284ad24a5ae5b6e1eed2b848477fa2a4787ba9adf39a41?s=96&d=mm&r=g\",\"caption\":\"Redacci\u00f3n QP\"},\"url\":\"https:\\\/\\\/quehacerpolitico.mx\\\/?author=2\"}]}<\/script>\n<!-- \/ Yoast SEO plugin. -->","yoast_head_json":{"title":"El INE ordena retirar propaganda sobre consulta de Revocaci\u00f3n de Mandato de AMLO\u00a0 -","robots":{"index":"index","follow":"follow","max-snippet":"max-snippet:-1","max-image-preview":"max-image-preview:large","max-video-preview":"max-video-preview:-1"},"canonical":"https:\/\/quehacerpolitico.mx\/?p=90601","og_locale":"es_MX","og_type":"article","og_title":"El INE ordena retirar propaganda sobre consulta de Revocaci\u00f3n de Mandato de AMLO\u00a0 -","og_description":"Por Redacci\u00f3n QP La Comisi\u00f3n de Quejas y Denuncias del organismo declar\u00f3 procedentes las medidas...","og_url":"https:\/\/quehacerpolitico.mx\/?p=90601","article_published_time":"2022-03-12T05:50:44+00:00","article_modified_time":"2022-03-12T06:01:18+00:00","og_image":[{"width":1067,"height":683,"url":"https:\/\/quehacerpolitico.mx\/wp-content\/uploads\/2022\/03\/6E1E1E55-8EB0-4F5E-A2AA-C2A28B64D73B.jpeg","type":"image\/jpeg"}],"author":"Redacci\u00f3n QP","twitter_card":"summary_large_image","twitter_misc":{"Escrito por":"Redacci\u00f3n QP","Tiempo de lectura":"1 minuto"},"schema":{"@context":"https:\/\/schema.org","@graph":[{"@type":"Article","@id":"https:\/\/quehacerpolitico.mx\/?p=90601#article","isPartOf":{"@id":"https:\/\/quehacerpolitico.mx\/?p=90601"},"author":{"name":"Redacci\u00f3n QP","@id":"https:\/\/quehacerpolitico.mx\/#\/schema\/person\/496d8ad2d1d3f8036101dca7ee39e585"},"headline":"El INE ordena retirar propaganda sobre consulta de Revocaci\u00f3n de Mandato de AMLO\u00a0","datePublished":"2022-03-12T05:50:44+00:00","dateModified":"2022-03-12T06:01:18+00:00","mainEntityOfPage":{"@id":"https:\/\/quehacerpolitico.mx\/?p=90601"},"wordCount":223,"commentCount":0,"image":{"@id":"https:\/\/quehacerpolitico.mx\/?p=90601#primaryimage"},"thumbnailUrl":"https:\/\/quehacerpolitico.mx\/wp-content\/uploads\/2022\/03\/6E1E1E55-8EB0-4F5E-A2AA-C2A28B64D73B.jpeg","articleSection":["Noticias"],"inLanguage":"es","potentialAction":[{"@type":"CommentAction","name":"Comment","target":["https:\/\/quehacerpolitico.mx\/?p=90601#respond"]}]},{"@type":"WebPage","@id":"https:\/\/quehacerpolitico.mx\/?p=90601","url":"https:\/\/quehacerpolitico.mx\/?p=90601","name":"El INE ordena retirar propaganda sobre consulta de Revocaci\u00f3n de Mandato de AMLO\u00a0 -","isPartOf":{"@id":"https:\/\/quehacerpolitico.mx\/#website"},"primaryImageOfPage":{"@id":"https:\/\/quehacerpolitico.mx\/?p=90601#primaryimage"},"image":{"@id":"https:\/\/quehacerpolitico.mx\/?p=90601#primaryimage"},"thumbnailUrl":"https:\/\/quehacerpolitico.mx\/wp-content\/uploads\/2022\/03\/6E1E1E55-8EB0-4F5E-A2AA-C2A28B64D73B.jpeg","datePublished":"2022-03-12T05:50:44+00:00","dateModified":"2022-03-12T06:01:18+00:00","author":{"@id":"https:\/\/quehacerpolitico.mx\/#\/schema\/person\/496d8ad2d1d3f8036101dca7ee39e585"},"breadcrumb":{"@id":"https:\/\/quehacerpolitico.mx\/?p=90601#breadcrumb"},"inLanguage":"es","potentialAction":[{"@type":"ReadAction","target":["https:\/\/quehacerpolitico.mx\/?p=90601"]}]},{"@type":"ImageObject","inLanguage":"es","@id":"https:\/\/quehacerpolitico.mx\/?p=90601#primaryimage","url":"https:\/\/quehacerpolitico.mx\/wp-content\/uploads\/2022\/03\/6E1E1E55-8EB0-4F5E-A2AA-C2A28B64D73B.jpeg","contentUrl":"https:\/\/quehacerpolitico.mx\/wp-content\/uploads\/2022\/03\/6E1E1E55-8EB0-4F5E-A2AA-C2A28B64D73B.jpeg","width":1067,"height":683},{"@type":"BreadcrumbList","@id":"https:\/\/quehacerpolitico.mx\/?p=90601#breadcrumb","itemListElement":[{"@type":"ListItem","position":1,"name":"Inicio","item":"https:\/\/quehacerpolitico.mx\/"},{"@type":"ListItem","position":2,"name":"El INE ordena retirar propaganda sobre consulta de Revocaci\u00f3n de Mandato de AMLO\u00a0"}]},{"@type":"WebSite","@id":"https:\/\/quehacerpolitico.mx\/#website","url":"https:\/\/quehacerpolitico.mx\/","name":"","description":"","potentialAction":[{"@type":"SearchAction","target":{"@type":"EntryPoint","urlTemplate":"https:\/\/quehacerpolitico.mx\/?s={search_term_string}"},"query-input":{"@type":"PropertyValueSpecification","valueRequired":true,"valueName":"search_term_string"}}],"inLanguage":"es"},{"@type":"Person","@id":"https:\/\/quehacerpolitico.mx\/#\/schema\/person\/496d8ad2d1d3f8036101dca7ee39e585","name":"Redacci\u00f3n QP","image":{"@type":"ImageObject","inLanguage":"es","@id":"https:\/\/secure.gravatar.com\/avatar\/c7164ed6fdec453195284ad24a5ae5b6e1eed2b848477fa2a4787ba9adf39a41?s=96&d=mm&r=g","url":"https:\/\/secure.gravatar.com\/avatar\/c7164ed6fdec453195284ad24a5ae5b6e1eed2b848477fa2a4787ba9adf39a41?s=96&d=mm&r=g","contentUrl":"https:\/\/secure.gravatar.com\/avatar\/c7164ed6fdec453195284ad24a5ae5b6e1eed2b848477fa2a4787ba9adf39a41?s=96&d=mm&r=g","caption":"Redacci\u00f3n QP"},"url":"https:\/\/quehacerpolitico.mx\/?author=2"}]}},"featured_image_urls":{"full":["https:\/\/quehacerpolitico.mx\/wp-content\/uploads\/2022\/03\/6E1E1E55-8EB0-4F5E-A2AA-C2A28B64D73B.jpeg",1067,683,false],"thumbnail":["https:\/\/quehacerpolitico.mx\/wp-content\/uploads\/2022\/03\/6E1E1E55-8EB0-4F5E-A2AA-C2A28B64D73B-150x150.jpeg",150,150,true],"medium":["https:\/\/quehacerpolitico.mx\/wp-content\/uploads\/2022\/03\/6E1E1E55-8EB0-4F5E-A2AA-C2A28B64D73B-300x192.jpeg",300,192,true],"medium_large":["https:\/\/quehacerpolitico.mx\/wp-content\/uploads\/2022\/03\/6E1E1E55-8EB0-4F5E-A2AA-C2A28B64D73B-768x492.jpeg",640,410,true],"large":["https:\/\/quehacerpolitico.mx\/wp-content\/uploads\/2022\/03\/6E1E1E55-8EB0-4F5E-A2AA-C2A28B64D73B-1024x655.jpeg",640,409,true],"1536x1536":["https:\/\/quehacerpolitico.mx\/wp-content\/uploads\/2022\/03\/6E1E1E55-8EB0-4F5E-A2AA-C2A28B64D73B.jpeg",1067,683,false],"2048x2048":["https:\/\/quehacerpolitico.mx\/wp-content\/uploads\/2022\/03\/6E1E1E55-8EB0-4F5E-A2AA-C2A28B64D73B.jpeg",1067,683,false],"covernews-featured":["https:\/\/quehacerpolitico.mx\/wp-content\/uploads\/2022\/03\/6E1E1E55-8EB0-4F5E-A2AA-C2A28B64D73B.jpeg",1024,655,false],"covernews-medium":["https:\/\/quehacerpolitico.mx\/wp-content\/uploads\/2022\/03\/6E1E1E55-8EB0-4F5E-A2AA-C2A28B64D73B.jpeg",531,340,false]},"author_info":{"display_name":"Redacci\u00f3n QP","author_link":"https:\/\/quehacerpolitico.mx\/?author=2"},"category_info":"<a href=\"https:\/\/quehacerpolitico.mx\/?cat=2\" rel=\"category\">Noticias<\/a>","tag_info":"Noticias","comment_count":"0","_links":{"self":[{"href":"https:\/\/quehacerpolitico.mx\/index.php?rest_route=\/wp\/v2\/posts\/90601","targetHints":{"allow":["GET"]}}],"collection":[{"href":"https:\/\/quehacerpolitico.mx\/index.php?rest_route=\/wp\/v2\/posts"}],"about":[{"href":"https:\/\/quehacerpolitico.mx\/index.php?rest_route=\/wp\/v2\/types\/post"}],"author":[{"embeddable":true,"href":"https:\/\/quehacerpolitico.mx\/index.php?rest_route=\/wp\/v2\/users\/2"}],"replies":[{"embeddable":true,"href":"https:\/\/quehacerpolitico.mx\/index.php?rest_route=%2Fwp%2Fv2%2Fcomments&post=90601"}],"version-history":[{"count":2,"href":"https:\/\/quehacerpolitico.mx\/index.php?rest_route=\/wp\/v2\/posts\/90601\/revisions"}],"predecessor-version":[{"id":90604,"href":"https:\/\/quehacerpolitico.mx\/index.php?rest_route=\/wp\/v2\/posts\/90601\/revisions\/90604"}],"wp:featuredmedia":[{"embeddable":true,"href":"https:\/\/quehacerpolitico.mx\/index.php?rest_route=\/wp\/v2\/media\/90602"}],"wp:attachment":[{"href":"https:\/\/quehacerpolitico.mx\/index.php?rest_route=%2Fwp%2Fv2%2Fmedia&parent=90601"}],"wp:term":[{"taxonomy":"category","embeddable":true,"href":"https:\/\/quehacerpolitico.mx\/index.php?rest_route=%2Fwp%2Fv2%2Fcategories&post=90601"},{"taxonomy":"post_tag","embeddable":true,"href":"https:\/\/quehacerpolitico.mx\/index.php?rest_route=%2Fwp%2Fv2%2Ftags&post=90601"}],"curies":[{"name":"wp","href":"https:\/\/api.w.org\/{rel}","templated":true}]}}