{"id":90598,"date":"2022-03-12T05:27:38","date_gmt":"2022-03-12T05:27:38","guid":{"rendered":"https:\/\/quehacerpolitico.mx\/?p=90598"},"modified":"2022-03-12T05:27:41","modified_gmt":"2022-03-12T05:27:41","slug":"cinco-frases-que-definen-la-respuesta-de-lopez-obrador-al-parlamento-europeo","status":"publish","type":"post","link":"https:\/\/quehacerpolitico.mx\/?p=90598","title":{"rendered":"Cinco frases que definen la respuesta de L\u00f3pez Obrador al Parlamento Europeo"},"content":{"rendered":"\n<p>Por Redacci\u00f3n QP<\/p>\n\n\n\n<p>El texto gener\u00f3 controversia en redes sociales debido a su explosivo contenido que aqu\u00ed te detallamos<\/p>\n\n\n\n<p>Este jueves, el gobierno encabezado por el Presidente, Andr\u00e9s Manuel L\u00f3pez Obrador (AMLO) emiti\u00f3 un comunicado en el que se hace notar el desacuerdo por el llamado de los diputados del Parlamento Europeo a proteger a los periodistas de M\u00e9xico.<\/p>\n\n\n\n<p>La inconformidad se debe a\u00a0la resoluci\u00f3n en la que se les pide a las autoridades mexicanas garantizar la protecci\u00f3n a periodistas y defensores de derechos humanos, adem\u00e1s de crear un entorno seguro para ellos.<\/p>\n\n\n\n<figure class=\"wp-block-embed is-type-video is-provider-youtube wp-block-embed-youtube wp-embed-aspect-16-9 wp-has-aspect-ratio\"><div class=\"wp-block-embed__wrapper\">\n<iframe loading=\"lazy\" title=\"Acusa AMLO a Parlamento Europeo de tener una \u201cmentalidad colonialista\u201d\" width=\"640\" height=\"360\" src=\"https:\/\/www.youtube.com\/embed\/6-NmCYAWsPI?feature=oembed\" frameborder=\"0\" allow=\"accelerometer; autoplay; clipboard-write; encrypted-media; gyroscope; picture-in-picture; web-share\" referrerpolicy=\"strict-origin-when-cross-origin\" allowfullscreen><\/iframe>\n<\/div><\/figure>\n\n\n\n<p>Por lo anterior,\u00a0<strong>se presentan las cinco frases m\u00e1s destacadas del comunicado:<\/strong><\/p>\n\n\n\n<h2 class=\"wp-block-heading\">1 &#8220;Es lamentable que se sumen como borregos&#8221;<\/h2>\n\n\n\n<p>En el texto se puede leer esta frase haciendo referencia a que los diputados del Parlamento Europeo supuestamente se suman a la estrategia del grupo corrupto que se opone a la Cuarta Transformaci\u00f3n.<\/p>\n\n\n\n<p><strong>&#8220;Es lamentable que se sumen como borregos a la estrategia reaccionaria y golpista del grupo corrupto que se opone a la Cuarta Transformaci\u00f3n<\/strong>, impulsada por millones de mexicanos para enfrentar la monstruosa desigualdad y la violencia heredada por la pol\u00edtica econ\u00f3mica neoliberal que durante 36 a\u00f1os se impuso en nuestro pa\u00eds&#8221;, se lee.<\/p>\n\n\n\n<h2 class=\"wp-block-heading\">2 &#8220;M\u00e9xico ha dejado de ser tierra de conquista&#8221;<\/h2>\n\n\n\n<p>Subraya que en el pa\u00eds no hay represi\u00f3n, al contrario, que ahora en la administraci\u00f3n actual se respeta la libertad de expresi\u00f3n y el trabajo de los periodistas a diferencia de los gobiernos anteriores.<\/p>\n\n\n\n<p>&#8220;Sepan, diputados europeos, que M\u00e9xico ha dejado de ser tierra de conquista y, como en muy pocas ocasiones en su historia,\u00a0<strong>se est\u00e1n haciendo valer los principios libertarios de igualdad y democracia<\/strong>. Aqu\u00ed no se reprime a nadie, se respeta la libertad de expresi\u00f3n y el trabajo de los periodistas. El Estado no viola los derechos humanos como suced\u00eda en gobiernos anteriores, cuando ustedes, por cierto,<strong>\u00a0guardaron silencio c\u00f3mplice&#8221;.<\/strong><\/p>\n\n\n\n<h2 class=\"wp-block-heading\">3 &#8220;Para la pr\u00f3xima, inf\u00f3rmense y lean bien&#8221;<\/h2>\n\n\n\n<p>Esta frase hace referencia a las resoluciones, invitando a los diputados del Parlamento Europeo a emitir un voto m\u00e1s objetivo. Tambi\u00e9n destaca que M\u00e9xico es un pa\u00eds libre, independiente y soberano.<\/p>\n\n\n\n<p>&#8220;Para la pr\u00f3xima, inf\u00f3rmense y lean bien las resoluciones que les presentan antes de emitir su voto.\u00a0<strong>Y no olviden que ya no somos colonia de nadie. M\u00e9xico es un pa\u00eds libre, independiente y soberano<\/strong>&#8220;.<\/p>\n\n\n\n<h2 class=\"wp-block-heading\">4 &#8220;Evolucionen, dejen atr\u00e1s su man\u00eda injerencista disfrazada de buenas intenciones&#8221;<\/h2>\n\n\n\n<p>En el texto se puede leer textualmente esta frase, contextualizando los p\u00e1rrafos anteriores en donde destacan que M\u00e9xico es un pa\u00eds pacifista y no uno que sea partidario de la guerra.\u00a0<strong>&#8220;No enviamos armas a ning\u00fan pa\u00eds bajo ninguna circunstancia, como ustedes lo est\u00e1n haciendo ahora&#8221;.<\/strong><\/p>\n\n\n\n<h2 class=\"wp-block-heading\">5 &#8220;Ustedes no son el gobierno mundial&#8221;<\/h2>\n\n\n\n<p>Seguido de la frase anterior se puede leer que se acusa a los diputados del Parlamento Europeo de<strong>no tener la autoridad de interferir en asuntos nacionales.<\/strong><\/p>\n\n\n\n<p>&#8220;Ustedes no son el gobierno mundial y no olviden lo que dec\u00eda ese gigante de las Am\u00e9ricas, el presidente Benito Ju\u00e1rez: Entre los individuos, como entre las naciones, el respeto al derecho ajeno es la paz\u201d.<\/p>\n\n\n\n<p>Con informaci\u00f3n de SUN<\/p>\n\n\n\n<p><a href=\"whatsapp:\/\/send?text=https:\/\/www.informador.mx\/AMLO-El-comunicado-de-Lopez-Obrador-al-Parlamento-Europeo-en-cinco-frases-t202203110003.html#news-item-4\"><\/a><\/p>\n","protected":false},"excerpt":{"rendered":"<p>Por Redacci\u00f3n QP El texto gener\u00f3 controversia en redes sociales debido a su explosivo contenido&#8230;<\/p>\n","protected":false},"author":2,"featured_media":90599,"comment_status":"open","ping_status":"open","sticky":false,"template":"","format":"standard","meta":{"_monsterinsights_skip_tracking":false,"_monsterinsights_sitenote_active":false,"_monsterinsights_sitenote_note":"","_monsterinsights_sitenote_category":0,"footnotes":""},"categories":[2],"tags":[],"class_list":["post-90598","post","type-post","status-publish","format-standard","has-post-thumbnail","hentry","category-noticias"],"yoast_head":"<!-- This site is optimized with the Yoast SEO plugin v27.3 - https:\/\/yoast.com\/product\/yoast-seo-wordpress\/ -->\n<title>Cinco frases que definen la respuesta de L\u00f3pez Obrador al Parlamento Europeo -<\/title>\n<meta name=\"robots\" content=\"index, follow, max-snippet:-1, max-image-preview:large, max-video-preview:-1\" \/>\n<link rel=\"canonical\" href=\"https:\/\/quehacerpolitico.mx\/?p=90598\" \/>\n<meta property=\"og:locale\" content=\"es_MX\" \/>\n<meta property=\"og:type\" content=\"article\" \/>\n<meta property=\"og:title\" content=\"Cinco frases que definen la respuesta de L\u00f3pez Obrador al Parlamento Europeo -\" \/>\n<meta property=\"og:description\" content=\"Por Redacci\u00f3n QP El texto gener\u00f3 controversia en redes sociales debido a su explosivo contenido...\" \/>\n<meta property=\"og:url\" content=\"https:\/\/quehacerpolitico.mx\/?p=90598\" \/>\n<meta property=\"article:published_time\" content=\"2022-03-12T05:27:38+00:00\" \/>\n<meta property=\"article:modified_time\" content=\"2022-03-12T05:27:41+00:00\" \/>\n<meta property=\"og:image\" content=\"https:\/\/quehacerpolitico.mx\/wp-content\/uploads\/2022\/03\/14DC4373-D92B-41DA-8413-2DEBF1881503.jpeg\" \/>\n\t<meta property=\"og:image:width\" content=\"948\" \/>\n\t<meta property=\"og:image:height\" content=\"703\" \/>\n\t<meta property=\"og:image:type\" content=\"image\/jpeg\" \/>\n<meta name=\"author\" content=\"Redacci\u00f3n QP\" \/>\n<meta name=\"twitter:card\" content=\"summary_large_image\" \/>\n<meta name=\"twitter:label1\" content=\"Escrito por\" \/>\n\t<meta name=\"twitter:data1\" content=\"Redacci\u00f3n QP\" \/>\n\t<meta name=\"twitter:label2\" content=\"Tiempo de lectura\" \/>\n\t<meta name=\"twitter:data2\" content=\"3 minutos\" \/>\n<script type=\"application\/ld+json\" class=\"yoast-schema-graph\">{\"@context\":\"https:\\\/\\\/schema.org\",\"@graph\":[{\"@type\":\"Article\",\"@id\":\"https:\\\/\\\/quehacerpolitico.mx\\\/?p=90598#article\",\"isPartOf\":{\"@id\":\"https:\\\/\\\/quehacerpolitico.mx\\\/?p=90598\"},\"author\":{\"name\":\"Redacci\u00f3n QP\",\"@id\":\"https:\\\/\\\/quehacerpolitico.mx\\\/#\\\/schema\\\/person\\\/496d8ad2d1d3f8036101dca7ee39e585\"},\"headline\":\"Cinco frases que definen la respuesta de L\u00f3pez Obrador al Parlamento Europeo\",\"datePublished\":\"2022-03-12T05:27:38+00:00\",\"dateModified\":\"2022-03-12T05:27:41+00:00\",\"mainEntityOfPage\":{\"@id\":\"https:\\\/\\\/quehacerpolitico.mx\\\/?p=90598\"},\"wordCount\":573,\"commentCount\":0,\"image\":{\"@id\":\"https:\\\/\\\/quehacerpolitico.mx\\\/?p=90598#primaryimage\"},\"thumbnailUrl\":\"https:\\\/\\\/quehacerpolitico.mx\\\/wp-content\\\/uploads\\\/2022\\\/03\\\/14DC4373-D92B-41DA-8413-2DEBF1881503.jpeg\",\"articleSection\":[\"Noticias\"],\"inLanguage\":\"es\",\"potentialAction\":[{\"@type\":\"CommentAction\",\"name\":\"Comment\",\"target\":[\"https:\\\/\\\/quehacerpolitico.mx\\\/?p=90598#respond\"]}]},{\"@type\":\"WebPage\",\"@id\":\"https:\\\/\\\/quehacerpolitico.mx\\\/?p=90598\",\"url\":\"https:\\\/\\\/quehacerpolitico.mx\\\/?p=90598\",\"name\":\"Cinco frases que definen la respuesta de L\u00f3pez Obrador al Parlamento Europeo -\",\"isPartOf\":{\"@id\":\"https:\\\/\\\/quehacerpolitico.mx\\\/#website\"},\"primaryImageOfPage\":{\"@id\":\"https:\\\/\\\/quehacerpolitico.mx\\\/?p=90598#primaryimage\"},\"image\":{\"@id\":\"https:\\\/\\\/quehacerpolitico.mx\\\/?p=90598#primaryimage\"},\"thumbnailUrl\":\"https:\\\/\\\/quehacerpolitico.mx\\\/wp-content\\\/uploads\\\/2022\\\/03\\\/14DC4373-D92B-41DA-8413-2DEBF1881503.jpeg\",\"datePublished\":\"2022-03-12T05:27:38+00:00\",\"dateModified\":\"2022-03-12T05:27:41+00:00\",\"author\":{\"@id\":\"https:\\\/\\\/quehacerpolitico.mx\\\/#\\\/schema\\\/person\\\/496d8ad2d1d3f8036101dca7ee39e585\"},\"breadcrumb\":{\"@id\":\"https:\\\/\\\/quehacerpolitico.mx\\\/?p=90598#breadcrumb\"},\"inLanguage\":\"es\",\"potentialAction\":[{\"@type\":\"ReadAction\",\"target\":[\"https:\\\/\\\/quehacerpolitico.mx\\\/?p=90598\"]}]},{\"@type\":\"ImageObject\",\"inLanguage\":\"es\",\"@id\":\"https:\\\/\\\/quehacerpolitico.mx\\\/?p=90598#primaryimage\",\"url\":\"https:\\\/\\\/quehacerpolitico.mx\\\/wp-content\\\/uploads\\\/2022\\\/03\\\/14DC4373-D92B-41DA-8413-2DEBF1881503.jpeg\",\"contentUrl\":\"https:\\\/\\\/quehacerpolitico.mx\\\/wp-content\\\/uploads\\\/2022\\\/03\\\/14DC4373-D92B-41DA-8413-2DEBF1881503.jpeg\",\"width\":948,\"height\":703},{\"@type\":\"BreadcrumbList\",\"@id\":\"https:\\\/\\\/quehacerpolitico.mx\\\/?p=90598#breadcrumb\",\"itemListElement\":[{\"@type\":\"ListItem\",\"position\":1,\"name\":\"Inicio\",\"item\":\"https:\\\/\\\/quehacerpolitico.mx\\\/\"},{\"@type\":\"ListItem\",\"position\":2,\"name\":\"Cinco frases que definen la respuesta de L\u00f3pez Obrador al Parlamento Europeo\"}]},{\"@type\":\"WebSite\",\"@id\":\"https:\\\/\\\/quehacerpolitico.mx\\\/#website\",\"url\":\"https:\\\/\\\/quehacerpolitico.mx\\\/\",\"name\":\"\",\"description\":\"\",\"potentialAction\":[{\"@type\":\"SearchAction\",\"target\":{\"@type\":\"EntryPoint\",\"urlTemplate\":\"https:\\\/\\\/quehacerpolitico.mx\\\/?s={search_term_string}\"},\"query-input\":{\"@type\":\"PropertyValueSpecification\",\"valueRequired\":true,\"valueName\":\"search_term_string\"}}],\"inLanguage\":\"es\"},{\"@type\":\"Person\",\"@id\":\"https:\\\/\\\/quehacerpolitico.mx\\\/#\\\/schema\\\/person\\\/496d8ad2d1d3f8036101dca7ee39e585\",\"name\":\"Redacci\u00f3n QP\",\"image\":{\"@type\":\"ImageObject\",\"inLanguage\":\"es\",\"@id\":\"https:\\\/\\\/secure.gravatar.com\\\/avatar\\\/c7164ed6fdec453195284ad24a5ae5b6e1eed2b848477fa2a4787ba9adf39a41?s=96&d=mm&r=g\",\"url\":\"https:\\\/\\\/secure.gravatar.com\\\/avatar\\\/c7164ed6fdec453195284ad24a5ae5b6e1eed2b848477fa2a4787ba9adf39a41?s=96&d=mm&r=g\",\"contentUrl\":\"https:\\\/\\\/secure.gravatar.com\\\/avatar\\\/c7164ed6fdec453195284ad24a5ae5b6e1eed2b848477fa2a4787ba9adf39a41?s=96&d=mm&r=g\",\"caption\":\"Redacci\u00f3n QP\"},\"url\":\"https:\\\/\\\/quehacerpolitico.mx\\\/?author=2\"}]}<\/script>\n<!-- \/ Yoast SEO plugin. -->","yoast_head_json":{"title":"Cinco frases que definen la respuesta de L\u00f3pez Obrador al Parlamento Europeo -","robots":{"index":"index","follow":"follow","max-snippet":"max-snippet:-1","max-image-preview":"max-image-preview:large","max-video-preview":"max-video-preview:-1"},"canonical":"https:\/\/quehacerpolitico.mx\/?p=90598","og_locale":"es_MX","og_type":"article","og_title":"Cinco frases que definen la respuesta de L\u00f3pez Obrador al Parlamento Europeo -","og_description":"Por Redacci\u00f3n QP El texto gener\u00f3 controversia en redes sociales debido a su explosivo contenido...","og_url":"https:\/\/quehacerpolitico.mx\/?p=90598","article_published_time":"2022-03-12T05:27:38+00:00","article_modified_time":"2022-03-12T05:27:41+00:00","og_image":[{"width":948,"height":703,"url":"https:\/\/quehacerpolitico.mx\/wp-content\/uploads\/2022\/03\/14DC4373-D92B-41DA-8413-2DEBF1881503.jpeg","type":"image\/jpeg"}],"author":"Redacci\u00f3n QP","twitter_card":"summary_large_image","twitter_misc":{"Escrito por":"Redacci\u00f3n QP","Tiempo de lectura":"3 minutos"},"schema":{"@context":"https:\/\/schema.org","@graph":[{"@type":"Article","@id":"https:\/\/quehacerpolitico.mx\/?p=90598#article","isPartOf":{"@id":"https:\/\/quehacerpolitico.mx\/?p=90598"},"author":{"name":"Redacci\u00f3n QP","@id":"https:\/\/quehacerpolitico.mx\/#\/schema\/person\/496d8ad2d1d3f8036101dca7ee39e585"},"headline":"Cinco frases que definen la respuesta de L\u00f3pez Obrador al Parlamento Europeo","datePublished":"2022-03-12T05:27:38+00:00","dateModified":"2022-03-12T05:27:41+00:00","mainEntityOfPage":{"@id":"https:\/\/quehacerpolitico.mx\/?p=90598"},"wordCount":573,"commentCount":0,"image":{"@id":"https:\/\/quehacerpolitico.mx\/?p=90598#primaryimage"},"thumbnailUrl":"https:\/\/quehacerpolitico.mx\/wp-content\/uploads\/2022\/03\/14DC4373-D92B-41DA-8413-2DEBF1881503.jpeg","articleSection":["Noticias"],"inLanguage":"es","potentialAction":[{"@type":"CommentAction","name":"Comment","target":["https:\/\/quehacerpolitico.mx\/?p=90598#respond"]}]},{"@type":"WebPage","@id":"https:\/\/quehacerpolitico.mx\/?p=90598","url":"https:\/\/quehacerpolitico.mx\/?p=90598","name":"Cinco frases que definen la respuesta de L\u00f3pez Obrador al Parlamento Europeo -","isPartOf":{"@id":"https:\/\/quehacerpolitico.mx\/#website"},"primaryImageOfPage":{"@id":"https:\/\/quehacerpolitico.mx\/?p=90598#primaryimage"},"image":{"@id":"https:\/\/quehacerpolitico.mx\/?p=90598#primaryimage"},"thumbnailUrl":"https:\/\/quehacerpolitico.mx\/wp-content\/uploads\/2022\/03\/14DC4373-D92B-41DA-8413-2DEBF1881503.jpeg","datePublished":"2022-03-12T05:27:38+00:00","dateModified":"2022-03-12T05:27:41+00:00","author":{"@id":"https:\/\/quehacerpolitico.mx\/#\/schema\/person\/496d8ad2d1d3f8036101dca7ee39e585"},"breadcrumb":{"@id":"https:\/\/quehacerpolitico.mx\/?p=90598#breadcrumb"},"inLanguage":"es","potentialAction":[{"@type":"ReadAction","target":["https:\/\/quehacerpolitico.mx\/?p=90598"]}]},{"@type":"ImageObject","inLanguage":"es","@id":"https:\/\/quehacerpolitico.mx\/?p=90598#primaryimage","url":"https:\/\/quehacerpolitico.mx\/wp-content\/uploads\/2022\/03\/14DC4373-D92B-41DA-8413-2DEBF1881503.jpeg","contentUrl":"https:\/\/quehacerpolitico.mx\/wp-content\/uploads\/2022\/03\/14DC4373-D92B-41DA-8413-2DEBF1881503.jpeg","width":948,"height":703},{"@type":"BreadcrumbList","@id":"https:\/\/quehacerpolitico.mx\/?p=90598#breadcrumb","itemListElement":[{"@type":"ListItem","position":1,"name":"Inicio","item":"https:\/\/quehacerpolitico.mx\/"},{"@type":"ListItem","position":2,"name":"Cinco frases que definen la respuesta de L\u00f3pez Obrador al Parlamento Europeo"}]},{"@type":"WebSite","@id":"https:\/\/quehacerpolitico.mx\/#website","url":"https:\/\/quehacerpolitico.mx\/","name":"","description":"","potentialAction":[{"@type":"SearchAction","target":{"@type":"EntryPoint","urlTemplate":"https:\/\/quehacerpolitico.mx\/?s={search_term_string}"},"query-input":{"@type":"PropertyValueSpecification","valueRequired":true,"valueName":"search_term_string"}}],"inLanguage":"es"},{"@type":"Person","@id":"https:\/\/quehacerpolitico.mx\/#\/schema\/person\/496d8ad2d1d3f8036101dca7ee39e585","name":"Redacci\u00f3n QP","image":{"@type":"ImageObject","inLanguage":"es","@id":"https:\/\/secure.gravatar.com\/avatar\/c7164ed6fdec453195284ad24a5ae5b6e1eed2b848477fa2a4787ba9adf39a41?s=96&d=mm&r=g","url":"https:\/\/secure.gravatar.com\/avatar\/c7164ed6fdec453195284ad24a5ae5b6e1eed2b848477fa2a4787ba9adf39a41?s=96&d=mm&r=g","contentUrl":"https:\/\/secure.gravatar.com\/avatar\/c7164ed6fdec453195284ad24a5ae5b6e1eed2b848477fa2a4787ba9adf39a41?s=96&d=mm&r=g","caption":"Redacci\u00f3n QP"},"url":"https:\/\/quehacerpolitico.mx\/?author=2"}]}},"featured_image_urls":{"full":["https:\/\/quehacerpolitico.mx\/wp-content\/uploads\/2022\/03\/14DC4373-D92B-41DA-8413-2DEBF1881503.jpeg",948,703,false],"thumbnail":["https:\/\/quehacerpolitico.mx\/wp-content\/uploads\/2022\/03\/14DC4373-D92B-41DA-8413-2DEBF1881503-150x150.jpeg",150,150,true],"medium":["https:\/\/quehacerpolitico.mx\/wp-content\/uploads\/2022\/03\/14DC4373-D92B-41DA-8413-2DEBF1881503-300x222.jpeg",300,222,true],"medium_large":["https:\/\/quehacerpolitico.mx\/wp-content\/uploads\/2022\/03\/14DC4373-D92B-41DA-8413-2DEBF1881503-768x570.jpeg",640,475,true],"large":["https:\/\/quehacerpolitico.mx\/wp-content\/uploads\/2022\/03\/14DC4373-D92B-41DA-8413-2DEBF1881503.jpeg",640,475,false],"1536x1536":["https:\/\/quehacerpolitico.mx\/wp-content\/uploads\/2022\/03\/14DC4373-D92B-41DA-8413-2DEBF1881503.jpeg",948,703,false],"2048x2048":["https:\/\/quehacerpolitico.mx\/wp-content\/uploads\/2022\/03\/14DC4373-D92B-41DA-8413-2DEBF1881503.jpeg",948,703,false],"covernews-featured":["https:\/\/quehacerpolitico.mx\/wp-content\/uploads\/2022\/03\/14DC4373-D92B-41DA-8413-2DEBF1881503.jpeg",948,703,false],"covernews-medium":["https:\/\/quehacerpolitico.mx\/wp-content\/uploads\/2022\/03\/14DC4373-D92B-41DA-8413-2DEBF1881503.jpeg",458,340,false]},"author_info":{"display_name":"Redacci\u00f3n QP","author_link":"https:\/\/quehacerpolitico.mx\/?author=2"},"category_info":"<a href=\"https:\/\/quehacerpolitico.mx\/?cat=2\" rel=\"category\">Noticias<\/a>","tag_info":"Noticias","comment_count":"0","_links":{"self":[{"href":"https:\/\/quehacerpolitico.mx\/index.php?rest_route=\/wp\/v2\/posts\/90598","targetHints":{"allow":["GET"]}}],"collection":[{"href":"https:\/\/quehacerpolitico.mx\/index.php?rest_route=\/wp\/v2\/posts"}],"about":[{"href":"https:\/\/quehacerpolitico.mx\/index.php?rest_route=\/wp\/v2\/types\/post"}],"author":[{"embeddable":true,"href":"https:\/\/quehacerpolitico.mx\/index.php?rest_route=\/wp\/v2\/users\/2"}],"replies":[{"embeddable":true,"href":"https:\/\/quehacerpolitico.mx\/index.php?rest_route=%2Fwp%2Fv2%2Fcomments&post=90598"}],"version-history":[{"count":1,"href":"https:\/\/quehacerpolitico.mx\/index.php?rest_route=\/wp\/v2\/posts\/90598\/revisions"}],"predecessor-version":[{"id":90600,"href":"https:\/\/quehacerpolitico.mx\/index.php?rest_route=\/wp\/v2\/posts\/90598\/revisions\/90600"}],"wp:featuredmedia":[{"embeddable":true,"href":"https:\/\/quehacerpolitico.mx\/index.php?rest_route=\/wp\/v2\/media\/90599"}],"wp:attachment":[{"href":"https:\/\/quehacerpolitico.mx\/index.php?rest_route=%2Fwp%2Fv2%2Fmedia&parent=90598"}],"wp:term":[{"taxonomy":"category","embeddable":true,"href":"https:\/\/quehacerpolitico.mx\/index.php?rest_route=%2Fwp%2Fv2%2Fcategories&post=90598"},{"taxonomy":"post_tag","embeddable":true,"href":"https:\/\/quehacerpolitico.mx\/index.php?rest_route=%2Fwp%2Fv2%2Ftags&post=90598"}],"curies":[{"name":"wp","href":"https:\/\/api.w.org\/{rel}","templated":true}]}}