{"id":90540,"date":"2022-03-10T17:01:04","date_gmt":"2022-03-10T17:01:04","guid":{"rendered":"https:\/\/quehacerpolitico.mx\/?p=90540"},"modified":"2022-03-10T17:01:13","modified_gmt":"2022-03-10T17:01:13","slug":"desarrolladores-le-apuestan-a-santa-lucia-aifa-para-desarrollar-vivienda","status":"publish","type":"post","link":"https:\/\/quehacerpolitico.mx\/?p=90540","title":{"rendered":"Desarrolladores le apuestan a Santa Luc\u00eda (AIFA) para desarrollar vivienda"},"content":{"rendered":"\n<p>Por Redacci\u00f3n NotiExpress | La Revista del Sector Inmobiliario<\/p>\n\n\n\n<p>La pr\u00f3xima inauguraci\u00f3n del Aeropuerto Internacional Felipe \u00c1ngeles (<strong>AIFA), ha levantado el inter\u00e9s por desarrollar vivienda<\/strong>&nbsp;en Santa Luc\u00eda.<\/p>\n\n\n\n<p>Manuel Gonz\u00e1lez, director general de la&nbsp;<strong>Canadevi<\/strong>, advirti\u00f3 que&nbsp;<strong>se espera recibir a miles de compradores<\/strong>&nbsp;en los pr\u00f3ximos a\u00f1os.<\/p>\n\n\n\n<p>\u201cCon la inversi\u00f3n de los socios,&nbsp;<strong>traemos cerca de 70 mil viviendas en proceso<\/strong>&nbsp;y algunas reservas de tierra\u201d, se\u00f1al\u00f3 el directivo en entrevista con El Financiero.<\/p>\n\n\n\n<p>Asimismo, se\u00f1al\u00f3 que&nbsp;<strong>empresas como Vinte, Javer, Nuestro Hogar o&nbsp; Grupo Sadasi<\/strong>&nbsp;se est\u00e1n alistando para incorporar un nuevo inventario en la regi\u00f3n.<\/p>\n\n\n\n<p>Siguiendo esta l\u00ednea de edificaci\u00f3n, indic\u00f3 que&nbsp;<strong>Consorcio Ara tiene el inter\u00e9s de llegar a la zona<\/strong>, planea construir cerca de&nbsp;<strong>tres mil viviendas<\/strong>&nbsp;en la entidad.<\/p>\n\n\n\n<p><strong>municipios beneficiados directamente por el Aeropuerto<\/strong>&nbsp;de Santa Luc\u00eda en materia inmobiliaria y de infraestructura son:<\/p>\n\n\n\n<ul class=\"wp-block-list\"><li>&nbsp; &nbsp; &nbsp; &nbsp;&nbsp;Zumpango<\/li><li>&nbsp; &nbsp; &nbsp; &nbsp;&nbsp;Nextlalpan<\/li><li>&nbsp; &nbsp; &nbsp; &nbsp;&nbsp;Xaltenco<\/li><li>&nbsp; &nbsp; &nbsp; &nbsp;&nbsp;Tec\u00e1mac<\/li><li>&nbsp; &nbsp; &nbsp; &nbsp;&nbsp;Tonanitla<\/li><\/ul>\n\n\n\n<p>El director a\u00f1adi\u00f3 que la regi\u00f3n comenz\u00f3 a atraer\u00a0<strong>inversi\u00f3n de parques industriales y centros comerciales,<\/strong>\u00a0lo que detonar\u00e1 otros sectores de la construcci\u00f3n.<\/p>\n\n\n\n<figure class=\"wp-block-image size-large\"><img loading=\"lazy\" decoding=\"async\" width=\"782\" height=\"1024\" src=\"https:\/\/quehacerpolitico.mx\/wp-content\/uploads\/2022\/03\/image-46-782x1024.jpeg\" alt=\"\" class=\"wp-image-90541\" srcset=\"https:\/\/quehacerpolitico.mx\/wp-content\/uploads\/2022\/03\/image-46-782x1024.jpeg 782w, https:\/\/quehacerpolitico.mx\/wp-content\/uploads\/2022\/03\/image-46-229x300.jpeg 229w, https:\/\/quehacerpolitico.mx\/wp-content\/uploads\/2022\/03\/image-46-768x1005.jpeg 768w, https:\/\/quehacerpolitico.mx\/wp-content\/uploads\/2022\/03\/image-46-1173x1536.jpeg 1173w, https:\/\/quehacerpolitico.mx\/wp-content\/uploads\/2022\/03\/image-46-112x146.jpeg 112w, https:\/\/quehacerpolitico.mx\/wp-content\/uploads\/2022\/03\/image-46-38x50.jpeg 38w, https:\/\/quehacerpolitico.mx\/wp-content\/uploads\/2022\/03\/image-46-57x75.jpeg 57w, https:\/\/quehacerpolitico.mx\/wp-content\/uploads\/2022\/03\/image-46.jpeg 1230w\" sizes=\"auto, (max-width: 782px) 100vw, 782px\" \/><\/figure>\n\n\n\n<h3 class=\"wp-block-heading\"><strong>Sedatu e Infonavit mejorar\u00e1n la infraestructura urbana de la Santa Luc\u00eda<\/strong><\/h3>\n\n\n\n<p>Por otro lado, el&nbsp;<strong>Infonavit<\/strong>&nbsp;y la Secretar\u00eda de Desarrollo Agrario, Territorial y Urbano (<strong>Sedatu<\/strong>) anunciaron que&nbsp;<strong>trabajan para mejorar la zona de Santa Luc\u00eda<\/strong>.<\/p>\n\n\n\n<p>Los organismos puntualizan que es necesario, ya que los municipios&nbsp;<strong>tienen infraestructura urbana e inmuebles deficientes<\/strong>.<\/p>\n\n\n\n<p>Adem\u00e1s, en conjunto buscan la&nbsp;<strong>recuperaci\u00f3n de 500 viviendas en Tizayuca, Hidalgo<\/strong>, municipio cercano al puerto a\u00e9reo.<\/p>\n\n\n\n<p>Al respecto, la mandataria de la Ciudad de M\u00e9xico, Claudia Sheinbaum, dijo que s<strong>e lograr\u00e1 que el traslado y acceso a Santa Luc\u00eda sea en 45 minutos<\/strong>.<\/p>\n\n\n\n<h3 class=\"wp-block-heading\"><strong>Tecamac y Zumpango son los dos municipios de mayor inter\u00e9s<\/strong><\/h3>\n\n\n\n<p>De acuerdo con la plataforma de&nbsp;<strong>Lamudi<\/strong>, la demanda de&nbsp;<strong>propiedades en Tecamac creci\u00f3 75%, mientras que en Zumpango fue de 68 por ciento<\/strong>.<\/p>\n\n\n\n<p>En&nbsp;<strong>Nextlalpan y Xaltenco<\/strong>&nbsp;tambi\u00e9n vieron un&nbsp;<strong>aumento de 57% y 30%<\/strong>, respectivamente.<\/p>\n\n\n\n<p>Daniel Narv\u00e1ez, vicepresidente de marketing de Lamudi agreg\u00f3 que&nbsp;<strong>la obra se convirti\u00f3 en un detonador<\/strong>&nbsp;importante de demanda.<\/p>\n\n\n\n<p>Estim\u00f3 que la&nbsp;<strong>plusval\u00eda se ha disparado en promedio 9%<\/strong>&nbsp;en el valor de la tierra y las propiedades.<\/p>\n\n\n\n<p>Adem\u00e1s, el especialista consider\u00f3 que los municipios de&nbsp;<strong>Zumpango y Tec\u00e1mac tendr\u00e1n un impacto m\u00e1s directo debido a su cercan\u00eda<\/strong>&nbsp;y f\u00e1cil acceso con el AIFA.<\/p>\n\n\n\n<p>Por su parte, Marisol Becerra, directora de consultor\u00eda de&nbsp;<strong>Tinsa M\u00e9xico<\/strong>&nbsp;afirm\u00f3 que el aeropuerto ha impulsado la demanda de vivienda.<\/p>\n\n\n\n<p>En cuanto a los precios, Leonardo Garc\u00eda, analista de\u00a0<strong>Propiedades<\/strong>\u00a0agreg\u00f3 que los municipios de\u00a0<strong>Tecamac y Zumpango tuvieron un alza de hasta el 13 por ciento<\/strong>.<\/p>\n\n\n\n<figure class=\"wp-block-image size-large\"><img loading=\"lazy\" decoding=\"async\" width=\"795\" height=\"1024\" src=\"https:\/\/quehacerpolitico.mx\/wp-content\/uploads\/2022\/03\/image-47-795x1024.jpeg\" alt=\"\" class=\"wp-image-90542\" srcset=\"https:\/\/quehacerpolitico.mx\/wp-content\/uploads\/2022\/03\/image-47-795x1024.jpeg 795w, https:\/\/quehacerpolitico.mx\/wp-content\/uploads\/2022\/03\/image-47-233x300.jpeg 233w, https:\/\/quehacerpolitico.mx\/wp-content\/uploads\/2022\/03\/image-47-768x989.jpeg 768w, https:\/\/quehacerpolitico.mx\/wp-content\/uploads\/2022\/03\/image-47-1193x1536.jpeg 1193w, https:\/\/quehacerpolitico.mx\/wp-content\/uploads\/2022\/03\/image-47-113x146.jpeg 113w, https:\/\/quehacerpolitico.mx\/wp-content\/uploads\/2022\/03\/image-47-39x50.jpeg 39w, https:\/\/quehacerpolitico.mx\/wp-content\/uploads\/2022\/03\/image-47-58x75.jpeg 58w, https:\/\/quehacerpolitico.mx\/wp-content\/uploads\/2022\/03\/image-47.jpeg 1240w\" sizes=\"auto, (max-width: 795px) 100vw, 795px\" \/><\/figure>\n\n\n\n<p>No se te olvide que?<\/p>\n\n\n\n<p>En\u00a0NotiExpress | La Revista del Sector Inmobiliario nos ocupamos en la difusi\u00f3n de la industria inmobiliaria generamos contenidos que te ayudar\u00e1n a mantenerte a la vanguardia en tecnolog\u00eda y en tendencias del sector inmobiliario para que puedas ofrecer el mejor servicio y generar m\u00e1s clientes.<\/p>\n\n\n\n<p>\u00c9chale una miradita a nuestra revista mensual donde encontrar\u00e1s la informaci\u00f3n precisa y oportuna con todo lo relacionado al sector inmobiliario aqu\u00ed\u00a0?<a href=\"https:\/\/issuu.com\/notiexpressmx\/docs\/notiexpress_07\">https:\/\/issuu.com\/notiexpressmx\/docs\/notiexpress_07\u00a0<\/a>\u00a0NotiExpress | La Revista del Sector Inmobiliario<\/p>\n\n\n\n<figure class=\"wp-block-image size-large\"><img loading=\"lazy\" decoding=\"async\" width=\"1024\" height=\"570\" src=\"https:\/\/quehacerpolitico.mx\/wp-content\/uploads\/2022\/03\/image-48-1024x570.jpeg\" alt=\"\" class=\"wp-image-90543\" srcset=\"https:\/\/quehacerpolitico.mx\/wp-content\/uploads\/2022\/03\/image-48-1024x570.jpeg 1024w, https:\/\/quehacerpolitico.mx\/wp-content\/uploads\/2022\/03\/image-48-300x167.jpeg 300w, https:\/\/quehacerpolitico.mx\/wp-content\/uploads\/2022\/03\/image-48-768x428.jpeg 768w, https:\/\/quehacerpolitico.mx\/wp-content\/uploads\/2022\/03\/image-48-260x146.jpeg 260w, https:\/\/quehacerpolitico.mx\/wp-content\/uploads\/2022\/03\/image-48-50x28.jpeg 50w, https:\/\/quehacerpolitico.mx\/wp-content\/uploads\/2022\/03\/image-48-135x75.jpeg 135w, https:\/\/quehacerpolitico.mx\/wp-content\/uploads\/2022\/03\/image-48.jpeg 1284w\" sizes=\"auto, (max-width: 1024px) 100vw, 1024px\" \/><\/figure>\n","protected":false},"excerpt":{"rendered":"<p>Por Redacci\u00f3n NotiExpress | La Revista del Sector Inmobiliario La pr\u00f3xima inauguraci\u00f3n del Aeropuerto Internacional&#8230;<\/p>\n","protected":false},"author":2,"featured_media":90544,"comment_status":"open","ping_status":"open","sticky":false,"template":"","format":"standard","meta":{"_monsterinsights_skip_tracking":false,"_monsterinsights_sitenote_active":false,"_monsterinsights_sitenote_note":"","_monsterinsights_sitenote_category":0,"footnotes":""},"categories":[56],"tags":[],"class_list":["post-90540","post","type-post","status-publish","format-standard","has-post-thumbnail","hentry","category-economia"],"yoast_head":"<!-- This site is optimized with the Yoast SEO plugin v27.3 - https:\/\/yoast.com\/product\/yoast-seo-wordpress\/ -->\n<title>Desarrolladores le apuestan a Santa Luc\u00eda (AIFA) para desarrollar vivienda -<\/title>\n<meta name=\"robots\" content=\"index, follow, max-snippet:-1, max-image-preview:large, max-video-preview:-1\" \/>\n<link rel=\"canonical\" href=\"https:\/\/quehacerpolitico.mx\/?p=90540\" \/>\n<meta property=\"og:locale\" content=\"es_MX\" \/>\n<meta property=\"og:type\" content=\"article\" \/>\n<meta property=\"og:title\" content=\"Desarrolladores le apuestan a Santa Luc\u00eda (AIFA) para desarrollar vivienda -\" \/>\n<meta property=\"og:description\" content=\"Por Redacci\u00f3n NotiExpress | La Revista del Sector Inmobiliario La pr\u00f3xima inauguraci\u00f3n del Aeropuerto Internacional...\" \/>\n<meta property=\"og:url\" content=\"https:\/\/quehacerpolitico.mx\/?p=90540\" \/>\n<meta property=\"article:published_time\" content=\"2022-03-10T17:01:04+00:00\" \/>\n<meta property=\"article:modified_time\" content=\"2022-03-10T17:01:13+00:00\" \/>\n<meta property=\"og:image\" content=\"https:\/\/quehacerpolitico.mx\/wp-content\/uploads\/2022\/03\/C1BC0829-987F-4B66-98AE-7D78170CE71F.jpeg\" \/>\n\t<meta property=\"og:image:width\" content=\"1230\" \/>\n\t<meta property=\"og:image:height\" content=\"594\" \/>\n\t<meta property=\"og:image:type\" content=\"image\/jpeg\" \/>\n<meta name=\"author\" content=\"Redacci\u00f3n QP\" \/>\n<meta name=\"twitter:card\" content=\"summary_large_image\" \/>\n<meta name=\"twitter:label1\" content=\"Escrito por\" \/>\n\t<meta name=\"twitter:data1\" content=\"Redacci\u00f3n QP\" \/>\n\t<meta name=\"twitter:label2\" content=\"Tiempo de lectura\" \/>\n\t<meta name=\"twitter:data2\" content=\"3 minutos\" \/>\n<script type=\"application\/ld+json\" class=\"yoast-schema-graph\">{\"@context\":\"https:\\\/\\\/schema.org\",\"@graph\":[{\"@type\":\"Article\",\"@id\":\"https:\\\/\\\/quehacerpolitico.mx\\\/?p=90540#article\",\"isPartOf\":{\"@id\":\"https:\\\/\\\/quehacerpolitico.mx\\\/?p=90540\"},\"author\":{\"name\":\"Redacci\u00f3n QP\",\"@id\":\"https:\\\/\\\/quehacerpolitico.mx\\\/#\\\/schema\\\/person\\\/496d8ad2d1d3f8036101dca7ee39e585\"},\"headline\":\"Desarrolladores le apuestan a Santa Luc\u00eda (AIFA) para desarrollar vivienda\",\"datePublished\":\"2022-03-10T17:01:04+00:00\",\"dateModified\":\"2022-03-10T17:01:13+00:00\",\"mainEntityOfPage\":{\"@id\":\"https:\\\/\\\/quehacerpolitico.mx\\\/?p=90540\"},\"wordCount\":616,\"commentCount\":0,\"image\":{\"@id\":\"https:\\\/\\\/quehacerpolitico.mx\\\/?p=90540#primaryimage\"},\"thumbnailUrl\":\"https:\\\/\\\/quehacerpolitico.mx\\\/wp-content\\\/uploads\\\/2022\\\/03\\\/C1BC0829-987F-4B66-98AE-7D78170CE71F.jpeg\",\"articleSection\":[\"Econom\u00eda\"],\"inLanguage\":\"es\",\"potentialAction\":[{\"@type\":\"CommentAction\",\"name\":\"Comment\",\"target\":[\"https:\\\/\\\/quehacerpolitico.mx\\\/?p=90540#respond\"]}]},{\"@type\":\"WebPage\",\"@id\":\"https:\\\/\\\/quehacerpolitico.mx\\\/?p=90540\",\"url\":\"https:\\\/\\\/quehacerpolitico.mx\\\/?p=90540\",\"name\":\"Desarrolladores le apuestan a Santa Luc\u00eda (AIFA) para desarrollar vivienda -\",\"isPartOf\":{\"@id\":\"https:\\\/\\\/quehacerpolitico.mx\\\/#website\"},\"primaryImageOfPage\":{\"@id\":\"https:\\\/\\\/quehacerpolitico.mx\\\/?p=90540#primaryimage\"},\"image\":{\"@id\":\"https:\\\/\\\/quehacerpolitico.mx\\\/?p=90540#primaryimage\"},\"thumbnailUrl\":\"https:\\\/\\\/quehacerpolitico.mx\\\/wp-content\\\/uploads\\\/2022\\\/03\\\/C1BC0829-987F-4B66-98AE-7D78170CE71F.jpeg\",\"datePublished\":\"2022-03-10T17:01:04+00:00\",\"dateModified\":\"2022-03-10T17:01:13+00:00\",\"author\":{\"@id\":\"https:\\\/\\\/quehacerpolitico.mx\\\/#\\\/schema\\\/person\\\/496d8ad2d1d3f8036101dca7ee39e585\"},\"breadcrumb\":{\"@id\":\"https:\\\/\\\/quehacerpolitico.mx\\\/?p=90540#breadcrumb\"},\"inLanguage\":\"es\",\"potentialAction\":[{\"@type\":\"ReadAction\",\"target\":[\"https:\\\/\\\/quehacerpolitico.mx\\\/?p=90540\"]}]},{\"@type\":\"ImageObject\",\"inLanguage\":\"es\",\"@id\":\"https:\\\/\\\/quehacerpolitico.mx\\\/?p=90540#primaryimage\",\"url\":\"https:\\\/\\\/quehacerpolitico.mx\\\/wp-content\\\/uploads\\\/2022\\\/03\\\/C1BC0829-987F-4B66-98AE-7D78170CE71F.jpeg\",\"contentUrl\":\"https:\\\/\\\/quehacerpolitico.mx\\\/wp-content\\\/uploads\\\/2022\\\/03\\\/C1BC0829-987F-4B66-98AE-7D78170CE71F.jpeg\",\"width\":1230,\"height\":594},{\"@type\":\"BreadcrumbList\",\"@id\":\"https:\\\/\\\/quehacerpolitico.mx\\\/?p=90540#breadcrumb\",\"itemListElement\":[{\"@type\":\"ListItem\",\"position\":1,\"name\":\"Inicio\",\"item\":\"https:\\\/\\\/quehacerpolitico.mx\\\/\"},{\"@type\":\"ListItem\",\"position\":2,\"name\":\"Desarrolladores le apuestan a Santa Luc\u00eda (AIFA) para desarrollar vivienda\"}]},{\"@type\":\"WebSite\",\"@id\":\"https:\\\/\\\/quehacerpolitico.mx\\\/#website\",\"url\":\"https:\\\/\\\/quehacerpolitico.mx\\\/\",\"name\":\"\",\"description\":\"\",\"potentialAction\":[{\"@type\":\"SearchAction\",\"target\":{\"@type\":\"EntryPoint\",\"urlTemplate\":\"https:\\\/\\\/quehacerpolitico.mx\\\/?s={search_term_string}\"},\"query-input\":{\"@type\":\"PropertyValueSpecification\",\"valueRequired\":true,\"valueName\":\"search_term_string\"}}],\"inLanguage\":\"es\"},{\"@type\":\"Person\",\"@id\":\"https:\\\/\\\/quehacerpolitico.mx\\\/#\\\/schema\\\/person\\\/496d8ad2d1d3f8036101dca7ee39e585\",\"name\":\"Redacci\u00f3n QP\",\"image\":{\"@type\":\"ImageObject\",\"inLanguage\":\"es\",\"@id\":\"https:\\\/\\\/secure.gravatar.com\\\/avatar\\\/c7164ed6fdec453195284ad24a5ae5b6e1eed2b848477fa2a4787ba9adf39a41?s=96&d=mm&r=g\",\"url\":\"https:\\\/\\\/secure.gravatar.com\\\/avatar\\\/c7164ed6fdec453195284ad24a5ae5b6e1eed2b848477fa2a4787ba9adf39a41?s=96&d=mm&r=g\",\"contentUrl\":\"https:\\\/\\\/secure.gravatar.com\\\/avatar\\\/c7164ed6fdec453195284ad24a5ae5b6e1eed2b848477fa2a4787ba9adf39a41?s=96&d=mm&r=g\",\"caption\":\"Redacci\u00f3n QP\"},\"url\":\"https:\\\/\\\/quehacerpolitico.mx\\\/?author=2\"}]}<\/script>\n<!-- \/ Yoast SEO plugin. -->","yoast_head_json":{"title":"Desarrolladores le apuestan a Santa Luc\u00eda (AIFA) para desarrollar vivienda -","robots":{"index":"index","follow":"follow","max-snippet":"max-snippet:-1","max-image-preview":"max-image-preview:large","max-video-preview":"max-video-preview:-1"},"canonical":"https:\/\/quehacerpolitico.mx\/?p=90540","og_locale":"es_MX","og_type":"article","og_title":"Desarrolladores le apuestan a Santa Luc\u00eda (AIFA) para desarrollar vivienda -","og_description":"Por Redacci\u00f3n NotiExpress | La Revista del Sector Inmobiliario La pr\u00f3xima inauguraci\u00f3n del Aeropuerto Internacional...","og_url":"https:\/\/quehacerpolitico.mx\/?p=90540","article_published_time":"2022-03-10T17:01:04+00:00","article_modified_time":"2022-03-10T17:01:13+00:00","og_image":[{"width":1230,"height":594,"url":"https:\/\/quehacerpolitico.mx\/wp-content\/uploads\/2022\/03\/C1BC0829-987F-4B66-98AE-7D78170CE71F.jpeg","type":"image\/jpeg"}],"author":"Redacci\u00f3n QP","twitter_card":"summary_large_image","twitter_misc":{"Escrito por":"Redacci\u00f3n QP","Tiempo de lectura":"3 minutos"},"schema":{"@context":"https:\/\/schema.org","@graph":[{"@type":"Article","@id":"https:\/\/quehacerpolitico.mx\/?p=90540#article","isPartOf":{"@id":"https:\/\/quehacerpolitico.mx\/?p=90540"},"author":{"name":"Redacci\u00f3n QP","@id":"https:\/\/quehacerpolitico.mx\/#\/schema\/person\/496d8ad2d1d3f8036101dca7ee39e585"},"headline":"Desarrolladores le apuestan a Santa Luc\u00eda (AIFA) para desarrollar vivienda","datePublished":"2022-03-10T17:01:04+00:00","dateModified":"2022-03-10T17:01:13+00:00","mainEntityOfPage":{"@id":"https:\/\/quehacerpolitico.mx\/?p=90540"},"wordCount":616,"commentCount":0,"image":{"@id":"https:\/\/quehacerpolitico.mx\/?p=90540#primaryimage"},"thumbnailUrl":"https:\/\/quehacerpolitico.mx\/wp-content\/uploads\/2022\/03\/C1BC0829-987F-4B66-98AE-7D78170CE71F.jpeg","articleSection":["Econom\u00eda"],"inLanguage":"es","potentialAction":[{"@type":"CommentAction","name":"Comment","target":["https:\/\/quehacerpolitico.mx\/?p=90540#respond"]}]},{"@type":"WebPage","@id":"https:\/\/quehacerpolitico.mx\/?p=90540","url":"https:\/\/quehacerpolitico.mx\/?p=90540","name":"Desarrolladores le apuestan a Santa Luc\u00eda (AIFA) para desarrollar vivienda -","isPartOf":{"@id":"https:\/\/quehacerpolitico.mx\/#website"},"primaryImageOfPage":{"@id":"https:\/\/quehacerpolitico.mx\/?p=90540#primaryimage"},"image":{"@id":"https:\/\/quehacerpolitico.mx\/?p=90540#primaryimage"},"thumbnailUrl":"https:\/\/quehacerpolitico.mx\/wp-content\/uploads\/2022\/03\/C1BC0829-987F-4B66-98AE-7D78170CE71F.jpeg","datePublished":"2022-03-10T17:01:04+00:00","dateModified":"2022-03-10T17:01:13+00:00","author":{"@id":"https:\/\/quehacerpolitico.mx\/#\/schema\/person\/496d8ad2d1d3f8036101dca7ee39e585"},"breadcrumb":{"@id":"https:\/\/quehacerpolitico.mx\/?p=90540#breadcrumb"},"inLanguage":"es","potentialAction":[{"@type":"ReadAction","target":["https:\/\/quehacerpolitico.mx\/?p=90540"]}]},{"@type":"ImageObject","inLanguage":"es","@id":"https:\/\/quehacerpolitico.mx\/?p=90540#primaryimage","url":"https:\/\/quehacerpolitico.mx\/wp-content\/uploads\/2022\/03\/C1BC0829-987F-4B66-98AE-7D78170CE71F.jpeg","contentUrl":"https:\/\/quehacerpolitico.mx\/wp-content\/uploads\/2022\/03\/C1BC0829-987F-4B66-98AE-7D78170CE71F.jpeg","width":1230,"height":594},{"@type":"BreadcrumbList","@id":"https:\/\/quehacerpolitico.mx\/?p=90540#breadcrumb","itemListElement":[{"@type":"ListItem","position":1,"name":"Inicio","item":"https:\/\/quehacerpolitico.mx\/"},{"@type":"ListItem","position":2,"name":"Desarrolladores le apuestan a Santa Luc\u00eda (AIFA) para desarrollar vivienda"}]},{"@type":"WebSite","@id":"https:\/\/quehacerpolitico.mx\/#website","url":"https:\/\/quehacerpolitico.mx\/","name":"","description":"","potentialAction":[{"@type":"SearchAction","target":{"@type":"EntryPoint","urlTemplate":"https:\/\/quehacerpolitico.mx\/?s={search_term_string}"},"query-input":{"@type":"PropertyValueSpecification","valueRequired":true,"valueName":"search_term_string"}}],"inLanguage":"es"},{"@type":"Person","@id":"https:\/\/quehacerpolitico.mx\/#\/schema\/person\/496d8ad2d1d3f8036101dca7ee39e585","name":"Redacci\u00f3n QP","image":{"@type":"ImageObject","inLanguage":"es","@id":"https:\/\/secure.gravatar.com\/avatar\/c7164ed6fdec453195284ad24a5ae5b6e1eed2b848477fa2a4787ba9adf39a41?s=96&d=mm&r=g","url":"https:\/\/secure.gravatar.com\/avatar\/c7164ed6fdec453195284ad24a5ae5b6e1eed2b848477fa2a4787ba9adf39a41?s=96&d=mm&r=g","contentUrl":"https:\/\/secure.gravatar.com\/avatar\/c7164ed6fdec453195284ad24a5ae5b6e1eed2b848477fa2a4787ba9adf39a41?s=96&d=mm&r=g","caption":"Redacci\u00f3n QP"},"url":"https:\/\/quehacerpolitico.mx\/?author=2"}]}},"featured_image_urls":{"full":["https:\/\/quehacerpolitico.mx\/wp-content\/uploads\/2022\/03\/C1BC0829-987F-4B66-98AE-7D78170CE71F.jpeg",1230,594,false],"thumbnail":["https:\/\/quehacerpolitico.mx\/wp-content\/uploads\/2022\/03\/C1BC0829-987F-4B66-98AE-7D78170CE71F-150x150.jpeg",150,150,true],"medium":["https:\/\/quehacerpolitico.mx\/wp-content\/uploads\/2022\/03\/C1BC0829-987F-4B66-98AE-7D78170CE71F-300x145.jpeg",300,145,true],"medium_large":["https:\/\/quehacerpolitico.mx\/wp-content\/uploads\/2022\/03\/C1BC0829-987F-4B66-98AE-7D78170CE71F-768x371.jpeg",640,309,true],"large":["https:\/\/quehacerpolitico.mx\/wp-content\/uploads\/2022\/03\/C1BC0829-987F-4B66-98AE-7D78170CE71F-1024x495.jpeg",640,309,true],"1536x1536":["https:\/\/quehacerpolitico.mx\/wp-content\/uploads\/2022\/03\/C1BC0829-987F-4B66-98AE-7D78170CE71F.jpeg",1230,594,false],"2048x2048":["https:\/\/quehacerpolitico.mx\/wp-content\/uploads\/2022\/03\/C1BC0829-987F-4B66-98AE-7D78170CE71F.jpeg",1230,594,false],"covernews-featured":["https:\/\/quehacerpolitico.mx\/wp-content\/uploads\/2022\/03\/C1BC0829-987F-4B66-98AE-7D78170CE71F.jpeg",1024,495,false],"covernews-medium":["https:\/\/quehacerpolitico.mx\/wp-content\/uploads\/2022\/03\/C1BC0829-987F-4B66-98AE-7D78170CE71F.jpeg",540,261,false]},"author_info":{"display_name":"Redacci\u00f3n QP","author_link":"https:\/\/quehacerpolitico.mx\/?author=2"},"category_info":"<a href=\"https:\/\/quehacerpolitico.mx\/?cat=56\" rel=\"category\">Econom\u00eda<\/a>","tag_info":"Econom\u00eda","comment_count":"0","_links":{"self":[{"href":"https:\/\/quehacerpolitico.mx\/index.php?rest_route=\/wp\/v2\/posts\/90540","targetHints":{"allow":["GET"]}}],"collection":[{"href":"https:\/\/quehacerpolitico.mx\/index.php?rest_route=\/wp\/v2\/posts"}],"about":[{"href":"https:\/\/quehacerpolitico.mx\/index.php?rest_route=\/wp\/v2\/types\/post"}],"author":[{"embeddable":true,"href":"https:\/\/quehacerpolitico.mx\/index.php?rest_route=\/wp\/v2\/users\/2"}],"replies":[{"embeddable":true,"href":"https:\/\/quehacerpolitico.mx\/index.php?rest_route=%2Fwp%2Fv2%2Fcomments&post=90540"}],"version-history":[{"count":1,"href":"https:\/\/quehacerpolitico.mx\/index.php?rest_route=\/wp\/v2\/posts\/90540\/revisions"}],"predecessor-version":[{"id":90545,"href":"https:\/\/quehacerpolitico.mx\/index.php?rest_route=\/wp\/v2\/posts\/90540\/revisions\/90545"}],"wp:featuredmedia":[{"embeddable":true,"href":"https:\/\/quehacerpolitico.mx\/index.php?rest_route=\/wp\/v2\/media\/90544"}],"wp:attachment":[{"href":"https:\/\/quehacerpolitico.mx\/index.php?rest_route=%2Fwp%2Fv2%2Fmedia&parent=90540"}],"wp:term":[{"taxonomy":"category","embeddable":true,"href":"https:\/\/quehacerpolitico.mx\/index.php?rest_route=%2Fwp%2Fv2%2Fcategories&post=90540"},{"taxonomy":"post_tag","embeddable":true,"href":"https:\/\/quehacerpolitico.mx\/index.php?rest_route=%2Fwp%2Fv2%2Ftags&post=90540"}],"curies":[{"name":"wp","href":"https:\/\/api.w.org\/{rel}","templated":true}]}}