{"id":90467,"date":"2022-03-08T17:23:51","date_gmt":"2022-03-08T17:23:51","guid":{"rendered":"https:\/\/quehacerpolitico.mx\/?p=90467"},"modified":"2022-03-08T17:24:05","modified_gmt":"2022-03-08T17:24:05","slug":"amlo-dice-que-no-aumentaran-precios-a-combustibles-pese-a-guerra-de-rusia-y-ucrania","status":"publish","type":"post","link":"https:\/\/quehacerpolitico.mx\/?p=90467","title":{"rendered":"AMLO dice que no aumentar\u00e1n precios a combustibles pese a guerra de Rusia y Ucrania\u00a0"},"content":{"rendered":"\n<p>Por Redacci\u00f3n QP<\/p>\n\n\n\n<p>Pese a esto, AMLO reconoci\u00f3 que se est\u00e1n produciendo &#8220;desequilibrios&#8221; en el mercado de combustibles por las sanciones impuestas a Rusia<\/p>\n\n\n\n<p>En la &#8220;ma\u00f1anera&#8221; de hoy martes, el Presidente de M\u00e9xico, Andr\u00e9s Manuel L\u00f3pez Obrador (AMLO) pidi\u00f3 a la ciudadan\u00eda estar tranquilos porque no habr\u00e1 un aumento al precio de los combustibles o energ\u00eda el\u00e9ctrica, pese a los efectos que pueda ocasionar el conflicto entre Rusia y Ucrania.<\/p>\n\n\n\n<p>&#8220;<strong>Es importante que sepan todos los mexicanos que no vamos a tener problemas de aumentos de precios en combustibles<\/strong>, ni en energ\u00eda el\u00e9ctrica, a pesar de la invasi\u00f3n y de la guerra en Ucrania. Nosotros no vamos a aumentar los precios de las gasolinas, del di\u00e9sel, ni el precio de la luz&#8221;, afirm\u00f3 AMLO.<\/p>\n\n\n\n<figure class=\"wp-block-embed is-type-video is-provider-youtube wp-block-embed-youtube wp-embed-aspect-16-9 wp-has-aspect-ratio\"><div class=\"wp-block-embed__wrapper\">\n<iframe loading=\"lazy\" title=\"Asegura AMLO que pese a la guerra en Ucrania, no aumentar\u00e1n los combustibles ni la luz\" width=\"640\" height=\"360\" src=\"https:\/\/www.youtube.com\/embed\/-F_MjUaYN-Y?feature=oembed\" frameborder=\"0\" allow=\"accelerometer; autoplay; clipboard-write; encrypted-media; gyroscope; picture-in-picture; web-share\" referrerpolicy=\"strict-origin-when-cross-origin\" allowfullscreen><\/iframe>\n<\/div><\/figure>\n\n\n\n<blockquote class=\"wp-block-quote is-layout-flow wp-block-quote-is-layout-flow\"><p>&#8220;Es importante que sepan todos los mexicanos que no vamos a tener problemas de aumentos de precios en combustibles&#8221;<\/p><\/blockquote>\n\n\n\n<p>AMLO asegur\u00f3 que a M\u00e9xico &#8220;no nos afecta&#8221; el alza en los precios del petr\u00f3leo, pues nuestro pa\u00eds es uno de las 20 naciones que cuenta con este combustible f\u00f3sil en el mundo.<\/p>\n\n\n\n<p>&#8220;Desde luego se est\u00e1n produciendo desequilibrios en el mercado de combustibles por algunas medidas que se est\u00e1n tomando, esto ha llevado a que aumente el precio del crudo, la mezcla de petr\u00f3leo mexicano est\u00e1 en 115 d\u00f3lares por barril, aunque no llegamos a lo que costaba el crudo en la \u00e9poca de Felipe Calder\u00f3n o de Fox, sobre todo Calder\u00f3n, que fue el que recibi\u00f3 m\u00e1s dinero por altos precios del petr\u00f3leo&#8221;, afirm\u00f3 AMLO.<\/p>\n\n\n\n<p>&#8220;A nosotros no nos afecta, esto no lo deseamos porque si afecta a las econom\u00edas del mundo, no olvidemos que no todos los pa\u00edses tienen petr\u00f3leo&#8221;, finaliz\u00f3 AMLO.<\/p>\n\n\n\n<p>Con informaci\u00f3n de SUN<\/p>\n","protected":false},"excerpt":{"rendered":"<p>Por Redacci\u00f3n QP Pese a esto, AMLO reconoci\u00f3 que se est\u00e1n produciendo &#8220;desequilibrios&#8221; en el&#8230;<\/p>\n","protected":false},"author":2,"featured_media":90468,"comment_status":"open","ping_status":"open","sticky":false,"template":"","format":"standard","meta":{"_monsterinsights_skip_tracking":false,"_monsterinsights_sitenote_active":false,"_monsterinsights_sitenote_note":"","_monsterinsights_sitenote_category":0,"footnotes":""},"categories":[56],"tags":[],"class_list":["post-90467","post","type-post","status-publish","format-standard","has-post-thumbnail","hentry","category-economia"],"yoast_head":"<!-- This site is optimized with the Yoast SEO plugin v27.3 - https:\/\/yoast.com\/product\/yoast-seo-wordpress\/ -->\n<title>AMLO dice que no aumentar\u00e1n precios a combustibles pese a guerra de Rusia y Ucrania\u00a0 -<\/title>\n<meta name=\"robots\" content=\"index, follow, max-snippet:-1, max-image-preview:large, max-video-preview:-1\" \/>\n<link rel=\"canonical\" href=\"https:\/\/quehacerpolitico.mx\/?p=90467\" \/>\n<meta property=\"og:locale\" content=\"es_MX\" \/>\n<meta property=\"og:type\" content=\"article\" \/>\n<meta property=\"og:title\" content=\"AMLO dice que no aumentar\u00e1n precios a combustibles pese a guerra de Rusia y Ucrania\u00a0 -\" \/>\n<meta property=\"og:description\" content=\"Por Redacci\u00f3n QP Pese a esto, AMLO reconoci\u00f3 que se est\u00e1n produciendo &#8220;desequilibrios&#8221; en el...\" \/>\n<meta property=\"og:url\" content=\"https:\/\/quehacerpolitico.mx\/?p=90467\" \/>\n<meta property=\"article:published_time\" content=\"2022-03-08T17:23:51+00:00\" \/>\n<meta property=\"article:modified_time\" content=\"2022-03-08T17:24:05+00:00\" \/>\n<meta property=\"og:image\" content=\"https:\/\/quehacerpolitico.mx\/wp-content\/uploads\/2022\/03\/ED59DC90-D07C-43C3-807F-81CF9A30BD04.jpeg\" \/>\n\t<meta property=\"og:image:width\" content=\"972\" \/>\n\t<meta property=\"og:image:height\" content=\"688\" \/>\n\t<meta property=\"og:image:type\" content=\"image\/jpeg\" \/>\n<meta name=\"author\" content=\"Redacci\u00f3n QP\" \/>\n<meta name=\"twitter:card\" content=\"summary_large_image\" \/>\n<meta name=\"twitter:label1\" content=\"Escrito por\" \/>\n\t<meta name=\"twitter:data1\" content=\"Redacci\u00f3n QP\" \/>\n\t<meta name=\"twitter:label2\" content=\"Tiempo de lectura\" \/>\n\t<meta name=\"twitter:data2\" content=\"2 minutos\" \/>\n<script type=\"application\/ld+json\" class=\"yoast-schema-graph\">{\"@context\":\"https:\\\/\\\/schema.org\",\"@graph\":[{\"@type\":\"Article\",\"@id\":\"https:\\\/\\\/quehacerpolitico.mx\\\/?p=90467#article\",\"isPartOf\":{\"@id\":\"https:\\\/\\\/quehacerpolitico.mx\\\/?p=90467\"},\"author\":{\"name\":\"Redacci\u00f3n QP\",\"@id\":\"https:\\\/\\\/quehacerpolitico.mx\\\/#\\\/schema\\\/person\\\/496d8ad2d1d3f8036101dca7ee39e585\"},\"headline\":\"AMLO dice que no aumentar\u00e1n precios a combustibles pese a guerra de Rusia y Ucrania\u00a0\",\"datePublished\":\"2022-03-08T17:23:51+00:00\",\"dateModified\":\"2022-03-08T17:24:05+00:00\",\"mainEntityOfPage\":{\"@id\":\"https:\\\/\\\/quehacerpolitico.mx\\\/?p=90467\"},\"wordCount\":331,\"commentCount\":0,\"image\":{\"@id\":\"https:\\\/\\\/quehacerpolitico.mx\\\/?p=90467#primaryimage\"},\"thumbnailUrl\":\"https:\\\/\\\/quehacerpolitico.mx\\\/wp-content\\\/uploads\\\/2022\\\/03\\\/ED59DC90-D07C-43C3-807F-81CF9A30BD04.jpeg\",\"articleSection\":[\"Econom\u00eda\"],\"inLanguage\":\"es\",\"potentialAction\":[{\"@type\":\"CommentAction\",\"name\":\"Comment\",\"target\":[\"https:\\\/\\\/quehacerpolitico.mx\\\/?p=90467#respond\"]}]},{\"@type\":\"WebPage\",\"@id\":\"https:\\\/\\\/quehacerpolitico.mx\\\/?p=90467\",\"url\":\"https:\\\/\\\/quehacerpolitico.mx\\\/?p=90467\",\"name\":\"AMLO dice que no aumentar\u00e1n precios a combustibles pese a guerra de Rusia y Ucrania\u00a0 -\",\"isPartOf\":{\"@id\":\"https:\\\/\\\/quehacerpolitico.mx\\\/#website\"},\"primaryImageOfPage\":{\"@id\":\"https:\\\/\\\/quehacerpolitico.mx\\\/?p=90467#primaryimage\"},\"image\":{\"@id\":\"https:\\\/\\\/quehacerpolitico.mx\\\/?p=90467#primaryimage\"},\"thumbnailUrl\":\"https:\\\/\\\/quehacerpolitico.mx\\\/wp-content\\\/uploads\\\/2022\\\/03\\\/ED59DC90-D07C-43C3-807F-81CF9A30BD04.jpeg\",\"datePublished\":\"2022-03-08T17:23:51+00:00\",\"dateModified\":\"2022-03-08T17:24:05+00:00\",\"author\":{\"@id\":\"https:\\\/\\\/quehacerpolitico.mx\\\/#\\\/schema\\\/person\\\/496d8ad2d1d3f8036101dca7ee39e585\"},\"breadcrumb\":{\"@id\":\"https:\\\/\\\/quehacerpolitico.mx\\\/?p=90467#breadcrumb\"},\"inLanguage\":\"es\",\"potentialAction\":[{\"@type\":\"ReadAction\",\"target\":[\"https:\\\/\\\/quehacerpolitico.mx\\\/?p=90467\"]}]},{\"@type\":\"ImageObject\",\"inLanguage\":\"es\",\"@id\":\"https:\\\/\\\/quehacerpolitico.mx\\\/?p=90467#primaryimage\",\"url\":\"https:\\\/\\\/quehacerpolitico.mx\\\/wp-content\\\/uploads\\\/2022\\\/03\\\/ED59DC90-D07C-43C3-807F-81CF9A30BD04.jpeg\",\"contentUrl\":\"https:\\\/\\\/quehacerpolitico.mx\\\/wp-content\\\/uploads\\\/2022\\\/03\\\/ED59DC90-D07C-43C3-807F-81CF9A30BD04.jpeg\",\"width\":972,\"height\":688},{\"@type\":\"BreadcrumbList\",\"@id\":\"https:\\\/\\\/quehacerpolitico.mx\\\/?p=90467#breadcrumb\",\"itemListElement\":[{\"@type\":\"ListItem\",\"position\":1,\"name\":\"Inicio\",\"item\":\"https:\\\/\\\/quehacerpolitico.mx\\\/\"},{\"@type\":\"ListItem\",\"position\":2,\"name\":\"AMLO dice que no aumentar\u00e1n precios a combustibles pese a guerra de Rusia y Ucrania\u00a0\"}]},{\"@type\":\"WebSite\",\"@id\":\"https:\\\/\\\/quehacerpolitico.mx\\\/#website\",\"url\":\"https:\\\/\\\/quehacerpolitico.mx\\\/\",\"name\":\"\",\"description\":\"\",\"potentialAction\":[{\"@type\":\"SearchAction\",\"target\":{\"@type\":\"EntryPoint\",\"urlTemplate\":\"https:\\\/\\\/quehacerpolitico.mx\\\/?s={search_term_string}\"},\"query-input\":{\"@type\":\"PropertyValueSpecification\",\"valueRequired\":true,\"valueName\":\"search_term_string\"}}],\"inLanguage\":\"es\"},{\"@type\":\"Person\",\"@id\":\"https:\\\/\\\/quehacerpolitico.mx\\\/#\\\/schema\\\/person\\\/496d8ad2d1d3f8036101dca7ee39e585\",\"name\":\"Redacci\u00f3n QP\",\"image\":{\"@type\":\"ImageObject\",\"inLanguage\":\"es\",\"@id\":\"https:\\\/\\\/secure.gravatar.com\\\/avatar\\\/c7164ed6fdec453195284ad24a5ae5b6e1eed2b848477fa2a4787ba9adf39a41?s=96&d=mm&r=g\",\"url\":\"https:\\\/\\\/secure.gravatar.com\\\/avatar\\\/c7164ed6fdec453195284ad24a5ae5b6e1eed2b848477fa2a4787ba9adf39a41?s=96&d=mm&r=g\",\"contentUrl\":\"https:\\\/\\\/secure.gravatar.com\\\/avatar\\\/c7164ed6fdec453195284ad24a5ae5b6e1eed2b848477fa2a4787ba9adf39a41?s=96&d=mm&r=g\",\"caption\":\"Redacci\u00f3n QP\"},\"url\":\"https:\\\/\\\/quehacerpolitico.mx\\\/?author=2\"}]}<\/script>\n<!-- \/ Yoast SEO plugin. -->","yoast_head_json":{"title":"AMLO dice que no aumentar\u00e1n precios a combustibles pese a guerra de Rusia y Ucrania\u00a0 -","robots":{"index":"index","follow":"follow","max-snippet":"max-snippet:-1","max-image-preview":"max-image-preview:large","max-video-preview":"max-video-preview:-1"},"canonical":"https:\/\/quehacerpolitico.mx\/?p=90467","og_locale":"es_MX","og_type":"article","og_title":"AMLO dice que no aumentar\u00e1n precios a combustibles pese a guerra de Rusia y Ucrania\u00a0 -","og_description":"Por Redacci\u00f3n QP Pese a esto, AMLO reconoci\u00f3 que se est\u00e1n produciendo &#8220;desequilibrios&#8221; en el...","og_url":"https:\/\/quehacerpolitico.mx\/?p=90467","article_published_time":"2022-03-08T17:23:51+00:00","article_modified_time":"2022-03-08T17:24:05+00:00","og_image":[{"width":972,"height":688,"url":"https:\/\/quehacerpolitico.mx\/wp-content\/uploads\/2022\/03\/ED59DC90-D07C-43C3-807F-81CF9A30BD04.jpeg","type":"image\/jpeg"}],"author":"Redacci\u00f3n QP","twitter_card":"summary_large_image","twitter_misc":{"Escrito por":"Redacci\u00f3n QP","Tiempo de lectura":"2 minutos"},"schema":{"@context":"https:\/\/schema.org","@graph":[{"@type":"Article","@id":"https:\/\/quehacerpolitico.mx\/?p=90467#article","isPartOf":{"@id":"https:\/\/quehacerpolitico.mx\/?p=90467"},"author":{"name":"Redacci\u00f3n QP","@id":"https:\/\/quehacerpolitico.mx\/#\/schema\/person\/496d8ad2d1d3f8036101dca7ee39e585"},"headline":"AMLO dice que no aumentar\u00e1n precios a combustibles pese a guerra de Rusia y Ucrania\u00a0","datePublished":"2022-03-08T17:23:51+00:00","dateModified":"2022-03-08T17:24:05+00:00","mainEntityOfPage":{"@id":"https:\/\/quehacerpolitico.mx\/?p=90467"},"wordCount":331,"commentCount":0,"image":{"@id":"https:\/\/quehacerpolitico.mx\/?p=90467#primaryimage"},"thumbnailUrl":"https:\/\/quehacerpolitico.mx\/wp-content\/uploads\/2022\/03\/ED59DC90-D07C-43C3-807F-81CF9A30BD04.jpeg","articleSection":["Econom\u00eda"],"inLanguage":"es","potentialAction":[{"@type":"CommentAction","name":"Comment","target":["https:\/\/quehacerpolitico.mx\/?p=90467#respond"]}]},{"@type":"WebPage","@id":"https:\/\/quehacerpolitico.mx\/?p=90467","url":"https:\/\/quehacerpolitico.mx\/?p=90467","name":"AMLO dice que no aumentar\u00e1n precios a combustibles pese a guerra de Rusia y Ucrania\u00a0 -","isPartOf":{"@id":"https:\/\/quehacerpolitico.mx\/#website"},"primaryImageOfPage":{"@id":"https:\/\/quehacerpolitico.mx\/?p=90467#primaryimage"},"image":{"@id":"https:\/\/quehacerpolitico.mx\/?p=90467#primaryimage"},"thumbnailUrl":"https:\/\/quehacerpolitico.mx\/wp-content\/uploads\/2022\/03\/ED59DC90-D07C-43C3-807F-81CF9A30BD04.jpeg","datePublished":"2022-03-08T17:23:51+00:00","dateModified":"2022-03-08T17:24:05+00:00","author":{"@id":"https:\/\/quehacerpolitico.mx\/#\/schema\/person\/496d8ad2d1d3f8036101dca7ee39e585"},"breadcrumb":{"@id":"https:\/\/quehacerpolitico.mx\/?p=90467#breadcrumb"},"inLanguage":"es","potentialAction":[{"@type":"ReadAction","target":["https:\/\/quehacerpolitico.mx\/?p=90467"]}]},{"@type":"ImageObject","inLanguage":"es","@id":"https:\/\/quehacerpolitico.mx\/?p=90467#primaryimage","url":"https:\/\/quehacerpolitico.mx\/wp-content\/uploads\/2022\/03\/ED59DC90-D07C-43C3-807F-81CF9A30BD04.jpeg","contentUrl":"https:\/\/quehacerpolitico.mx\/wp-content\/uploads\/2022\/03\/ED59DC90-D07C-43C3-807F-81CF9A30BD04.jpeg","width":972,"height":688},{"@type":"BreadcrumbList","@id":"https:\/\/quehacerpolitico.mx\/?p=90467#breadcrumb","itemListElement":[{"@type":"ListItem","position":1,"name":"Inicio","item":"https:\/\/quehacerpolitico.mx\/"},{"@type":"ListItem","position":2,"name":"AMLO dice que no aumentar\u00e1n precios a combustibles pese a guerra de Rusia y Ucrania\u00a0"}]},{"@type":"WebSite","@id":"https:\/\/quehacerpolitico.mx\/#website","url":"https:\/\/quehacerpolitico.mx\/","name":"","description":"","potentialAction":[{"@type":"SearchAction","target":{"@type":"EntryPoint","urlTemplate":"https:\/\/quehacerpolitico.mx\/?s={search_term_string}"},"query-input":{"@type":"PropertyValueSpecification","valueRequired":true,"valueName":"search_term_string"}}],"inLanguage":"es"},{"@type":"Person","@id":"https:\/\/quehacerpolitico.mx\/#\/schema\/person\/496d8ad2d1d3f8036101dca7ee39e585","name":"Redacci\u00f3n QP","image":{"@type":"ImageObject","inLanguage":"es","@id":"https:\/\/secure.gravatar.com\/avatar\/c7164ed6fdec453195284ad24a5ae5b6e1eed2b848477fa2a4787ba9adf39a41?s=96&d=mm&r=g","url":"https:\/\/secure.gravatar.com\/avatar\/c7164ed6fdec453195284ad24a5ae5b6e1eed2b848477fa2a4787ba9adf39a41?s=96&d=mm&r=g","contentUrl":"https:\/\/secure.gravatar.com\/avatar\/c7164ed6fdec453195284ad24a5ae5b6e1eed2b848477fa2a4787ba9adf39a41?s=96&d=mm&r=g","caption":"Redacci\u00f3n QP"},"url":"https:\/\/quehacerpolitico.mx\/?author=2"}]}},"featured_image_urls":{"full":["https:\/\/quehacerpolitico.mx\/wp-content\/uploads\/2022\/03\/ED59DC90-D07C-43C3-807F-81CF9A30BD04.jpeg",972,688,false],"thumbnail":["https:\/\/quehacerpolitico.mx\/wp-content\/uploads\/2022\/03\/ED59DC90-D07C-43C3-807F-81CF9A30BD04-150x150.jpeg",150,150,true],"medium":["https:\/\/quehacerpolitico.mx\/wp-content\/uploads\/2022\/03\/ED59DC90-D07C-43C3-807F-81CF9A30BD04-300x212.jpeg",300,212,true],"medium_large":["https:\/\/quehacerpolitico.mx\/wp-content\/uploads\/2022\/03\/ED59DC90-D07C-43C3-807F-81CF9A30BD04-768x544.jpeg",640,453,true],"large":["https:\/\/quehacerpolitico.mx\/wp-content\/uploads\/2022\/03\/ED59DC90-D07C-43C3-807F-81CF9A30BD04.jpeg",640,453,false],"1536x1536":["https:\/\/quehacerpolitico.mx\/wp-content\/uploads\/2022\/03\/ED59DC90-D07C-43C3-807F-81CF9A30BD04.jpeg",972,688,false],"2048x2048":["https:\/\/quehacerpolitico.mx\/wp-content\/uploads\/2022\/03\/ED59DC90-D07C-43C3-807F-81CF9A30BD04.jpeg",972,688,false],"covernews-featured":["https:\/\/quehacerpolitico.mx\/wp-content\/uploads\/2022\/03\/ED59DC90-D07C-43C3-807F-81CF9A30BD04.jpeg",972,688,false],"covernews-medium":["https:\/\/quehacerpolitico.mx\/wp-content\/uploads\/2022\/03\/ED59DC90-D07C-43C3-807F-81CF9A30BD04.jpeg",480,340,false]},"author_info":{"display_name":"Redacci\u00f3n QP","author_link":"https:\/\/quehacerpolitico.mx\/?author=2"},"category_info":"<a href=\"https:\/\/quehacerpolitico.mx\/?cat=56\" rel=\"category\">Econom\u00eda<\/a>","tag_info":"Econom\u00eda","comment_count":"0","_links":{"self":[{"href":"https:\/\/quehacerpolitico.mx\/index.php?rest_route=\/wp\/v2\/posts\/90467","targetHints":{"allow":["GET"]}}],"collection":[{"href":"https:\/\/quehacerpolitico.mx\/index.php?rest_route=\/wp\/v2\/posts"}],"about":[{"href":"https:\/\/quehacerpolitico.mx\/index.php?rest_route=\/wp\/v2\/types\/post"}],"author":[{"embeddable":true,"href":"https:\/\/quehacerpolitico.mx\/index.php?rest_route=\/wp\/v2\/users\/2"}],"replies":[{"embeddable":true,"href":"https:\/\/quehacerpolitico.mx\/index.php?rest_route=%2Fwp%2Fv2%2Fcomments&post=90467"}],"version-history":[{"count":1,"href":"https:\/\/quehacerpolitico.mx\/index.php?rest_route=\/wp\/v2\/posts\/90467\/revisions"}],"predecessor-version":[{"id":90469,"href":"https:\/\/quehacerpolitico.mx\/index.php?rest_route=\/wp\/v2\/posts\/90467\/revisions\/90469"}],"wp:featuredmedia":[{"embeddable":true,"href":"https:\/\/quehacerpolitico.mx\/index.php?rest_route=\/wp\/v2\/media\/90468"}],"wp:attachment":[{"href":"https:\/\/quehacerpolitico.mx\/index.php?rest_route=%2Fwp%2Fv2%2Fmedia&parent=90467"}],"wp:term":[{"taxonomy":"category","embeddable":true,"href":"https:\/\/quehacerpolitico.mx\/index.php?rest_route=%2Fwp%2Fv2%2Fcategories&post=90467"},{"taxonomy":"post_tag","embeddable":true,"href":"https:\/\/quehacerpolitico.mx\/index.php?rest_route=%2Fwp%2Fv2%2Ftags&post=90467"}],"curies":[{"name":"wp","href":"https:\/\/api.w.org\/{rel}","templated":true}]}}