{"id":90461,"date":"2022-03-08T17:01:53","date_gmt":"2022-03-08T17:01:53","guid":{"rendered":"https:\/\/quehacerpolitico.mx\/?p=90461"},"modified":"2022-03-08T17:01:55","modified_gmt":"2022-03-08T17:01:55","slug":"luka-modric-me-gustaria-jugar-con-kylian-mbappe","status":"publish","type":"post","link":"https:\/\/quehacerpolitico.mx\/?p=90461","title":{"rendered":"Luka Modric: &#8220;Me gustar\u00eda jugar con Kylian Mbapp\u00e9&#8221;\u00a0"},"content":{"rendered":"\n<p>Por Redacci\u00f3n QP<\/p>\n\n\n\n<p>El volante croata dijo que le gustar\u00eda que el franc\u00e9s fichara con el Real Madrid.<\/p>\n\n\n\n<p><strong>Luka Modric<\/strong>, centrocampista internacional croata del&nbsp;<strong>Real Madrid<\/strong>, no ocult\u00f3 su deseo de jugar la pr\u00f3xima temporada con el franc\u00e9s&nbsp;<strong>Kylian Mbapp\u00e9<\/strong>, no tiene dudas de que jugar\u00e1 con el&nbsp;<strong>PSG&nbsp;<\/strong>la vuelta de los octavos de final de la &#8216;<strong>Champions<\/strong>&#8216;, en la que pidi\u00f3 a la afici\u00f3n madridista que no apoye a un jugador rival.<\/p>\n\n\n\n<p>&#8220;Todos queremos jugar con grandes jugadores y<strong>\u00a0Mbapp\u00e9 es seguro uno de ellos. Claro que me gustar\u00eda jugar con \u00e9l\u00a0<\/strong>en mi equipo pero vamos a ver que pasa en el futuro, ahora es jugador del Par\u00eds&#8221;, asegur\u00f3 en rueda de prensa.<\/p>\n\n\n\n<p>&#8220;<strong>Es dif\u00edcil hablar de jugadores que no est\u00e1n aqu\u00ed<\/strong>&nbsp;porque otros equipos se enfadan y pueden interpretarlo mal, pero estoy seguro de que no existe un jugador que no quiera jugar con \u00e9l en el mismo equipo&#8221;, a\u00f1adi\u00f3.<\/p>\n\n\n\n<p>Tras el golpe recibido por Mbapp\u00e9 en el entrenamiento del lunes, Modric reconoci\u00f3 que en el vestuario del Real Madrid no se ha hablado sobre la presencia del franc\u00e9s. &#8220;Siendo honesto ni hemos hablado de esto, estamos enfocados en nosotros.<strong>&nbsp;No queremos que nadie se lesione,<\/strong>&nbsp;espero que Kylian est\u00e9 bien y que juegue. Si juega es porque est\u00e1 al cien por cien porque estos partidos si no estas al m\u00e1ximo, no juegas&#8221;, apunt\u00f3.<\/p>\n\n\n\n<p>Por \u00faltimo, Modric pidi\u00f3 que los gestos de cari\u00f1o de la afici\u00f3n del Real Madrid hacia Mbapp\u00e9 no se produzcan durante el partido: &#8220;<strong>No s\u00e9 lo que el p\u00fablico va a hacer<\/strong>, seguro que nos va a apoyar a nosotros, da igual quien est\u00e9 al otro lado. Apoyar\u00e1 a muerte a nuestros jugadores y no a los rivales. Es lo \u00fanico normal&#8221;.<\/p>\n","protected":false},"excerpt":{"rendered":"<p>Por Redacci\u00f3n QP El volante croata dijo que le gustar\u00eda que el franc\u00e9s fichara con&#8230;<\/p>\n","protected":false},"author":2,"featured_media":90462,"comment_status":"open","ping_status":"open","sticky":false,"template":"","format":"standard","meta":{"_monsterinsights_skip_tracking":false,"_monsterinsights_sitenote_active":false,"_monsterinsights_sitenote_note":"","_monsterinsights_sitenote_category":0,"footnotes":""},"categories":[54],"tags":[],"class_list":["post-90461","post","type-post","status-publish","format-standard","has-post-thumbnail","hentry","category-deportes"],"yoast_head":"<!-- This site is optimized with the Yoast SEO plugin v27.3 - https:\/\/yoast.com\/product\/yoast-seo-wordpress\/ -->\n<title>Luka Modric: &quot;Me gustar\u00eda jugar con Kylian Mbapp\u00e9&quot;\u00a0 -<\/title>\n<meta name=\"robots\" content=\"index, follow, max-snippet:-1, max-image-preview:large, max-video-preview:-1\" \/>\n<link rel=\"canonical\" href=\"https:\/\/quehacerpolitico.mx\/?p=90461\" \/>\n<meta property=\"og:locale\" content=\"es_MX\" \/>\n<meta property=\"og:type\" content=\"article\" \/>\n<meta property=\"og:title\" content=\"Luka Modric: &quot;Me gustar\u00eda jugar con Kylian Mbapp\u00e9&quot;\u00a0 -\" \/>\n<meta property=\"og:description\" content=\"Por Redacci\u00f3n QP El volante croata dijo que le gustar\u00eda que el franc\u00e9s fichara con...\" \/>\n<meta property=\"og:url\" content=\"https:\/\/quehacerpolitico.mx\/?p=90461\" \/>\n<meta property=\"article:published_time\" content=\"2022-03-08T17:01:53+00:00\" \/>\n<meta property=\"article:modified_time\" content=\"2022-03-08T17:01:55+00:00\" \/>\n<meta property=\"og:image\" content=\"https:\/\/quehacerpolitico.mx\/wp-content\/uploads\/2022\/03\/E13F3C3A-E3AB-4F4D-84FF-F7FA63EAAA9A.jpeg\" \/>\n\t<meta property=\"og:image:width\" content=\"738\" \/>\n\t<meta property=\"og:image:height\" content=\"415\" \/>\n\t<meta property=\"og:image:type\" content=\"image\/jpeg\" \/>\n<meta name=\"author\" content=\"Redacci\u00f3n QP\" \/>\n<meta name=\"twitter:card\" content=\"summary_large_image\" \/>\n<meta name=\"twitter:label1\" content=\"Escrito por\" \/>\n\t<meta name=\"twitter:data1\" content=\"Redacci\u00f3n QP\" \/>\n\t<meta name=\"twitter:label2\" content=\"Tiempo de lectura\" \/>\n\t<meta name=\"twitter:data2\" content=\"2 minutos\" \/>\n<script type=\"application\/ld+json\" class=\"yoast-schema-graph\">{\"@context\":\"https:\\\/\\\/schema.org\",\"@graph\":[{\"@type\":\"Article\",\"@id\":\"https:\\\/\\\/quehacerpolitico.mx\\\/?p=90461#article\",\"isPartOf\":{\"@id\":\"https:\\\/\\\/quehacerpolitico.mx\\\/?p=90461\"},\"author\":{\"name\":\"Redacci\u00f3n QP\",\"@id\":\"https:\\\/\\\/quehacerpolitico.mx\\\/#\\\/schema\\\/person\\\/496d8ad2d1d3f8036101dca7ee39e585\"},\"headline\":\"Luka Modric: &#8220;Me gustar\u00eda jugar con Kylian Mbapp\u00e9&#8221;\u00a0\",\"datePublished\":\"2022-03-08T17:01:53+00:00\",\"dateModified\":\"2022-03-08T17:01:55+00:00\",\"mainEntityOfPage\":{\"@id\":\"https:\\\/\\\/quehacerpolitico.mx\\\/?p=90461\"},\"wordCount\":322,\"commentCount\":0,\"image\":{\"@id\":\"https:\\\/\\\/quehacerpolitico.mx\\\/?p=90461#primaryimage\"},\"thumbnailUrl\":\"https:\\\/\\\/quehacerpolitico.mx\\\/wp-content\\\/uploads\\\/2022\\\/03\\\/E13F3C3A-E3AB-4F4D-84FF-F7FA63EAAA9A.jpeg\",\"articleSection\":[\"Deportes\"],\"inLanguage\":\"es\",\"potentialAction\":[{\"@type\":\"CommentAction\",\"name\":\"Comment\",\"target\":[\"https:\\\/\\\/quehacerpolitico.mx\\\/?p=90461#respond\"]}]},{\"@type\":\"WebPage\",\"@id\":\"https:\\\/\\\/quehacerpolitico.mx\\\/?p=90461\",\"url\":\"https:\\\/\\\/quehacerpolitico.mx\\\/?p=90461\",\"name\":\"Luka Modric: \\\"Me gustar\u00eda jugar con Kylian Mbapp\u00e9\\\"\u00a0 -\",\"isPartOf\":{\"@id\":\"https:\\\/\\\/quehacerpolitico.mx\\\/#website\"},\"primaryImageOfPage\":{\"@id\":\"https:\\\/\\\/quehacerpolitico.mx\\\/?p=90461#primaryimage\"},\"image\":{\"@id\":\"https:\\\/\\\/quehacerpolitico.mx\\\/?p=90461#primaryimage\"},\"thumbnailUrl\":\"https:\\\/\\\/quehacerpolitico.mx\\\/wp-content\\\/uploads\\\/2022\\\/03\\\/E13F3C3A-E3AB-4F4D-84FF-F7FA63EAAA9A.jpeg\",\"datePublished\":\"2022-03-08T17:01:53+00:00\",\"dateModified\":\"2022-03-08T17:01:55+00:00\",\"author\":{\"@id\":\"https:\\\/\\\/quehacerpolitico.mx\\\/#\\\/schema\\\/person\\\/496d8ad2d1d3f8036101dca7ee39e585\"},\"breadcrumb\":{\"@id\":\"https:\\\/\\\/quehacerpolitico.mx\\\/?p=90461#breadcrumb\"},\"inLanguage\":\"es\",\"potentialAction\":[{\"@type\":\"ReadAction\",\"target\":[\"https:\\\/\\\/quehacerpolitico.mx\\\/?p=90461\"]}]},{\"@type\":\"ImageObject\",\"inLanguage\":\"es\",\"@id\":\"https:\\\/\\\/quehacerpolitico.mx\\\/?p=90461#primaryimage\",\"url\":\"https:\\\/\\\/quehacerpolitico.mx\\\/wp-content\\\/uploads\\\/2022\\\/03\\\/E13F3C3A-E3AB-4F4D-84FF-F7FA63EAAA9A.jpeg\",\"contentUrl\":\"https:\\\/\\\/quehacerpolitico.mx\\\/wp-content\\\/uploads\\\/2022\\\/03\\\/E13F3C3A-E3AB-4F4D-84FF-F7FA63EAAA9A.jpeg\",\"width\":738,\"height\":415},{\"@type\":\"BreadcrumbList\",\"@id\":\"https:\\\/\\\/quehacerpolitico.mx\\\/?p=90461#breadcrumb\",\"itemListElement\":[{\"@type\":\"ListItem\",\"position\":1,\"name\":\"Inicio\",\"item\":\"https:\\\/\\\/quehacerpolitico.mx\\\/\"},{\"@type\":\"ListItem\",\"position\":2,\"name\":\"Luka Modric: &#8220;Me gustar\u00eda jugar con Kylian Mbapp\u00e9&#8221;\u00a0\"}]},{\"@type\":\"WebSite\",\"@id\":\"https:\\\/\\\/quehacerpolitico.mx\\\/#website\",\"url\":\"https:\\\/\\\/quehacerpolitico.mx\\\/\",\"name\":\"\",\"description\":\"\",\"potentialAction\":[{\"@type\":\"SearchAction\",\"target\":{\"@type\":\"EntryPoint\",\"urlTemplate\":\"https:\\\/\\\/quehacerpolitico.mx\\\/?s={search_term_string}\"},\"query-input\":{\"@type\":\"PropertyValueSpecification\",\"valueRequired\":true,\"valueName\":\"search_term_string\"}}],\"inLanguage\":\"es\"},{\"@type\":\"Person\",\"@id\":\"https:\\\/\\\/quehacerpolitico.mx\\\/#\\\/schema\\\/person\\\/496d8ad2d1d3f8036101dca7ee39e585\",\"name\":\"Redacci\u00f3n QP\",\"image\":{\"@type\":\"ImageObject\",\"inLanguage\":\"es\",\"@id\":\"https:\\\/\\\/secure.gravatar.com\\\/avatar\\\/c7164ed6fdec453195284ad24a5ae5b6e1eed2b848477fa2a4787ba9adf39a41?s=96&d=mm&r=g\",\"url\":\"https:\\\/\\\/secure.gravatar.com\\\/avatar\\\/c7164ed6fdec453195284ad24a5ae5b6e1eed2b848477fa2a4787ba9adf39a41?s=96&d=mm&r=g\",\"contentUrl\":\"https:\\\/\\\/secure.gravatar.com\\\/avatar\\\/c7164ed6fdec453195284ad24a5ae5b6e1eed2b848477fa2a4787ba9adf39a41?s=96&d=mm&r=g\",\"caption\":\"Redacci\u00f3n QP\"},\"url\":\"https:\\\/\\\/quehacerpolitico.mx\\\/?author=2\"}]}<\/script>\n<!-- \/ Yoast SEO plugin. -->","yoast_head_json":{"title":"Luka Modric: \"Me gustar\u00eda jugar con Kylian Mbapp\u00e9\"\u00a0 -","robots":{"index":"index","follow":"follow","max-snippet":"max-snippet:-1","max-image-preview":"max-image-preview:large","max-video-preview":"max-video-preview:-1"},"canonical":"https:\/\/quehacerpolitico.mx\/?p=90461","og_locale":"es_MX","og_type":"article","og_title":"Luka Modric: \"Me gustar\u00eda jugar con Kylian Mbapp\u00e9\"\u00a0 -","og_description":"Por Redacci\u00f3n QP El volante croata dijo que le gustar\u00eda que el franc\u00e9s fichara con...","og_url":"https:\/\/quehacerpolitico.mx\/?p=90461","article_published_time":"2022-03-08T17:01:53+00:00","article_modified_time":"2022-03-08T17:01:55+00:00","og_image":[{"width":738,"height":415,"url":"https:\/\/quehacerpolitico.mx\/wp-content\/uploads\/2022\/03\/E13F3C3A-E3AB-4F4D-84FF-F7FA63EAAA9A.jpeg","type":"image\/jpeg"}],"author":"Redacci\u00f3n QP","twitter_card":"summary_large_image","twitter_misc":{"Escrito por":"Redacci\u00f3n QP","Tiempo de lectura":"2 minutos"},"schema":{"@context":"https:\/\/schema.org","@graph":[{"@type":"Article","@id":"https:\/\/quehacerpolitico.mx\/?p=90461#article","isPartOf":{"@id":"https:\/\/quehacerpolitico.mx\/?p=90461"},"author":{"name":"Redacci\u00f3n QP","@id":"https:\/\/quehacerpolitico.mx\/#\/schema\/person\/496d8ad2d1d3f8036101dca7ee39e585"},"headline":"Luka Modric: &#8220;Me gustar\u00eda jugar con Kylian Mbapp\u00e9&#8221;\u00a0","datePublished":"2022-03-08T17:01:53+00:00","dateModified":"2022-03-08T17:01:55+00:00","mainEntityOfPage":{"@id":"https:\/\/quehacerpolitico.mx\/?p=90461"},"wordCount":322,"commentCount":0,"image":{"@id":"https:\/\/quehacerpolitico.mx\/?p=90461#primaryimage"},"thumbnailUrl":"https:\/\/quehacerpolitico.mx\/wp-content\/uploads\/2022\/03\/E13F3C3A-E3AB-4F4D-84FF-F7FA63EAAA9A.jpeg","articleSection":["Deportes"],"inLanguage":"es","potentialAction":[{"@type":"CommentAction","name":"Comment","target":["https:\/\/quehacerpolitico.mx\/?p=90461#respond"]}]},{"@type":"WebPage","@id":"https:\/\/quehacerpolitico.mx\/?p=90461","url":"https:\/\/quehacerpolitico.mx\/?p=90461","name":"Luka Modric: \"Me gustar\u00eda jugar con Kylian Mbapp\u00e9\"\u00a0 -","isPartOf":{"@id":"https:\/\/quehacerpolitico.mx\/#website"},"primaryImageOfPage":{"@id":"https:\/\/quehacerpolitico.mx\/?p=90461#primaryimage"},"image":{"@id":"https:\/\/quehacerpolitico.mx\/?p=90461#primaryimage"},"thumbnailUrl":"https:\/\/quehacerpolitico.mx\/wp-content\/uploads\/2022\/03\/E13F3C3A-E3AB-4F4D-84FF-F7FA63EAAA9A.jpeg","datePublished":"2022-03-08T17:01:53+00:00","dateModified":"2022-03-08T17:01:55+00:00","author":{"@id":"https:\/\/quehacerpolitico.mx\/#\/schema\/person\/496d8ad2d1d3f8036101dca7ee39e585"},"breadcrumb":{"@id":"https:\/\/quehacerpolitico.mx\/?p=90461#breadcrumb"},"inLanguage":"es","potentialAction":[{"@type":"ReadAction","target":["https:\/\/quehacerpolitico.mx\/?p=90461"]}]},{"@type":"ImageObject","inLanguage":"es","@id":"https:\/\/quehacerpolitico.mx\/?p=90461#primaryimage","url":"https:\/\/quehacerpolitico.mx\/wp-content\/uploads\/2022\/03\/E13F3C3A-E3AB-4F4D-84FF-F7FA63EAAA9A.jpeg","contentUrl":"https:\/\/quehacerpolitico.mx\/wp-content\/uploads\/2022\/03\/E13F3C3A-E3AB-4F4D-84FF-F7FA63EAAA9A.jpeg","width":738,"height":415},{"@type":"BreadcrumbList","@id":"https:\/\/quehacerpolitico.mx\/?p=90461#breadcrumb","itemListElement":[{"@type":"ListItem","position":1,"name":"Inicio","item":"https:\/\/quehacerpolitico.mx\/"},{"@type":"ListItem","position":2,"name":"Luka Modric: &#8220;Me gustar\u00eda jugar con Kylian Mbapp\u00e9&#8221;\u00a0"}]},{"@type":"WebSite","@id":"https:\/\/quehacerpolitico.mx\/#website","url":"https:\/\/quehacerpolitico.mx\/","name":"","description":"","potentialAction":[{"@type":"SearchAction","target":{"@type":"EntryPoint","urlTemplate":"https:\/\/quehacerpolitico.mx\/?s={search_term_string}"},"query-input":{"@type":"PropertyValueSpecification","valueRequired":true,"valueName":"search_term_string"}}],"inLanguage":"es"},{"@type":"Person","@id":"https:\/\/quehacerpolitico.mx\/#\/schema\/person\/496d8ad2d1d3f8036101dca7ee39e585","name":"Redacci\u00f3n QP","image":{"@type":"ImageObject","inLanguage":"es","@id":"https:\/\/secure.gravatar.com\/avatar\/c7164ed6fdec453195284ad24a5ae5b6e1eed2b848477fa2a4787ba9adf39a41?s=96&d=mm&r=g","url":"https:\/\/secure.gravatar.com\/avatar\/c7164ed6fdec453195284ad24a5ae5b6e1eed2b848477fa2a4787ba9adf39a41?s=96&d=mm&r=g","contentUrl":"https:\/\/secure.gravatar.com\/avatar\/c7164ed6fdec453195284ad24a5ae5b6e1eed2b848477fa2a4787ba9adf39a41?s=96&d=mm&r=g","caption":"Redacci\u00f3n QP"},"url":"https:\/\/quehacerpolitico.mx\/?author=2"}]}},"featured_image_urls":{"full":["https:\/\/quehacerpolitico.mx\/wp-content\/uploads\/2022\/03\/E13F3C3A-E3AB-4F4D-84FF-F7FA63EAAA9A.jpeg",738,415,false],"thumbnail":["https:\/\/quehacerpolitico.mx\/wp-content\/uploads\/2022\/03\/E13F3C3A-E3AB-4F4D-84FF-F7FA63EAAA9A-150x150.jpeg",150,150,true],"medium":["https:\/\/quehacerpolitico.mx\/wp-content\/uploads\/2022\/03\/E13F3C3A-E3AB-4F4D-84FF-F7FA63EAAA9A-300x169.jpeg",300,169,true],"medium_large":["https:\/\/quehacerpolitico.mx\/wp-content\/uploads\/2022\/03\/E13F3C3A-E3AB-4F4D-84FF-F7FA63EAAA9A.jpeg",640,360,false],"large":["https:\/\/quehacerpolitico.mx\/wp-content\/uploads\/2022\/03\/E13F3C3A-E3AB-4F4D-84FF-F7FA63EAAA9A.jpeg",640,360,false],"1536x1536":["https:\/\/quehacerpolitico.mx\/wp-content\/uploads\/2022\/03\/E13F3C3A-E3AB-4F4D-84FF-F7FA63EAAA9A.jpeg",738,415,false],"2048x2048":["https:\/\/quehacerpolitico.mx\/wp-content\/uploads\/2022\/03\/E13F3C3A-E3AB-4F4D-84FF-F7FA63EAAA9A.jpeg",738,415,false],"covernews-featured":["https:\/\/quehacerpolitico.mx\/wp-content\/uploads\/2022\/03\/E13F3C3A-E3AB-4F4D-84FF-F7FA63EAAA9A.jpeg",738,415,false],"covernews-medium":["https:\/\/quehacerpolitico.mx\/wp-content\/uploads\/2022\/03\/E13F3C3A-E3AB-4F4D-84FF-F7FA63EAAA9A.jpeg",540,304,false]},"author_info":{"display_name":"Redacci\u00f3n QP","author_link":"https:\/\/quehacerpolitico.mx\/?author=2"},"category_info":"<a href=\"https:\/\/quehacerpolitico.mx\/?cat=54\" rel=\"category\">Deportes<\/a>","tag_info":"Deportes","comment_count":"0","_links":{"self":[{"href":"https:\/\/quehacerpolitico.mx\/index.php?rest_route=\/wp\/v2\/posts\/90461","targetHints":{"allow":["GET"]}}],"collection":[{"href":"https:\/\/quehacerpolitico.mx\/index.php?rest_route=\/wp\/v2\/posts"}],"about":[{"href":"https:\/\/quehacerpolitico.mx\/index.php?rest_route=\/wp\/v2\/types\/post"}],"author":[{"embeddable":true,"href":"https:\/\/quehacerpolitico.mx\/index.php?rest_route=\/wp\/v2\/users\/2"}],"replies":[{"embeddable":true,"href":"https:\/\/quehacerpolitico.mx\/index.php?rest_route=%2Fwp%2Fv2%2Fcomments&post=90461"}],"version-history":[{"count":1,"href":"https:\/\/quehacerpolitico.mx\/index.php?rest_route=\/wp\/v2\/posts\/90461\/revisions"}],"predecessor-version":[{"id":90463,"href":"https:\/\/quehacerpolitico.mx\/index.php?rest_route=\/wp\/v2\/posts\/90461\/revisions\/90463"}],"wp:featuredmedia":[{"embeddable":true,"href":"https:\/\/quehacerpolitico.mx\/index.php?rest_route=\/wp\/v2\/media\/90462"}],"wp:attachment":[{"href":"https:\/\/quehacerpolitico.mx\/index.php?rest_route=%2Fwp%2Fv2%2Fmedia&parent=90461"}],"wp:term":[{"taxonomy":"category","embeddable":true,"href":"https:\/\/quehacerpolitico.mx\/index.php?rest_route=%2Fwp%2Fv2%2Fcategories&post=90461"},{"taxonomy":"post_tag","embeddable":true,"href":"https:\/\/quehacerpolitico.mx\/index.php?rest_route=%2Fwp%2Fv2%2Ftags&post=90461"}],"curies":[{"name":"wp","href":"https:\/\/api.w.org\/{rel}","templated":true}]}}