{"id":90458,"date":"2022-03-08T16:49:05","date_gmt":"2022-03-08T16:49:05","guid":{"rendered":"https:\/\/quehacerpolitico.mx\/?p=90458"},"modified":"2022-03-08T16:49:09","modified_gmt":"2022-03-08T16:49:09","slug":"internacionales-carolina-alonso-romei-biden-prohibe-importaciones-de-petroleo-de-rusia","status":"publish","type":"post","link":"https:\/\/quehacerpolitico.mx\/?p=90458","title":{"rendered":"Internacionales\/\/\/Carolina Alonso Romei\/\/\/Biden proh\u00edbe importaciones de petr\u00f3leo de Rusia"},"content":{"rendered":"\n<p>Por Carolina Alonso Romei<\/p>\n\n\n\n<p>Internacionalista <\/p>\n\n\n\n<p>La prohibici\u00f3n a las importaciones energ\u00e9ticas de Rusia, uno de los mayores productores globales, es solo por parte de Estados Unidos<\/p>\n\n\n\n<ul class=\"wp-block-list\"><li>El presidente Zelenski se mostr\u00f3 a favor de que la comunidad internacional apruebe cancelar las compras de petr\u00f3leo ruso<\/li><\/ul>\n\n\n\n<p>El presidente de\u00a0Estados Unidos, Joe Biden, prohibi\u00f3 hoy, 8 de marzo de 2022, las\u00a0<strong>importaciones<\/strong>\u00a0de\u00a0petr\u00f3leo, gas natural y carb\u00f3n de\u00a0Rusia, en una nueva medida de presi\u00f3n a Mosc\u00fa por la invasi\u00f3n a\u00a0Ucrania<\/p>\n\n\n\n<p>La prohibici\u00f3n a las importaciones energ\u00e9ticas de\u00a0<strong>Rusia<\/strong>, uno de los mayores productores globales, es solo por parte de\u00a0<strong>Estados Unidos<\/strong>, ya que los aliados europeos, mucho m\u00e1s dependientes de la energ\u00eda rusa, mostraron sus reticencias al respecto.<\/p>\n\n\n\n<figure class=\"wp-block-embed is-type-video is-provider-youtube wp-block-embed-youtube wp-embed-aspect-16-9 wp-has-aspect-ratio\"><div class=\"wp-block-embed__wrapper\">\n<iframe loading=\"lazy\" title=\"Biden anuncia la prohibici\u00f3n de las importaciones de petr\u00f3leo ruso\" width=\"640\" height=\"360\" src=\"https:\/\/www.youtube.com\/embed\/AFybeKtD73w?feature=oembed\" frameborder=\"0\" allow=\"accelerometer; autoplay; clipboard-write; encrypted-media; gyroscope; picture-in-picture; web-share\" referrerpolicy=\"strict-origin-when-cross-origin\" allowfullscreen><\/iframe>\n<\/div><\/figure>\n\n\n\n<p>Las importaciones de&nbsp;<strong>Estados Unidos<\/strong>&nbsp;de&nbsp;<strong>petr\u00f3leo<\/strong>&nbsp;procedente de&nbsp;<strong>Rusia<\/strong>&nbsp;suponen cerca del 8% del total, mientras que en el caso europeo es del 27%, seg\u00fan los respectivos datos oficiales.<\/p>\n\n\n\n<p>El lunes, 7 de marzo de 2022, el&nbsp;<strong>presidente de Ucrania<\/strong>,&nbsp;<strong>Volod\u00edmir Zelenski<\/strong>, se mostr\u00f3 a favor de que la comunidad internacional apruebe cancelar las compras de petr\u00f3leo ruso.<\/p>\n\n\n\n<blockquote class=\"wp-block-quote is-layout-flow wp-block-quote-is-layout-flow\"><p>\u201cLo puedes llamar embargo o un acto moral cuando te niegas a dar dinero a terroristas\u201d, dijo&nbsp;<strong>Zelenski<\/strong>en un videomensaje.<\/p><\/blockquote>\n\n\n\n<p>La prohibici\u00f3n de las importaciones energ\u00e9ticas de&nbsp;<strong>Rusia<\/strong>&nbsp;por parte de<strong>&nbsp;Estados Unidos<\/strong>&nbsp;se suma a las agresivas sanciones econ\u00f3micas adoptadas recientemente contra Mosc\u00fa en coordinaci\u00f3n con los socios europeos, entre ellas, la restricci\u00f3n de las operaciones internacionales del banco central ruso y la suspensi\u00f3n determinados bancos rusos del sistema internacional SWIFT.<\/p>\n\n\n\n<p><em>Con informaci\u00f3n de EFE<\/em><\/p>\n","protected":false},"excerpt":{"rendered":"<p>Por Carolina Alonso Romei Internacionalista La prohibici\u00f3n a las importaciones energ\u00e9ticas de Rusia, uno de&#8230;<\/p>\n","protected":false},"author":2,"featured_media":90459,"comment_status":"open","ping_status":"open","sticky":false,"template":"","format":"standard","meta":{"_monsterinsights_skip_tracking":false,"_monsterinsights_sitenote_active":false,"_monsterinsights_sitenote_note":"","_monsterinsights_sitenote_category":0,"footnotes":""},"categories":[1],"tags":[],"class_list":["post-90458","post","type-post","status-publish","format-standard","has-post-thumbnail","hentry","category-sin-categoria"],"yoast_head":"<!-- This site is optimized with the Yoast SEO plugin v27.3 - https:\/\/yoast.com\/product\/yoast-seo-wordpress\/ -->\n<title>Internacionales\/\/\/Carolina Alonso Romei\/\/\/Biden proh\u00edbe importaciones de petr\u00f3leo de Rusia -<\/title>\n<meta name=\"robots\" content=\"index, follow, max-snippet:-1, max-image-preview:large, max-video-preview:-1\" \/>\n<link rel=\"canonical\" href=\"https:\/\/quehacerpolitico.mx\/?p=90458\" \/>\n<meta property=\"og:locale\" content=\"es_MX\" \/>\n<meta property=\"og:type\" content=\"article\" \/>\n<meta property=\"og:title\" content=\"Internacionales\/\/\/Carolina Alonso Romei\/\/\/Biden proh\u00edbe importaciones de petr\u00f3leo de Rusia -\" \/>\n<meta property=\"og:description\" content=\"Por Carolina Alonso Romei Internacionalista La prohibici\u00f3n a las importaciones energ\u00e9ticas de Rusia, uno de...\" \/>\n<meta property=\"og:url\" content=\"https:\/\/quehacerpolitico.mx\/?p=90458\" \/>\n<meta property=\"article:published_time\" content=\"2022-03-08T16:49:05+00:00\" \/>\n<meta property=\"article:modified_time\" content=\"2022-03-08T16:49:09+00:00\" \/>\n<meta property=\"og:image\" content=\"https:\/\/quehacerpolitico.mx\/wp-content\/uploads\/2022\/03\/F0838913-DAD3-4AD9-A5DB-F0994699D5C9.png\" \/>\n\t<meta property=\"og:image:width\" content=\"673\" \/>\n\t<meta property=\"og:image:height\" content=\"377\" \/>\n\t<meta property=\"og:image:type\" content=\"image\/png\" \/>\n<meta name=\"author\" content=\"Redacci\u00f3n QP\" \/>\n<meta name=\"twitter:card\" content=\"summary_large_image\" \/>\n<meta name=\"twitter:label1\" content=\"Escrito por\" \/>\n\t<meta name=\"twitter:data1\" content=\"Redacci\u00f3n QP\" \/>\n\t<meta name=\"twitter:label2\" content=\"Tiempo de lectura\" \/>\n\t<meta name=\"twitter:data2\" content=\"1 minuto\" \/>\n<script type=\"application\/ld+json\" class=\"yoast-schema-graph\">{\"@context\":\"https:\\\/\\\/schema.org\",\"@graph\":[{\"@type\":\"Article\",\"@id\":\"https:\\\/\\\/quehacerpolitico.mx\\\/?p=90458#article\",\"isPartOf\":{\"@id\":\"https:\\\/\\\/quehacerpolitico.mx\\\/?p=90458\"},\"author\":{\"name\":\"Redacci\u00f3n QP\",\"@id\":\"https:\\\/\\\/quehacerpolitico.mx\\\/#\\\/schema\\\/person\\\/496d8ad2d1d3f8036101dca7ee39e585\"},\"headline\":\"Internacionales\\\/\\\/\\\/Carolina Alonso Romei\\\/\\\/\\\/Biden proh\u00edbe importaciones de petr\u00f3leo de Rusia\",\"datePublished\":\"2022-03-08T16:49:05+00:00\",\"dateModified\":\"2022-03-08T16:49:09+00:00\",\"mainEntityOfPage\":{\"@id\":\"https:\\\/\\\/quehacerpolitico.mx\\\/?p=90458\"},\"wordCount\":302,\"commentCount\":0,\"image\":{\"@id\":\"https:\\\/\\\/quehacerpolitico.mx\\\/?p=90458#primaryimage\"},\"thumbnailUrl\":\"https:\\\/\\\/quehacerpolitico.mx\\\/wp-content\\\/uploads\\\/2022\\\/03\\\/F0838913-DAD3-4AD9-A5DB-F0994699D5C9.png\",\"articleSection\":[\"Internacionales\"],\"inLanguage\":\"es\",\"potentialAction\":[{\"@type\":\"CommentAction\",\"name\":\"Comment\",\"target\":[\"https:\\\/\\\/quehacerpolitico.mx\\\/?p=90458#respond\"]}]},{\"@type\":\"WebPage\",\"@id\":\"https:\\\/\\\/quehacerpolitico.mx\\\/?p=90458\",\"url\":\"https:\\\/\\\/quehacerpolitico.mx\\\/?p=90458\",\"name\":\"Internacionales\\\/\\\/\\\/Carolina Alonso Romei\\\/\\\/\\\/Biden proh\u00edbe importaciones de petr\u00f3leo de Rusia -\",\"isPartOf\":{\"@id\":\"https:\\\/\\\/quehacerpolitico.mx\\\/#website\"},\"primaryImageOfPage\":{\"@id\":\"https:\\\/\\\/quehacerpolitico.mx\\\/?p=90458#primaryimage\"},\"image\":{\"@id\":\"https:\\\/\\\/quehacerpolitico.mx\\\/?p=90458#primaryimage\"},\"thumbnailUrl\":\"https:\\\/\\\/quehacerpolitico.mx\\\/wp-content\\\/uploads\\\/2022\\\/03\\\/F0838913-DAD3-4AD9-A5DB-F0994699D5C9.png\",\"datePublished\":\"2022-03-08T16:49:05+00:00\",\"dateModified\":\"2022-03-08T16:49:09+00:00\",\"author\":{\"@id\":\"https:\\\/\\\/quehacerpolitico.mx\\\/#\\\/schema\\\/person\\\/496d8ad2d1d3f8036101dca7ee39e585\"},\"breadcrumb\":{\"@id\":\"https:\\\/\\\/quehacerpolitico.mx\\\/?p=90458#breadcrumb\"},\"inLanguage\":\"es\",\"potentialAction\":[{\"@type\":\"ReadAction\",\"target\":[\"https:\\\/\\\/quehacerpolitico.mx\\\/?p=90458\"]}]},{\"@type\":\"ImageObject\",\"inLanguage\":\"es\",\"@id\":\"https:\\\/\\\/quehacerpolitico.mx\\\/?p=90458#primaryimage\",\"url\":\"https:\\\/\\\/quehacerpolitico.mx\\\/wp-content\\\/uploads\\\/2022\\\/03\\\/F0838913-DAD3-4AD9-A5DB-F0994699D5C9.png\",\"contentUrl\":\"https:\\\/\\\/quehacerpolitico.mx\\\/wp-content\\\/uploads\\\/2022\\\/03\\\/F0838913-DAD3-4AD9-A5DB-F0994699D5C9.png\",\"width\":673,\"height\":377},{\"@type\":\"BreadcrumbList\",\"@id\":\"https:\\\/\\\/quehacerpolitico.mx\\\/?p=90458#breadcrumb\",\"itemListElement\":[{\"@type\":\"ListItem\",\"position\":1,\"name\":\"Inicio\",\"item\":\"https:\\\/\\\/quehacerpolitico.mx\\\/\"},{\"@type\":\"ListItem\",\"position\":2,\"name\":\"Internacionales\\\/\\\/\\\/Carolina Alonso Romei\\\/\\\/\\\/Biden proh\u00edbe importaciones de petr\u00f3leo de Rusia\"}]},{\"@type\":\"WebSite\",\"@id\":\"https:\\\/\\\/quehacerpolitico.mx\\\/#website\",\"url\":\"https:\\\/\\\/quehacerpolitico.mx\\\/\",\"name\":\"\",\"description\":\"\",\"potentialAction\":[{\"@type\":\"SearchAction\",\"target\":{\"@type\":\"EntryPoint\",\"urlTemplate\":\"https:\\\/\\\/quehacerpolitico.mx\\\/?s={search_term_string}\"},\"query-input\":{\"@type\":\"PropertyValueSpecification\",\"valueRequired\":true,\"valueName\":\"search_term_string\"}}],\"inLanguage\":\"es\"},{\"@type\":\"Person\",\"@id\":\"https:\\\/\\\/quehacerpolitico.mx\\\/#\\\/schema\\\/person\\\/496d8ad2d1d3f8036101dca7ee39e585\",\"name\":\"Redacci\u00f3n QP\",\"image\":{\"@type\":\"ImageObject\",\"inLanguage\":\"es\",\"@id\":\"https:\\\/\\\/secure.gravatar.com\\\/avatar\\\/c7164ed6fdec453195284ad24a5ae5b6e1eed2b848477fa2a4787ba9adf39a41?s=96&d=mm&r=g\",\"url\":\"https:\\\/\\\/secure.gravatar.com\\\/avatar\\\/c7164ed6fdec453195284ad24a5ae5b6e1eed2b848477fa2a4787ba9adf39a41?s=96&d=mm&r=g\",\"contentUrl\":\"https:\\\/\\\/secure.gravatar.com\\\/avatar\\\/c7164ed6fdec453195284ad24a5ae5b6e1eed2b848477fa2a4787ba9adf39a41?s=96&d=mm&r=g\",\"caption\":\"Redacci\u00f3n QP\"},\"url\":\"https:\\\/\\\/quehacerpolitico.mx\\\/?author=2\"}]}<\/script>\n<!-- \/ Yoast SEO plugin. -->","yoast_head_json":{"title":"Internacionales\/\/\/Carolina Alonso Romei\/\/\/Biden proh\u00edbe importaciones de petr\u00f3leo de Rusia -","robots":{"index":"index","follow":"follow","max-snippet":"max-snippet:-1","max-image-preview":"max-image-preview:large","max-video-preview":"max-video-preview:-1"},"canonical":"https:\/\/quehacerpolitico.mx\/?p=90458","og_locale":"es_MX","og_type":"article","og_title":"Internacionales\/\/\/Carolina Alonso Romei\/\/\/Biden proh\u00edbe importaciones de petr\u00f3leo de Rusia -","og_description":"Por Carolina Alonso Romei Internacionalista La prohibici\u00f3n a las importaciones energ\u00e9ticas de Rusia, uno de...","og_url":"https:\/\/quehacerpolitico.mx\/?p=90458","article_published_time":"2022-03-08T16:49:05+00:00","article_modified_time":"2022-03-08T16:49:09+00:00","og_image":[{"width":673,"height":377,"url":"https:\/\/quehacerpolitico.mx\/wp-content\/uploads\/2022\/03\/F0838913-DAD3-4AD9-A5DB-F0994699D5C9.png","type":"image\/png"}],"author":"Redacci\u00f3n QP","twitter_card":"summary_large_image","twitter_misc":{"Escrito por":"Redacci\u00f3n QP","Tiempo de lectura":"1 minuto"},"schema":{"@context":"https:\/\/schema.org","@graph":[{"@type":"Article","@id":"https:\/\/quehacerpolitico.mx\/?p=90458#article","isPartOf":{"@id":"https:\/\/quehacerpolitico.mx\/?p=90458"},"author":{"name":"Redacci\u00f3n QP","@id":"https:\/\/quehacerpolitico.mx\/#\/schema\/person\/496d8ad2d1d3f8036101dca7ee39e585"},"headline":"Internacionales\/\/\/Carolina Alonso Romei\/\/\/Biden proh\u00edbe importaciones de petr\u00f3leo de Rusia","datePublished":"2022-03-08T16:49:05+00:00","dateModified":"2022-03-08T16:49:09+00:00","mainEntityOfPage":{"@id":"https:\/\/quehacerpolitico.mx\/?p=90458"},"wordCount":302,"commentCount":0,"image":{"@id":"https:\/\/quehacerpolitico.mx\/?p=90458#primaryimage"},"thumbnailUrl":"https:\/\/quehacerpolitico.mx\/wp-content\/uploads\/2022\/03\/F0838913-DAD3-4AD9-A5DB-F0994699D5C9.png","articleSection":["Internacionales"],"inLanguage":"es","potentialAction":[{"@type":"CommentAction","name":"Comment","target":["https:\/\/quehacerpolitico.mx\/?p=90458#respond"]}]},{"@type":"WebPage","@id":"https:\/\/quehacerpolitico.mx\/?p=90458","url":"https:\/\/quehacerpolitico.mx\/?p=90458","name":"Internacionales\/\/\/Carolina Alonso Romei\/\/\/Biden proh\u00edbe importaciones de petr\u00f3leo de Rusia -","isPartOf":{"@id":"https:\/\/quehacerpolitico.mx\/#website"},"primaryImageOfPage":{"@id":"https:\/\/quehacerpolitico.mx\/?p=90458#primaryimage"},"image":{"@id":"https:\/\/quehacerpolitico.mx\/?p=90458#primaryimage"},"thumbnailUrl":"https:\/\/quehacerpolitico.mx\/wp-content\/uploads\/2022\/03\/F0838913-DAD3-4AD9-A5DB-F0994699D5C9.png","datePublished":"2022-03-08T16:49:05+00:00","dateModified":"2022-03-08T16:49:09+00:00","author":{"@id":"https:\/\/quehacerpolitico.mx\/#\/schema\/person\/496d8ad2d1d3f8036101dca7ee39e585"},"breadcrumb":{"@id":"https:\/\/quehacerpolitico.mx\/?p=90458#breadcrumb"},"inLanguage":"es","potentialAction":[{"@type":"ReadAction","target":["https:\/\/quehacerpolitico.mx\/?p=90458"]}]},{"@type":"ImageObject","inLanguage":"es","@id":"https:\/\/quehacerpolitico.mx\/?p=90458#primaryimage","url":"https:\/\/quehacerpolitico.mx\/wp-content\/uploads\/2022\/03\/F0838913-DAD3-4AD9-A5DB-F0994699D5C9.png","contentUrl":"https:\/\/quehacerpolitico.mx\/wp-content\/uploads\/2022\/03\/F0838913-DAD3-4AD9-A5DB-F0994699D5C9.png","width":673,"height":377},{"@type":"BreadcrumbList","@id":"https:\/\/quehacerpolitico.mx\/?p=90458#breadcrumb","itemListElement":[{"@type":"ListItem","position":1,"name":"Inicio","item":"https:\/\/quehacerpolitico.mx\/"},{"@type":"ListItem","position":2,"name":"Internacionales\/\/\/Carolina Alonso Romei\/\/\/Biden proh\u00edbe importaciones de petr\u00f3leo de Rusia"}]},{"@type":"WebSite","@id":"https:\/\/quehacerpolitico.mx\/#website","url":"https:\/\/quehacerpolitico.mx\/","name":"","description":"","potentialAction":[{"@type":"SearchAction","target":{"@type":"EntryPoint","urlTemplate":"https:\/\/quehacerpolitico.mx\/?s={search_term_string}"},"query-input":{"@type":"PropertyValueSpecification","valueRequired":true,"valueName":"search_term_string"}}],"inLanguage":"es"},{"@type":"Person","@id":"https:\/\/quehacerpolitico.mx\/#\/schema\/person\/496d8ad2d1d3f8036101dca7ee39e585","name":"Redacci\u00f3n QP","image":{"@type":"ImageObject","inLanguage":"es","@id":"https:\/\/secure.gravatar.com\/avatar\/c7164ed6fdec453195284ad24a5ae5b6e1eed2b848477fa2a4787ba9adf39a41?s=96&d=mm&r=g","url":"https:\/\/secure.gravatar.com\/avatar\/c7164ed6fdec453195284ad24a5ae5b6e1eed2b848477fa2a4787ba9adf39a41?s=96&d=mm&r=g","contentUrl":"https:\/\/secure.gravatar.com\/avatar\/c7164ed6fdec453195284ad24a5ae5b6e1eed2b848477fa2a4787ba9adf39a41?s=96&d=mm&r=g","caption":"Redacci\u00f3n QP"},"url":"https:\/\/quehacerpolitico.mx\/?author=2"}]}},"featured_image_urls":{"full":["https:\/\/quehacerpolitico.mx\/wp-content\/uploads\/2022\/03\/F0838913-DAD3-4AD9-A5DB-F0994699D5C9.png",673,377,false],"thumbnail":["https:\/\/quehacerpolitico.mx\/wp-content\/uploads\/2022\/03\/F0838913-DAD3-4AD9-A5DB-F0994699D5C9-150x150.png",150,150,true],"medium":["https:\/\/quehacerpolitico.mx\/wp-content\/uploads\/2022\/03\/F0838913-DAD3-4AD9-A5DB-F0994699D5C9-300x168.png",300,168,true],"medium_large":["https:\/\/quehacerpolitico.mx\/wp-content\/uploads\/2022\/03\/F0838913-DAD3-4AD9-A5DB-F0994699D5C9.png",640,359,false],"large":["https:\/\/quehacerpolitico.mx\/wp-content\/uploads\/2022\/03\/F0838913-DAD3-4AD9-A5DB-F0994699D5C9.png",640,359,false],"1536x1536":["https:\/\/quehacerpolitico.mx\/wp-content\/uploads\/2022\/03\/F0838913-DAD3-4AD9-A5DB-F0994699D5C9.png",673,377,false],"2048x2048":["https:\/\/quehacerpolitico.mx\/wp-content\/uploads\/2022\/03\/F0838913-DAD3-4AD9-A5DB-F0994699D5C9.png",673,377,false],"covernews-featured":["https:\/\/quehacerpolitico.mx\/wp-content\/uploads\/2022\/03\/F0838913-DAD3-4AD9-A5DB-F0994699D5C9.png",673,377,false],"covernews-medium":["https:\/\/quehacerpolitico.mx\/wp-content\/uploads\/2022\/03\/F0838913-DAD3-4AD9-A5DB-F0994699D5C9.png",540,302,false]},"author_info":{"display_name":"Redacci\u00f3n QP","author_link":"https:\/\/quehacerpolitico.mx\/?author=2"},"category_info":"<a href=\"https:\/\/quehacerpolitico.mx\/?cat=1\" rel=\"category\">Internacionales<\/a>","tag_info":"Internacionales","comment_count":"0","_links":{"self":[{"href":"https:\/\/quehacerpolitico.mx\/index.php?rest_route=\/wp\/v2\/posts\/90458","targetHints":{"allow":["GET"]}}],"collection":[{"href":"https:\/\/quehacerpolitico.mx\/index.php?rest_route=\/wp\/v2\/posts"}],"about":[{"href":"https:\/\/quehacerpolitico.mx\/index.php?rest_route=\/wp\/v2\/types\/post"}],"author":[{"embeddable":true,"href":"https:\/\/quehacerpolitico.mx\/index.php?rest_route=\/wp\/v2\/users\/2"}],"replies":[{"embeddable":true,"href":"https:\/\/quehacerpolitico.mx\/index.php?rest_route=%2Fwp%2Fv2%2Fcomments&post=90458"}],"version-history":[{"count":1,"href":"https:\/\/quehacerpolitico.mx\/index.php?rest_route=\/wp\/v2\/posts\/90458\/revisions"}],"predecessor-version":[{"id":90460,"href":"https:\/\/quehacerpolitico.mx\/index.php?rest_route=\/wp\/v2\/posts\/90458\/revisions\/90460"}],"wp:featuredmedia":[{"embeddable":true,"href":"https:\/\/quehacerpolitico.mx\/index.php?rest_route=\/wp\/v2\/media\/90459"}],"wp:attachment":[{"href":"https:\/\/quehacerpolitico.mx\/index.php?rest_route=%2Fwp%2Fv2%2Fmedia&parent=90458"}],"wp:term":[{"taxonomy":"category","embeddable":true,"href":"https:\/\/quehacerpolitico.mx\/index.php?rest_route=%2Fwp%2Fv2%2Fcategories&post=90458"},{"taxonomy":"post_tag","embeddable":true,"href":"https:\/\/quehacerpolitico.mx\/index.php?rest_route=%2Fwp%2Fv2%2Ftags&post=90458"}],"curies":[{"name":"wp","href":"https:\/\/api.w.org\/{rel}","templated":true}]}}