{"id":90455,"date":"2022-03-08T16:34:48","date_gmt":"2022-03-08T16:34:48","guid":{"rendered":"https:\/\/quehacerpolitico.mx\/?p=90455"},"modified":"2022-03-08T16:34:51","modified_gmt":"2022-03-08T16:34:51","slug":"gimnasta-ruso-seria-castigado-por-portar-simbolo-apoyando-invasion-a-ucrania-en-copa-del-mundo","status":"publish","type":"post","link":"https:\/\/quehacerpolitico.mx\/?p=90455","title":{"rendered":"Gimnasta ruso ser\u00eda castigado por portar s\u00edmbolo apoyando invasi\u00f3n a Ucrania en Copa del Mundo\u00a0"},"content":{"rendered":"\n<p>Por Redacci\u00f3n QP<\/p>\n\n\n\n<p>Iv\u00e1n Kuliak port\u00f3 s\u00edmbolo Z en su uniforme cuyo mensaje es apoyar la invasi\u00f3n a Ucrania.<\/p>\n\n\n\n<p>La<strong>&nbsp;Federaci\u00f3n internacional de gimnasia<\/strong>&nbsp;(FIG) anunci\u00f3 el domingo haber pedido a su fundaci\u00f3n \u00e9tica abrir un proceso disciplinario a un gimnasta ruso, que mostr\u00f3 sobre el podio de un evento de la copa del mundo un signo, interpretado como apoyo a la ofensiva rusa en Ucrania.&nbsp;<\/p>\n\n\n\n<p><strong>&#8220;La Federaci\u00f3n internacional de gimnasia<\/strong>\u00a0confirma que pedir\u00e1 a su fundaci\u00f3n \u00e9tica la apertura de un proceso disciplinario al gimnasta art\u00edstico\u00a0<strong>Iv\u00e1n Kuliak<\/strong>\u00a0(RUS), luego de su chocante comportamiento durante la copa del mundo de gimnasia art\u00edstica en Doha, Catar&#8221;, escribi\u00f3 la instituci\u00f3n en un comunicado.<\/p>\n\n\n\n<figure class=\"wp-block-embed is-type-rich is-provider-twitter wp-block-embed-twitter\"><div class=\"wp-block-embed__wrapper\">\n<blockquote class=\"twitter-tweet\" data-width=\"550\" data-dnt=\"true\"><p lang=\"es\" dir=\"ltr\">Abren proceso disciplinario a gimnasta Iv\u00e1n Kuliak que mostr\u00f3 su apoyo a Rusia <a href=\"https:\/\/t.co\/LIyi4U4eGe\">https:\/\/t.co\/LIyi4U4eGe<\/a> <a href=\"https:\/\/t.co\/tAlrggFIGP\">pic.twitter.com\/tAlrggFIGP<\/a><\/p>&mdash; La Afici\u00f3n (@laaficion) <a href=\"https:\/\/twitter.com\/laaficion\/status\/1500600736857694208?ref_src=twsrc%5Etfw\">March 6, 2022<\/a><\/blockquote><script async src=\"https:\/\/platform.twitter.com\/widgets.js\" charset=\"utf-8\"><\/script>\n<\/div><\/figure>\n\n\n\n<p>Seg\u00fan diferentes medios,\u00a0<strong>Iv\u00e1n Kuliak<\/strong>se present\u00f3 en el podio de la prueba de barras paralelas, en la que termin\u00f3 tercero, detr\u00e1s precisamente del ganador ucraniano\u00a0<strong>Illia Kovtun<\/strong>, con una camiseta con la letra Z, en lugar de la bandera de su pa\u00eds.<\/p>\n\n\n\n<p>La letra &#8220;Z&#8221; ha sido vista en los tanques y veh\u00edculos rusos en&nbsp;<strong>Ucrania&nbsp;<\/strong>y es interpretada como un s\u00edmbolo de apoyo a la invasi\u00f3n.&nbsp;<\/p>\n\n\n\n<p>En reacci\u00f3n al ataque de Ucrania por Rusia, los gimnastas, los oficiales y los \u00e1rbitros rusos y bielorrusos no podr\u00e1n participar en competiciones organizadas por la FIG a partir del lunes, recuerda la federaci\u00f3n en su comunicado.<\/p>\n\n\n\n<p>El lunes pasado, el&nbsp;<strong>Comit\u00e9 Ol\u00edmpico Internacional&nbsp;<\/strong>(COI) recomend\u00f3 la exclusi\u00f3n de rusos y bielorrusos de las competiciones deportivas, rompiendo con una larga tradici\u00f3n de no intervenci\u00f3n en debates pol\u00edticos y geopol\u00edticos.&nbsp;<\/p>\n","protected":false},"excerpt":{"rendered":"<p>Por Redacci\u00f3n QP Iv\u00e1n Kuliak port\u00f3 s\u00edmbolo Z en su uniforme cuyo mensaje es apoyar&#8230;<\/p>\n","protected":false},"author":2,"featured_media":90456,"comment_status":"open","ping_status":"open","sticky":false,"template":"","format":"standard","meta":{"_monsterinsights_skip_tracking":false,"_monsterinsights_sitenote_active":false,"_monsterinsights_sitenote_note":"","_monsterinsights_sitenote_category":0,"footnotes":""},"categories":[54],"tags":[],"class_list":["post-90455","post","type-post","status-publish","format-standard","has-post-thumbnail","hentry","category-deportes"],"yoast_head":"<!-- This site is optimized with the Yoast SEO plugin v27.3 - https:\/\/yoast.com\/product\/yoast-seo-wordpress\/ -->\n<title>Gimnasta ruso ser\u00eda castigado por portar s\u00edmbolo apoyando invasi\u00f3n a Ucrania en Copa del Mundo\u00a0 -<\/title>\n<meta name=\"robots\" content=\"index, follow, max-snippet:-1, max-image-preview:large, max-video-preview:-1\" \/>\n<link rel=\"canonical\" href=\"https:\/\/quehacerpolitico.mx\/?p=90455\" \/>\n<meta property=\"og:locale\" content=\"es_MX\" \/>\n<meta property=\"og:type\" content=\"article\" \/>\n<meta property=\"og:title\" content=\"Gimnasta ruso ser\u00eda castigado por portar s\u00edmbolo apoyando invasi\u00f3n a Ucrania en Copa del Mundo\u00a0 -\" \/>\n<meta property=\"og:description\" content=\"Por Redacci\u00f3n QP Iv\u00e1n Kuliak port\u00f3 s\u00edmbolo Z en su uniforme cuyo mensaje es apoyar...\" \/>\n<meta property=\"og:url\" content=\"https:\/\/quehacerpolitico.mx\/?p=90455\" \/>\n<meta property=\"article:published_time\" content=\"2022-03-08T16:34:48+00:00\" \/>\n<meta property=\"article:modified_time\" content=\"2022-03-08T16:34:51+00:00\" \/>\n<meta property=\"og:image\" content=\"https:\/\/quehacerpolitico.mx\/wp-content\/uploads\/2022\/03\/A38ED553-7E6A-42AB-8CED-36BEB1B56BF0.jpeg\" \/>\n\t<meta property=\"og:image:width\" content=\"958\" \/>\n\t<meta property=\"og:image:height\" content=\"596\" \/>\n\t<meta property=\"og:image:type\" content=\"image\/jpeg\" \/>\n<meta name=\"author\" content=\"Redacci\u00f3n QP\" \/>\n<meta name=\"twitter:card\" content=\"summary_large_image\" \/>\n<meta name=\"twitter:label1\" content=\"Escrito por\" \/>\n\t<meta name=\"twitter:data1\" content=\"Redacci\u00f3n QP\" \/>\n\t<meta name=\"twitter:label2\" content=\"Tiempo de lectura\" \/>\n\t<meta name=\"twitter:data2\" content=\"1 minuto\" \/>\n<script type=\"application\/ld+json\" class=\"yoast-schema-graph\">{\"@context\":\"https:\\\/\\\/schema.org\",\"@graph\":[{\"@type\":\"Article\",\"@id\":\"https:\\\/\\\/quehacerpolitico.mx\\\/?p=90455#article\",\"isPartOf\":{\"@id\":\"https:\\\/\\\/quehacerpolitico.mx\\\/?p=90455\"},\"author\":{\"name\":\"Redacci\u00f3n QP\",\"@id\":\"https:\\\/\\\/quehacerpolitico.mx\\\/#\\\/schema\\\/person\\\/496d8ad2d1d3f8036101dca7ee39e585\"},\"headline\":\"Gimnasta ruso ser\u00eda castigado por portar s\u00edmbolo apoyando invasi\u00f3n a Ucrania en Copa del Mundo\u00a0\",\"datePublished\":\"2022-03-08T16:34:48+00:00\",\"dateModified\":\"2022-03-08T16:34:51+00:00\",\"mainEntityOfPage\":{\"@id\":\"https:\\\/\\\/quehacerpolitico.mx\\\/?p=90455\"},\"wordCount\":309,\"commentCount\":0,\"image\":{\"@id\":\"https:\\\/\\\/quehacerpolitico.mx\\\/?p=90455#primaryimage\"},\"thumbnailUrl\":\"https:\\\/\\\/quehacerpolitico.mx\\\/wp-content\\\/uploads\\\/2022\\\/03\\\/A38ED553-7E6A-42AB-8CED-36BEB1B56BF0.jpeg\",\"articleSection\":[\"Deportes\"],\"inLanguage\":\"es\",\"potentialAction\":[{\"@type\":\"CommentAction\",\"name\":\"Comment\",\"target\":[\"https:\\\/\\\/quehacerpolitico.mx\\\/?p=90455#respond\"]}]},{\"@type\":\"WebPage\",\"@id\":\"https:\\\/\\\/quehacerpolitico.mx\\\/?p=90455\",\"url\":\"https:\\\/\\\/quehacerpolitico.mx\\\/?p=90455\",\"name\":\"Gimnasta ruso ser\u00eda castigado por portar s\u00edmbolo apoyando invasi\u00f3n a Ucrania en Copa del Mundo\u00a0 -\",\"isPartOf\":{\"@id\":\"https:\\\/\\\/quehacerpolitico.mx\\\/#website\"},\"primaryImageOfPage\":{\"@id\":\"https:\\\/\\\/quehacerpolitico.mx\\\/?p=90455#primaryimage\"},\"image\":{\"@id\":\"https:\\\/\\\/quehacerpolitico.mx\\\/?p=90455#primaryimage\"},\"thumbnailUrl\":\"https:\\\/\\\/quehacerpolitico.mx\\\/wp-content\\\/uploads\\\/2022\\\/03\\\/A38ED553-7E6A-42AB-8CED-36BEB1B56BF0.jpeg\",\"datePublished\":\"2022-03-08T16:34:48+00:00\",\"dateModified\":\"2022-03-08T16:34:51+00:00\",\"author\":{\"@id\":\"https:\\\/\\\/quehacerpolitico.mx\\\/#\\\/schema\\\/person\\\/496d8ad2d1d3f8036101dca7ee39e585\"},\"breadcrumb\":{\"@id\":\"https:\\\/\\\/quehacerpolitico.mx\\\/?p=90455#breadcrumb\"},\"inLanguage\":\"es\",\"potentialAction\":[{\"@type\":\"ReadAction\",\"target\":[\"https:\\\/\\\/quehacerpolitico.mx\\\/?p=90455\"]}]},{\"@type\":\"ImageObject\",\"inLanguage\":\"es\",\"@id\":\"https:\\\/\\\/quehacerpolitico.mx\\\/?p=90455#primaryimage\",\"url\":\"https:\\\/\\\/quehacerpolitico.mx\\\/wp-content\\\/uploads\\\/2022\\\/03\\\/A38ED553-7E6A-42AB-8CED-36BEB1B56BF0.jpeg\",\"contentUrl\":\"https:\\\/\\\/quehacerpolitico.mx\\\/wp-content\\\/uploads\\\/2022\\\/03\\\/A38ED553-7E6A-42AB-8CED-36BEB1B56BF0.jpeg\",\"width\":958,\"height\":596},{\"@type\":\"BreadcrumbList\",\"@id\":\"https:\\\/\\\/quehacerpolitico.mx\\\/?p=90455#breadcrumb\",\"itemListElement\":[{\"@type\":\"ListItem\",\"position\":1,\"name\":\"Inicio\",\"item\":\"https:\\\/\\\/quehacerpolitico.mx\\\/\"},{\"@type\":\"ListItem\",\"position\":2,\"name\":\"Gimnasta ruso ser\u00eda castigado por portar s\u00edmbolo apoyando invasi\u00f3n a Ucrania en Copa del Mundo\u00a0\"}]},{\"@type\":\"WebSite\",\"@id\":\"https:\\\/\\\/quehacerpolitico.mx\\\/#website\",\"url\":\"https:\\\/\\\/quehacerpolitico.mx\\\/\",\"name\":\"\",\"description\":\"\",\"potentialAction\":[{\"@type\":\"SearchAction\",\"target\":{\"@type\":\"EntryPoint\",\"urlTemplate\":\"https:\\\/\\\/quehacerpolitico.mx\\\/?s={search_term_string}\"},\"query-input\":{\"@type\":\"PropertyValueSpecification\",\"valueRequired\":true,\"valueName\":\"search_term_string\"}}],\"inLanguage\":\"es\"},{\"@type\":\"Person\",\"@id\":\"https:\\\/\\\/quehacerpolitico.mx\\\/#\\\/schema\\\/person\\\/496d8ad2d1d3f8036101dca7ee39e585\",\"name\":\"Redacci\u00f3n QP\",\"image\":{\"@type\":\"ImageObject\",\"inLanguage\":\"es\",\"@id\":\"https:\\\/\\\/secure.gravatar.com\\\/avatar\\\/c7164ed6fdec453195284ad24a5ae5b6e1eed2b848477fa2a4787ba9adf39a41?s=96&d=mm&r=g\",\"url\":\"https:\\\/\\\/secure.gravatar.com\\\/avatar\\\/c7164ed6fdec453195284ad24a5ae5b6e1eed2b848477fa2a4787ba9adf39a41?s=96&d=mm&r=g\",\"contentUrl\":\"https:\\\/\\\/secure.gravatar.com\\\/avatar\\\/c7164ed6fdec453195284ad24a5ae5b6e1eed2b848477fa2a4787ba9adf39a41?s=96&d=mm&r=g\",\"caption\":\"Redacci\u00f3n QP\"},\"url\":\"https:\\\/\\\/quehacerpolitico.mx\\\/?author=2\"}]}<\/script>\n<!-- \/ Yoast SEO plugin. -->","yoast_head_json":{"title":"Gimnasta ruso ser\u00eda castigado por portar s\u00edmbolo apoyando invasi\u00f3n a Ucrania en Copa del Mundo\u00a0 -","robots":{"index":"index","follow":"follow","max-snippet":"max-snippet:-1","max-image-preview":"max-image-preview:large","max-video-preview":"max-video-preview:-1"},"canonical":"https:\/\/quehacerpolitico.mx\/?p=90455","og_locale":"es_MX","og_type":"article","og_title":"Gimnasta ruso ser\u00eda castigado por portar s\u00edmbolo apoyando invasi\u00f3n a Ucrania en Copa del Mundo\u00a0 -","og_description":"Por Redacci\u00f3n QP Iv\u00e1n Kuliak port\u00f3 s\u00edmbolo Z en su uniforme cuyo mensaje es apoyar...","og_url":"https:\/\/quehacerpolitico.mx\/?p=90455","article_published_time":"2022-03-08T16:34:48+00:00","article_modified_time":"2022-03-08T16:34:51+00:00","og_image":[{"width":958,"height":596,"url":"https:\/\/quehacerpolitico.mx\/wp-content\/uploads\/2022\/03\/A38ED553-7E6A-42AB-8CED-36BEB1B56BF0.jpeg","type":"image\/jpeg"}],"author":"Redacci\u00f3n QP","twitter_card":"summary_large_image","twitter_misc":{"Escrito por":"Redacci\u00f3n QP","Tiempo de lectura":"1 minuto"},"schema":{"@context":"https:\/\/schema.org","@graph":[{"@type":"Article","@id":"https:\/\/quehacerpolitico.mx\/?p=90455#article","isPartOf":{"@id":"https:\/\/quehacerpolitico.mx\/?p=90455"},"author":{"name":"Redacci\u00f3n QP","@id":"https:\/\/quehacerpolitico.mx\/#\/schema\/person\/496d8ad2d1d3f8036101dca7ee39e585"},"headline":"Gimnasta ruso ser\u00eda castigado por portar s\u00edmbolo apoyando invasi\u00f3n a Ucrania en Copa del Mundo\u00a0","datePublished":"2022-03-08T16:34:48+00:00","dateModified":"2022-03-08T16:34:51+00:00","mainEntityOfPage":{"@id":"https:\/\/quehacerpolitico.mx\/?p=90455"},"wordCount":309,"commentCount":0,"image":{"@id":"https:\/\/quehacerpolitico.mx\/?p=90455#primaryimage"},"thumbnailUrl":"https:\/\/quehacerpolitico.mx\/wp-content\/uploads\/2022\/03\/A38ED553-7E6A-42AB-8CED-36BEB1B56BF0.jpeg","articleSection":["Deportes"],"inLanguage":"es","potentialAction":[{"@type":"CommentAction","name":"Comment","target":["https:\/\/quehacerpolitico.mx\/?p=90455#respond"]}]},{"@type":"WebPage","@id":"https:\/\/quehacerpolitico.mx\/?p=90455","url":"https:\/\/quehacerpolitico.mx\/?p=90455","name":"Gimnasta ruso ser\u00eda castigado por portar s\u00edmbolo apoyando invasi\u00f3n a Ucrania en Copa del Mundo\u00a0 -","isPartOf":{"@id":"https:\/\/quehacerpolitico.mx\/#website"},"primaryImageOfPage":{"@id":"https:\/\/quehacerpolitico.mx\/?p=90455#primaryimage"},"image":{"@id":"https:\/\/quehacerpolitico.mx\/?p=90455#primaryimage"},"thumbnailUrl":"https:\/\/quehacerpolitico.mx\/wp-content\/uploads\/2022\/03\/A38ED553-7E6A-42AB-8CED-36BEB1B56BF0.jpeg","datePublished":"2022-03-08T16:34:48+00:00","dateModified":"2022-03-08T16:34:51+00:00","author":{"@id":"https:\/\/quehacerpolitico.mx\/#\/schema\/person\/496d8ad2d1d3f8036101dca7ee39e585"},"breadcrumb":{"@id":"https:\/\/quehacerpolitico.mx\/?p=90455#breadcrumb"},"inLanguage":"es","potentialAction":[{"@type":"ReadAction","target":["https:\/\/quehacerpolitico.mx\/?p=90455"]}]},{"@type":"ImageObject","inLanguage":"es","@id":"https:\/\/quehacerpolitico.mx\/?p=90455#primaryimage","url":"https:\/\/quehacerpolitico.mx\/wp-content\/uploads\/2022\/03\/A38ED553-7E6A-42AB-8CED-36BEB1B56BF0.jpeg","contentUrl":"https:\/\/quehacerpolitico.mx\/wp-content\/uploads\/2022\/03\/A38ED553-7E6A-42AB-8CED-36BEB1B56BF0.jpeg","width":958,"height":596},{"@type":"BreadcrumbList","@id":"https:\/\/quehacerpolitico.mx\/?p=90455#breadcrumb","itemListElement":[{"@type":"ListItem","position":1,"name":"Inicio","item":"https:\/\/quehacerpolitico.mx\/"},{"@type":"ListItem","position":2,"name":"Gimnasta ruso ser\u00eda castigado por portar s\u00edmbolo apoyando invasi\u00f3n a Ucrania en Copa del Mundo\u00a0"}]},{"@type":"WebSite","@id":"https:\/\/quehacerpolitico.mx\/#website","url":"https:\/\/quehacerpolitico.mx\/","name":"","description":"","potentialAction":[{"@type":"SearchAction","target":{"@type":"EntryPoint","urlTemplate":"https:\/\/quehacerpolitico.mx\/?s={search_term_string}"},"query-input":{"@type":"PropertyValueSpecification","valueRequired":true,"valueName":"search_term_string"}}],"inLanguage":"es"},{"@type":"Person","@id":"https:\/\/quehacerpolitico.mx\/#\/schema\/person\/496d8ad2d1d3f8036101dca7ee39e585","name":"Redacci\u00f3n QP","image":{"@type":"ImageObject","inLanguage":"es","@id":"https:\/\/secure.gravatar.com\/avatar\/c7164ed6fdec453195284ad24a5ae5b6e1eed2b848477fa2a4787ba9adf39a41?s=96&d=mm&r=g","url":"https:\/\/secure.gravatar.com\/avatar\/c7164ed6fdec453195284ad24a5ae5b6e1eed2b848477fa2a4787ba9adf39a41?s=96&d=mm&r=g","contentUrl":"https:\/\/secure.gravatar.com\/avatar\/c7164ed6fdec453195284ad24a5ae5b6e1eed2b848477fa2a4787ba9adf39a41?s=96&d=mm&r=g","caption":"Redacci\u00f3n QP"},"url":"https:\/\/quehacerpolitico.mx\/?author=2"}]}},"featured_image_urls":{"full":["https:\/\/quehacerpolitico.mx\/wp-content\/uploads\/2022\/03\/A38ED553-7E6A-42AB-8CED-36BEB1B56BF0.jpeg",958,596,false],"thumbnail":["https:\/\/quehacerpolitico.mx\/wp-content\/uploads\/2022\/03\/A38ED553-7E6A-42AB-8CED-36BEB1B56BF0-150x150.jpeg",150,150,true],"medium":["https:\/\/quehacerpolitico.mx\/wp-content\/uploads\/2022\/03\/A38ED553-7E6A-42AB-8CED-36BEB1B56BF0-300x187.jpeg",300,187,true],"medium_large":["https:\/\/quehacerpolitico.mx\/wp-content\/uploads\/2022\/03\/A38ED553-7E6A-42AB-8CED-36BEB1B56BF0-768x478.jpeg",640,398,true],"large":["https:\/\/quehacerpolitico.mx\/wp-content\/uploads\/2022\/03\/A38ED553-7E6A-42AB-8CED-36BEB1B56BF0.jpeg",640,398,false],"1536x1536":["https:\/\/quehacerpolitico.mx\/wp-content\/uploads\/2022\/03\/A38ED553-7E6A-42AB-8CED-36BEB1B56BF0.jpeg",958,596,false],"2048x2048":["https:\/\/quehacerpolitico.mx\/wp-content\/uploads\/2022\/03\/A38ED553-7E6A-42AB-8CED-36BEB1B56BF0.jpeg",958,596,false],"covernews-featured":["https:\/\/quehacerpolitico.mx\/wp-content\/uploads\/2022\/03\/A38ED553-7E6A-42AB-8CED-36BEB1B56BF0.jpeg",958,596,false],"covernews-medium":["https:\/\/quehacerpolitico.mx\/wp-content\/uploads\/2022\/03\/A38ED553-7E6A-42AB-8CED-36BEB1B56BF0.jpeg",540,336,false]},"author_info":{"display_name":"Redacci\u00f3n QP","author_link":"https:\/\/quehacerpolitico.mx\/?author=2"},"category_info":"<a href=\"https:\/\/quehacerpolitico.mx\/?cat=54\" rel=\"category\">Deportes<\/a>","tag_info":"Deportes","comment_count":"0","_links":{"self":[{"href":"https:\/\/quehacerpolitico.mx\/index.php?rest_route=\/wp\/v2\/posts\/90455","targetHints":{"allow":["GET"]}}],"collection":[{"href":"https:\/\/quehacerpolitico.mx\/index.php?rest_route=\/wp\/v2\/posts"}],"about":[{"href":"https:\/\/quehacerpolitico.mx\/index.php?rest_route=\/wp\/v2\/types\/post"}],"author":[{"embeddable":true,"href":"https:\/\/quehacerpolitico.mx\/index.php?rest_route=\/wp\/v2\/users\/2"}],"replies":[{"embeddable":true,"href":"https:\/\/quehacerpolitico.mx\/index.php?rest_route=%2Fwp%2Fv2%2Fcomments&post=90455"}],"version-history":[{"count":1,"href":"https:\/\/quehacerpolitico.mx\/index.php?rest_route=\/wp\/v2\/posts\/90455\/revisions"}],"predecessor-version":[{"id":90457,"href":"https:\/\/quehacerpolitico.mx\/index.php?rest_route=\/wp\/v2\/posts\/90455\/revisions\/90457"}],"wp:featuredmedia":[{"embeddable":true,"href":"https:\/\/quehacerpolitico.mx\/index.php?rest_route=\/wp\/v2\/media\/90456"}],"wp:attachment":[{"href":"https:\/\/quehacerpolitico.mx\/index.php?rest_route=%2Fwp%2Fv2%2Fmedia&parent=90455"}],"wp:term":[{"taxonomy":"category","embeddable":true,"href":"https:\/\/quehacerpolitico.mx\/index.php?rest_route=%2Fwp%2Fv2%2Fcategories&post=90455"},{"taxonomy":"post_tag","embeddable":true,"href":"https:\/\/quehacerpolitico.mx\/index.php?rest_route=%2Fwp%2Fv2%2Ftags&post=90455"}],"curies":[{"name":"wp","href":"https:\/\/api.w.org\/{rel}","templated":true}]}}