{"id":90443,"date":"2022-03-08T05:40:41","date_gmt":"2022-03-08T05:40:41","guid":{"rendered":"https:\/\/quehacerpolitico.mx\/?p=90443"},"modified":"2022-03-08T05:40:46","modified_gmt":"2022-03-08T05:40:46","slug":"mbappe-es-nuestro-pochettino-manda-mensaje-al-real-madrid","status":"publish","type":"post","link":"https:\/\/quehacerpolitico.mx\/?p=90443","title":{"rendered":"&#8216;Mbapp\u00e9 es nuestro&#8217;; Pochettino manda mensaje al Real Madrid\u00a0"},"content":{"rendered":"\n<p>Por Redacci\u00f3n QP<\/p>\n\n\n\n<p>Aunque el delantero est\u00e1 lesionado, es el tema principal de la visita del PSG a Santiago Bernab\u00e9u en Champions League.<\/p>\n\n\n\n<p>&#8220;Mbapp\u00e9 es nuestro y esperemos que lo sea por mucho tiempo&#8221;, afirm\u00f3 este lunes el entrenador del Paris Saint Germain, el argentino Mauricio Pochettino, en una entrevista con EFE. Dos d\u00edas antes jugarse el pase a los cuartos de final de Liga de Campeones ante el Real Madrid, Pochettino recalc\u00f3 que todo lo que se habla ahora sobre el futuro de la estrella francesa &#8220;son conjeturas&#8221;, en una conversaci\u00f3n que se produjo antes de que el club parisino anunciara que Mbapp\u00e9 es duda por un fuerte golpe sufrido en el entrenamiento de hoy.<\/p>\n\n\n\n<p>Mbapp\u00e9, &#8220;uno de los mejores jugadores del mundo&#8221;, seg\u00fan su entrenador, termina contrato al final de esta temporada y no ha aceptado por ahora las millonarias ofertas de renovaci\u00f3n que le ha ofrecido el club parisino, una maquinaria engrasada econ\u00f3micamente por el dinero de Qatar. <\/p>\n\n\n\n<p>Y las especulaciones suben acerca de si el delantero acabar\u00e1 en el Real Madrid, el club que intent\u00f3 ficharle el pasado verano, suben seg\u00fan se acerca el encuentro de vuelta de los octavos de final de Liga de Campeones del pr\u00f3ximo mi\u00e9rcoles en el Santiago Bernabeu. Sin embargo, Pochettino se mantiene sereno ante todo el ruido medi\u00e1tico: &#8220;Entiendo a los medios de comunicaci\u00f3n de la necesidad de tener noticias de uno de los mejores del mundo, pero es nuestro jugador y esperemos que lo sea por mucho tiempo&#8221;, asegura. &#8220;Todo el mundo habla y hay que escucharlo a \u00e9l, ya declar\u00f3 que no era el momento de una decisi\u00f3n y esperemos a que \u00e9l se pronuncie. Todo lo dem\u00e1s son conjeturas y adivinar cosas que a lo mejor est\u00e1n muy lejos de la realidad&#8221;<\/p>\n\n\n\n<p>Pase lo que pase, Pochettino valora la implicaci\u00f3n de Mbapp\u00e9 en el terreno de juego, despu\u00e9s de que fue el protagonista del encuentro de ida, en el que martiriz\u00f3 a la defensa madridista y marc\u00f3 el \u00fanico gol en la \u00faltima jugada del partido. Kylian &#8220;vive el presente, se implica con lo que hace y eso es una calidad importante que tiene como ser humano&#8221;, resumi\u00f3 el t\u00e9cnico argentino sobre su jugador, que a los 23 a\u00f1os se ha consolidado como uno de los mejores futbolistas del mundo.<\/p>\n\n\n\n<p>Con informaci\u00f3n de EFE<\/p>\n","protected":false},"excerpt":{"rendered":"<p>Por Redacci\u00f3n QP Aunque el delantero est\u00e1 lesionado, es el tema principal de la visita&#8230;<\/p>\n","protected":false},"author":2,"featured_media":90444,"comment_status":"open","ping_status":"open","sticky":false,"template":"","format":"standard","meta":{"_monsterinsights_skip_tracking":false,"_monsterinsights_sitenote_active":false,"_monsterinsights_sitenote_note":"","_monsterinsights_sitenote_category":0,"footnotes":""},"categories":[54],"tags":[],"class_list":["post-90443","post","type-post","status-publish","format-standard","has-post-thumbnail","hentry","category-deportes"],"yoast_head":"<!-- This site is optimized with the Yoast SEO plugin v27.3 - https:\/\/yoast.com\/product\/yoast-seo-wordpress\/ -->\n<title>&#039;Mbapp\u00e9 es nuestro&#039;; Pochettino manda mensaje al Real Madrid\u00a0 -<\/title>\n<meta name=\"robots\" content=\"index, follow, max-snippet:-1, max-image-preview:large, max-video-preview:-1\" \/>\n<link rel=\"canonical\" href=\"https:\/\/quehacerpolitico.mx\/?p=90443\" \/>\n<meta property=\"og:locale\" content=\"es_MX\" \/>\n<meta property=\"og:type\" content=\"article\" \/>\n<meta property=\"og:title\" content=\"&#039;Mbapp\u00e9 es nuestro&#039;; Pochettino manda mensaje al Real Madrid\u00a0 -\" \/>\n<meta property=\"og:description\" content=\"Por Redacci\u00f3n QP Aunque el delantero est\u00e1 lesionado, es el tema principal de la visita...\" \/>\n<meta property=\"og:url\" content=\"https:\/\/quehacerpolitico.mx\/?p=90443\" \/>\n<meta property=\"article:published_time\" content=\"2022-03-08T05:40:41+00:00\" \/>\n<meta property=\"article:modified_time\" content=\"2022-03-08T05:40:46+00:00\" \/>\n<meta property=\"og:image\" content=\"https:\/\/quehacerpolitico.mx\/wp-content\/uploads\/2022\/03\/C7C11B7A-9A1B-47A4-8FBE-CB62400AF3AE.jpeg\" \/>\n\t<meta property=\"og:image:width\" content=\"724\" \/>\n\t<meta property=\"og:image:height\" content=\"424\" \/>\n\t<meta property=\"og:image:type\" content=\"image\/jpeg\" \/>\n<meta name=\"author\" content=\"Redacci\u00f3n QP\" \/>\n<meta name=\"twitter:card\" content=\"summary_large_image\" \/>\n<meta name=\"twitter:label1\" content=\"Escrito por\" \/>\n\t<meta name=\"twitter:data1\" content=\"Redacci\u00f3n QP\" \/>\n\t<meta name=\"twitter:label2\" content=\"Tiempo de lectura\" \/>\n\t<meta name=\"twitter:data2\" content=\"2 minutos\" \/>\n<script type=\"application\/ld+json\" class=\"yoast-schema-graph\">{\"@context\":\"https:\\\/\\\/schema.org\",\"@graph\":[{\"@type\":\"Article\",\"@id\":\"https:\\\/\\\/quehacerpolitico.mx\\\/?p=90443#article\",\"isPartOf\":{\"@id\":\"https:\\\/\\\/quehacerpolitico.mx\\\/?p=90443\"},\"author\":{\"name\":\"Redacci\u00f3n QP\",\"@id\":\"https:\\\/\\\/quehacerpolitico.mx\\\/#\\\/schema\\\/person\\\/496d8ad2d1d3f8036101dca7ee39e585\"},\"headline\":\"&#8216;Mbapp\u00e9 es nuestro&#8217;; Pochettino manda mensaje al Real Madrid\u00a0\",\"datePublished\":\"2022-03-08T05:40:41+00:00\",\"dateModified\":\"2022-03-08T05:40:46+00:00\",\"mainEntityOfPage\":{\"@id\":\"https:\\\/\\\/quehacerpolitico.mx\\\/?p=90443\"},\"wordCount\":415,\"commentCount\":0,\"image\":{\"@id\":\"https:\\\/\\\/quehacerpolitico.mx\\\/?p=90443#primaryimage\"},\"thumbnailUrl\":\"https:\\\/\\\/quehacerpolitico.mx\\\/wp-content\\\/uploads\\\/2022\\\/03\\\/C7C11B7A-9A1B-47A4-8FBE-CB62400AF3AE.jpeg\",\"articleSection\":[\"Deportes\"],\"inLanguage\":\"es\",\"potentialAction\":[{\"@type\":\"CommentAction\",\"name\":\"Comment\",\"target\":[\"https:\\\/\\\/quehacerpolitico.mx\\\/?p=90443#respond\"]}]},{\"@type\":\"WebPage\",\"@id\":\"https:\\\/\\\/quehacerpolitico.mx\\\/?p=90443\",\"url\":\"https:\\\/\\\/quehacerpolitico.mx\\\/?p=90443\",\"name\":\"'Mbapp\u00e9 es nuestro'; Pochettino manda mensaje al Real Madrid\u00a0 -\",\"isPartOf\":{\"@id\":\"https:\\\/\\\/quehacerpolitico.mx\\\/#website\"},\"primaryImageOfPage\":{\"@id\":\"https:\\\/\\\/quehacerpolitico.mx\\\/?p=90443#primaryimage\"},\"image\":{\"@id\":\"https:\\\/\\\/quehacerpolitico.mx\\\/?p=90443#primaryimage\"},\"thumbnailUrl\":\"https:\\\/\\\/quehacerpolitico.mx\\\/wp-content\\\/uploads\\\/2022\\\/03\\\/C7C11B7A-9A1B-47A4-8FBE-CB62400AF3AE.jpeg\",\"datePublished\":\"2022-03-08T05:40:41+00:00\",\"dateModified\":\"2022-03-08T05:40:46+00:00\",\"author\":{\"@id\":\"https:\\\/\\\/quehacerpolitico.mx\\\/#\\\/schema\\\/person\\\/496d8ad2d1d3f8036101dca7ee39e585\"},\"breadcrumb\":{\"@id\":\"https:\\\/\\\/quehacerpolitico.mx\\\/?p=90443#breadcrumb\"},\"inLanguage\":\"es\",\"potentialAction\":[{\"@type\":\"ReadAction\",\"target\":[\"https:\\\/\\\/quehacerpolitico.mx\\\/?p=90443\"]}]},{\"@type\":\"ImageObject\",\"inLanguage\":\"es\",\"@id\":\"https:\\\/\\\/quehacerpolitico.mx\\\/?p=90443#primaryimage\",\"url\":\"https:\\\/\\\/quehacerpolitico.mx\\\/wp-content\\\/uploads\\\/2022\\\/03\\\/C7C11B7A-9A1B-47A4-8FBE-CB62400AF3AE.jpeg\",\"contentUrl\":\"https:\\\/\\\/quehacerpolitico.mx\\\/wp-content\\\/uploads\\\/2022\\\/03\\\/C7C11B7A-9A1B-47A4-8FBE-CB62400AF3AE.jpeg\",\"width\":724,\"height\":424},{\"@type\":\"BreadcrumbList\",\"@id\":\"https:\\\/\\\/quehacerpolitico.mx\\\/?p=90443#breadcrumb\",\"itemListElement\":[{\"@type\":\"ListItem\",\"position\":1,\"name\":\"Inicio\",\"item\":\"https:\\\/\\\/quehacerpolitico.mx\\\/\"},{\"@type\":\"ListItem\",\"position\":2,\"name\":\"&#8216;Mbapp\u00e9 es nuestro&#8217;; Pochettino manda mensaje al Real Madrid\u00a0\"}]},{\"@type\":\"WebSite\",\"@id\":\"https:\\\/\\\/quehacerpolitico.mx\\\/#website\",\"url\":\"https:\\\/\\\/quehacerpolitico.mx\\\/\",\"name\":\"\",\"description\":\"\",\"potentialAction\":[{\"@type\":\"SearchAction\",\"target\":{\"@type\":\"EntryPoint\",\"urlTemplate\":\"https:\\\/\\\/quehacerpolitico.mx\\\/?s={search_term_string}\"},\"query-input\":{\"@type\":\"PropertyValueSpecification\",\"valueRequired\":true,\"valueName\":\"search_term_string\"}}],\"inLanguage\":\"es\"},{\"@type\":\"Person\",\"@id\":\"https:\\\/\\\/quehacerpolitico.mx\\\/#\\\/schema\\\/person\\\/496d8ad2d1d3f8036101dca7ee39e585\",\"name\":\"Redacci\u00f3n QP\",\"image\":{\"@type\":\"ImageObject\",\"inLanguage\":\"es\",\"@id\":\"https:\\\/\\\/secure.gravatar.com\\\/avatar\\\/c7164ed6fdec453195284ad24a5ae5b6e1eed2b848477fa2a4787ba9adf39a41?s=96&d=mm&r=g\",\"url\":\"https:\\\/\\\/secure.gravatar.com\\\/avatar\\\/c7164ed6fdec453195284ad24a5ae5b6e1eed2b848477fa2a4787ba9adf39a41?s=96&d=mm&r=g\",\"contentUrl\":\"https:\\\/\\\/secure.gravatar.com\\\/avatar\\\/c7164ed6fdec453195284ad24a5ae5b6e1eed2b848477fa2a4787ba9adf39a41?s=96&d=mm&r=g\",\"caption\":\"Redacci\u00f3n QP\"},\"url\":\"https:\\\/\\\/quehacerpolitico.mx\\\/?author=2\"}]}<\/script>\n<!-- \/ Yoast SEO plugin. -->","yoast_head_json":{"title":"'Mbapp\u00e9 es nuestro'; Pochettino manda mensaje al Real Madrid\u00a0 -","robots":{"index":"index","follow":"follow","max-snippet":"max-snippet:-1","max-image-preview":"max-image-preview:large","max-video-preview":"max-video-preview:-1"},"canonical":"https:\/\/quehacerpolitico.mx\/?p=90443","og_locale":"es_MX","og_type":"article","og_title":"'Mbapp\u00e9 es nuestro'; Pochettino manda mensaje al Real Madrid\u00a0 -","og_description":"Por Redacci\u00f3n QP Aunque el delantero est\u00e1 lesionado, es el tema principal de la visita...","og_url":"https:\/\/quehacerpolitico.mx\/?p=90443","article_published_time":"2022-03-08T05:40:41+00:00","article_modified_time":"2022-03-08T05:40:46+00:00","og_image":[{"width":724,"height":424,"url":"https:\/\/quehacerpolitico.mx\/wp-content\/uploads\/2022\/03\/C7C11B7A-9A1B-47A4-8FBE-CB62400AF3AE.jpeg","type":"image\/jpeg"}],"author":"Redacci\u00f3n QP","twitter_card":"summary_large_image","twitter_misc":{"Escrito por":"Redacci\u00f3n QP","Tiempo de lectura":"2 minutos"},"schema":{"@context":"https:\/\/schema.org","@graph":[{"@type":"Article","@id":"https:\/\/quehacerpolitico.mx\/?p=90443#article","isPartOf":{"@id":"https:\/\/quehacerpolitico.mx\/?p=90443"},"author":{"name":"Redacci\u00f3n QP","@id":"https:\/\/quehacerpolitico.mx\/#\/schema\/person\/496d8ad2d1d3f8036101dca7ee39e585"},"headline":"&#8216;Mbapp\u00e9 es nuestro&#8217;; Pochettino manda mensaje al Real Madrid\u00a0","datePublished":"2022-03-08T05:40:41+00:00","dateModified":"2022-03-08T05:40:46+00:00","mainEntityOfPage":{"@id":"https:\/\/quehacerpolitico.mx\/?p=90443"},"wordCount":415,"commentCount":0,"image":{"@id":"https:\/\/quehacerpolitico.mx\/?p=90443#primaryimage"},"thumbnailUrl":"https:\/\/quehacerpolitico.mx\/wp-content\/uploads\/2022\/03\/C7C11B7A-9A1B-47A4-8FBE-CB62400AF3AE.jpeg","articleSection":["Deportes"],"inLanguage":"es","potentialAction":[{"@type":"CommentAction","name":"Comment","target":["https:\/\/quehacerpolitico.mx\/?p=90443#respond"]}]},{"@type":"WebPage","@id":"https:\/\/quehacerpolitico.mx\/?p=90443","url":"https:\/\/quehacerpolitico.mx\/?p=90443","name":"'Mbapp\u00e9 es nuestro'; Pochettino manda mensaje al Real Madrid\u00a0 -","isPartOf":{"@id":"https:\/\/quehacerpolitico.mx\/#website"},"primaryImageOfPage":{"@id":"https:\/\/quehacerpolitico.mx\/?p=90443#primaryimage"},"image":{"@id":"https:\/\/quehacerpolitico.mx\/?p=90443#primaryimage"},"thumbnailUrl":"https:\/\/quehacerpolitico.mx\/wp-content\/uploads\/2022\/03\/C7C11B7A-9A1B-47A4-8FBE-CB62400AF3AE.jpeg","datePublished":"2022-03-08T05:40:41+00:00","dateModified":"2022-03-08T05:40:46+00:00","author":{"@id":"https:\/\/quehacerpolitico.mx\/#\/schema\/person\/496d8ad2d1d3f8036101dca7ee39e585"},"breadcrumb":{"@id":"https:\/\/quehacerpolitico.mx\/?p=90443#breadcrumb"},"inLanguage":"es","potentialAction":[{"@type":"ReadAction","target":["https:\/\/quehacerpolitico.mx\/?p=90443"]}]},{"@type":"ImageObject","inLanguage":"es","@id":"https:\/\/quehacerpolitico.mx\/?p=90443#primaryimage","url":"https:\/\/quehacerpolitico.mx\/wp-content\/uploads\/2022\/03\/C7C11B7A-9A1B-47A4-8FBE-CB62400AF3AE.jpeg","contentUrl":"https:\/\/quehacerpolitico.mx\/wp-content\/uploads\/2022\/03\/C7C11B7A-9A1B-47A4-8FBE-CB62400AF3AE.jpeg","width":724,"height":424},{"@type":"BreadcrumbList","@id":"https:\/\/quehacerpolitico.mx\/?p=90443#breadcrumb","itemListElement":[{"@type":"ListItem","position":1,"name":"Inicio","item":"https:\/\/quehacerpolitico.mx\/"},{"@type":"ListItem","position":2,"name":"&#8216;Mbapp\u00e9 es nuestro&#8217;; Pochettino manda mensaje al Real Madrid\u00a0"}]},{"@type":"WebSite","@id":"https:\/\/quehacerpolitico.mx\/#website","url":"https:\/\/quehacerpolitico.mx\/","name":"","description":"","potentialAction":[{"@type":"SearchAction","target":{"@type":"EntryPoint","urlTemplate":"https:\/\/quehacerpolitico.mx\/?s={search_term_string}"},"query-input":{"@type":"PropertyValueSpecification","valueRequired":true,"valueName":"search_term_string"}}],"inLanguage":"es"},{"@type":"Person","@id":"https:\/\/quehacerpolitico.mx\/#\/schema\/person\/496d8ad2d1d3f8036101dca7ee39e585","name":"Redacci\u00f3n QP","image":{"@type":"ImageObject","inLanguage":"es","@id":"https:\/\/secure.gravatar.com\/avatar\/c7164ed6fdec453195284ad24a5ae5b6e1eed2b848477fa2a4787ba9adf39a41?s=96&d=mm&r=g","url":"https:\/\/secure.gravatar.com\/avatar\/c7164ed6fdec453195284ad24a5ae5b6e1eed2b848477fa2a4787ba9adf39a41?s=96&d=mm&r=g","contentUrl":"https:\/\/secure.gravatar.com\/avatar\/c7164ed6fdec453195284ad24a5ae5b6e1eed2b848477fa2a4787ba9adf39a41?s=96&d=mm&r=g","caption":"Redacci\u00f3n QP"},"url":"https:\/\/quehacerpolitico.mx\/?author=2"}]}},"featured_image_urls":{"full":["https:\/\/quehacerpolitico.mx\/wp-content\/uploads\/2022\/03\/C7C11B7A-9A1B-47A4-8FBE-CB62400AF3AE.jpeg",724,424,false],"thumbnail":["https:\/\/quehacerpolitico.mx\/wp-content\/uploads\/2022\/03\/C7C11B7A-9A1B-47A4-8FBE-CB62400AF3AE-150x150.jpeg",150,150,true],"medium":["https:\/\/quehacerpolitico.mx\/wp-content\/uploads\/2022\/03\/C7C11B7A-9A1B-47A4-8FBE-CB62400AF3AE-300x176.jpeg",300,176,true],"medium_large":["https:\/\/quehacerpolitico.mx\/wp-content\/uploads\/2022\/03\/C7C11B7A-9A1B-47A4-8FBE-CB62400AF3AE.jpeg",640,375,false],"large":["https:\/\/quehacerpolitico.mx\/wp-content\/uploads\/2022\/03\/C7C11B7A-9A1B-47A4-8FBE-CB62400AF3AE.jpeg",640,375,false],"1536x1536":["https:\/\/quehacerpolitico.mx\/wp-content\/uploads\/2022\/03\/C7C11B7A-9A1B-47A4-8FBE-CB62400AF3AE.jpeg",724,424,false],"2048x2048":["https:\/\/quehacerpolitico.mx\/wp-content\/uploads\/2022\/03\/C7C11B7A-9A1B-47A4-8FBE-CB62400AF3AE.jpeg",724,424,false],"covernews-featured":["https:\/\/quehacerpolitico.mx\/wp-content\/uploads\/2022\/03\/C7C11B7A-9A1B-47A4-8FBE-CB62400AF3AE.jpeg",724,424,false],"covernews-medium":["https:\/\/quehacerpolitico.mx\/wp-content\/uploads\/2022\/03\/C7C11B7A-9A1B-47A4-8FBE-CB62400AF3AE.jpeg",540,316,false]},"author_info":{"display_name":"Redacci\u00f3n QP","author_link":"https:\/\/quehacerpolitico.mx\/?author=2"},"category_info":"<a href=\"https:\/\/quehacerpolitico.mx\/?cat=54\" rel=\"category\">Deportes<\/a>","tag_info":"Deportes","comment_count":"0","_links":{"self":[{"href":"https:\/\/quehacerpolitico.mx\/index.php?rest_route=\/wp\/v2\/posts\/90443","targetHints":{"allow":["GET"]}}],"collection":[{"href":"https:\/\/quehacerpolitico.mx\/index.php?rest_route=\/wp\/v2\/posts"}],"about":[{"href":"https:\/\/quehacerpolitico.mx\/index.php?rest_route=\/wp\/v2\/types\/post"}],"author":[{"embeddable":true,"href":"https:\/\/quehacerpolitico.mx\/index.php?rest_route=\/wp\/v2\/users\/2"}],"replies":[{"embeddable":true,"href":"https:\/\/quehacerpolitico.mx\/index.php?rest_route=%2Fwp%2Fv2%2Fcomments&post=90443"}],"version-history":[{"count":1,"href":"https:\/\/quehacerpolitico.mx\/index.php?rest_route=\/wp\/v2\/posts\/90443\/revisions"}],"predecessor-version":[{"id":90445,"href":"https:\/\/quehacerpolitico.mx\/index.php?rest_route=\/wp\/v2\/posts\/90443\/revisions\/90445"}],"wp:featuredmedia":[{"embeddable":true,"href":"https:\/\/quehacerpolitico.mx\/index.php?rest_route=\/wp\/v2\/media\/90444"}],"wp:attachment":[{"href":"https:\/\/quehacerpolitico.mx\/index.php?rest_route=%2Fwp%2Fv2%2Fmedia&parent=90443"}],"wp:term":[{"taxonomy":"category","embeddable":true,"href":"https:\/\/quehacerpolitico.mx\/index.php?rest_route=%2Fwp%2Fv2%2Fcategories&post=90443"},{"taxonomy":"post_tag","embeddable":true,"href":"https:\/\/quehacerpolitico.mx\/index.php?rest_route=%2Fwp%2Fv2%2Ftags&post=90443"}],"curies":[{"name":"wp","href":"https:\/\/api.w.org\/{rel}","templated":true}]}}