{"id":90437,"date":"2022-03-08T05:13:24","date_gmt":"2022-03-08T05:13:24","guid":{"rendered":"https:\/\/quehacerpolitico.mx\/?p=90437"},"modified":"2022-03-08T05:13:32","modified_gmt":"2022-03-08T05:13:32","slug":"mexico-y-francia-presentan-resolucion-sobre-la-situacion-humanitaria-en-ucrania","status":"publish","type":"post","link":"https:\/\/quehacerpolitico.mx\/?p=90437","title":{"rendered":"M\u00e9xico y Francia presentan resoluci\u00f3n sobre la situaci\u00f3n humanitaria en Ucrania\u00a0"},"content":{"rendered":"\n<p>Por Redacci\u00f3n QP<\/p>\n\n\n\n<p>&#8220;El Consejo de Seguridad debe asumir su responsabilidad y poner fin a esta tragedia humanitaria&#8221;, expres\u00f3 el embajador Juan Ram\u00f3n de la Fuente<\/p>\n\n\n\n<p>En declaraci\u00f3n conjunta, los embajadores de M\u00e9xico y Francia ante la ONU presentaron a miembros del Consejo de Seguridad un proyecto de resoluci\u00f3n relativo a la situaci\u00f3n humanitaria en Ucrania.<\/p>\n\n\n\n<p>El embajador de M\u00e9xico, Juan Ram\u00f3n de la Fuente, se\u00f1al\u00f3 que se siguen de cerca los acontecimientos en Ucrania, por lo que se espera un informe de la Oficina de Naciones Unidas para la Coordinaci\u00f3n de Asuntos Humanitarios (OCHA por sus siglas en ingl\u00e9s).<\/p>\n\n\n\n<figure class=\"wp-block-image\"><img decoding=\"async\" src=\"https:\/\/www.informador.mx\/export\/sites\/elinformador\/img\/2022\/03\/07\/2_1.jpg_1400804109.jpg\" alt=\"\" title=\"\"\/><\/figure>\n\n\n\n<p><strong>&#8220;El Consejo de Seguridad debe asumir su responsabilidad y poner fin a esta tragedia humanitaria\u00a0<\/strong>y debemos empezar a tomar medidas humanitarias r\u00e1pidas para ayudar a quienes lo necesitan&#8221;, expres\u00f3.<\/p>\n\n\n\n<p>Por su parte el representante permanente de Francia ante la ONU, Nicolas de Rivi\u00e8re, destac\u00f3 que<strong>&nbsp;es indispensable proteger a la poblaci\u00f3n y garantizar el acceso humanitario.<\/strong><\/p>\n\n\n\n<p>&#8220;Cerca de 1.7 millones de personas han sido obligadas a huir del pa\u00eds, la prioridad absoluta es obtener un cese inmediato de las hostilidades&#8221;, manifest\u00f3 en conferencia de prensa.<\/p>\n\n\n\n<h2 class=\"wp-block-heading\">Consejo de Seguridad analiza resoluci\u00f3n<\/h2>\n\n\n\n<p>El Consejo de Seguridad se reuni\u00f3 este lunes sobre la crisis humanitaria en Ucrania mientras sus miembros contin\u00faan negociando una resoluci\u00f3n propuesta por Francia y M\u00e9xico para pedir un cese de las hostilidades y suministro de ayuda a la poblaci\u00f3n.<\/p>\n\n\n\n<p>Seg\u00fan fuentes diplom\u00e1ticas, el texto seguir\u00e1 discuti\u00e9ndose en los pr\u00f3ximos d\u00edas para tratar de lograr su aprobaci\u00f3n, que depende en buena medida de que el lenguaje sea aceptable para Rusia, que tiene poder de veto en el Consejo de Seguridad.<\/p>\n\n\n\n<p>Con informaci\u00f3n de SUN<\/p>\n","protected":false},"excerpt":{"rendered":"<p>Por Redacci\u00f3n QP &#8220;El Consejo de Seguridad debe asumir su responsabilidad y poner fin a&#8230;<\/p>\n","protected":false},"author":2,"featured_media":90438,"comment_status":"open","ping_status":"open","sticky":false,"template":"","format":"standard","meta":{"_monsterinsights_skip_tracking":false,"_monsterinsights_sitenote_active":false,"_monsterinsights_sitenote_note":"","_monsterinsights_sitenote_category":0,"footnotes":""},"categories":[2],"tags":[],"class_list":["post-90437","post","type-post","status-publish","format-standard","has-post-thumbnail","hentry","category-noticias"],"yoast_head":"<!-- This site is optimized with the Yoast SEO plugin v27.3 - https:\/\/yoast.com\/product\/yoast-seo-wordpress\/ -->\n<title>M\u00e9xico y Francia presentan resoluci\u00f3n sobre la situaci\u00f3n humanitaria en Ucrania\u00a0 -<\/title>\n<meta name=\"robots\" content=\"index, follow, max-snippet:-1, max-image-preview:large, max-video-preview:-1\" \/>\n<link rel=\"canonical\" href=\"https:\/\/quehacerpolitico.mx\/?p=90437\" \/>\n<meta property=\"og:locale\" content=\"es_MX\" \/>\n<meta property=\"og:type\" content=\"article\" \/>\n<meta property=\"og:title\" content=\"M\u00e9xico y Francia presentan resoluci\u00f3n sobre la situaci\u00f3n humanitaria en Ucrania\u00a0 -\" \/>\n<meta property=\"og:description\" content=\"Por Redacci\u00f3n QP &#8220;El Consejo de Seguridad debe asumir su responsabilidad y poner fin a...\" \/>\n<meta property=\"og:url\" content=\"https:\/\/quehacerpolitico.mx\/?p=90437\" \/>\n<meta property=\"article:published_time\" content=\"2022-03-08T05:13:24+00:00\" \/>\n<meta property=\"article:modified_time\" content=\"2022-03-08T05:13:32+00:00\" \/>\n<meta property=\"og:image\" content=\"https:\/\/quehacerpolitico.mx\/wp-content\/uploads\/2022\/03\/0D880142-F8BC-403B-AA9B-D1C16250E331.jpeg\" \/>\n\t<meta property=\"og:image:width\" content=\"1170\" \/>\n\t<meta property=\"og:image:height\" content=\"631\" \/>\n\t<meta property=\"og:image:type\" content=\"image\/jpeg\" \/>\n<meta name=\"author\" content=\"Redacci\u00f3n QP\" \/>\n<meta name=\"twitter:card\" content=\"summary_large_image\" \/>\n<meta name=\"twitter:label1\" content=\"Escrito por\" \/>\n\t<meta name=\"twitter:data1\" content=\"Redacci\u00f3n QP\" \/>\n\t<meta name=\"twitter:label2\" content=\"Tiempo de lectura\" \/>\n\t<meta name=\"twitter:data2\" content=\"2 minutos\" \/>\n<script type=\"application\/ld+json\" class=\"yoast-schema-graph\">{\"@context\":\"https:\\\/\\\/schema.org\",\"@graph\":[{\"@type\":\"Article\",\"@id\":\"https:\\\/\\\/quehacerpolitico.mx\\\/?p=90437#article\",\"isPartOf\":{\"@id\":\"https:\\\/\\\/quehacerpolitico.mx\\\/?p=90437\"},\"author\":{\"name\":\"Redacci\u00f3n QP\",\"@id\":\"https:\\\/\\\/quehacerpolitico.mx\\\/#\\\/schema\\\/person\\\/496d8ad2d1d3f8036101dca7ee39e585\"},\"headline\":\"M\u00e9xico y Francia presentan resoluci\u00f3n sobre la situaci\u00f3n humanitaria en Ucrania\u00a0\",\"datePublished\":\"2022-03-08T05:13:24+00:00\",\"dateModified\":\"2022-03-08T05:13:32+00:00\",\"mainEntityOfPage\":{\"@id\":\"https:\\\/\\\/quehacerpolitico.mx\\\/?p=90437\"},\"wordCount\":316,\"commentCount\":0,\"image\":{\"@id\":\"https:\\\/\\\/quehacerpolitico.mx\\\/?p=90437#primaryimage\"},\"thumbnailUrl\":\"https:\\\/\\\/quehacerpolitico.mx\\\/wp-content\\\/uploads\\\/2022\\\/03\\\/0D880142-F8BC-403B-AA9B-D1C16250E331.jpeg\",\"articleSection\":[\"Noticias\"],\"inLanguage\":\"es\",\"potentialAction\":[{\"@type\":\"CommentAction\",\"name\":\"Comment\",\"target\":[\"https:\\\/\\\/quehacerpolitico.mx\\\/?p=90437#respond\"]}]},{\"@type\":\"WebPage\",\"@id\":\"https:\\\/\\\/quehacerpolitico.mx\\\/?p=90437\",\"url\":\"https:\\\/\\\/quehacerpolitico.mx\\\/?p=90437\",\"name\":\"M\u00e9xico y Francia presentan resoluci\u00f3n sobre la situaci\u00f3n humanitaria en Ucrania\u00a0 -\",\"isPartOf\":{\"@id\":\"https:\\\/\\\/quehacerpolitico.mx\\\/#website\"},\"primaryImageOfPage\":{\"@id\":\"https:\\\/\\\/quehacerpolitico.mx\\\/?p=90437#primaryimage\"},\"image\":{\"@id\":\"https:\\\/\\\/quehacerpolitico.mx\\\/?p=90437#primaryimage\"},\"thumbnailUrl\":\"https:\\\/\\\/quehacerpolitico.mx\\\/wp-content\\\/uploads\\\/2022\\\/03\\\/0D880142-F8BC-403B-AA9B-D1C16250E331.jpeg\",\"datePublished\":\"2022-03-08T05:13:24+00:00\",\"dateModified\":\"2022-03-08T05:13:32+00:00\",\"author\":{\"@id\":\"https:\\\/\\\/quehacerpolitico.mx\\\/#\\\/schema\\\/person\\\/496d8ad2d1d3f8036101dca7ee39e585\"},\"breadcrumb\":{\"@id\":\"https:\\\/\\\/quehacerpolitico.mx\\\/?p=90437#breadcrumb\"},\"inLanguage\":\"es\",\"potentialAction\":[{\"@type\":\"ReadAction\",\"target\":[\"https:\\\/\\\/quehacerpolitico.mx\\\/?p=90437\"]}]},{\"@type\":\"ImageObject\",\"inLanguage\":\"es\",\"@id\":\"https:\\\/\\\/quehacerpolitico.mx\\\/?p=90437#primaryimage\",\"url\":\"https:\\\/\\\/quehacerpolitico.mx\\\/wp-content\\\/uploads\\\/2022\\\/03\\\/0D880142-F8BC-403B-AA9B-D1C16250E331.jpeg\",\"contentUrl\":\"https:\\\/\\\/quehacerpolitico.mx\\\/wp-content\\\/uploads\\\/2022\\\/03\\\/0D880142-F8BC-403B-AA9B-D1C16250E331.jpeg\",\"width\":1170,\"height\":631},{\"@type\":\"BreadcrumbList\",\"@id\":\"https:\\\/\\\/quehacerpolitico.mx\\\/?p=90437#breadcrumb\",\"itemListElement\":[{\"@type\":\"ListItem\",\"position\":1,\"name\":\"Inicio\",\"item\":\"https:\\\/\\\/quehacerpolitico.mx\\\/\"},{\"@type\":\"ListItem\",\"position\":2,\"name\":\"M\u00e9xico y Francia presentan resoluci\u00f3n sobre la situaci\u00f3n humanitaria en Ucrania\u00a0\"}]},{\"@type\":\"WebSite\",\"@id\":\"https:\\\/\\\/quehacerpolitico.mx\\\/#website\",\"url\":\"https:\\\/\\\/quehacerpolitico.mx\\\/\",\"name\":\"\",\"description\":\"\",\"potentialAction\":[{\"@type\":\"SearchAction\",\"target\":{\"@type\":\"EntryPoint\",\"urlTemplate\":\"https:\\\/\\\/quehacerpolitico.mx\\\/?s={search_term_string}\"},\"query-input\":{\"@type\":\"PropertyValueSpecification\",\"valueRequired\":true,\"valueName\":\"search_term_string\"}}],\"inLanguage\":\"es\"},{\"@type\":\"Person\",\"@id\":\"https:\\\/\\\/quehacerpolitico.mx\\\/#\\\/schema\\\/person\\\/496d8ad2d1d3f8036101dca7ee39e585\",\"name\":\"Redacci\u00f3n QP\",\"image\":{\"@type\":\"ImageObject\",\"inLanguage\":\"es\",\"@id\":\"https:\\\/\\\/secure.gravatar.com\\\/avatar\\\/c7164ed6fdec453195284ad24a5ae5b6e1eed2b848477fa2a4787ba9adf39a41?s=96&d=mm&r=g\",\"url\":\"https:\\\/\\\/secure.gravatar.com\\\/avatar\\\/c7164ed6fdec453195284ad24a5ae5b6e1eed2b848477fa2a4787ba9adf39a41?s=96&d=mm&r=g\",\"contentUrl\":\"https:\\\/\\\/secure.gravatar.com\\\/avatar\\\/c7164ed6fdec453195284ad24a5ae5b6e1eed2b848477fa2a4787ba9adf39a41?s=96&d=mm&r=g\",\"caption\":\"Redacci\u00f3n QP\"},\"url\":\"https:\\\/\\\/quehacerpolitico.mx\\\/?author=2\"}]}<\/script>\n<!-- \/ Yoast SEO plugin. -->","yoast_head_json":{"title":"M\u00e9xico y Francia presentan resoluci\u00f3n sobre la situaci\u00f3n humanitaria en Ucrania\u00a0 -","robots":{"index":"index","follow":"follow","max-snippet":"max-snippet:-1","max-image-preview":"max-image-preview:large","max-video-preview":"max-video-preview:-1"},"canonical":"https:\/\/quehacerpolitico.mx\/?p=90437","og_locale":"es_MX","og_type":"article","og_title":"M\u00e9xico y Francia presentan resoluci\u00f3n sobre la situaci\u00f3n humanitaria en Ucrania\u00a0 -","og_description":"Por Redacci\u00f3n QP &#8220;El Consejo de Seguridad debe asumir su responsabilidad y poner fin a...","og_url":"https:\/\/quehacerpolitico.mx\/?p=90437","article_published_time":"2022-03-08T05:13:24+00:00","article_modified_time":"2022-03-08T05:13:32+00:00","og_image":[{"width":1170,"height":631,"url":"https:\/\/quehacerpolitico.mx\/wp-content\/uploads\/2022\/03\/0D880142-F8BC-403B-AA9B-D1C16250E331.jpeg","type":"image\/jpeg"}],"author":"Redacci\u00f3n QP","twitter_card":"summary_large_image","twitter_misc":{"Escrito por":"Redacci\u00f3n QP","Tiempo de lectura":"2 minutos"},"schema":{"@context":"https:\/\/schema.org","@graph":[{"@type":"Article","@id":"https:\/\/quehacerpolitico.mx\/?p=90437#article","isPartOf":{"@id":"https:\/\/quehacerpolitico.mx\/?p=90437"},"author":{"name":"Redacci\u00f3n QP","@id":"https:\/\/quehacerpolitico.mx\/#\/schema\/person\/496d8ad2d1d3f8036101dca7ee39e585"},"headline":"M\u00e9xico y Francia presentan resoluci\u00f3n sobre la situaci\u00f3n humanitaria en Ucrania\u00a0","datePublished":"2022-03-08T05:13:24+00:00","dateModified":"2022-03-08T05:13:32+00:00","mainEntityOfPage":{"@id":"https:\/\/quehacerpolitico.mx\/?p=90437"},"wordCount":316,"commentCount":0,"image":{"@id":"https:\/\/quehacerpolitico.mx\/?p=90437#primaryimage"},"thumbnailUrl":"https:\/\/quehacerpolitico.mx\/wp-content\/uploads\/2022\/03\/0D880142-F8BC-403B-AA9B-D1C16250E331.jpeg","articleSection":["Noticias"],"inLanguage":"es","potentialAction":[{"@type":"CommentAction","name":"Comment","target":["https:\/\/quehacerpolitico.mx\/?p=90437#respond"]}]},{"@type":"WebPage","@id":"https:\/\/quehacerpolitico.mx\/?p=90437","url":"https:\/\/quehacerpolitico.mx\/?p=90437","name":"M\u00e9xico y Francia presentan resoluci\u00f3n sobre la situaci\u00f3n humanitaria en Ucrania\u00a0 -","isPartOf":{"@id":"https:\/\/quehacerpolitico.mx\/#website"},"primaryImageOfPage":{"@id":"https:\/\/quehacerpolitico.mx\/?p=90437#primaryimage"},"image":{"@id":"https:\/\/quehacerpolitico.mx\/?p=90437#primaryimage"},"thumbnailUrl":"https:\/\/quehacerpolitico.mx\/wp-content\/uploads\/2022\/03\/0D880142-F8BC-403B-AA9B-D1C16250E331.jpeg","datePublished":"2022-03-08T05:13:24+00:00","dateModified":"2022-03-08T05:13:32+00:00","author":{"@id":"https:\/\/quehacerpolitico.mx\/#\/schema\/person\/496d8ad2d1d3f8036101dca7ee39e585"},"breadcrumb":{"@id":"https:\/\/quehacerpolitico.mx\/?p=90437#breadcrumb"},"inLanguage":"es","potentialAction":[{"@type":"ReadAction","target":["https:\/\/quehacerpolitico.mx\/?p=90437"]}]},{"@type":"ImageObject","inLanguage":"es","@id":"https:\/\/quehacerpolitico.mx\/?p=90437#primaryimage","url":"https:\/\/quehacerpolitico.mx\/wp-content\/uploads\/2022\/03\/0D880142-F8BC-403B-AA9B-D1C16250E331.jpeg","contentUrl":"https:\/\/quehacerpolitico.mx\/wp-content\/uploads\/2022\/03\/0D880142-F8BC-403B-AA9B-D1C16250E331.jpeg","width":1170,"height":631},{"@type":"BreadcrumbList","@id":"https:\/\/quehacerpolitico.mx\/?p=90437#breadcrumb","itemListElement":[{"@type":"ListItem","position":1,"name":"Inicio","item":"https:\/\/quehacerpolitico.mx\/"},{"@type":"ListItem","position":2,"name":"M\u00e9xico y Francia presentan resoluci\u00f3n sobre la situaci\u00f3n humanitaria en Ucrania\u00a0"}]},{"@type":"WebSite","@id":"https:\/\/quehacerpolitico.mx\/#website","url":"https:\/\/quehacerpolitico.mx\/","name":"","description":"","potentialAction":[{"@type":"SearchAction","target":{"@type":"EntryPoint","urlTemplate":"https:\/\/quehacerpolitico.mx\/?s={search_term_string}"},"query-input":{"@type":"PropertyValueSpecification","valueRequired":true,"valueName":"search_term_string"}}],"inLanguage":"es"},{"@type":"Person","@id":"https:\/\/quehacerpolitico.mx\/#\/schema\/person\/496d8ad2d1d3f8036101dca7ee39e585","name":"Redacci\u00f3n QP","image":{"@type":"ImageObject","inLanguage":"es","@id":"https:\/\/secure.gravatar.com\/avatar\/c7164ed6fdec453195284ad24a5ae5b6e1eed2b848477fa2a4787ba9adf39a41?s=96&d=mm&r=g","url":"https:\/\/secure.gravatar.com\/avatar\/c7164ed6fdec453195284ad24a5ae5b6e1eed2b848477fa2a4787ba9adf39a41?s=96&d=mm&r=g","contentUrl":"https:\/\/secure.gravatar.com\/avatar\/c7164ed6fdec453195284ad24a5ae5b6e1eed2b848477fa2a4787ba9adf39a41?s=96&d=mm&r=g","caption":"Redacci\u00f3n QP"},"url":"https:\/\/quehacerpolitico.mx\/?author=2"}]}},"featured_image_urls":{"full":["https:\/\/quehacerpolitico.mx\/wp-content\/uploads\/2022\/03\/0D880142-F8BC-403B-AA9B-D1C16250E331.jpeg",1170,631,false],"thumbnail":["https:\/\/quehacerpolitico.mx\/wp-content\/uploads\/2022\/03\/0D880142-F8BC-403B-AA9B-D1C16250E331-150x150.jpeg",150,150,true],"medium":["https:\/\/quehacerpolitico.mx\/wp-content\/uploads\/2022\/03\/0D880142-F8BC-403B-AA9B-D1C16250E331-300x162.jpeg",300,162,true],"medium_large":["https:\/\/quehacerpolitico.mx\/wp-content\/uploads\/2022\/03\/0D880142-F8BC-403B-AA9B-D1C16250E331-768x414.jpeg",640,345,true],"large":["https:\/\/quehacerpolitico.mx\/wp-content\/uploads\/2022\/03\/0D880142-F8BC-403B-AA9B-D1C16250E331-1024x552.jpeg",640,345,true],"1536x1536":["https:\/\/quehacerpolitico.mx\/wp-content\/uploads\/2022\/03\/0D880142-F8BC-403B-AA9B-D1C16250E331.jpeg",1170,631,false],"2048x2048":["https:\/\/quehacerpolitico.mx\/wp-content\/uploads\/2022\/03\/0D880142-F8BC-403B-AA9B-D1C16250E331.jpeg",1170,631,false],"covernews-featured":["https:\/\/quehacerpolitico.mx\/wp-content\/uploads\/2022\/03\/0D880142-F8BC-403B-AA9B-D1C16250E331.jpeg",1024,552,false],"covernews-medium":["https:\/\/quehacerpolitico.mx\/wp-content\/uploads\/2022\/03\/0D880142-F8BC-403B-AA9B-D1C16250E331.jpeg",540,291,false]},"author_info":{"display_name":"Redacci\u00f3n QP","author_link":"https:\/\/quehacerpolitico.mx\/?author=2"},"category_info":"<a href=\"https:\/\/quehacerpolitico.mx\/?cat=2\" rel=\"category\">Noticias<\/a>","tag_info":"Noticias","comment_count":"0","_links":{"self":[{"href":"https:\/\/quehacerpolitico.mx\/index.php?rest_route=\/wp\/v2\/posts\/90437","targetHints":{"allow":["GET"]}}],"collection":[{"href":"https:\/\/quehacerpolitico.mx\/index.php?rest_route=\/wp\/v2\/posts"}],"about":[{"href":"https:\/\/quehacerpolitico.mx\/index.php?rest_route=\/wp\/v2\/types\/post"}],"author":[{"embeddable":true,"href":"https:\/\/quehacerpolitico.mx\/index.php?rest_route=\/wp\/v2\/users\/2"}],"replies":[{"embeddable":true,"href":"https:\/\/quehacerpolitico.mx\/index.php?rest_route=%2Fwp%2Fv2%2Fcomments&post=90437"}],"version-history":[{"count":1,"href":"https:\/\/quehacerpolitico.mx\/index.php?rest_route=\/wp\/v2\/posts\/90437\/revisions"}],"predecessor-version":[{"id":90439,"href":"https:\/\/quehacerpolitico.mx\/index.php?rest_route=\/wp\/v2\/posts\/90437\/revisions\/90439"}],"wp:featuredmedia":[{"embeddable":true,"href":"https:\/\/quehacerpolitico.mx\/index.php?rest_route=\/wp\/v2\/media\/90438"}],"wp:attachment":[{"href":"https:\/\/quehacerpolitico.mx\/index.php?rest_route=%2Fwp%2Fv2%2Fmedia&parent=90437"}],"wp:term":[{"taxonomy":"category","embeddable":true,"href":"https:\/\/quehacerpolitico.mx\/index.php?rest_route=%2Fwp%2Fv2%2Fcategories&post=90437"},{"taxonomy":"post_tag","embeddable":true,"href":"https:\/\/quehacerpolitico.mx\/index.php?rest_route=%2Fwp%2Fv2%2Ftags&post=90437"}],"curies":[{"name":"wp","href":"https:\/\/api.w.org\/{rel}","templated":true}]}}