{"id":90431,"date":"2022-03-08T04:55:10","date_gmt":"2022-03-08T04:55:10","guid":{"rendered":"https:\/\/quehacerpolitico.mx\/?p=90431"},"modified":"2022-03-08T04:55:13","modified_gmt":"2022-03-08T04:55:13","slug":"hoy-mexico-registra-42-muertes-y-mil-684-nuevos-casos-de-covid","status":"publish","type":"post","link":"https:\/\/quehacerpolitico.mx\/?p=90431","title":{"rendered":"Hoy M\u00e9xico registra 42 muertes y mil 684 nuevos casos de COVID"},"content":{"rendered":"\n<p>Por Redacci\u00f3n QP<\/p>\n\n\n\n<p>Desde el inicio de la pandemia se han recuperado cuatro millones 853 mil 879 personas<\/p>\n\n\n\n<p>M\u00e9xico report\u00f3 este lunes\u00a0<strong>42 nuevas muertes y mil 684 contagios por el COVID<\/strong>, con lo que totaliza<strong>cinco millones 566 mil 669 casos\u00a0<\/strong>y acumula<strong>\u00a0319 mil 901 decesos en total<\/strong>, inform\u00f3 la Secretar\u00eda de Salud.<\/p>\n\n\n\n<figure class=\"wp-block-image size-full\"><img loading=\"lazy\" decoding=\"async\" width=\"976\" height=\"699\" src=\"https:\/\/quehacerpolitico.mx\/wp-content\/uploads\/2022\/03\/image-32.jpeg\" alt=\"\" class=\"wp-image-90432\" srcset=\"https:\/\/quehacerpolitico.mx\/wp-content\/uploads\/2022\/03\/image-32.jpeg 976w, https:\/\/quehacerpolitico.mx\/wp-content\/uploads\/2022\/03\/image-32-300x215.jpeg 300w, https:\/\/quehacerpolitico.mx\/wp-content\/uploads\/2022\/03\/image-32-768x550.jpeg 768w, https:\/\/quehacerpolitico.mx\/wp-content\/uploads\/2022\/03\/image-32-204x146.jpeg 204w, https:\/\/quehacerpolitico.mx\/wp-content\/uploads\/2022\/03\/image-32-50x36.jpeg 50w, https:\/\/quehacerpolitico.mx\/wp-content\/uploads\/2022\/03\/image-32-105x75.jpeg 105w\" sizes=\"auto, (max-width: 976px) 100vw, 976px\" \/><\/figure>\n\n\n\n<p>La cifra de decesos reportada este d\u00eda es la segunda m\u00e1s baja de la cuarta ola, tras la de ayer que fue de 35, aunque en domingo y lunes los n\u00fameros de muertes y contagios bajan considerablemente debido al procesamiento de informaci\u00f3n del fin de semana.<\/p>\n\n\n\n<p>Con estos datos, M\u00e9xico es el decimosexto pa\u00eds en el mundo en n\u00famero de contagios confirmados y es el quinto con m\u00e1s decesos por esta causa, por detr\u00e1s de Estados Unidos, Brasil, India y Rusia, seg\u00fan el recuento de la Universidad Johns Hopkins.<\/p>\n\n\n\n<p><strong>De los contagios confirmados, hay 25 mil 964 casos activos, que han presentado s\u00edntomas durante los \u00faltimos 14 d\u00edas y suponen el 0.4% del total.<\/strong><\/p>\n\n\n\n<figure class=\"wp-block-image size-large\"><img loading=\"lazy\" decoding=\"async\" width=\"775\" height=\"1024\" src=\"https:\/\/quehacerpolitico.mx\/wp-content\/uploads\/2022\/03\/image-33-775x1024.jpeg\" alt=\"\" class=\"wp-image-90433\" srcset=\"https:\/\/quehacerpolitico.mx\/wp-content\/uploads\/2022\/03\/image-33-775x1024.jpeg 775w, https:\/\/quehacerpolitico.mx\/wp-content\/uploads\/2022\/03\/image-33-227x300.jpeg 227w, https:\/\/quehacerpolitico.mx\/wp-content\/uploads\/2022\/03\/image-33-768x1015.jpeg 768w, https:\/\/quehacerpolitico.mx\/wp-content\/uploads\/2022\/03\/image-33-110x146.jpeg 110w, https:\/\/quehacerpolitico.mx\/wp-content\/uploads\/2022\/03\/image-33-38x50.jpeg 38w, https:\/\/quehacerpolitico.mx\/wp-content\/uploads\/2022\/03\/image-33-57x75.jpeg 57w, https:\/\/quehacerpolitico.mx\/wp-content\/uploads\/2022\/03\/image-33.jpeg 975w\" sizes=\"auto, (max-width: 775px) 100vw, 775px\" \/><\/figure>\n\n\n\n<p>Adem\u00e1s, desde el inicio de la pandemia se han recuperado\u00a0<strong>cuatro millones 853 mil 879 personas.<\/strong><\/p>\n\n\n\n<p>La ocupaci\u00f3n media de camas generales se sit\u00faa en un 13% y la de terapia intensiva en un 10% con tendencia a la baja.<\/p>\n\n\n\n<p>Respecto a las defunciones, Ciudad de M\u00e9xico, el foco de la pandemia, acumula cerca del 17.3% de todos los decesos a nivel nacional. Desde este lunes y hasta el 20 de marzo de los 32 estados del pa\u00eds ninguno estar\u00e1 en sem\u00e1foro de riesgo epidemiol\u00f3gico rojo (m\u00e1ximo riesgo de contagios), ni en naranja (riesgo alto) y s\u00f3lo habr\u00e1 1 en amarillo (riesgo medio) y 31 en verde (riesgo bajo), entre ellos la Ciudad de M\u00e9xico.<\/p>\n\n\n\n<figure class=\"wp-block-image size-full\"><img loading=\"lazy\" decoding=\"async\" width=\"481\" height=\"609\" src=\"https:\/\/quehacerpolitico.mx\/wp-content\/uploads\/2022\/03\/image-35.jpeg\" alt=\"\" class=\"wp-image-90435\" srcset=\"https:\/\/quehacerpolitico.mx\/wp-content\/uploads\/2022\/03\/image-35.jpeg 481w, https:\/\/quehacerpolitico.mx\/wp-content\/uploads\/2022\/03\/image-35-237x300.jpeg 237w, https:\/\/quehacerpolitico.mx\/wp-content\/uploads\/2022\/03\/image-35-115x146.jpeg 115w, https:\/\/quehacerpolitico.mx\/wp-content\/uploads\/2022\/03\/image-35-39x50.jpeg 39w, https:\/\/quehacerpolitico.mx\/wp-content\/uploads\/2022\/03\/image-35-59x75.jpeg 59w\" sizes=\"auto, (max-width: 481px) 100vw, 481px\" \/><\/figure>\n\n\n\n<figure class=\"wp-block-image size-full\"><img loading=\"lazy\" decoding=\"async\" width=\"482\" height=\"953\" src=\"https:\/\/quehacerpolitico.mx\/wp-content\/uploads\/2022\/03\/image-34.jpeg\" alt=\"\" class=\"wp-image-90434\" srcset=\"https:\/\/quehacerpolitico.mx\/wp-content\/uploads\/2022\/03\/image-34.jpeg 482w, https:\/\/quehacerpolitico.mx\/wp-content\/uploads\/2022\/03\/image-34-152x300.jpeg 152w, https:\/\/quehacerpolitico.mx\/wp-content\/uploads\/2022\/03\/image-34-74x146.jpeg 74w, https:\/\/quehacerpolitico.mx\/wp-content\/uploads\/2022\/03\/image-34-25x50.jpeg 25w, https:\/\/quehacerpolitico.mx\/wp-content\/uploads\/2022\/03\/image-34-38x75.jpeg 38w\" sizes=\"auto, (max-width: 482px) 100vw, 482px\" \/><\/figure>\n\n\n\n<h2 class=\"wp-block-heading\">Plan de vacunaci\u00f3n<\/h2>\n\n\n\n<p>Las autoridades tambi\u00e9n indicaron que dentro del programa de vacunaci\u00f3n se han administrado m\u00e1s de&nbsp;<strong>183.62 millones de dosis<\/strong>, al sumar&nbsp;<strong>57 mil 871&nbsp;<\/strong>durante la \u00faltima jornada.<\/p>\n\n\n\n<p>De los 126 millones de habitantes, casi 85.34 millones de mexicanos han recibido al menos una dosis de la vacuna, con lo que el 90 % de la poblaci\u00f3n de 18 a\u00f1os y m\u00e1s ha recibido al menos una aplicaci\u00f3n.<\/p>\n\n\n\n<p>En tanto, 79.12 millones de personas han completado su pauta de vacunaci\u00f3n.<\/p>\n\n\n\n<p>Con informaci\u00f3n de EFE<\/p>\n","protected":false},"excerpt":{"rendered":"<p>Por Redacci\u00f3n QP Desde el inicio de la pandemia se han recuperado cuatro millones 853&#8230;<\/p>\n","protected":false},"author":2,"featured_media":90260,"comment_status":"open","ping_status":"open","sticky":false,"template":"","format":"standard","meta":{"_monsterinsights_skip_tracking":false,"_monsterinsights_sitenote_active":false,"_monsterinsights_sitenote_note":"","_monsterinsights_sitenote_category":0,"footnotes":""},"categories":[2],"tags":[],"class_list":["post-90431","post","type-post","status-publish","format-standard","has-post-thumbnail","hentry","category-noticias"],"yoast_head":"<!-- This site is optimized with the Yoast SEO plugin v27.3 - https:\/\/yoast.com\/product\/yoast-seo-wordpress\/ -->\n<title>Hoy M\u00e9xico registra 42 muertes y mil 684 nuevos casos de COVID -<\/title>\n<meta name=\"robots\" content=\"index, follow, max-snippet:-1, max-image-preview:large, max-video-preview:-1\" \/>\n<link rel=\"canonical\" href=\"https:\/\/quehacerpolitico.mx\/?p=90431\" \/>\n<meta property=\"og:locale\" content=\"es_MX\" \/>\n<meta property=\"og:type\" content=\"article\" \/>\n<meta property=\"og:title\" content=\"Hoy M\u00e9xico registra 42 muertes y mil 684 nuevos casos de COVID -\" \/>\n<meta property=\"og:description\" content=\"Por Redacci\u00f3n QP Desde el inicio de la pandemia se han recuperado cuatro millones 853...\" \/>\n<meta property=\"og:url\" content=\"https:\/\/quehacerpolitico.mx\/?p=90431\" \/>\n<meta property=\"article:published_time\" content=\"2022-03-08T04:55:10+00:00\" \/>\n<meta property=\"article:modified_time\" content=\"2022-03-08T04:55:13+00:00\" \/>\n<meta property=\"og:image\" content=\"https:\/\/quehacerpolitico.mx\/wp-content\/uploads\/2022\/03\/FAE5B917-E6F2-4388-918A-DEA966CD03C6.jpeg\" \/>\n\t<meta property=\"og:image:width\" content=\"1094\" \/>\n\t<meta property=\"og:image:height\" content=\"688\" \/>\n\t<meta property=\"og:image:type\" content=\"image\/jpeg\" \/>\n<meta name=\"author\" content=\"Redacci\u00f3n QP\" \/>\n<meta name=\"twitter:card\" content=\"summary_large_image\" \/>\n<meta name=\"twitter:label1\" content=\"Escrito por\" \/>\n\t<meta name=\"twitter:data1\" content=\"Redacci\u00f3n QP\" \/>\n\t<meta name=\"twitter:label2\" content=\"Tiempo de lectura\" \/>\n\t<meta name=\"twitter:data2\" content=\"2 minutos\" \/>\n<script type=\"application\/ld+json\" class=\"yoast-schema-graph\">{\"@context\":\"https:\\\/\\\/schema.org\",\"@graph\":[{\"@type\":\"Article\",\"@id\":\"https:\\\/\\\/quehacerpolitico.mx\\\/?p=90431#article\",\"isPartOf\":{\"@id\":\"https:\\\/\\\/quehacerpolitico.mx\\\/?p=90431\"},\"author\":{\"name\":\"Redacci\u00f3n QP\",\"@id\":\"https:\\\/\\\/quehacerpolitico.mx\\\/#\\\/schema\\\/person\\\/496d8ad2d1d3f8036101dca7ee39e585\"},\"headline\":\"Hoy M\u00e9xico registra 42 muertes y mil 684 nuevos casos de COVID\",\"datePublished\":\"2022-03-08T04:55:10+00:00\",\"dateModified\":\"2022-03-08T04:55:13+00:00\",\"mainEntityOfPage\":{\"@id\":\"https:\\\/\\\/quehacerpolitico.mx\\\/?p=90431\"},\"wordCount\":388,\"commentCount\":0,\"image\":{\"@id\":\"https:\\\/\\\/quehacerpolitico.mx\\\/?p=90431#primaryimage\"},\"thumbnailUrl\":\"https:\\\/\\\/quehacerpolitico.mx\\\/wp-content\\\/uploads\\\/2022\\\/03\\\/FAE5B917-E6F2-4388-918A-DEA966CD03C6.jpeg\",\"articleSection\":[\"Noticias\"],\"inLanguage\":\"es\",\"potentialAction\":[{\"@type\":\"CommentAction\",\"name\":\"Comment\",\"target\":[\"https:\\\/\\\/quehacerpolitico.mx\\\/?p=90431#respond\"]}]},{\"@type\":\"WebPage\",\"@id\":\"https:\\\/\\\/quehacerpolitico.mx\\\/?p=90431\",\"url\":\"https:\\\/\\\/quehacerpolitico.mx\\\/?p=90431\",\"name\":\"Hoy M\u00e9xico registra 42 muertes y mil 684 nuevos casos de COVID -\",\"isPartOf\":{\"@id\":\"https:\\\/\\\/quehacerpolitico.mx\\\/#website\"},\"primaryImageOfPage\":{\"@id\":\"https:\\\/\\\/quehacerpolitico.mx\\\/?p=90431#primaryimage\"},\"image\":{\"@id\":\"https:\\\/\\\/quehacerpolitico.mx\\\/?p=90431#primaryimage\"},\"thumbnailUrl\":\"https:\\\/\\\/quehacerpolitico.mx\\\/wp-content\\\/uploads\\\/2022\\\/03\\\/FAE5B917-E6F2-4388-918A-DEA966CD03C6.jpeg\",\"datePublished\":\"2022-03-08T04:55:10+00:00\",\"dateModified\":\"2022-03-08T04:55:13+00:00\",\"author\":{\"@id\":\"https:\\\/\\\/quehacerpolitico.mx\\\/#\\\/schema\\\/person\\\/496d8ad2d1d3f8036101dca7ee39e585\"},\"breadcrumb\":{\"@id\":\"https:\\\/\\\/quehacerpolitico.mx\\\/?p=90431#breadcrumb\"},\"inLanguage\":\"es\",\"potentialAction\":[{\"@type\":\"ReadAction\",\"target\":[\"https:\\\/\\\/quehacerpolitico.mx\\\/?p=90431\"]}]},{\"@type\":\"ImageObject\",\"inLanguage\":\"es\",\"@id\":\"https:\\\/\\\/quehacerpolitico.mx\\\/?p=90431#primaryimage\",\"url\":\"https:\\\/\\\/quehacerpolitico.mx\\\/wp-content\\\/uploads\\\/2022\\\/03\\\/FAE5B917-E6F2-4388-918A-DEA966CD03C6.jpeg\",\"contentUrl\":\"https:\\\/\\\/quehacerpolitico.mx\\\/wp-content\\\/uploads\\\/2022\\\/03\\\/FAE5B917-E6F2-4388-918A-DEA966CD03C6.jpeg\",\"width\":1094,\"height\":688},{\"@type\":\"BreadcrumbList\",\"@id\":\"https:\\\/\\\/quehacerpolitico.mx\\\/?p=90431#breadcrumb\",\"itemListElement\":[{\"@type\":\"ListItem\",\"position\":1,\"name\":\"Inicio\",\"item\":\"https:\\\/\\\/quehacerpolitico.mx\\\/\"},{\"@type\":\"ListItem\",\"position\":2,\"name\":\"Hoy M\u00e9xico registra 42 muertes y mil 684 nuevos casos de COVID\"}]},{\"@type\":\"WebSite\",\"@id\":\"https:\\\/\\\/quehacerpolitico.mx\\\/#website\",\"url\":\"https:\\\/\\\/quehacerpolitico.mx\\\/\",\"name\":\"\",\"description\":\"\",\"potentialAction\":[{\"@type\":\"SearchAction\",\"target\":{\"@type\":\"EntryPoint\",\"urlTemplate\":\"https:\\\/\\\/quehacerpolitico.mx\\\/?s={search_term_string}\"},\"query-input\":{\"@type\":\"PropertyValueSpecification\",\"valueRequired\":true,\"valueName\":\"search_term_string\"}}],\"inLanguage\":\"es\"},{\"@type\":\"Person\",\"@id\":\"https:\\\/\\\/quehacerpolitico.mx\\\/#\\\/schema\\\/person\\\/496d8ad2d1d3f8036101dca7ee39e585\",\"name\":\"Redacci\u00f3n QP\",\"image\":{\"@type\":\"ImageObject\",\"inLanguage\":\"es\",\"@id\":\"https:\\\/\\\/secure.gravatar.com\\\/avatar\\\/c7164ed6fdec453195284ad24a5ae5b6e1eed2b848477fa2a4787ba9adf39a41?s=96&d=mm&r=g\",\"url\":\"https:\\\/\\\/secure.gravatar.com\\\/avatar\\\/c7164ed6fdec453195284ad24a5ae5b6e1eed2b848477fa2a4787ba9adf39a41?s=96&d=mm&r=g\",\"contentUrl\":\"https:\\\/\\\/secure.gravatar.com\\\/avatar\\\/c7164ed6fdec453195284ad24a5ae5b6e1eed2b848477fa2a4787ba9adf39a41?s=96&d=mm&r=g\",\"caption\":\"Redacci\u00f3n QP\"},\"url\":\"https:\\\/\\\/quehacerpolitico.mx\\\/?author=2\"}]}<\/script>\n<!-- \/ Yoast SEO plugin. -->","yoast_head_json":{"title":"Hoy M\u00e9xico registra 42 muertes y mil 684 nuevos casos de COVID -","robots":{"index":"index","follow":"follow","max-snippet":"max-snippet:-1","max-image-preview":"max-image-preview:large","max-video-preview":"max-video-preview:-1"},"canonical":"https:\/\/quehacerpolitico.mx\/?p=90431","og_locale":"es_MX","og_type":"article","og_title":"Hoy M\u00e9xico registra 42 muertes y mil 684 nuevos casos de COVID -","og_description":"Por Redacci\u00f3n QP Desde el inicio de la pandemia se han recuperado cuatro millones 853...","og_url":"https:\/\/quehacerpolitico.mx\/?p=90431","article_published_time":"2022-03-08T04:55:10+00:00","article_modified_time":"2022-03-08T04:55:13+00:00","og_image":[{"width":1094,"height":688,"url":"https:\/\/quehacerpolitico.mx\/wp-content\/uploads\/2022\/03\/FAE5B917-E6F2-4388-918A-DEA966CD03C6.jpeg","type":"image\/jpeg"}],"author":"Redacci\u00f3n QP","twitter_card":"summary_large_image","twitter_misc":{"Escrito por":"Redacci\u00f3n QP","Tiempo de lectura":"2 minutos"},"schema":{"@context":"https:\/\/schema.org","@graph":[{"@type":"Article","@id":"https:\/\/quehacerpolitico.mx\/?p=90431#article","isPartOf":{"@id":"https:\/\/quehacerpolitico.mx\/?p=90431"},"author":{"name":"Redacci\u00f3n QP","@id":"https:\/\/quehacerpolitico.mx\/#\/schema\/person\/496d8ad2d1d3f8036101dca7ee39e585"},"headline":"Hoy M\u00e9xico registra 42 muertes y mil 684 nuevos casos de COVID","datePublished":"2022-03-08T04:55:10+00:00","dateModified":"2022-03-08T04:55:13+00:00","mainEntityOfPage":{"@id":"https:\/\/quehacerpolitico.mx\/?p=90431"},"wordCount":388,"commentCount":0,"image":{"@id":"https:\/\/quehacerpolitico.mx\/?p=90431#primaryimage"},"thumbnailUrl":"https:\/\/quehacerpolitico.mx\/wp-content\/uploads\/2022\/03\/FAE5B917-E6F2-4388-918A-DEA966CD03C6.jpeg","articleSection":["Noticias"],"inLanguage":"es","potentialAction":[{"@type":"CommentAction","name":"Comment","target":["https:\/\/quehacerpolitico.mx\/?p=90431#respond"]}]},{"@type":"WebPage","@id":"https:\/\/quehacerpolitico.mx\/?p=90431","url":"https:\/\/quehacerpolitico.mx\/?p=90431","name":"Hoy M\u00e9xico registra 42 muertes y mil 684 nuevos casos de COVID -","isPartOf":{"@id":"https:\/\/quehacerpolitico.mx\/#website"},"primaryImageOfPage":{"@id":"https:\/\/quehacerpolitico.mx\/?p=90431#primaryimage"},"image":{"@id":"https:\/\/quehacerpolitico.mx\/?p=90431#primaryimage"},"thumbnailUrl":"https:\/\/quehacerpolitico.mx\/wp-content\/uploads\/2022\/03\/FAE5B917-E6F2-4388-918A-DEA966CD03C6.jpeg","datePublished":"2022-03-08T04:55:10+00:00","dateModified":"2022-03-08T04:55:13+00:00","author":{"@id":"https:\/\/quehacerpolitico.mx\/#\/schema\/person\/496d8ad2d1d3f8036101dca7ee39e585"},"breadcrumb":{"@id":"https:\/\/quehacerpolitico.mx\/?p=90431#breadcrumb"},"inLanguage":"es","potentialAction":[{"@type":"ReadAction","target":["https:\/\/quehacerpolitico.mx\/?p=90431"]}]},{"@type":"ImageObject","inLanguage":"es","@id":"https:\/\/quehacerpolitico.mx\/?p=90431#primaryimage","url":"https:\/\/quehacerpolitico.mx\/wp-content\/uploads\/2022\/03\/FAE5B917-E6F2-4388-918A-DEA966CD03C6.jpeg","contentUrl":"https:\/\/quehacerpolitico.mx\/wp-content\/uploads\/2022\/03\/FAE5B917-E6F2-4388-918A-DEA966CD03C6.jpeg","width":1094,"height":688},{"@type":"BreadcrumbList","@id":"https:\/\/quehacerpolitico.mx\/?p=90431#breadcrumb","itemListElement":[{"@type":"ListItem","position":1,"name":"Inicio","item":"https:\/\/quehacerpolitico.mx\/"},{"@type":"ListItem","position":2,"name":"Hoy M\u00e9xico registra 42 muertes y mil 684 nuevos casos de COVID"}]},{"@type":"WebSite","@id":"https:\/\/quehacerpolitico.mx\/#website","url":"https:\/\/quehacerpolitico.mx\/","name":"","description":"","potentialAction":[{"@type":"SearchAction","target":{"@type":"EntryPoint","urlTemplate":"https:\/\/quehacerpolitico.mx\/?s={search_term_string}"},"query-input":{"@type":"PropertyValueSpecification","valueRequired":true,"valueName":"search_term_string"}}],"inLanguage":"es"},{"@type":"Person","@id":"https:\/\/quehacerpolitico.mx\/#\/schema\/person\/496d8ad2d1d3f8036101dca7ee39e585","name":"Redacci\u00f3n QP","image":{"@type":"ImageObject","inLanguage":"es","@id":"https:\/\/secure.gravatar.com\/avatar\/c7164ed6fdec453195284ad24a5ae5b6e1eed2b848477fa2a4787ba9adf39a41?s=96&d=mm&r=g","url":"https:\/\/secure.gravatar.com\/avatar\/c7164ed6fdec453195284ad24a5ae5b6e1eed2b848477fa2a4787ba9adf39a41?s=96&d=mm&r=g","contentUrl":"https:\/\/secure.gravatar.com\/avatar\/c7164ed6fdec453195284ad24a5ae5b6e1eed2b848477fa2a4787ba9adf39a41?s=96&d=mm&r=g","caption":"Redacci\u00f3n QP"},"url":"https:\/\/quehacerpolitico.mx\/?author=2"}]}},"featured_image_urls":{"full":["https:\/\/quehacerpolitico.mx\/wp-content\/uploads\/2022\/03\/FAE5B917-E6F2-4388-918A-DEA966CD03C6.jpeg",1094,688,false],"thumbnail":["https:\/\/quehacerpolitico.mx\/wp-content\/uploads\/2022\/03\/FAE5B917-E6F2-4388-918A-DEA966CD03C6-150x150.jpeg",150,150,true],"medium":["https:\/\/quehacerpolitico.mx\/wp-content\/uploads\/2022\/03\/FAE5B917-E6F2-4388-918A-DEA966CD03C6-300x189.jpeg",300,189,true],"medium_large":["https:\/\/quehacerpolitico.mx\/wp-content\/uploads\/2022\/03\/FAE5B917-E6F2-4388-918A-DEA966CD03C6-768x483.jpeg",640,403,true],"large":["https:\/\/quehacerpolitico.mx\/wp-content\/uploads\/2022\/03\/FAE5B917-E6F2-4388-918A-DEA966CD03C6-1024x644.jpeg",640,403,true],"1536x1536":["https:\/\/quehacerpolitico.mx\/wp-content\/uploads\/2022\/03\/FAE5B917-E6F2-4388-918A-DEA966CD03C6.jpeg",1094,688,false],"2048x2048":["https:\/\/quehacerpolitico.mx\/wp-content\/uploads\/2022\/03\/FAE5B917-E6F2-4388-918A-DEA966CD03C6.jpeg",1094,688,false],"covernews-featured":["https:\/\/quehacerpolitico.mx\/wp-content\/uploads\/2022\/03\/FAE5B917-E6F2-4388-918A-DEA966CD03C6.jpeg",1024,644,false],"covernews-medium":["https:\/\/quehacerpolitico.mx\/wp-content\/uploads\/2022\/03\/FAE5B917-E6F2-4388-918A-DEA966CD03C6.jpeg",540,340,false]},"author_info":{"display_name":"Redacci\u00f3n QP","author_link":"https:\/\/quehacerpolitico.mx\/?author=2"},"category_info":"<a href=\"https:\/\/quehacerpolitico.mx\/?cat=2\" rel=\"category\">Noticias<\/a>","tag_info":"Noticias","comment_count":"0","_links":{"self":[{"href":"https:\/\/quehacerpolitico.mx\/index.php?rest_route=\/wp\/v2\/posts\/90431","targetHints":{"allow":["GET"]}}],"collection":[{"href":"https:\/\/quehacerpolitico.mx\/index.php?rest_route=\/wp\/v2\/posts"}],"about":[{"href":"https:\/\/quehacerpolitico.mx\/index.php?rest_route=\/wp\/v2\/types\/post"}],"author":[{"embeddable":true,"href":"https:\/\/quehacerpolitico.mx\/index.php?rest_route=\/wp\/v2\/users\/2"}],"replies":[{"embeddable":true,"href":"https:\/\/quehacerpolitico.mx\/index.php?rest_route=%2Fwp%2Fv2%2Fcomments&post=90431"}],"version-history":[{"count":1,"href":"https:\/\/quehacerpolitico.mx\/index.php?rest_route=\/wp\/v2\/posts\/90431\/revisions"}],"predecessor-version":[{"id":90436,"href":"https:\/\/quehacerpolitico.mx\/index.php?rest_route=\/wp\/v2\/posts\/90431\/revisions\/90436"}],"wp:featuredmedia":[{"embeddable":true,"href":"https:\/\/quehacerpolitico.mx\/index.php?rest_route=\/wp\/v2\/media\/90260"}],"wp:attachment":[{"href":"https:\/\/quehacerpolitico.mx\/index.php?rest_route=%2Fwp%2Fv2%2Fmedia&parent=90431"}],"wp:term":[{"taxonomy":"category","embeddable":true,"href":"https:\/\/quehacerpolitico.mx\/index.php?rest_route=%2Fwp%2Fv2%2Fcategories&post=90431"},{"taxonomy":"post_tag","embeddable":true,"href":"https:\/\/quehacerpolitico.mx\/index.php?rest_route=%2Fwp%2Fv2%2Ftags&post=90431"}],"curies":[{"name":"wp","href":"https:\/\/api.w.org\/{rel}","templated":true}]}}