{"id":90428,"date":"2022-03-07T17:44:04","date_gmt":"2022-03-07T17:44:04","guid":{"rendered":"https:\/\/quehacerpolitico.mx\/?p=90428"},"modified":"2022-03-07T17:44:08","modified_gmt":"2022-03-07T17:44:08","slug":"y-la-esperanza-de-mexico-sigue-en-pie","status":"publish","type":"post","link":"https:\/\/quehacerpolitico.mx\/?p=90428","title":{"rendered":"\u00bfY LA ESPERANZA DE MEXICO\u2026.SIGUE EN PIE?\u00a0"},"content":{"rendered":"\n<p>Por Fortunato Pi\u00f1a<\/p>\n\n\n\n<p>Hablemos del s\u00faper partido MORENA, la esperanza de todos, as\u00ed reza el eslogan del partido a estas alturas de su gobierno \u00bfC\u00f3mo esta AMLO?, \u00bfcontento con lo que ha realizado por su pa\u00eds? En todas las ma\u00f1aneras se proclama amo y se\u00f1or que lo que prometi\u00f3 lo ha cumplido al pie de la letra, dijo que en su gobierno no habr\u00eda gasolinazos, \u00bfY cuantas veces ya ha subido la gasolina?, &nbsp;\u00bfQue el incremento a la canasta b\u00e1sica no subir\u00eda para proteger a los m\u00e1s d\u00e9biles?, realmente est\u00e1 pasando esto o es una ilusi\u00f3n \u00f3ptica de parte de un servidor, porque desde que el se\u00f1or ambicionando poder se la paso muchos a\u00f1os, y para ser presidente se vali\u00f3 de todo y de lo que dijo no ha cumplido nada, pueblo sigue igual o m\u00e1s hundido, el PIB no crece, y su familia se hace m\u00e1s millonaria, ese es el presidente que queremos que siga gobernando, que siga acarreando agua a su molino y la rep\u00fablica mexicana se siga cayendo a pedazos, como dice la canci\u00f3n a \u00bfD\u00f3nde vamos a Parar?.&nbsp;<\/p>\n\n\n\n<p>Algunos dicen que es una figura tipo Hugo Ch\u00e1vez: un demagogo que podr\u00eda convertir a M\u00e9xico en otra Venezuela. Otros lo ven como el Jeremy Corbyn mexicano. A\u00fan m\u00e1s, otros lo comparan con Lenin porque ha creado un partido pol\u00edtico disciplinado en donde su liderazgo es incuestionable. Tambi\u00e9n podr\u00eda ser como Lula \u2014temido por el capital cuando result\u00f3 electo en Brasil, pero probablemente a negociar con \u00e9l ya en el poder. Muchos lo equiparan con Donald Trump debido a su ret\u00f3rica socialmente polarizan te, mientras que otros atribuyen su \u00e9xito a una reacci\u00f3n en contra del discurso racista de Trump sobre la criminalidad de los mexicanos. En cualquier caso.<\/p>\n\n\n\n<p>Pero en nuestro M\u00e9xico de Oro, pasa todo menos las comparaciones, si es o no lo \u00fanico que est\u00e1 acumulando es dinero, comprando empresas, poni\u00e9ndolas a nombre de otras personas, su familia cada d\u00eda mas enriquecida il\u00edcitamente, llora porque atacan a sus hijos, el que no est\u00e1 con \u00e9l est\u00e1 en su contra porque no atina a nada, \u00bfa quien gobierna o para que gobierna?, Todos absolutamente todos los gobiernos, PRIISTAS, PANISTAS, CARDENISTAS, SOCIALISTA y el que usted diga son lo mismo. Saquean al pa\u00eds, y el pueblo sigue igual o peor, dice AMLO \u00bfQue acabara con la&nbsp;<strong>CORRUPCION,<\/strong>&nbsp;cuando? \u00bfCree usted que esto pueda ser posible? En lo que a mi concierne con firmeza se lo digo jam\u00e1s se acabara es como el ADN de nuestra sangre ya lo traemos te dar\u00e1s cuenta porque, si traes un autom\u00f3vil y te paran, te piden documentos, licencia, tarjeta de circulaci\u00f3n etc, etc, si no la traes contigo que haces le das $100 al polic\u00eda y ah\u00ed quedo, \u00bfqu\u00e9 es eso?&nbsp;<strong>CORRUPCION&nbsp;<\/strong>luego cuando se acabar\u00e1, est\u00e1 por dem\u00e1s poniendo tantos ejemplos si esto nunca va a suceder, todos los ciudadanos o la gran mayor\u00eda no tienen criterio, sabe el concepto, bueno investigue para que en su vida personal le ayude bastante, pero regresemos al tema, LA ESPERANZA DE MEXICO, con estas personitas usted cree que haya esperanza para progresar, si en lugar de dejarnos un mejor pa\u00eds est\u00e1n apa\u00f1ando todo lo que reluzca y si es oro y dinero mejor.&nbsp;<\/p>\n\n\n\n<p>Estas caracterizaciones diversas e incluso opuestas delatan tanto las ansiedades de sus autores como las ambig\u00fcedades que AMLO mismo ha cultivado en sus muchos a\u00f1os en la pol\u00edtica. Con todo, las comparaciones con l\u00edderes extranjeros son enga\u00f1osas y frecuentemente reales, pues se concentran excesivamente en su personalidad y descuidan las condiciones con la que sus asesores econ\u00f3micos, pol\u00edticos y sociales no est\u00e1n realizando&nbsp;<\/p>\n\n\n\n<p>Los partidos de oposici\u00f3n podr\u00edan organizarse pero no gobernar; algunos incluso obtienen subsidios del PRI y funcionaban como partidos \u201csat\u00e9lite\u201d del oficialismo. El partido de oposici\u00f3n m\u00e1s importante fue el Partido Acci\u00f3n Nacional (PAN), un partido de centro-derecha fundado en 1939 que aglutinaba a cat\u00f3licos, conservadores ya profesionistas de clase media, y que se volvi\u00f3 particularmente fuerte en las ciudades y en los estados m\u00e1s industrializados del centro y el norte del pa\u00eds. Pero antes de la d\u00e9cada de 1990, el PAN \u2014y cualquier otra oposici\u00f3n genuina\u2014 estaba excluido del ejercicio del poder a nivel nacional. \u00bfY ahora quien podr\u00e1 defendernos?.<\/p>\n","protected":false},"excerpt":{"rendered":"<p>Por Fortunato Pi\u00f1a Hablemos del s\u00faper partido MORENA, la esperanza de todos, as\u00ed reza el&#8230;<\/p>\n","protected":false},"author":2,"featured_media":90429,"comment_status":"open","ping_status":"open","sticky":false,"template":"","format":"standard","meta":{"_monsterinsights_skip_tracking":false,"_monsterinsights_sitenote_active":false,"_monsterinsights_sitenote_note":"","_monsterinsights_sitenote_category":0,"footnotes":""},"categories":[2],"tags":[],"class_list":["post-90428","post","type-post","status-publish","format-standard","has-post-thumbnail","hentry","category-noticias"],"yoast_head":"<!-- This site is optimized with the Yoast SEO plugin v27.3 - https:\/\/yoast.com\/product\/yoast-seo-wordpress\/ -->\n<title>\u00bfY LA ESPERANZA DE MEXICO\u2026.SIGUE EN PIE?\u00a0 -<\/title>\n<meta name=\"robots\" content=\"index, follow, max-snippet:-1, max-image-preview:large, max-video-preview:-1\" \/>\n<link rel=\"canonical\" href=\"https:\/\/quehacerpolitico.mx\/?p=90428\" \/>\n<meta property=\"og:locale\" content=\"es_MX\" \/>\n<meta property=\"og:type\" content=\"article\" \/>\n<meta property=\"og:title\" content=\"\u00bfY LA ESPERANZA DE MEXICO\u2026.SIGUE EN PIE?\u00a0 -\" \/>\n<meta property=\"og:description\" content=\"Por Fortunato Pi\u00f1a Hablemos del s\u00faper partido MORENA, la esperanza de todos, as\u00ed reza el...\" \/>\n<meta property=\"og:url\" content=\"https:\/\/quehacerpolitico.mx\/?p=90428\" \/>\n<meta property=\"article:published_time\" content=\"2022-03-07T17:44:04+00:00\" \/>\n<meta property=\"article:modified_time\" content=\"2022-03-07T17:44:08+00:00\" \/>\n<meta property=\"og:image\" content=\"https:\/\/quehacerpolitico.mx\/wp-content\/uploads\/2022\/03\/081B1183-7A4C-457C-88B1-6200708EEEFC.jpeg\" \/>\n\t<meta property=\"og:image:width\" content=\"678\" \/>\n\t<meta property=\"og:image:height\" content=\"452\" \/>\n\t<meta property=\"og:image:type\" content=\"image\/jpeg\" \/>\n<meta name=\"author\" content=\"Redacci\u00f3n QP\" \/>\n<meta name=\"twitter:card\" content=\"summary_large_image\" \/>\n<meta name=\"twitter:label1\" content=\"Escrito por\" \/>\n\t<meta name=\"twitter:data1\" content=\"Redacci\u00f3n QP\" \/>\n\t<meta name=\"twitter:label2\" content=\"Tiempo de lectura\" \/>\n\t<meta name=\"twitter:data2\" content=\"4 minutos\" \/>\n<script type=\"application\/ld+json\" class=\"yoast-schema-graph\">{\"@context\":\"https:\\\/\\\/schema.org\",\"@graph\":[{\"@type\":\"Article\",\"@id\":\"https:\\\/\\\/quehacerpolitico.mx\\\/?p=90428#article\",\"isPartOf\":{\"@id\":\"https:\\\/\\\/quehacerpolitico.mx\\\/?p=90428\"},\"author\":{\"name\":\"Redacci\u00f3n QP\",\"@id\":\"https:\\\/\\\/quehacerpolitico.mx\\\/#\\\/schema\\\/person\\\/496d8ad2d1d3f8036101dca7ee39e585\"},\"headline\":\"\u00bfY LA ESPERANZA DE MEXICO\u2026.SIGUE EN PIE?\u00a0\",\"datePublished\":\"2022-03-07T17:44:04+00:00\",\"dateModified\":\"2022-03-07T17:44:08+00:00\",\"mainEntityOfPage\":{\"@id\":\"https:\\\/\\\/quehacerpolitico.mx\\\/?p=90428\"},\"wordCount\":780,\"commentCount\":0,\"image\":{\"@id\":\"https:\\\/\\\/quehacerpolitico.mx\\\/?p=90428#primaryimage\"},\"thumbnailUrl\":\"https:\\\/\\\/quehacerpolitico.mx\\\/wp-content\\\/uploads\\\/2022\\\/03\\\/081B1183-7A4C-457C-88B1-6200708EEEFC.jpeg\",\"articleSection\":[\"Noticias\"],\"inLanguage\":\"es\",\"potentialAction\":[{\"@type\":\"CommentAction\",\"name\":\"Comment\",\"target\":[\"https:\\\/\\\/quehacerpolitico.mx\\\/?p=90428#respond\"]}]},{\"@type\":\"WebPage\",\"@id\":\"https:\\\/\\\/quehacerpolitico.mx\\\/?p=90428\",\"url\":\"https:\\\/\\\/quehacerpolitico.mx\\\/?p=90428\",\"name\":\"\u00bfY LA ESPERANZA DE MEXICO\u2026.SIGUE EN PIE?\u00a0 -\",\"isPartOf\":{\"@id\":\"https:\\\/\\\/quehacerpolitico.mx\\\/#website\"},\"primaryImageOfPage\":{\"@id\":\"https:\\\/\\\/quehacerpolitico.mx\\\/?p=90428#primaryimage\"},\"image\":{\"@id\":\"https:\\\/\\\/quehacerpolitico.mx\\\/?p=90428#primaryimage\"},\"thumbnailUrl\":\"https:\\\/\\\/quehacerpolitico.mx\\\/wp-content\\\/uploads\\\/2022\\\/03\\\/081B1183-7A4C-457C-88B1-6200708EEEFC.jpeg\",\"datePublished\":\"2022-03-07T17:44:04+00:00\",\"dateModified\":\"2022-03-07T17:44:08+00:00\",\"author\":{\"@id\":\"https:\\\/\\\/quehacerpolitico.mx\\\/#\\\/schema\\\/person\\\/496d8ad2d1d3f8036101dca7ee39e585\"},\"breadcrumb\":{\"@id\":\"https:\\\/\\\/quehacerpolitico.mx\\\/?p=90428#breadcrumb\"},\"inLanguage\":\"es\",\"potentialAction\":[{\"@type\":\"ReadAction\",\"target\":[\"https:\\\/\\\/quehacerpolitico.mx\\\/?p=90428\"]}]},{\"@type\":\"ImageObject\",\"inLanguage\":\"es\",\"@id\":\"https:\\\/\\\/quehacerpolitico.mx\\\/?p=90428#primaryimage\",\"url\":\"https:\\\/\\\/quehacerpolitico.mx\\\/wp-content\\\/uploads\\\/2022\\\/03\\\/081B1183-7A4C-457C-88B1-6200708EEEFC.jpeg\",\"contentUrl\":\"https:\\\/\\\/quehacerpolitico.mx\\\/wp-content\\\/uploads\\\/2022\\\/03\\\/081B1183-7A4C-457C-88B1-6200708EEEFC.jpeg\",\"width\":678,\"height\":452},{\"@type\":\"BreadcrumbList\",\"@id\":\"https:\\\/\\\/quehacerpolitico.mx\\\/?p=90428#breadcrumb\",\"itemListElement\":[{\"@type\":\"ListItem\",\"position\":1,\"name\":\"Inicio\",\"item\":\"https:\\\/\\\/quehacerpolitico.mx\\\/\"},{\"@type\":\"ListItem\",\"position\":2,\"name\":\"\u00bfY LA ESPERANZA DE MEXICO\u2026.SIGUE EN PIE?\u00a0\"}]},{\"@type\":\"WebSite\",\"@id\":\"https:\\\/\\\/quehacerpolitico.mx\\\/#website\",\"url\":\"https:\\\/\\\/quehacerpolitico.mx\\\/\",\"name\":\"\",\"description\":\"\",\"potentialAction\":[{\"@type\":\"SearchAction\",\"target\":{\"@type\":\"EntryPoint\",\"urlTemplate\":\"https:\\\/\\\/quehacerpolitico.mx\\\/?s={search_term_string}\"},\"query-input\":{\"@type\":\"PropertyValueSpecification\",\"valueRequired\":true,\"valueName\":\"search_term_string\"}}],\"inLanguage\":\"es\"},{\"@type\":\"Person\",\"@id\":\"https:\\\/\\\/quehacerpolitico.mx\\\/#\\\/schema\\\/person\\\/496d8ad2d1d3f8036101dca7ee39e585\",\"name\":\"Redacci\u00f3n QP\",\"image\":{\"@type\":\"ImageObject\",\"inLanguage\":\"es\",\"@id\":\"https:\\\/\\\/secure.gravatar.com\\\/avatar\\\/c7164ed6fdec453195284ad24a5ae5b6e1eed2b848477fa2a4787ba9adf39a41?s=96&d=mm&r=g\",\"url\":\"https:\\\/\\\/secure.gravatar.com\\\/avatar\\\/c7164ed6fdec453195284ad24a5ae5b6e1eed2b848477fa2a4787ba9adf39a41?s=96&d=mm&r=g\",\"contentUrl\":\"https:\\\/\\\/secure.gravatar.com\\\/avatar\\\/c7164ed6fdec453195284ad24a5ae5b6e1eed2b848477fa2a4787ba9adf39a41?s=96&d=mm&r=g\",\"caption\":\"Redacci\u00f3n QP\"},\"url\":\"https:\\\/\\\/quehacerpolitico.mx\\\/?author=2\"}]}<\/script>\n<!-- \/ Yoast SEO plugin. -->","yoast_head_json":{"title":"\u00bfY LA ESPERANZA DE MEXICO\u2026.SIGUE EN PIE?\u00a0 -","robots":{"index":"index","follow":"follow","max-snippet":"max-snippet:-1","max-image-preview":"max-image-preview:large","max-video-preview":"max-video-preview:-1"},"canonical":"https:\/\/quehacerpolitico.mx\/?p=90428","og_locale":"es_MX","og_type":"article","og_title":"\u00bfY LA ESPERANZA DE MEXICO\u2026.SIGUE EN PIE?\u00a0 -","og_description":"Por Fortunato Pi\u00f1a Hablemos del s\u00faper partido MORENA, la esperanza de todos, as\u00ed reza el...","og_url":"https:\/\/quehacerpolitico.mx\/?p=90428","article_published_time":"2022-03-07T17:44:04+00:00","article_modified_time":"2022-03-07T17:44:08+00:00","og_image":[{"width":678,"height":452,"url":"https:\/\/quehacerpolitico.mx\/wp-content\/uploads\/2022\/03\/081B1183-7A4C-457C-88B1-6200708EEEFC.jpeg","type":"image\/jpeg"}],"author":"Redacci\u00f3n QP","twitter_card":"summary_large_image","twitter_misc":{"Escrito por":"Redacci\u00f3n QP","Tiempo de lectura":"4 minutos"},"schema":{"@context":"https:\/\/schema.org","@graph":[{"@type":"Article","@id":"https:\/\/quehacerpolitico.mx\/?p=90428#article","isPartOf":{"@id":"https:\/\/quehacerpolitico.mx\/?p=90428"},"author":{"name":"Redacci\u00f3n QP","@id":"https:\/\/quehacerpolitico.mx\/#\/schema\/person\/496d8ad2d1d3f8036101dca7ee39e585"},"headline":"\u00bfY LA ESPERANZA DE MEXICO\u2026.SIGUE EN PIE?\u00a0","datePublished":"2022-03-07T17:44:04+00:00","dateModified":"2022-03-07T17:44:08+00:00","mainEntityOfPage":{"@id":"https:\/\/quehacerpolitico.mx\/?p=90428"},"wordCount":780,"commentCount":0,"image":{"@id":"https:\/\/quehacerpolitico.mx\/?p=90428#primaryimage"},"thumbnailUrl":"https:\/\/quehacerpolitico.mx\/wp-content\/uploads\/2022\/03\/081B1183-7A4C-457C-88B1-6200708EEEFC.jpeg","articleSection":["Noticias"],"inLanguage":"es","potentialAction":[{"@type":"CommentAction","name":"Comment","target":["https:\/\/quehacerpolitico.mx\/?p=90428#respond"]}]},{"@type":"WebPage","@id":"https:\/\/quehacerpolitico.mx\/?p=90428","url":"https:\/\/quehacerpolitico.mx\/?p=90428","name":"\u00bfY LA ESPERANZA DE MEXICO\u2026.SIGUE EN PIE?\u00a0 -","isPartOf":{"@id":"https:\/\/quehacerpolitico.mx\/#website"},"primaryImageOfPage":{"@id":"https:\/\/quehacerpolitico.mx\/?p=90428#primaryimage"},"image":{"@id":"https:\/\/quehacerpolitico.mx\/?p=90428#primaryimage"},"thumbnailUrl":"https:\/\/quehacerpolitico.mx\/wp-content\/uploads\/2022\/03\/081B1183-7A4C-457C-88B1-6200708EEEFC.jpeg","datePublished":"2022-03-07T17:44:04+00:00","dateModified":"2022-03-07T17:44:08+00:00","author":{"@id":"https:\/\/quehacerpolitico.mx\/#\/schema\/person\/496d8ad2d1d3f8036101dca7ee39e585"},"breadcrumb":{"@id":"https:\/\/quehacerpolitico.mx\/?p=90428#breadcrumb"},"inLanguage":"es","potentialAction":[{"@type":"ReadAction","target":["https:\/\/quehacerpolitico.mx\/?p=90428"]}]},{"@type":"ImageObject","inLanguage":"es","@id":"https:\/\/quehacerpolitico.mx\/?p=90428#primaryimage","url":"https:\/\/quehacerpolitico.mx\/wp-content\/uploads\/2022\/03\/081B1183-7A4C-457C-88B1-6200708EEEFC.jpeg","contentUrl":"https:\/\/quehacerpolitico.mx\/wp-content\/uploads\/2022\/03\/081B1183-7A4C-457C-88B1-6200708EEEFC.jpeg","width":678,"height":452},{"@type":"BreadcrumbList","@id":"https:\/\/quehacerpolitico.mx\/?p=90428#breadcrumb","itemListElement":[{"@type":"ListItem","position":1,"name":"Inicio","item":"https:\/\/quehacerpolitico.mx\/"},{"@type":"ListItem","position":2,"name":"\u00bfY LA ESPERANZA DE MEXICO\u2026.SIGUE EN PIE?\u00a0"}]},{"@type":"WebSite","@id":"https:\/\/quehacerpolitico.mx\/#website","url":"https:\/\/quehacerpolitico.mx\/","name":"","description":"","potentialAction":[{"@type":"SearchAction","target":{"@type":"EntryPoint","urlTemplate":"https:\/\/quehacerpolitico.mx\/?s={search_term_string}"},"query-input":{"@type":"PropertyValueSpecification","valueRequired":true,"valueName":"search_term_string"}}],"inLanguage":"es"},{"@type":"Person","@id":"https:\/\/quehacerpolitico.mx\/#\/schema\/person\/496d8ad2d1d3f8036101dca7ee39e585","name":"Redacci\u00f3n QP","image":{"@type":"ImageObject","inLanguage":"es","@id":"https:\/\/secure.gravatar.com\/avatar\/c7164ed6fdec453195284ad24a5ae5b6e1eed2b848477fa2a4787ba9adf39a41?s=96&d=mm&r=g","url":"https:\/\/secure.gravatar.com\/avatar\/c7164ed6fdec453195284ad24a5ae5b6e1eed2b848477fa2a4787ba9adf39a41?s=96&d=mm&r=g","contentUrl":"https:\/\/secure.gravatar.com\/avatar\/c7164ed6fdec453195284ad24a5ae5b6e1eed2b848477fa2a4787ba9adf39a41?s=96&d=mm&r=g","caption":"Redacci\u00f3n QP"},"url":"https:\/\/quehacerpolitico.mx\/?author=2"}]}},"featured_image_urls":{"full":["https:\/\/quehacerpolitico.mx\/wp-content\/uploads\/2022\/03\/081B1183-7A4C-457C-88B1-6200708EEEFC.jpeg",678,452,false],"thumbnail":["https:\/\/quehacerpolitico.mx\/wp-content\/uploads\/2022\/03\/081B1183-7A4C-457C-88B1-6200708EEEFC-150x150.jpeg",150,150,true],"medium":["https:\/\/quehacerpolitico.mx\/wp-content\/uploads\/2022\/03\/081B1183-7A4C-457C-88B1-6200708EEEFC-300x200.jpeg",300,200,true],"medium_large":["https:\/\/quehacerpolitico.mx\/wp-content\/uploads\/2022\/03\/081B1183-7A4C-457C-88B1-6200708EEEFC.jpeg",640,427,false],"large":["https:\/\/quehacerpolitico.mx\/wp-content\/uploads\/2022\/03\/081B1183-7A4C-457C-88B1-6200708EEEFC.jpeg",640,427,false],"1536x1536":["https:\/\/quehacerpolitico.mx\/wp-content\/uploads\/2022\/03\/081B1183-7A4C-457C-88B1-6200708EEEFC.jpeg",678,452,false],"2048x2048":["https:\/\/quehacerpolitico.mx\/wp-content\/uploads\/2022\/03\/081B1183-7A4C-457C-88B1-6200708EEEFC.jpeg",678,452,false],"covernews-featured":["https:\/\/quehacerpolitico.mx\/wp-content\/uploads\/2022\/03\/081B1183-7A4C-457C-88B1-6200708EEEFC.jpeg",678,452,false],"covernews-medium":["https:\/\/quehacerpolitico.mx\/wp-content\/uploads\/2022\/03\/081B1183-7A4C-457C-88B1-6200708EEEFC.jpeg",510,340,false]},"author_info":{"display_name":"Redacci\u00f3n QP","author_link":"https:\/\/quehacerpolitico.mx\/?author=2"},"category_info":"<a href=\"https:\/\/quehacerpolitico.mx\/?cat=2\" rel=\"category\">Noticias<\/a>","tag_info":"Noticias","comment_count":"0","_links":{"self":[{"href":"https:\/\/quehacerpolitico.mx\/index.php?rest_route=\/wp\/v2\/posts\/90428","targetHints":{"allow":["GET"]}}],"collection":[{"href":"https:\/\/quehacerpolitico.mx\/index.php?rest_route=\/wp\/v2\/posts"}],"about":[{"href":"https:\/\/quehacerpolitico.mx\/index.php?rest_route=\/wp\/v2\/types\/post"}],"author":[{"embeddable":true,"href":"https:\/\/quehacerpolitico.mx\/index.php?rest_route=\/wp\/v2\/users\/2"}],"replies":[{"embeddable":true,"href":"https:\/\/quehacerpolitico.mx\/index.php?rest_route=%2Fwp%2Fv2%2Fcomments&post=90428"}],"version-history":[{"count":1,"href":"https:\/\/quehacerpolitico.mx\/index.php?rest_route=\/wp\/v2\/posts\/90428\/revisions"}],"predecessor-version":[{"id":90430,"href":"https:\/\/quehacerpolitico.mx\/index.php?rest_route=\/wp\/v2\/posts\/90428\/revisions\/90430"}],"wp:featuredmedia":[{"embeddable":true,"href":"https:\/\/quehacerpolitico.mx\/index.php?rest_route=\/wp\/v2\/media\/90429"}],"wp:attachment":[{"href":"https:\/\/quehacerpolitico.mx\/index.php?rest_route=%2Fwp%2Fv2%2Fmedia&parent=90428"}],"wp:term":[{"taxonomy":"category","embeddable":true,"href":"https:\/\/quehacerpolitico.mx\/index.php?rest_route=%2Fwp%2Fv2%2Fcategories&post=90428"},{"taxonomy":"post_tag","embeddable":true,"href":"https:\/\/quehacerpolitico.mx\/index.php?rest_route=%2Fwp%2Fv2%2Ftags&post=90428"}],"curies":[{"name":"wp","href":"https:\/\/api.w.org\/{rel}","templated":true}]}}